{"id":12587,"date":"2024-02-28T07:07:41","date_gmt":"2024-02-28T07:07:41","guid":{"rendered":"https:\/\/fieam.org.br\/senai\/?p=12587"},"modified":"2024-03-18T07:08:39","modified_gmt":"2024-03-18T07:08:39","slug":"senai-e-honda-firmam-parceria-para-programa-de-estagio","status":"publish","type":"post","link":"https:\/\/fieam.org.br\/senai\/senai-e-honda-firmam-parceria-para-programa-de-estagio\/","title":{"rendered":"SENAI e Honda firmam parceria para programa de est\u00e1gio"},"content":{"rendered":"<p><em>Alunos da Escola SENAI Waldemiro Lustoza do n\u00edvel t\u00e9cnico, em qu\u00edmica, eletrot\u00e9cnica, mecatr\u00f4nica, mec\u00e2nica e manuten\u00e7\u00e3o, podem se candidatar a est\u00e1gio na empresa <\/em><\/p>\n<p>O Servi\u00e7o Nacional de Aprendizagem Industrial (SENAI Amazonas) e a Moto Honda da Amaz\u00f4nia firmaram parceria para o programa de est\u00e1gio t\u00e9cnico e n\u00edvel superior 2024, com ingresso no primeiro semestre deste ano. O projeto vai beneficiar alunos da Escola SENAI Waldemiro Lustoza que cursam n\u00edvel t\u00e9cnico a partir do 4\u00b0 per\u00edodo nas \u00e1reas de qu\u00edmica, eletrot\u00e9cnica, mecatr\u00f4nica, mec\u00e2nica e manuten\u00e7\u00e3o. Alunos de ensino superior a partir do 6\u00b0 per\u00edodo em engenharias e \u00e1reas afins tamb\u00e9m podem ser selecionados.<\/p>\n<p>De acordo com o coordenador da Escola SENAI Waldemiro Lustoza, Jos\u00e9 Alan Moreira, as inscri\u00e7\u00f5es ser\u00e3o realizadas diretamente no site da empresa, de 26 de fevereiro a 8 de mar\u00e7o, e \u00e9 necess\u00e1rio seguir o passo a passo no ato da inscri\u00e7\u00e3o, pois cada etapa classifica ou elimina o candidato a vaga. N\u00e3o h\u00e1 limite de vagas e o ingresso na empresa est\u00e1 previsto para abril.<\/p>\n<p>O est\u00e1gio \u00e9 remunerado e tem carga hor\u00e1ria de seis horas. O estagi\u00e1rio ter\u00e1 direito a benef\u00edcios, como vale alimenta\u00e7\u00e3o, plano de sa\u00fade\/odontol\u00f3gico, transporte da rota, entre outros. O programa tem dura\u00e7\u00e3o de um ano com chance de firmar contrato com a empresa.<\/p>\n<p>Durante a visita aos alunos da Escola SENAI, Jos\u00e9 Vin\u00edcius Menezes, funcion\u00e1rio da Honda desde 2018, disse que a empresa est\u00e1 em busca de pessoas comprometidas e que buscam aprendizado, incentivo e crescimento profissional. \u201cO futuro colaborador deve se sentir parte de uma empresa que acredita no poder dos sonhos e a Honda \u00e9 essa empresa\u201d, exp\u00f4s.<\/p>\n<p>Gisele Santos, coordenadora de est\u00e1gio da empresa Honda, agradeceu todo apoio e suporte do SENAI\/AM para conseguir realizar a divulga\u00e7\u00e3o do programa de est\u00e1gio da f\u00e1brica.<\/p>\n<p>Para o coordenador Jos\u00e9 Alan Moreira, o programa de est\u00e1gio oferecido pela Moto Honda para os alunos do SENAI proporciona uma grande oportunidade para os nossos alunos e valida o compromisso da institui\u00e7\u00e3o em formar profissionais com compet\u00eancia profissional garantida para o mercado de trabalho no Polo Industrial de Manaus.<\/p>\n<p>Segundo a pedagoga da escola, Hilaene Souza, o est\u00e1gio na empresa Honda \u00e9 uma grande possibilidade de inser\u00e7\u00e3o no mercado de trabalho e crescimento profissional para quem est\u00e1 em uma forma\u00e7\u00e3o de habilita\u00e7\u00e3o t\u00e9cnica. \u201cIniciar um est\u00e1gio sabendo que voc\u00ea poder\u00e1 ser contratado e desenvolver atividades em sua \u00e1rea de forma\u00e7\u00e3o \u00e9 motivador para o profissional, principalmente, sendo a Honda uma empresa de refer\u00eancia no Polo Industrial de Manaus\u201d, disse a pedagoga.<\/p>\n<p><img fetchpriority=\"high\" decoding=\"async\" class=\"alignnone wp-image-12564 size-large\" src=\"https:\/\/fieam.org.br\/senai\/wp-content\/uploads\/sites\/16\/2024\/03\/R07-1024x603.jpg\" alt=\"\" width=\"800\" height=\"471\" srcset=\"https:\/\/fieam.org.br\/senai\/wp-content\/uploads\/sites\/16\/2024\/03\/R07-1024x603.jpg 1024w, https:\/\/fieam.org.br\/senai\/wp-content\/uploads\/sites\/16\/2024\/03\/R07-300x177.jpg 300w, https:\/\/fieam.org.br\/senai\/wp-content\/uploads\/sites\/16\/2024\/03\/R07-768x452.jpg 768w, https:\/\/fieam.org.br\/senai\/wp-content\/uploads\/sites\/16\/2024\/03\/R07.jpg 1500w\" sizes=\"(max-width: 800px) 100vw, 800px\" \/><\/p>\n","protected":false},"excerpt":{"rendered":"<p>Alunos da Escola SENAI Waldemiro Lustoza do n\u00edvel t\u00e9cnico, em qu\u00edmica, eletrot\u00e9cnica, mecatr\u00f4nica, mec\u00e2nica e manuten\u00e7\u00e3o, podem se candidatar a est\u00e1gio na empresa O Servi\u00e7o Nacional de Aprendizagem Industrial (SENAI Amazonas) e a Moto Honda da Amaz\u00f4nia firmaram parceria para o programa de est\u00e1gio t\u00e9cnico e n\u00edvel superior 2024, com ingresso no primeiro semestre deste [&hellip;]<\/p>\n","protected":false},"author":1,"featured_media":12563,"comment_status":"open","ping_status":"open","sticky":false,"template":"","format":"standard","meta":{"footnotes":""},"categories":[105],"tags":[],"class_list":["post-12587","post","type-post","status-publish","format-standard","has-post-thumbnail","hentry","category-educacao"],"yoast_head":"<!-- This site is optimized with the Yoast SEO plugin v26.8 - https:\/\/yoast.com\/product\/yoast-seo-wordpress\/ -->\n<title>SENAI e Honda firmam parceria para programa de est\u00e1gio - SENAI<\/title>\n<meta name=\"robots\" content=\"index, follow, max-snippet:-1, max-image-preview:large, max-video-preview:-1\" \/>\n<link rel=\"canonical\" href=\"https:\/\/fieam.org.br\/senai\/senai-e-honda-firmam-parceria-para-programa-de-estagio\/\" \/>\n<meta property=\"og:locale\" content=\"pt_BR\" \/>\n<meta property=\"og:type\" content=\"article\" \/>\n<meta property=\"og:title\" content=\"SENAI e Honda firmam parceria para programa de est\u00e1gio - SENAI\" \/>\n<meta property=\"og:description\" content=\"Alunos da Escola SENAI Waldemiro Lustoza do n\u00edvel t\u00e9cnico, em qu\u00edmica, eletrot\u00e9cnica, mecatr\u00f4nica, mec\u00e2nica e manuten\u00e7\u00e3o, podem se candidatar a est\u00e1gio na empresa O Servi\u00e7o Nacional de Aprendizagem Industrial (SENAI Amazonas) e a Moto Honda da Amaz\u00f4nia firmaram parceria para o programa de est\u00e1gio t\u00e9cnico e n\u00edvel superior 2024, com ingresso no primeiro semestre deste [&hellip;]\" \/>\n<meta property=\"og:url\" content=\"https:\/\/fieam.org.br\/senai\/senai-e-honda-firmam-parceria-para-programa-de-estagio\/\" \/>\n<meta property=\"og:site_name\" content=\"SENAI\" \/>\n<meta property=\"article:published_time\" content=\"2024-02-28T07:07:41+00:00\" \/>\n<meta property=\"article:modified_time\" content=\"2024-03-18T07:08:39+00:00\" \/>\n<meta property=\"og:image\" content=\"https:\/\/fieam.org.br\/senai\/wp-content\/uploads\/sites\/16\/2024\/03\/R07-Capa.jpg\" \/>\n\t<meta property=\"og:image:width\" content=\"1500\" \/>\n\t<meta property=\"og:image:height\" content=\"699\" \/>\n\t<meta property=\"og:image:type\" content=\"image\/jpeg\" \/>\n<meta name=\"author\" content=\"Autor\" \/>\n<meta name=\"twitter:card\" content=\"summary_large_image\" \/>\n<meta name=\"twitter:label1\" content=\"Escrito por\" \/>\n\t<meta name=\"twitter:data1\" content=\"Autor\" \/>\n\t<meta name=\"twitter:label2\" content=\"Est. tempo de leitura\" \/>\n\t<meta name=\"twitter:data2\" content=\"2 minutos\" \/>\n<script type=\"application\/ld+json\" class=\"yoast-schema-graph\">{\"@context\":\"https:\/\/schema.org\",\"@graph\":[{\"@type\":\"Article\",\"@id\":\"https:\/\/fieam.org.br\/senai\/senai-e-honda-firmam-parceria-para-programa-de-estagio\/#article\",\"isPartOf\":{\"@id\":\"https:\/\/fieam.org.br\/senai\/senai-e-honda-firmam-parceria-para-programa-de-estagio\/\"},\"author\":{\"name\":\"Autor\",\"@id\":\"https:\/\/fieam.org.br\/senai\/#\/schema\/person\/c1ceda8321521b291cee22da0a7d34be\"},\"headline\":\"SENAI e Honda firmam parceria para programa de est\u00e1gio\",\"datePublished\":\"2024-02-28T07:07:41+00:00\",\"dateModified\":\"2024-03-18T07:08:39+00:00\",\"mainEntityOfPage\":{\"@id\":\"https:\/\/fieam.org.br\/senai\/senai-e-honda-firmam-parceria-para-programa-de-estagio\/\"},\"wordCount\":472,\"commentCount\":0,\"publisher\":{\"@id\":\"https:\/\/fieam.org.br\/senai\/#organization\"},\"image\":{\"@id\":\"https:\/\/fieam.org.br\/senai\/senai-e-honda-firmam-parceria-para-programa-de-estagio\/#primaryimage\"},\"thumbnailUrl\":\"https:\/\/fieam.org.br\/senai\/wp-content\/uploads\/sites\/16\/2024\/03\/R07-Capa.jpg\",\"articleSection\":[\"Educa\u00e7\u00e3o\"],\"inLanguage\":\"pt-BR\",\"potentialAction\":[{\"@type\":\"CommentAction\",\"name\":\"Comment\",\"target\":[\"https:\/\/fieam.org.br\/senai\/senai-e-honda-firmam-parceria-para-programa-de-estagio\/#respond\"]}]},{\"@type\":\"WebPage\",\"@id\":\"https:\/\/fieam.org.br\/senai\/senai-e-honda-firmam-parceria-para-programa-de-estagio\/\",\"url\":\"https:\/\/fieam.org.br\/senai\/senai-e-honda-firmam-parceria-para-programa-de-estagio\/\",\"name\":\"SENAI e Honda firmam parceria para programa de est\u00e1gio - SENAI\",\"isPartOf\":{\"@id\":\"https:\/\/fieam.org.br\/senai\/#website\"},\"primaryImageOfPage\":{\"@id\":\"https:\/\/fieam.org.br\/senai\/senai-e-honda-firmam-parceria-para-programa-de-estagio\/#primaryimage\"},\"image\":{\"@id\":\"https:\/\/fieam.org.br\/senai\/senai-e-honda-firmam-parceria-para-programa-de-estagio\/#primaryimage\"},\"thumbnailUrl\":\"https:\/\/fieam.org.br\/senai\/wp-content\/uploads\/sites\/16\/2024\/03\/R07-Capa.jpg\",\"datePublished\":\"2024-02-28T07:07:41+00:00\",\"dateModified\":\"2024-03-18T07:08:39+00:00\",\"breadcrumb\":{\"@id\":\"https:\/\/fieam.org.br\/senai\/senai-e-honda-firmam-parceria-para-programa-de-estagio\/#breadcrumb\"},\"inLanguage\":\"pt-BR\",\"potentialAction\":[{\"@type\":\"ReadAction\",\"target\":[\"https:\/\/fieam.org.br\/senai\/senai-e-honda-firmam-parceria-para-programa-de-estagio\/\"]}]},{\"@type\":\"ImageObject\",\"inLanguage\":\"pt-BR\",\"@id\":\"https:\/\/fieam.org.br\/senai\/senai-e-honda-firmam-parceria-para-programa-de-estagio\/#primaryimage\",\"url\":\"https:\/\/fieam.org.br\/senai\/wp-content\/uploads\/sites\/16\/2024\/03\/R07-Capa.jpg\",\"contentUrl\":\"https:\/\/fieam.org.br\/senai\/wp-content\/uploads\/sites\/16\/2024\/03\/R07-Capa.jpg\",\"width\":1500,\"height\":699},{\"@type\":\"BreadcrumbList\",\"@id\":\"https:\/\/fieam.org.br\/senai\/senai-e-honda-firmam-parceria-para-programa-de-estagio\/#breadcrumb\",\"itemListElement\":[{\"@type\":\"ListItem\",\"position\":1,\"name\":\"In\u00edcio\",\"item\":\"https:\/\/fieam.org.br\/senai\/\"},{\"@type\":\"ListItem\",\"position\":2,\"name\":\"SENAI e Honda firmam parceria para programa de est\u00e1gio\"}]},{\"@type\":\"WebSite\",\"@id\":\"https:\/\/fieam.org.br\/senai\/#website\",\"url\":\"https:\/\/fieam.org.br\/senai\/\",\"name\":\"SENAI\",\"description\":\"Site Oficial!\",\"publisher\":{\"@id\":\"https:\/\/fieam.org.br\/senai\/#organization\"},\"potentialAction\":[{\"@type\":\"SearchAction\",\"target\":{\"@type\":\"EntryPoint\",\"urlTemplate\":\"https:\/\/fieam.org.br\/senai\/?s={search_term_string}\"},\"query-input\":{\"@type\":\"PropertyValueSpecification\",\"valueRequired\":true,\"valueName\":\"search_term_string\"}}],\"inLanguage\":\"pt-BR\"},{\"@type\":\"Organization\",\"@id\":\"https:\/\/fieam.org.br\/senai\/#organization\",\"name\":\"SENAI\",\"url\":\"https:\/\/fieam.org.br\/senai\/\",\"logo\":{\"@type\":\"ImageObject\",\"inLanguage\":\"pt-BR\",\"@id\":\"https:\/\/fieam.org.br\/senai\/#\/schema\/logo\/image\/\",\"url\":\"https:\/\/fieam.org.br\/senai\/wp-content\/uploads\/sites\/16\/2024\/03\/cropped-fav.png\",\"contentUrl\":\"https:\/\/fieam.org.br\/senai\/wp-content\/uploads\/sites\/16\/2024\/03\/cropped-fav.png\",\"width\":592,\"height\":577,\"caption\":\"SENAI\"},\"image\":{\"@id\":\"https:\/\/fieam.org.br\/senai\/#\/schema\/logo\/image\/\"}},{\"@type\":\"Person\",\"@id\":\"https:\/\/fieam.org.br\/senai\/#\/schema\/person\/c1ceda8321521b291cee22da0a7d34be\",\"name\":\"Autor\",\"image\":{\"@type\":\"ImageObject\",\"inLanguage\":\"pt-BR\",\"@id\":\"https:\/\/fieam.org.br\/senai\/#\/schema\/person\/image\/\",\"url\":\"https:\/\/secure.gravatar.com\/avatar\/3732c223e0e1fad69062a8f770955c9068d37b055204f310a0be18d4069fe380?s=96&d=mm&r=g\",\"contentUrl\":\"https:\/\/secure.gravatar.com\/avatar\/3732c223e0e1fad69062a8f770955c9068d37b055204f310a0be18d4069fe380?s=96&d=mm&r=g\",\"caption\":\"Autor\"},\"sameAs\":[\"https:\/\/marketingmassivo.com.br\"],\"url\":\"https:\/\/fieam.org.br\/senai\/author\/admin\/\"}]}<\/script>\n<!-- \/ Yoast SEO plugin. -->","yoast_head_json":{"title":"SENAI e Honda firmam parceria para programa de est\u00e1gio - SENAI","robots":{"index":"index","follow":"follow","max-snippet":"max-snippet:-1","max-image-preview":"max-image-preview:large","max-video-preview":"max-video-preview:-1"},"canonical":"https:\/\/fieam.org.br\/senai\/senai-e-honda-firmam-parceria-para-programa-de-estagio\/","og_locale":"pt_BR","og_type":"article","og_title":"SENAI e Honda firmam parceria para programa de est\u00e1gio - SENAI","og_description":"Alunos da Escola SENAI Waldemiro Lustoza do n\u00edvel t\u00e9cnico, em qu\u00edmica, eletrot\u00e9cnica, mecatr\u00f4nica, mec\u00e2nica e manuten\u00e7\u00e3o, podem se candidatar a est\u00e1gio na empresa O Servi\u00e7o Nacional de Aprendizagem Industrial (SENAI Amazonas) e a Moto Honda da Amaz\u00f4nia firmaram parceria para o programa de est\u00e1gio t\u00e9cnico e n\u00edvel superior 2024, com ingresso no primeiro semestre deste [&hellip;]","og_url":"https:\/\/fieam.org.br\/senai\/senai-e-honda-firmam-parceria-para-programa-de-estagio\/","og_site_name":"SENAI","article_published_time":"2024-02-28T07:07:41+00:00","article_modified_time":"2024-03-18T07:08:39+00:00","og_image":[{"width":1500,"height":699,"url":"https:\/\/fieam.org.br\/senai\/wp-content\/uploads\/sites\/16\/2024\/03\/R07-Capa.jpg","type":"image\/jpeg"}],"author":"Autor","twitter_card":"summary_large_image","twitter_misc":{"Escrito por":"Autor","Est. tempo de leitura":"2 minutos"},"schema":{"@context":"https:\/\/schema.org","@graph":[{"@type":"Article","@id":"https:\/\/fieam.org.br\/senai\/senai-e-honda-firmam-parceria-para-programa-de-estagio\/#article","isPartOf":{"@id":"https:\/\/fieam.org.br\/senai\/senai-e-honda-firmam-parceria-para-programa-de-estagio\/"},"author":{"name":"Autor","@id":"https:\/\/fieam.org.br\/senai\/#\/schema\/person\/c1ceda8321521b291cee22da0a7d34be"},"headline":"SENAI e Honda firmam parceria para programa de est\u00e1gio","datePublished":"2024-02-28T07:07:41+00:00","dateModified":"2024-03-18T07:08:39+00:00","mainEntityOfPage":{"@id":"https:\/\/fieam.org.br\/senai\/senai-e-honda-firmam-parceria-para-programa-de-estagio\/"},"wordCount":472,"commentCount":0,"publisher":{"@id":"https:\/\/fieam.org.br\/senai\/#organization"},"image":{"@id":"https:\/\/fieam.org.br\/senai\/senai-e-honda-firmam-parceria-para-programa-de-estagio\/#primaryimage"},"thumbnailUrl":"https:\/\/fieam.org.br\/senai\/wp-content\/uploads\/sites\/16\/2024\/03\/R07-Capa.jpg","articleSection":["Educa\u00e7\u00e3o"],"inLanguage":"pt-BR","potentialAction":[{"@type":"CommentAction","name":"Comment","target":["https:\/\/fieam.org.br\/senai\/senai-e-honda-firmam-parceria-para-programa-de-estagio\/#respond"]}]},{"@type":"WebPage","@id":"https:\/\/fieam.org.br\/senai\/senai-e-honda-firmam-parceria-para-programa-de-estagio\/","url":"https:\/\/fieam.org.br\/senai\/senai-e-honda-firmam-parceria-para-programa-de-estagio\/","name":"SENAI e Honda firmam parceria para programa de est\u00e1gio - SENAI","isPartOf":{"@id":"https:\/\/fieam.org.br\/senai\/#website"},"primaryImageOfPage":{"@id":"https:\/\/fieam.org.br\/senai\/senai-e-honda-firmam-parceria-para-programa-de-estagio\/#primaryimage"},"image":{"@id":"https:\/\/fieam.org.br\/senai\/senai-e-honda-firmam-parceria-para-programa-de-estagio\/#primaryimage"},"thumbnailUrl":"https:\/\/fieam.org.br\/senai\/wp-content\/uploads\/sites\/16\/2024\/03\/R07-Capa.jpg","datePublished":"2024-02-28T07:07:41+00:00","dateModified":"2024-03-18T07:08:39+00:00","breadcrumb":{"@id":"https:\/\/fieam.org.br\/senai\/senai-e-honda-firmam-parceria-para-programa-de-estagio\/#breadcrumb"},"inLanguage":"pt-BR","potentialAction":[{"@type":"ReadAction","target":["https:\/\/fieam.org.br\/senai\/senai-e-honda-firmam-parceria-para-programa-de-estagio\/"]}]},{"@type":"ImageObject","inLanguage":"pt-BR","@id":"https:\/\/fieam.org.br\/senai\/senai-e-honda-firmam-parceria-para-programa-de-estagio\/#primaryimage","url":"https:\/\/fieam.org.br\/senai\/wp-content\/uploads\/sites\/16\/2024\/03\/R07-Capa.jpg","contentUrl":"https:\/\/fieam.org.br\/senai\/wp-content\/uploads\/sites\/16\/2024\/03\/R07-Capa.jpg","width":1500,"height":699},{"@type":"BreadcrumbList","@id":"https:\/\/fieam.org.br\/senai\/senai-e-honda-firmam-parceria-para-programa-de-estagio\/#breadcrumb","itemListElement":[{"@type":"ListItem","position":1,"name":"In\u00edcio","item":"https:\/\/fieam.org.br\/senai\/"},{"@type":"ListItem","position":2,"name":"SENAI e Honda firmam parceria para programa de est\u00e1gio"}]},{"@type":"WebSite","@id":"https:\/\/fieam.org.br\/senai\/#website","url":"https:\/\/fieam.org.br\/senai\/","name":"SENAI","description":"Site Oficial!","publisher":{"@id":"https:\/\/fieam.org.br\/senai\/#organization"},"potentialAction":[{"@type":"SearchAction","target":{"@type":"EntryPoint","urlTemplate":"https:\/\/fieam.org.br\/senai\/?s={search_term_string}"},"query-input":{"@type":"PropertyValueSpecification","valueRequired":true,"valueName":"search_term_string"}}],"inLanguage":"pt-BR"},{"@type":"Organization","@id":"https:\/\/fieam.org.br\/senai\/#organization","name":"SENAI","url":"https:\/\/fieam.org.br\/senai\/","logo":{"@type":"ImageObject","inLanguage":"pt-BR","@id":"https:\/\/fieam.org.br\/senai\/#\/schema\/logo\/image\/","url":"https:\/\/fieam.org.br\/senai\/wp-content\/uploads\/sites\/16\/2024\/03\/cropped-fav.png","contentUrl":"https:\/\/fieam.org.br\/senai\/wp-content\/uploads\/sites\/16\/2024\/03\/cropped-fav.png","width":592,"height":577,"caption":"SENAI"},"image":{"@id":"https:\/\/fieam.org.br\/senai\/#\/schema\/logo\/image\/"}},{"@type":"Person","@id":"https:\/\/fieam.org.br\/senai\/#\/schema\/person\/c1ceda8321521b291cee22da0a7d34be","name":"Autor","image":{"@type":"ImageObject","inLanguage":"pt-BR","@id":"https:\/\/fieam.org.br\/senai\/#\/schema\/person\/image\/","url":"https:\/\/secure.gravatar.com\/avatar\/3732c223e0e1fad69062a8f770955c9068d37b055204f310a0be18d4069fe380?s=96&d=mm&r=g","contentUrl":"https:\/\/secure.gravatar.com\/avatar\/3732c223e0e1fad69062a8f770955c9068d37b055204f310a0be18d4069fe380?s=96&d=mm&r=g","caption":"Autor"},"sameAs":["https:\/\/marketingmassivo.com.br"],"url":"https:\/\/fieam.org.br\/senai\/author\/admin\/"}]}},"_links":{"self":[{"href":"https:\/\/fieam.org.br\/senai\/wp-json\/wp\/v2\/posts\/12587","targetHints":{"allow":["GET"]}}],"collection":[{"href":"https:\/\/fieam.org.br\/senai\/wp-json\/wp\/v2\/posts"}],"about":[{"href":"https:\/\/fieam.org.br\/senai\/wp-json\/wp\/v2\/types\/post"}],"author":[{"embeddable":true,"href":"https:\/\/fieam.org.br\/senai\/wp-json\/wp\/v2\/users\/1"}],"replies":[{"embeddable":true,"href":"https:\/\/fieam.org.br\/senai\/wp-json\/wp\/v2\/comments?post=12587"}],"version-history":[{"count":1,"href":"https:\/\/fieam.org.br\/senai\/wp-json\/wp\/v2\/posts\/12587\/revisions"}],"predecessor-version":[{"id":12588,"href":"https:\/\/fieam.org.br\/senai\/wp-json\/wp\/v2\/posts\/12587\/revisions\/12588"}],"wp:featuredmedia":[{"embeddable":true,"href":"https:\/\/fieam.org.br\/senai\/wp-json\/wp\/v2\/media\/12563"}],"wp:attachment":[{"href":"https:\/\/fieam.org.br\/senai\/wp-json\/wp\/v2\/media?parent=12587"}],"wp:term":[{"taxonomy":"category","embeddable":true,"href":"https:\/\/fieam.org.br\/senai\/wp-json\/wp\/v2\/categories?post=12587"},{"taxonomy":"post_tag","embeddable":true,"href":"https:\/\/fieam.org.br\/senai\/wp-json\/wp\/v2\/tags?post=12587"}],"curies":[{"name":"wp","href":"https:\/\/api.w.org\/{rel}","templated":true}]}}