{"id":12317,"date":"2015-05-11T15:02:08","date_gmt":"2015-05-11T15:02:08","guid":{"rendered":"http:\/\/www.fieam.org.br\/site\/senai\/?p=5086"},"modified":"2015-05-11T15:02:08","modified_gmt":"2015-05-11T15:02:08","slug":"processo-seletivo-no-0064-2015-auxiliar-de-servicos-gerais-senai","status":"publish","type":"post","link":"https:\/\/fieam.org.br\/senai\/processo-seletivo-no-0064-2015-auxiliar-de-servicos-gerais-senai\/","title":{"rendered":"ENCERRADO &#8211; Processo seletivo N\u00ba 0064-2015 &#8211; Auxiliar de Servi\u00e7os Gerais &#8211; SENAI"},"content":{"rendered":"<p>O\u00a0<strong><\/strong> <strong>SENAI<\/strong>\u00a0 seleciona talentos para atuar na \u00e1rea abaixo solicitada com o seguinte perfil:<\/p>\n<p>&nbsp;<\/p>\n<p><strong>Auxiliar de Servi\u00e7os Gerais &#8211; 5 vagas\/Pr\u00e9-requisitos:<\/strong> Ensino Fundamental completo com experi\u00eancia comprovada\u00a0 no m\u00ednimo 6 meses na \u00e1rea.<\/p>\n<p><strong>\u00a0<\/strong><\/p>\n<p><strong><a href=\"http:\/\/www.fieam.org.br\/site\/senai\/files\/2015\/05\/COMUNICADO-DE-PROCESSO-SELETIVO-SENAI-Auxiliar-de-Servi\u00e7os-Gerais-10-05-2015-0064-2015.pdf\">Clique aqui para obter todas as informa\u00e7\u00f5es pertinentes ao processo seletivo;<\/a><br \/>\n<\/strong><\/p>\n<p><a href=\"http:\/\/www.fieam.org.br\/site\/senai\/files\/2015\/05\/COMUNICADO-DE-PROCESSO-SELETIVO-SENAI-Auxiliar-de-Servi\u00e7os-Gerais-N\u00ba-0064-2015-Lista-de-Selecionados.pdf\">Convoca\u00e7\u00e3o para avalia\u00e7\u00e3o te\u00f3rica \u2013 Etapa II;<\/a><\/p>\n<p><a href=\"http:\/\/www.fieam.org.br\/site\/senai\/files\/2015\/05\/CONVOCA\u00c7\u00c3O-PARA-3\u00aa-ETAPA-SENAI-Auxilair-de-Servi\u00e7os-Gerais-N\u00ba-0064-2015.pdf\">Convoca\u00e7\u00e3o para a etapa 3 <b>\u00a0\u2013 <\/b>Entrevista T\u00e9cnica;<\/a><\/p>\n<p><a href=\"http:\/\/www.fieam.org.br\/site\/senai\/files\/2015\/05\/Resultado-Final-Auxiliar-de-Servi\u00e7os-Gerais-SENAI-N\u00ba-0064-2015.pdf\">Resultado final.<\/a><\/p>\n<p>&nbsp;<\/p>\n<p><strong>O curr\u00edculo junto com a documenta\u00e7\u00e3o devem ser entregues na Recep\u00e7\u00e3o do Edif\u00edcio Raimar Aguiar, na Av. Joaquim Nabuco n\u00ba 1919 \u2013 Centro<\/strong>,\u00a0<strong>a partir das 15h do dia 11\/05\/2015 at\u00e9 as 17h30 de 15\/05\/2015. Informar no curr\u00edculo o cargo pretendido e e-mail.<\/strong><\/p>\n","protected":false},"excerpt":{"rendered":"<p>O\u00a0 SENAI\u00a0 seleciona talentos para atuar na \u00e1rea abaixo solicitada com o seguinte perfil: &nbsp; Auxiliar de Servi\u00e7os Gerais &#8211; 5 vagas\/Pr\u00e9-requisitos: Ensino Fundamental completo com experi\u00eancia comprovada\u00a0 no m\u00ednimo 6 meses na \u00e1rea. \u00a0 Clique aqui para obter todas as informa\u00e7\u00f5es pertinentes ao processo seletivo; Convoca\u00e7\u00e3o para avalia\u00e7\u00e3o te\u00f3rica \u2013 Etapa II; Convoca\u00e7\u00e3o para [&hellip;]<\/p>\n","protected":false},"author":1,"featured_media":2290,"comment_status":"open","ping_status":"open","sticky":false,"template":"","format":"standard","meta":{"footnotes":""},"categories":[24],"tags":[],"class_list":["post-12317","post","type-post","status-publish","format-standard","has-post-thumbnail","hentry","category-selecao"],"yoast_head":"<!-- This site is optimized with the Yoast SEO plugin v26.8 - https:\/\/yoast.com\/product\/yoast-seo-wordpress\/ -->\n<title>ENCERRADO - Processo seletivo N\u00ba 0064-2015 - Auxiliar de Servi\u00e7os Gerais - SENAI - SENAI<\/title>\n<meta name=\"robots\" content=\"index, follow, max-snippet:-1, max-image-preview:large, max-video-preview:-1\" \/>\n<link rel=\"canonical\" href=\"https:\/\/fieam.org.br\/senai\/processo-seletivo-no-0064-2015-auxiliar-de-servicos-gerais-senai\/\" \/>\n<meta property=\"og:locale\" content=\"pt_BR\" \/>\n<meta property=\"og:type\" content=\"article\" \/>\n<meta property=\"og:title\" content=\"ENCERRADO - Processo seletivo N\u00ba 0064-2015 - Auxiliar de Servi\u00e7os Gerais - SENAI - SENAI\" \/>\n<meta property=\"og:description\" content=\"O\u00a0 SENAI\u00a0 seleciona talentos para atuar na \u00e1rea abaixo solicitada com o seguinte perfil: &nbsp; Auxiliar de Servi\u00e7os Gerais &#8211; 5 vagas\/Pr\u00e9-requisitos: Ensino Fundamental completo com experi\u00eancia comprovada\u00a0 no m\u00ednimo 6 meses na \u00e1rea. \u00a0 Clique aqui para obter todas as informa\u00e7\u00f5es pertinentes ao processo seletivo; Convoca\u00e7\u00e3o para avalia\u00e7\u00e3o te\u00f3rica \u2013 Etapa II; Convoca\u00e7\u00e3o para [&hellip;]\" \/>\n<meta property=\"og:url\" content=\"https:\/\/fieam.org.br\/senai\/processo-seletivo-no-0064-2015-auxiliar-de-servicos-gerais-senai\/\" \/>\n<meta property=\"og:site_name\" content=\"SENAI\" \/>\n<meta property=\"article:published_time\" content=\"2015-05-11T15:02:08+00:00\" \/>\n<meta property=\"og:image\" content=\"https:\/\/fieam.org.br\/senai\/wp-content\/uploads\/sites\/16\/2012\/10\/selecao1.jpg\" \/>\n\t<meta property=\"og:image:width\" content=\"250\" \/>\n\t<meta property=\"og:image:height\" content=\"250\" \/>\n\t<meta property=\"og:image:type\" content=\"image\/jpeg\" \/>\n<meta name=\"author\" content=\"Autor\" \/>\n<meta name=\"twitter:card\" content=\"summary_large_image\" \/>\n<meta name=\"twitter:label1\" content=\"Escrito por\" \/>\n\t<meta name=\"twitter:data1\" content=\"Autor\" \/>\n\t<meta name=\"twitter:label2\" content=\"Est. tempo de leitura\" \/>\n\t<meta name=\"twitter:data2\" content=\"1 minuto\" \/>\n<script type=\"application\/ld+json\" class=\"yoast-schema-graph\">{\"@context\":\"https:\/\/schema.org\",\"@graph\":[{\"@type\":\"Article\",\"@id\":\"https:\/\/fieam.org.br\/senai\/processo-seletivo-no-0064-2015-auxiliar-de-servicos-gerais-senai\/#article\",\"isPartOf\":{\"@id\":\"https:\/\/fieam.org.br\/senai\/processo-seletivo-no-0064-2015-auxiliar-de-servicos-gerais-senai\/\"},\"author\":{\"name\":\"Autor\",\"@id\":\"https:\/\/fieam.org.br\/senai\/#\/schema\/person\/c1ceda8321521b291cee22da0a7d34be\"},\"headline\":\"ENCERRADO &#8211; Processo seletivo N\u00ba 0064-2015 &#8211; Auxiliar de Servi\u00e7os Gerais &#8211; SENAI\",\"datePublished\":\"2015-05-11T15:02:08+00:00\",\"mainEntityOfPage\":{\"@id\":\"https:\/\/fieam.org.br\/senai\/processo-seletivo-no-0064-2015-auxiliar-de-servicos-gerais-senai\/\"},\"wordCount\":127,\"commentCount\":0,\"publisher\":{\"@id\":\"https:\/\/fieam.org.br\/senai\/#organization\"},\"image\":{\"@id\":\"https:\/\/fieam.org.br\/senai\/processo-seletivo-no-0064-2015-auxiliar-de-servicos-gerais-senai\/#primaryimage\"},\"thumbnailUrl\":\"https:\/\/fieam.org.br\/senai\/wp-content\/uploads\/sites\/16\/2012\/10\/selecao1.jpg\",\"articleSection\":[\"selecao\"],\"inLanguage\":\"pt-BR\",\"potentialAction\":[{\"@type\":\"CommentAction\",\"name\":\"Comment\",\"target\":[\"https:\/\/fieam.org.br\/senai\/processo-seletivo-no-0064-2015-auxiliar-de-servicos-gerais-senai\/#respond\"]}]},{\"@type\":\"WebPage\",\"@id\":\"https:\/\/fieam.org.br\/senai\/processo-seletivo-no-0064-2015-auxiliar-de-servicos-gerais-senai\/\",\"url\":\"https:\/\/fieam.org.br\/senai\/processo-seletivo-no-0064-2015-auxiliar-de-servicos-gerais-senai\/\",\"name\":\"ENCERRADO - Processo seletivo N\u00ba 0064-2015 - Auxiliar de Servi\u00e7os Gerais - SENAI - SENAI\",\"isPartOf\":{\"@id\":\"https:\/\/fieam.org.br\/senai\/#website\"},\"primaryImageOfPage\":{\"@id\":\"https:\/\/fieam.org.br\/senai\/processo-seletivo-no-0064-2015-auxiliar-de-servicos-gerais-senai\/#primaryimage\"},\"image\":{\"@id\":\"https:\/\/fieam.org.br\/senai\/processo-seletivo-no-0064-2015-auxiliar-de-servicos-gerais-senai\/#primaryimage\"},\"thumbnailUrl\":\"https:\/\/fieam.org.br\/senai\/wp-content\/uploads\/sites\/16\/2012\/10\/selecao1.jpg\",\"datePublished\":\"2015-05-11T15:02:08+00:00\",\"breadcrumb\":{\"@id\":\"https:\/\/fieam.org.br\/senai\/processo-seletivo-no-0064-2015-auxiliar-de-servicos-gerais-senai\/#breadcrumb\"},\"inLanguage\":\"pt-BR\",\"potentialAction\":[{\"@type\":\"ReadAction\",\"target\":[\"https:\/\/fieam.org.br\/senai\/processo-seletivo-no-0064-2015-auxiliar-de-servicos-gerais-senai\/\"]}]},{\"@type\":\"ImageObject\",\"inLanguage\":\"pt-BR\",\"@id\":\"https:\/\/fieam.org.br\/senai\/processo-seletivo-no-0064-2015-auxiliar-de-servicos-gerais-senai\/#primaryimage\",\"url\":\"https:\/\/fieam.org.br\/senai\/wp-content\/uploads\/sites\/16\/2012\/10\/selecao1.jpg\",\"contentUrl\":\"https:\/\/fieam.org.br\/senai\/wp-content\/uploads\/sites\/16\/2012\/10\/selecao1.jpg\",\"width\":250,\"height\":250},{\"@type\":\"BreadcrumbList\",\"@id\":\"https:\/\/fieam.org.br\/senai\/processo-seletivo-no-0064-2015-auxiliar-de-servicos-gerais-senai\/#breadcrumb\",\"itemListElement\":[{\"@type\":\"ListItem\",\"position\":1,\"name\":\"In\u00edcio\",\"item\":\"https:\/\/fieam.org.br\/senai\/\"},{\"@type\":\"ListItem\",\"position\":2,\"name\":\"ENCERRADO &#8211; Processo seletivo N\u00ba 0064-2015 &#8211; Auxiliar de Servi\u00e7os Gerais &#8211; SENAI\"}]},{\"@type\":\"WebSite\",\"@id\":\"https:\/\/fieam.org.br\/senai\/#website\",\"url\":\"https:\/\/fieam.org.br\/senai\/\",\"name\":\"SENAI\",\"description\":\"Site Oficial!\",\"publisher\":{\"@id\":\"https:\/\/fieam.org.br\/senai\/#organization\"},\"potentialAction\":[{\"@type\":\"SearchAction\",\"target\":{\"@type\":\"EntryPoint\",\"urlTemplate\":\"https:\/\/fieam.org.br\/senai\/?s={search_term_string}\"},\"query-input\":{\"@type\":\"PropertyValueSpecification\",\"valueRequired\":true,\"valueName\":\"search_term_string\"}}],\"inLanguage\":\"pt-BR\"},{\"@type\":\"Organization\",\"@id\":\"https:\/\/fieam.org.br\/senai\/#organization\",\"name\":\"SENAI\",\"url\":\"https:\/\/fieam.org.br\/senai\/\",\"logo\":{\"@type\":\"ImageObject\",\"inLanguage\":\"pt-BR\",\"@id\":\"https:\/\/fieam.org.br\/senai\/#\/schema\/logo\/image\/\",\"url\":\"https:\/\/fieam.org.br\/senai\/wp-content\/uploads\/sites\/16\/2024\/03\/cropped-fav.png\",\"contentUrl\":\"https:\/\/fieam.org.br\/senai\/wp-content\/uploads\/sites\/16\/2024\/03\/cropped-fav.png\",\"width\":592,\"height\":577,\"caption\":\"SENAI\"},\"image\":{\"@id\":\"https:\/\/fieam.org.br\/senai\/#\/schema\/logo\/image\/\"}},{\"@type\":\"Person\",\"@id\":\"https:\/\/fieam.org.br\/senai\/#\/schema\/person\/c1ceda8321521b291cee22da0a7d34be\",\"name\":\"Autor\",\"image\":{\"@type\":\"ImageObject\",\"inLanguage\":\"pt-BR\",\"@id\":\"https:\/\/fieam.org.br\/senai\/#\/schema\/person\/image\/\",\"url\":\"https:\/\/secure.gravatar.com\/avatar\/3732c223e0e1fad69062a8f770955c9068d37b055204f310a0be18d4069fe380?s=96&d=mm&r=g\",\"contentUrl\":\"https:\/\/secure.gravatar.com\/avatar\/3732c223e0e1fad69062a8f770955c9068d37b055204f310a0be18d4069fe380?s=96&d=mm&r=g\",\"caption\":\"Autor\"},\"sameAs\":[\"https:\/\/marketingmassivo.com.br\"],\"url\":\"https:\/\/fieam.org.br\/senai\/author\/admin\/\"}]}<\/script>\n<!-- \/ Yoast SEO plugin. -->","yoast_head_json":{"title":"ENCERRADO - Processo seletivo N\u00ba 0064-2015 - Auxiliar de Servi\u00e7os Gerais - SENAI - SENAI","robots":{"index":"index","follow":"follow","max-snippet":"max-snippet:-1","max-image-preview":"max-image-preview:large","max-video-preview":"max-video-preview:-1"},"canonical":"https:\/\/fieam.org.br\/senai\/processo-seletivo-no-0064-2015-auxiliar-de-servicos-gerais-senai\/","og_locale":"pt_BR","og_type":"article","og_title":"ENCERRADO - Processo seletivo N\u00ba 0064-2015 - Auxiliar de Servi\u00e7os Gerais - SENAI - SENAI","og_description":"O\u00a0 SENAI\u00a0 seleciona talentos para atuar na \u00e1rea abaixo solicitada com o seguinte perfil: &nbsp; Auxiliar de Servi\u00e7os Gerais &#8211; 5 vagas\/Pr\u00e9-requisitos: Ensino Fundamental completo com experi\u00eancia comprovada\u00a0 no m\u00ednimo 6 meses na \u00e1rea. \u00a0 Clique aqui para obter todas as informa\u00e7\u00f5es pertinentes ao processo seletivo; Convoca\u00e7\u00e3o para avalia\u00e7\u00e3o te\u00f3rica \u2013 Etapa II; Convoca\u00e7\u00e3o para [&hellip;]","og_url":"https:\/\/fieam.org.br\/senai\/processo-seletivo-no-0064-2015-auxiliar-de-servicos-gerais-senai\/","og_site_name":"SENAI","article_published_time":"2015-05-11T15:02:08+00:00","og_image":[{"width":250,"height":250,"url":"https:\/\/fieam.org.br\/senai\/wp-content\/uploads\/sites\/16\/2012\/10\/selecao1.jpg","type":"image\/jpeg"}],"author":"Autor","twitter_card":"summary_large_image","twitter_misc":{"Escrito por":"Autor","Est. tempo de leitura":"1 minuto"},"schema":{"@context":"https:\/\/schema.org","@graph":[{"@type":"Article","@id":"https:\/\/fieam.org.br\/senai\/processo-seletivo-no-0064-2015-auxiliar-de-servicos-gerais-senai\/#article","isPartOf":{"@id":"https:\/\/fieam.org.br\/senai\/processo-seletivo-no-0064-2015-auxiliar-de-servicos-gerais-senai\/"},"author":{"name":"Autor","@id":"https:\/\/fieam.org.br\/senai\/#\/schema\/person\/c1ceda8321521b291cee22da0a7d34be"},"headline":"ENCERRADO &#8211; Processo seletivo N\u00ba 0064-2015 &#8211; Auxiliar de Servi\u00e7os Gerais &#8211; SENAI","datePublished":"2015-05-11T15:02:08+00:00","mainEntityOfPage":{"@id":"https:\/\/fieam.org.br\/senai\/processo-seletivo-no-0064-2015-auxiliar-de-servicos-gerais-senai\/"},"wordCount":127,"commentCount":0,"publisher":{"@id":"https:\/\/fieam.org.br\/senai\/#organization"},"image":{"@id":"https:\/\/fieam.org.br\/senai\/processo-seletivo-no-0064-2015-auxiliar-de-servicos-gerais-senai\/#primaryimage"},"thumbnailUrl":"https:\/\/fieam.org.br\/senai\/wp-content\/uploads\/sites\/16\/2012\/10\/selecao1.jpg","articleSection":["selecao"],"inLanguage":"pt-BR","potentialAction":[{"@type":"CommentAction","name":"Comment","target":["https:\/\/fieam.org.br\/senai\/processo-seletivo-no-0064-2015-auxiliar-de-servicos-gerais-senai\/#respond"]}]},{"@type":"WebPage","@id":"https:\/\/fieam.org.br\/senai\/processo-seletivo-no-0064-2015-auxiliar-de-servicos-gerais-senai\/","url":"https:\/\/fieam.org.br\/senai\/processo-seletivo-no-0064-2015-auxiliar-de-servicos-gerais-senai\/","name":"ENCERRADO - Processo seletivo N\u00ba 0064-2015 - Auxiliar de Servi\u00e7os Gerais - SENAI - SENAI","isPartOf":{"@id":"https:\/\/fieam.org.br\/senai\/#website"},"primaryImageOfPage":{"@id":"https:\/\/fieam.org.br\/senai\/processo-seletivo-no-0064-2015-auxiliar-de-servicos-gerais-senai\/#primaryimage"},"image":{"@id":"https:\/\/fieam.org.br\/senai\/processo-seletivo-no-0064-2015-auxiliar-de-servicos-gerais-senai\/#primaryimage"},"thumbnailUrl":"https:\/\/fieam.org.br\/senai\/wp-content\/uploads\/sites\/16\/2012\/10\/selecao1.jpg","datePublished":"2015-05-11T15:02:08+00:00","breadcrumb":{"@id":"https:\/\/fieam.org.br\/senai\/processo-seletivo-no-0064-2015-auxiliar-de-servicos-gerais-senai\/#breadcrumb"},"inLanguage":"pt-BR","potentialAction":[{"@type":"ReadAction","target":["https:\/\/fieam.org.br\/senai\/processo-seletivo-no-0064-2015-auxiliar-de-servicos-gerais-senai\/"]}]},{"@type":"ImageObject","inLanguage":"pt-BR","@id":"https:\/\/fieam.org.br\/senai\/processo-seletivo-no-0064-2015-auxiliar-de-servicos-gerais-senai\/#primaryimage","url":"https:\/\/fieam.org.br\/senai\/wp-content\/uploads\/sites\/16\/2012\/10\/selecao1.jpg","contentUrl":"https:\/\/fieam.org.br\/senai\/wp-content\/uploads\/sites\/16\/2012\/10\/selecao1.jpg","width":250,"height":250},{"@type":"BreadcrumbList","@id":"https:\/\/fieam.org.br\/senai\/processo-seletivo-no-0064-2015-auxiliar-de-servicos-gerais-senai\/#breadcrumb","itemListElement":[{"@type":"ListItem","position":1,"name":"In\u00edcio","item":"https:\/\/fieam.org.br\/senai\/"},{"@type":"ListItem","position":2,"name":"ENCERRADO &#8211; Processo seletivo N\u00ba 0064-2015 &#8211; Auxiliar de Servi\u00e7os Gerais &#8211; SENAI"}]},{"@type":"WebSite","@id":"https:\/\/fieam.org.br\/senai\/#website","url":"https:\/\/fieam.org.br\/senai\/","name":"SENAI","description":"Site Oficial!","publisher":{"@id":"https:\/\/fieam.org.br\/senai\/#organization"},"potentialAction":[{"@type":"SearchAction","target":{"@type":"EntryPoint","urlTemplate":"https:\/\/fieam.org.br\/senai\/?s={search_term_string}"},"query-input":{"@type":"PropertyValueSpecification","valueRequired":true,"valueName":"search_term_string"}}],"inLanguage":"pt-BR"},{"@type":"Organization","@id":"https:\/\/fieam.org.br\/senai\/#organization","name":"SENAI","url":"https:\/\/fieam.org.br\/senai\/","logo":{"@type":"ImageObject","inLanguage":"pt-BR","@id":"https:\/\/fieam.org.br\/senai\/#\/schema\/logo\/image\/","url":"https:\/\/fieam.org.br\/senai\/wp-content\/uploads\/sites\/16\/2024\/03\/cropped-fav.png","contentUrl":"https:\/\/fieam.org.br\/senai\/wp-content\/uploads\/sites\/16\/2024\/03\/cropped-fav.png","width":592,"height":577,"caption":"SENAI"},"image":{"@id":"https:\/\/fieam.org.br\/senai\/#\/schema\/logo\/image\/"}},{"@type":"Person","@id":"https:\/\/fieam.org.br\/senai\/#\/schema\/person\/c1ceda8321521b291cee22da0a7d34be","name":"Autor","image":{"@type":"ImageObject","inLanguage":"pt-BR","@id":"https:\/\/fieam.org.br\/senai\/#\/schema\/person\/image\/","url":"https:\/\/secure.gravatar.com\/avatar\/3732c223e0e1fad69062a8f770955c9068d37b055204f310a0be18d4069fe380?s=96&d=mm&r=g","contentUrl":"https:\/\/secure.gravatar.com\/avatar\/3732c223e0e1fad69062a8f770955c9068d37b055204f310a0be18d4069fe380?s=96&d=mm&r=g","caption":"Autor"},"sameAs":["https:\/\/marketingmassivo.com.br"],"url":"https:\/\/fieam.org.br\/senai\/author\/admin\/"}]}},"_links":{"self":[{"href":"https:\/\/fieam.org.br\/senai\/wp-json\/wp\/v2\/posts\/12317","targetHints":{"allow":["GET"]}}],"collection":[{"href":"https:\/\/fieam.org.br\/senai\/wp-json\/wp\/v2\/posts"}],"about":[{"href":"https:\/\/fieam.org.br\/senai\/wp-json\/wp\/v2\/types\/post"}],"author":[{"embeddable":true,"href":"https:\/\/fieam.org.br\/senai\/wp-json\/wp\/v2\/users\/1"}],"replies":[{"embeddable":true,"href":"https:\/\/fieam.org.br\/senai\/wp-json\/wp\/v2\/comments?post=12317"}],"version-history":[{"count":0,"href":"https:\/\/fieam.org.br\/senai\/wp-json\/wp\/v2\/posts\/12317\/revisions"}],"wp:featuredmedia":[{"embeddable":true,"href":"https:\/\/fieam.org.br\/senai\/wp-json\/wp\/v2\/media\/2290"}],"wp:attachment":[{"href":"https:\/\/fieam.org.br\/senai\/wp-json\/wp\/v2\/media?parent=12317"}],"wp:term":[{"taxonomy":"category","embeddable":true,"href":"https:\/\/fieam.org.br\/senai\/wp-json\/wp\/v2\/categories?post=12317"},{"taxonomy":"post_tag","embeddable":true,"href":"https:\/\/fieam.org.br\/senai\/wp-json\/wp\/v2\/tags?post=12317"}],"curies":[{"name":"wp","href":"https:\/\/api.w.org\/{rel}","templated":true}]}}