{"id":11969,"date":"2023-04-25T17:42:27","date_gmt":"2023-04-25T21:42:27","guid":{"rendered":"http:\/\/www.fieam.org.br\/senai\/?p=11969"},"modified":"2023-04-25T17:42:27","modified_gmt":"2023-04-25T21:42:27","slug":"comunicado-de-processo-seletivo-externo-no-010-2023-cargo-pesquisador-e-desenvolvedor-industrial-desenvolvimento-de-teste-de-pci","status":"publish","type":"post","link":"https:\/\/fieam.org.br\/senai\/comunicado-de-processo-seletivo-externo-no-010-2023-cargo-pesquisador-e-desenvolvedor-industrial-desenvolvimento-de-teste-de-pci\/","title":{"rendered":"COMUNICADO DE PROCESSO SELETIVO EXTERNO &#8211; N\u00ba 010-2023 \/ CARGO: Pesquisador e Desenvolvedor Industrial Desenvolvimento de Teste de PCI)"},"content":{"rendered":"<p><strong>CARGO:<\/strong> Pesquisador e Desenvolvedor Industrial (Desenvolvimento de Teste de PCI)<\/p>\n<p><strong>CARGA HOR\u00c1RIA MENSAL:<\/strong> 220 Horas<\/p>\n<p><strong>SAL\u00c1RIO: <\/strong>A combinar<\/p>\n<p>O Servi\u00e7o Nacional de Aprendizagem Industrial \u2013 SENAI, por meio do Departamento de Gest\u00e3o de Pessoas\/Sele\u00e7\u00e3o de Talentos do Sistema Ind\u00fastria do Estado do Amazonas (FIEAM, SESI, SENAI e IEL), abre inscri\u00e7\u00f5es para preenchimento de 1 (uma) vaga e forma\u00e7\u00e3o de cadastro reserva para lota\u00e7\u00e3o no Instituto SENAI de Inova\u00e7\u00e3o em Microeletr\u00f4nica &#8211; ISI-ME na cidade de Manaus.<\/p>\n<p>&nbsp;<\/p>\n<p><a href=\"https:\/\/marketingmassivo.com.br\/senai\/wp-content\/uploads\/sites\/13\/2023\/04\/1-010-2023-COMUNICADO-PSE-ISI-PDI-DESENVOLVIMENTO-E-TESTE-DE-PCI-v2-FAV.pdf\">Clique aqui para obter mais informa\u00e7\u00f5es referentes ao processo<\/a><\/p>\n<p><a href=\"https:\/\/marketingmassivo.com.br\/senai\/wp-content\/uploads\/sites\/13\/2022\/08\/Formulario-Cadastro-inicial.pdf\">Formul\u00e1rio de Ficha Cadastral<\/a><\/p>\n<p><a href=\"https:\/\/marketingmassivo.com.br\/senai\/wp-content\/uploads\/sites\/13\/2023\/04\/Protocolo-de-entrega-de-documentos-novo.pdf\">Protocolo de entrega de documentos<\/a><\/p>\n<p><a href=\"https:\/\/marketingmassivo.com.br\/senai\/wp-content\/uploads\/sites\/13\/2023\/04\/Formulario-para-interposicao-de-recurso_V2.pdf\">Formul\u00e1rio para interposi\u00e7\u00e3o de recurso<\/a><\/p>\n<p><a href=\"https:\/\/marketingmassivo.com.br\/senai\/wp-content\/uploads\/sites\/13\/2023\/04\/010-2023-Entrevista-Comportamental-PSE-ISI-PDI-DESENVOLVIMENTO-E-TESTE-DE-PCI-v2-FAV_Revisado.pdf\">Convoca\u00e7\u00e3o Entrevista-Comportamental<\/a><\/p>\n<p>&nbsp;<\/p>\n<p>&nbsp;<\/p>\n<p>&nbsp;<\/p>\n","protected":false},"excerpt":{"rendered":"<p>CARGO: Pesquisador e Desenvolvedor Industrial (Desenvolvimento de Teste de PCI) CARGA HOR\u00c1RIA MENSAL: 220 Horas SAL\u00c1RIO: A combinar O Servi\u00e7o Nacional de Aprendizagem Industrial \u2013 SENAI, por meio do Departamento de Gest\u00e3o de Pessoas\/Sele\u00e7\u00e3o de Talentos do Sistema Ind\u00fastria do Estado do Amazonas (FIEAM, SESI, SENAI e IEL), abre inscri\u00e7\u00f5es para preenchimento de 1 (uma) [&hellip;]<\/p>\n","protected":false},"author":1,"featured_media":11971,"comment_status":"closed","ping_status":"open","sticky":false,"template":"","format":"standard","meta":{"footnotes":""},"categories":[21,24],"tags":[],"class_list":["post-11969","post","type-post","status-publish","format-standard","has-post-thumbnail","hentry","category-news","category-selecao"],"yoast_head":"<!-- This site is optimized with the Yoast SEO plugin v26.8 - https:\/\/yoast.com\/product\/yoast-seo-wordpress\/ -->\n<title>COMUNICADO DE PROCESSO SELETIVO EXTERNO - N\u00ba 010-2023 \/ CARGO: Pesquisador e Desenvolvedor Industrial Desenvolvimento de Teste de PCI) - SENAI<\/title>\n<meta name=\"robots\" content=\"index, follow, max-snippet:-1, max-image-preview:large, max-video-preview:-1\" \/>\n<link rel=\"canonical\" href=\"https:\/\/fieam.org.br\/senai\/comunicado-de-processo-seletivo-externo-no-010-2023-cargo-pesquisador-e-desenvolvedor-industrial-desenvolvimento-de-teste-de-pci\/\" \/>\n<meta property=\"og:locale\" content=\"pt_BR\" \/>\n<meta property=\"og:type\" content=\"article\" \/>\n<meta property=\"og:title\" content=\"COMUNICADO DE PROCESSO SELETIVO EXTERNO - N\u00ba 010-2023 \/ CARGO: Pesquisador e Desenvolvedor Industrial Desenvolvimento de Teste de PCI) - SENAI\" \/>\n<meta property=\"og:description\" content=\"CARGO: Pesquisador e Desenvolvedor Industrial (Desenvolvimento de Teste de PCI) CARGA HOR\u00c1RIA MENSAL: 220 Horas SAL\u00c1RIO: A combinar O Servi\u00e7o Nacional de Aprendizagem Industrial \u2013 SENAI, por meio do Departamento de Gest\u00e3o de Pessoas\/Sele\u00e7\u00e3o de Talentos do Sistema Ind\u00fastria do Estado do Amazonas (FIEAM, SESI, SENAI e IEL), abre inscri\u00e7\u00f5es para preenchimento de 1 (uma) [&hellip;]\" \/>\n<meta property=\"og:url\" content=\"https:\/\/fieam.org.br\/senai\/comunicado-de-processo-seletivo-externo-no-010-2023-cargo-pesquisador-e-desenvolvedor-industrial-desenvolvimento-de-teste-de-pci\/\" \/>\n<meta property=\"og:site_name\" content=\"SENAI\" \/>\n<meta property=\"article:published_time\" content=\"2023-04-25T21:42:27+00:00\" \/>\n<meta property=\"og:image\" content=\"https:\/\/fieam.org.br\/senai\/wp-content\/uploads\/sites\/16\/2023\/04\/WhatsApp-Image-2023-04-25-at-17.36.17.jpg\" \/>\n\t<meta property=\"og:image:width\" content=\"1080\" \/>\n\t<meta property=\"og:image:height\" content=\"1080\" \/>\n\t<meta property=\"og:image:type\" content=\"image\/jpeg\" \/>\n<meta name=\"author\" content=\"Autor\" \/>\n<meta name=\"twitter:card\" content=\"summary_large_image\" \/>\n<meta name=\"twitter:label1\" content=\"Escrito por\" \/>\n\t<meta name=\"twitter:data1\" content=\"Autor\" \/>\n\t<meta name=\"twitter:label2\" content=\"Est. tempo de leitura\" \/>\n\t<meta name=\"twitter:data2\" content=\"1 minuto\" \/>\n<script type=\"application\/ld+json\" class=\"yoast-schema-graph\">{\"@context\":\"https:\/\/schema.org\",\"@graph\":[{\"@type\":\"Article\",\"@id\":\"https:\/\/fieam.org.br\/senai\/comunicado-de-processo-seletivo-externo-no-010-2023-cargo-pesquisador-e-desenvolvedor-industrial-desenvolvimento-de-teste-de-pci\/#article\",\"isPartOf\":{\"@id\":\"https:\/\/fieam.org.br\/senai\/comunicado-de-processo-seletivo-externo-no-010-2023-cargo-pesquisador-e-desenvolvedor-industrial-desenvolvimento-de-teste-de-pci\/\"},\"author\":{\"name\":\"Autor\",\"@id\":\"https:\/\/fieam.org.br\/senai\/#\/schema\/person\/c1ceda8321521b291cee22da0a7d34be\"},\"headline\":\"COMUNICADO DE PROCESSO SELETIVO EXTERNO &#8211; N\u00ba 010-2023 \/ CARGO: Pesquisador e Desenvolvedor Industrial Desenvolvimento de Teste de PCI)\",\"datePublished\":\"2023-04-25T21:42:27+00:00\",\"mainEntityOfPage\":{\"@id\":\"https:\/\/fieam.org.br\/senai\/comunicado-de-processo-seletivo-externo-no-010-2023-cargo-pesquisador-e-desenvolvedor-industrial-desenvolvimento-de-teste-de-pci\/\"},\"wordCount\":137,\"publisher\":{\"@id\":\"https:\/\/fieam.org.br\/senai\/#organization\"},\"image\":{\"@id\":\"https:\/\/fieam.org.br\/senai\/comunicado-de-processo-seletivo-externo-no-010-2023-cargo-pesquisador-e-desenvolvedor-industrial-desenvolvimento-de-teste-de-pci\/#primaryimage\"},\"thumbnailUrl\":\"https:\/\/fieam.org.br\/senai\/wp-content\/uploads\/sites\/16\/2023\/04\/WhatsApp-Image-2023-04-25-at-17.36.17.jpg\",\"articleSection\":[\"News\",\"selecao\"],\"inLanguage\":\"pt-BR\"},{\"@type\":\"WebPage\",\"@id\":\"https:\/\/fieam.org.br\/senai\/comunicado-de-processo-seletivo-externo-no-010-2023-cargo-pesquisador-e-desenvolvedor-industrial-desenvolvimento-de-teste-de-pci\/\",\"url\":\"https:\/\/fieam.org.br\/senai\/comunicado-de-processo-seletivo-externo-no-010-2023-cargo-pesquisador-e-desenvolvedor-industrial-desenvolvimento-de-teste-de-pci\/\",\"name\":\"COMUNICADO DE PROCESSO SELETIVO EXTERNO - N\u00ba 010-2023 \/ CARGO: Pesquisador e Desenvolvedor Industrial Desenvolvimento de Teste de PCI) - SENAI\",\"isPartOf\":{\"@id\":\"https:\/\/fieam.org.br\/senai\/#website\"},\"primaryImageOfPage\":{\"@id\":\"https:\/\/fieam.org.br\/senai\/comunicado-de-processo-seletivo-externo-no-010-2023-cargo-pesquisador-e-desenvolvedor-industrial-desenvolvimento-de-teste-de-pci\/#primaryimage\"},\"image\":{\"@id\":\"https:\/\/fieam.org.br\/senai\/comunicado-de-processo-seletivo-externo-no-010-2023-cargo-pesquisador-e-desenvolvedor-industrial-desenvolvimento-de-teste-de-pci\/#primaryimage\"},\"thumbnailUrl\":\"https:\/\/fieam.org.br\/senai\/wp-content\/uploads\/sites\/16\/2023\/04\/WhatsApp-Image-2023-04-25-at-17.36.17.jpg\",\"datePublished\":\"2023-04-25T21:42:27+00:00\",\"breadcrumb\":{\"@id\":\"https:\/\/fieam.org.br\/senai\/comunicado-de-processo-seletivo-externo-no-010-2023-cargo-pesquisador-e-desenvolvedor-industrial-desenvolvimento-de-teste-de-pci\/#breadcrumb\"},\"inLanguage\":\"pt-BR\",\"potentialAction\":[{\"@type\":\"ReadAction\",\"target\":[\"https:\/\/fieam.org.br\/senai\/comunicado-de-processo-seletivo-externo-no-010-2023-cargo-pesquisador-e-desenvolvedor-industrial-desenvolvimento-de-teste-de-pci\/\"]}]},{\"@type\":\"ImageObject\",\"inLanguage\":\"pt-BR\",\"@id\":\"https:\/\/fieam.org.br\/senai\/comunicado-de-processo-seletivo-externo-no-010-2023-cargo-pesquisador-e-desenvolvedor-industrial-desenvolvimento-de-teste-de-pci\/#primaryimage\",\"url\":\"https:\/\/fieam.org.br\/senai\/wp-content\/uploads\/sites\/16\/2023\/04\/WhatsApp-Image-2023-04-25-at-17.36.17.jpg\",\"contentUrl\":\"https:\/\/fieam.org.br\/senai\/wp-content\/uploads\/sites\/16\/2023\/04\/WhatsApp-Image-2023-04-25-at-17.36.17.jpg\",\"width\":1080,\"height\":1080},{\"@type\":\"BreadcrumbList\",\"@id\":\"https:\/\/fieam.org.br\/senai\/comunicado-de-processo-seletivo-externo-no-010-2023-cargo-pesquisador-e-desenvolvedor-industrial-desenvolvimento-de-teste-de-pci\/#breadcrumb\",\"itemListElement\":[{\"@type\":\"ListItem\",\"position\":1,\"name\":\"In\u00edcio\",\"item\":\"https:\/\/fieam.org.br\/senai\/\"},{\"@type\":\"ListItem\",\"position\":2,\"name\":\"COMUNICADO DE PROCESSO SELETIVO EXTERNO &#8211; N\u00ba 010-2023 \/ CARGO: Pesquisador e Desenvolvedor Industrial Desenvolvimento de Teste de PCI)\"}]},{\"@type\":\"WebSite\",\"@id\":\"https:\/\/fieam.org.br\/senai\/#website\",\"url\":\"https:\/\/fieam.org.br\/senai\/\",\"name\":\"SENAI\",\"description\":\"Site Oficial!\",\"publisher\":{\"@id\":\"https:\/\/fieam.org.br\/senai\/#organization\"},\"potentialAction\":[{\"@type\":\"SearchAction\",\"target\":{\"@type\":\"EntryPoint\",\"urlTemplate\":\"https:\/\/fieam.org.br\/senai\/?s={search_term_string}\"},\"query-input\":{\"@type\":\"PropertyValueSpecification\",\"valueRequired\":true,\"valueName\":\"search_term_string\"}}],\"inLanguage\":\"pt-BR\"},{\"@type\":\"Organization\",\"@id\":\"https:\/\/fieam.org.br\/senai\/#organization\",\"name\":\"SENAI\",\"url\":\"https:\/\/fieam.org.br\/senai\/\",\"logo\":{\"@type\":\"ImageObject\",\"inLanguage\":\"pt-BR\",\"@id\":\"https:\/\/fieam.org.br\/senai\/#\/schema\/logo\/image\/\",\"url\":\"https:\/\/fieam.org.br\/senai\/wp-content\/uploads\/sites\/16\/2024\/03\/cropped-fav.png\",\"contentUrl\":\"https:\/\/fieam.org.br\/senai\/wp-content\/uploads\/sites\/16\/2024\/03\/cropped-fav.png\",\"width\":592,\"height\":577,\"caption\":\"SENAI\"},\"image\":{\"@id\":\"https:\/\/fieam.org.br\/senai\/#\/schema\/logo\/image\/\"}},{\"@type\":\"Person\",\"@id\":\"https:\/\/fieam.org.br\/senai\/#\/schema\/person\/c1ceda8321521b291cee22da0a7d34be\",\"name\":\"Autor\",\"image\":{\"@type\":\"ImageObject\",\"inLanguage\":\"pt-BR\",\"@id\":\"https:\/\/fieam.org.br\/senai\/#\/schema\/person\/image\/\",\"url\":\"https:\/\/secure.gravatar.com\/avatar\/3732c223e0e1fad69062a8f770955c9068d37b055204f310a0be18d4069fe380?s=96&d=mm&r=g\",\"contentUrl\":\"https:\/\/secure.gravatar.com\/avatar\/3732c223e0e1fad69062a8f770955c9068d37b055204f310a0be18d4069fe380?s=96&d=mm&r=g\",\"caption\":\"Autor\"},\"sameAs\":[\"https:\/\/marketingmassivo.com.br\"],\"url\":\"https:\/\/fieam.org.br\/senai\/author\/admin\/\"}]}<\/script>\n<!-- \/ Yoast SEO plugin. -->","yoast_head_json":{"title":"COMUNICADO DE PROCESSO SELETIVO EXTERNO - N\u00ba 010-2023 \/ CARGO: Pesquisador e Desenvolvedor Industrial Desenvolvimento de Teste de PCI) - SENAI","robots":{"index":"index","follow":"follow","max-snippet":"max-snippet:-1","max-image-preview":"max-image-preview:large","max-video-preview":"max-video-preview:-1"},"canonical":"https:\/\/fieam.org.br\/senai\/comunicado-de-processo-seletivo-externo-no-010-2023-cargo-pesquisador-e-desenvolvedor-industrial-desenvolvimento-de-teste-de-pci\/","og_locale":"pt_BR","og_type":"article","og_title":"COMUNICADO DE PROCESSO SELETIVO EXTERNO - N\u00ba 010-2023 \/ CARGO: Pesquisador e Desenvolvedor Industrial Desenvolvimento de Teste de PCI) - SENAI","og_description":"CARGO: Pesquisador e Desenvolvedor Industrial (Desenvolvimento de Teste de PCI) CARGA HOR\u00c1RIA MENSAL: 220 Horas SAL\u00c1RIO: A combinar O Servi\u00e7o Nacional de Aprendizagem Industrial \u2013 SENAI, por meio do Departamento de Gest\u00e3o de Pessoas\/Sele\u00e7\u00e3o de Talentos do Sistema Ind\u00fastria do Estado do Amazonas (FIEAM, SESI, SENAI e IEL), abre inscri\u00e7\u00f5es para preenchimento de 1 (uma) [&hellip;]","og_url":"https:\/\/fieam.org.br\/senai\/comunicado-de-processo-seletivo-externo-no-010-2023-cargo-pesquisador-e-desenvolvedor-industrial-desenvolvimento-de-teste-de-pci\/","og_site_name":"SENAI","article_published_time":"2023-04-25T21:42:27+00:00","og_image":[{"width":1080,"height":1080,"url":"https:\/\/fieam.org.br\/senai\/wp-content\/uploads\/sites\/16\/2023\/04\/WhatsApp-Image-2023-04-25-at-17.36.17.jpg","type":"image\/jpeg"}],"author":"Autor","twitter_card":"summary_large_image","twitter_misc":{"Escrito por":"Autor","Est. tempo de leitura":"1 minuto"},"schema":{"@context":"https:\/\/schema.org","@graph":[{"@type":"Article","@id":"https:\/\/fieam.org.br\/senai\/comunicado-de-processo-seletivo-externo-no-010-2023-cargo-pesquisador-e-desenvolvedor-industrial-desenvolvimento-de-teste-de-pci\/#article","isPartOf":{"@id":"https:\/\/fieam.org.br\/senai\/comunicado-de-processo-seletivo-externo-no-010-2023-cargo-pesquisador-e-desenvolvedor-industrial-desenvolvimento-de-teste-de-pci\/"},"author":{"name":"Autor","@id":"https:\/\/fieam.org.br\/senai\/#\/schema\/person\/c1ceda8321521b291cee22da0a7d34be"},"headline":"COMUNICADO DE PROCESSO SELETIVO EXTERNO &#8211; N\u00ba 010-2023 \/ CARGO: Pesquisador e Desenvolvedor Industrial Desenvolvimento de Teste de PCI)","datePublished":"2023-04-25T21:42:27+00:00","mainEntityOfPage":{"@id":"https:\/\/fieam.org.br\/senai\/comunicado-de-processo-seletivo-externo-no-010-2023-cargo-pesquisador-e-desenvolvedor-industrial-desenvolvimento-de-teste-de-pci\/"},"wordCount":137,"publisher":{"@id":"https:\/\/fieam.org.br\/senai\/#organization"},"image":{"@id":"https:\/\/fieam.org.br\/senai\/comunicado-de-processo-seletivo-externo-no-010-2023-cargo-pesquisador-e-desenvolvedor-industrial-desenvolvimento-de-teste-de-pci\/#primaryimage"},"thumbnailUrl":"https:\/\/fieam.org.br\/senai\/wp-content\/uploads\/sites\/16\/2023\/04\/WhatsApp-Image-2023-04-25-at-17.36.17.jpg","articleSection":["News","selecao"],"inLanguage":"pt-BR"},{"@type":"WebPage","@id":"https:\/\/fieam.org.br\/senai\/comunicado-de-processo-seletivo-externo-no-010-2023-cargo-pesquisador-e-desenvolvedor-industrial-desenvolvimento-de-teste-de-pci\/","url":"https:\/\/fieam.org.br\/senai\/comunicado-de-processo-seletivo-externo-no-010-2023-cargo-pesquisador-e-desenvolvedor-industrial-desenvolvimento-de-teste-de-pci\/","name":"COMUNICADO DE PROCESSO SELETIVO EXTERNO - N\u00ba 010-2023 \/ CARGO: Pesquisador e Desenvolvedor Industrial Desenvolvimento de Teste de PCI) - SENAI","isPartOf":{"@id":"https:\/\/fieam.org.br\/senai\/#website"},"primaryImageOfPage":{"@id":"https:\/\/fieam.org.br\/senai\/comunicado-de-processo-seletivo-externo-no-010-2023-cargo-pesquisador-e-desenvolvedor-industrial-desenvolvimento-de-teste-de-pci\/#primaryimage"},"image":{"@id":"https:\/\/fieam.org.br\/senai\/comunicado-de-processo-seletivo-externo-no-010-2023-cargo-pesquisador-e-desenvolvedor-industrial-desenvolvimento-de-teste-de-pci\/#primaryimage"},"thumbnailUrl":"https:\/\/fieam.org.br\/senai\/wp-content\/uploads\/sites\/16\/2023\/04\/WhatsApp-Image-2023-04-25-at-17.36.17.jpg","datePublished":"2023-04-25T21:42:27+00:00","breadcrumb":{"@id":"https:\/\/fieam.org.br\/senai\/comunicado-de-processo-seletivo-externo-no-010-2023-cargo-pesquisador-e-desenvolvedor-industrial-desenvolvimento-de-teste-de-pci\/#breadcrumb"},"inLanguage":"pt-BR","potentialAction":[{"@type":"ReadAction","target":["https:\/\/fieam.org.br\/senai\/comunicado-de-processo-seletivo-externo-no-010-2023-cargo-pesquisador-e-desenvolvedor-industrial-desenvolvimento-de-teste-de-pci\/"]}]},{"@type":"ImageObject","inLanguage":"pt-BR","@id":"https:\/\/fieam.org.br\/senai\/comunicado-de-processo-seletivo-externo-no-010-2023-cargo-pesquisador-e-desenvolvedor-industrial-desenvolvimento-de-teste-de-pci\/#primaryimage","url":"https:\/\/fieam.org.br\/senai\/wp-content\/uploads\/sites\/16\/2023\/04\/WhatsApp-Image-2023-04-25-at-17.36.17.jpg","contentUrl":"https:\/\/fieam.org.br\/senai\/wp-content\/uploads\/sites\/16\/2023\/04\/WhatsApp-Image-2023-04-25-at-17.36.17.jpg","width":1080,"height":1080},{"@type":"BreadcrumbList","@id":"https:\/\/fieam.org.br\/senai\/comunicado-de-processo-seletivo-externo-no-010-2023-cargo-pesquisador-e-desenvolvedor-industrial-desenvolvimento-de-teste-de-pci\/#breadcrumb","itemListElement":[{"@type":"ListItem","position":1,"name":"In\u00edcio","item":"https:\/\/fieam.org.br\/senai\/"},{"@type":"ListItem","position":2,"name":"COMUNICADO DE PROCESSO SELETIVO EXTERNO &#8211; N\u00ba 010-2023 \/ CARGO: Pesquisador e Desenvolvedor Industrial Desenvolvimento de Teste de PCI)"}]},{"@type":"WebSite","@id":"https:\/\/fieam.org.br\/senai\/#website","url":"https:\/\/fieam.org.br\/senai\/","name":"SENAI","description":"Site Oficial!","publisher":{"@id":"https:\/\/fieam.org.br\/senai\/#organization"},"potentialAction":[{"@type":"SearchAction","target":{"@type":"EntryPoint","urlTemplate":"https:\/\/fieam.org.br\/senai\/?s={search_term_string}"},"query-input":{"@type":"PropertyValueSpecification","valueRequired":true,"valueName":"search_term_string"}}],"inLanguage":"pt-BR"},{"@type":"Organization","@id":"https:\/\/fieam.org.br\/senai\/#organization","name":"SENAI","url":"https:\/\/fieam.org.br\/senai\/","logo":{"@type":"ImageObject","inLanguage":"pt-BR","@id":"https:\/\/fieam.org.br\/senai\/#\/schema\/logo\/image\/","url":"https:\/\/fieam.org.br\/senai\/wp-content\/uploads\/sites\/16\/2024\/03\/cropped-fav.png","contentUrl":"https:\/\/fieam.org.br\/senai\/wp-content\/uploads\/sites\/16\/2024\/03\/cropped-fav.png","width":592,"height":577,"caption":"SENAI"},"image":{"@id":"https:\/\/fieam.org.br\/senai\/#\/schema\/logo\/image\/"}},{"@type":"Person","@id":"https:\/\/fieam.org.br\/senai\/#\/schema\/person\/c1ceda8321521b291cee22da0a7d34be","name":"Autor","image":{"@type":"ImageObject","inLanguage":"pt-BR","@id":"https:\/\/fieam.org.br\/senai\/#\/schema\/person\/image\/","url":"https:\/\/secure.gravatar.com\/avatar\/3732c223e0e1fad69062a8f770955c9068d37b055204f310a0be18d4069fe380?s=96&d=mm&r=g","contentUrl":"https:\/\/secure.gravatar.com\/avatar\/3732c223e0e1fad69062a8f770955c9068d37b055204f310a0be18d4069fe380?s=96&d=mm&r=g","caption":"Autor"},"sameAs":["https:\/\/marketingmassivo.com.br"],"url":"https:\/\/fieam.org.br\/senai\/author\/admin\/"}]}},"_links":{"self":[{"href":"https:\/\/fieam.org.br\/senai\/wp-json\/wp\/v2\/posts\/11969","targetHints":{"allow":["GET"]}}],"collection":[{"href":"https:\/\/fieam.org.br\/senai\/wp-json\/wp\/v2\/posts"}],"about":[{"href":"https:\/\/fieam.org.br\/senai\/wp-json\/wp\/v2\/types\/post"}],"author":[{"embeddable":true,"href":"https:\/\/fieam.org.br\/senai\/wp-json\/wp\/v2\/users\/1"}],"replies":[{"embeddable":true,"href":"https:\/\/fieam.org.br\/senai\/wp-json\/wp\/v2\/comments?post=11969"}],"version-history":[{"count":0,"href":"https:\/\/fieam.org.br\/senai\/wp-json\/wp\/v2\/posts\/11969\/revisions"}],"wp:featuredmedia":[{"embeddable":true,"href":"https:\/\/fieam.org.br\/senai\/wp-json\/wp\/v2\/media\/11971"}],"wp:attachment":[{"href":"https:\/\/fieam.org.br\/senai\/wp-json\/wp\/v2\/media?parent=11969"}],"wp:term":[{"taxonomy":"category","embeddable":true,"href":"https:\/\/fieam.org.br\/senai\/wp-json\/wp\/v2\/categories?post=11969"},{"taxonomy":"post_tag","embeddable":true,"href":"https:\/\/fieam.org.br\/senai\/wp-json\/wp\/v2\/tags?post=11969"}],"curies":[{"name":"wp","href":"https:\/\/api.w.org\/{rel}","templated":true}]}}