{"id":11959,"date":"2023-04-24T11:13:47","date_gmt":"2023-04-24T15:13:47","guid":{"rendered":"http:\/\/www.fieam.org.br\/senai\/?p=11959"},"modified":"2023-04-24T11:13:47","modified_gmt":"2023-04-24T15:13:47","slug":"selecionados-agosto-4","status":"publish","type":"post","link":"https:\/\/fieam.org.br\/senai\/selecionados-agosto-4\/","title":{"rendered":"Selecionados &#8211; AGOSTO"},"content":{"rendered":"<p><a href=\"https:\/\/marketingmassivo.com.br\/senai\/wp-content\/uploads\/sites\/13\/2023\/04\/BARRA-ESDT.jpg\"><img decoding=\"async\" class=\" wp-image-11899 alignleft\" src=\"http:\/\/www.fieam.org.br\/senai\/wp-content\/uploads\/sites\/3\/2023\/04\/BARRA-ESDT-1024x75.jpg\" alt=\"\" width=\"724\" height=\"53\" srcset=\"https:\/\/fieam.org.br\/senai\/wp-content\/uploads\/sites\/16\/2023\/04\/BARRA-ESDT-1024x75.jpg 1024w, https:\/\/fieam.org.br\/senai\/wp-content\/uploads\/sites\/16\/2023\/04\/BARRA-ESDT-300x22.jpg 300w, https:\/\/fieam.org.br\/senai\/wp-content\/uploads\/sites\/16\/2023\/04\/BARRA-ESDT-768x56.jpg 768w, https:\/\/fieam.org.br\/senai\/wp-content\/uploads\/sites\/16\/2023\/04\/BARRA-ESDT-1536x112.jpg 1536w, https:\/\/fieam.org.br\/senai\/wp-content\/uploads\/sites\/16\/2023\/04\/BARRA-ESDT-2048x150.jpg 2048w\" sizes=\"(max-width: 724px) 100vw, 724px\" \/><\/a><\/p>\n<p>&nbsp;<\/p>\n<p>&nbsp;<\/p>\n<p>&nbsp;<\/p>\n<p>&nbsp;<\/p>\n<p>ATEN\u00c7\u00c3O:<\/p>\n<p>Em breve divulgaremos aqui a lista dos selecionados.<\/p>\n<p>Acompanhe as publica\u00e7\u00f5es nas nossas redes sociais.<\/p>\n","protected":false},"excerpt":{"rendered":"<p>&nbsp; &nbsp; &nbsp; &nbsp; ATEN\u00c7\u00c3O: Em breve divulgaremos aqui a lista dos selecionados. Acompanhe as publica\u00e7\u00f5es nas nossas redes sociais.<\/p>\n","protected":false},"author":1,"featured_media":0,"comment_status":"closed","ping_status":"open","sticky":false,"template":"","format":"standard","meta":{"footnotes":""},"categories":[23],"tags":[],"class_list":["post-11959","post","type-post","status-publish","format-standard","hentry","category-publicacoes"],"yoast_head":"<!-- This site is optimized with the Yoast SEO plugin v26.8 - https:\/\/yoast.com\/product\/yoast-seo-wordpress\/ -->\n<title>Selecionados - AGOSTO - SENAI<\/title>\n<meta name=\"robots\" content=\"index, follow, max-snippet:-1, max-image-preview:large, max-video-preview:-1\" \/>\n<link rel=\"canonical\" href=\"https:\/\/fieam.org.br\/senai\/selecionados-agosto-4\/\" \/>\n<meta property=\"og:locale\" content=\"pt_BR\" \/>\n<meta property=\"og:type\" content=\"article\" \/>\n<meta property=\"og:title\" content=\"Selecionados - AGOSTO - SENAI\" \/>\n<meta property=\"og:description\" content=\"&nbsp; &nbsp; &nbsp; &nbsp; ATEN\u00c7\u00c3O: Em breve divulgaremos aqui a lista dos selecionados. Acompanhe as publica\u00e7\u00f5es nas nossas redes sociais.\" \/>\n<meta property=\"og:url\" content=\"https:\/\/fieam.org.br\/senai\/selecionados-agosto-4\/\" \/>\n<meta property=\"og:site_name\" content=\"SENAI\" \/>\n<meta property=\"article:published_time\" content=\"2023-04-24T15:13:47+00:00\" \/>\n<meta property=\"og:image\" content=\"https:\/\/fieam.org.br\/senai\/wp-content\/uploads\/sites\/16\/2023\/04\/BARRA-ESDT.jpg\" \/>\n\t<meta property=\"og:image:width\" content=\"2062\" \/>\n\t<meta property=\"og:image:height\" content=\"151\" \/>\n\t<meta property=\"og:image:type\" content=\"image\/jpeg\" \/>\n<meta name=\"author\" content=\"Autor\" \/>\n<meta name=\"twitter:card\" content=\"summary_large_image\" \/>\n<meta name=\"twitter:label1\" content=\"Escrito por\" \/>\n\t<meta name=\"twitter:data1\" content=\"Autor\" \/>\n<script type=\"application\/ld+json\" class=\"yoast-schema-graph\">{\"@context\":\"https:\/\/schema.org\",\"@graph\":[{\"@type\":\"Article\",\"@id\":\"https:\/\/fieam.org.br\/senai\/selecionados-agosto-4\/#article\",\"isPartOf\":{\"@id\":\"https:\/\/fieam.org.br\/senai\/selecionados-agosto-4\/\"},\"author\":{\"name\":\"Autor\",\"@id\":\"https:\/\/fieam.org.br\/senai\/#\/schema\/person\/c1ceda8321521b291cee22da0a7d34be\"},\"headline\":\"Selecionados &#8211; AGOSTO\",\"datePublished\":\"2023-04-24T15:13:47+00:00\",\"mainEntityOfPage\":{\"@id\":\"https:\/\/fieam.org.br\/senai\/selecionados-agosto-4\/\"},\"wordCount\":25,\"publisher\":{\"@id\":\"https:\/\/fieam.org.br\/senai\/#organization\"},\"image\":{\"@id\":\"https:\/\/fieam.org.br\/senai\/selecionados-agosto-4\/#primaryimage\"},\"thumbnailUrl\":\"http:\/\/www.fieam.org.br\/senai\/wp-content\/uploads\/sites\/3\/2023\/04\/BARRA-ESDT-1024x75.jpg\",\"articleSection\":[\"Publica\u00e7\u00f5es\"],\"inLanguage\":\"pt-BR\"},{\"@type\":\"WebPage\",\"@id\":\"https:\/\/fieam.org.br\/senai\/selecionados-agosto-4\/\",\"url\":\"https:\/\/fieam.org.br\/senai\/selecionados-agosto-4\/\",\"name\":\"Selecionados - AGOSTO - SENAI\",\"isPartOf\":{\"@id\":\"https:\/\/fieam.org.br\/senai\/#website\"},\"primaryImageOfPage\":{\"@id\":\"https:\/\/fieam.org.br\/senai\/selecionados-agosto-4\/#primaryimage\"},\"image\":{\"@id\":\"https:\/\/fieam.org.br\/senai\/selecionados-agosto-4\/#primaryimage\"},\"thumbnailUrl\":\"http:\/\/www.fieam.org.br\/senai\/wp-content\/uploads\/sites\/3\/2023\/04\/BARRA-ESDT-1024x75.jpg\",\"datePublished\":\"2023-04-24T15:13:47+00:00\",\"breadcrumb\":{\"@id\":\"https:\/\/fieam.org.br\/senai\/selecionados-agosto-4\/#breadcrumb\"},\"inLanguage\":\"pt-BR\",\"potentialAction\":[{\"@type\":\"ReadAction\",\"target\":[\"https:\/\/fieam.org.br\/senai\/selecionados-agosto-4\/\"]}]},{\"@type\":\"ImageObject\",\"inLanguage\":\"pt-BR\",\"@id\":\"https:\/\/fieam.org.br\/senai\/selecionados-agosto-4\/#primaryimage\",\"url\":\"http:\/\/www.fieam.org.br\/senai\/wp-content\/uploads\/sites\/3\/2023\/04\/BARRA-ESDT-1024x75.jpg\",\"contentUrl\":\"http:\/\/www.fieam.org.br\/senai\/wp-content\/uploads\/sites\/3\/2023\/04\/BARRA-ESDT-1024x75.jpg\"},{\"@type\":\"BreadcrumbList\",\"@id\":\"https:\/\/fieam.org.br\/senai\/selecionados-agosto-4\/#breadcrumb\",\"itemListElement\":[{\"@type\":\"ListItem\",\"position\":1,\"name\":\"In\u00edcio\",\"item\":\"https:\/\/fieam.org.br\/senai\/\"},{\"@type\":\"ListItem\",\"position\":2,\"name\":\"Selecionados &#8211; AGOSTO\"}]},{\"@type\":\"WebSite\",\"@id\":\"https:\/\/fieam.org.br\/senai\/#website\",\"url\":\"https:\/\/fieam.org.br\/senai\/\",\"name\":\"SENAI\",\"description\":\"Site Oficial!\",\"publisher\":{\"@id\":\"https:\/\/fieam.org.br\/senai\/#organization\"},\"potentialAction\":[{\"@type\":\"SearchAction\",\"target\":{\"@type\":\"EntryPoint\",\"urlTemplate\":\"https:\/\/fieam.org.br\/senai\/?s={search_term_string}\"},\"query-input\":{\"@type\":\"PropertyValueSpecification\",\"valueRequired\":true,\"valueName\":\"search_term_string\"}}],\"inLanguage\":\"pt-BR\"},{\"@type\":\"Organization\",\"@id\":\"https:\/\/fieam.org.br\/senai\/#organization\",\"name\":\"SENAI\",\"url\":\"https:\/\/fieam.org.br\/senai\/\",\"logo\":{\"@type\":\"ImageObject\",\"inLanguage\":\"pt-BR\",\"@id\":\"https:\/\/fieam.org.br\/senai\/#\/schema\/logo\/image\/\",\"url\":\"https:\/\/fieam.org.br\/senai\/wp-content\/uploads\/sites\/16\/2024\/03\/cropped-fav.png\",\"contentUrl\":\"https:\/\/fieam.org.br\/senai\/wp-content\/uploads\/sites\/16\/2024\/03\/cropped-fav.png\",\"width\":592,\"height\":577,\"caption\":\"SENAI\"},\"image\":{\"@id\":\"https:\/\/fieam.org.br\/senai\/#\/schema\/logo\/image\/\"}},{\"@type\":\"Person\",\"@id\":\"https:\/\/fieam.org.br\/senai\/#\/schema\/person\/c1ceda8321521b291cee22da0a7d34be\",\"name\":\"Autor\",\"image\":{\"@type\":\"ImageObject\",\"inLanguage\":\"pt-BR\",\"@id\":\"https:\/\/fieam.org.br\/senai\/#\/schema\/person\/image\/\",\"url\":\"https:\/\/secure.gravatar.com\/avatar\/3732c223e0e1fad69062a8f770955c9068d37b055204f310a0be18d4069fe380?s=96&d=mm&r=g\",\"contentUrl\":\"https:\/\/secure.gravatar.com\/avatar\/3732c223e0e1fad69062a8f770955c9068d37b055204f310a0be18d4069fe380?s=96&d=mm&r=g\",\"caption\":\"Autor\"},\"sameAs\":[\"https:\/\/marketingmassivo.com.br\"],\"url\":\"https:\/\/fieam.org.br\/senai\/author\/admin\/\"}]}<\/script>\n<!-- \/ Yoast SEO plugin. -->","yoast_head_json":{"title":"Selecionados - AGOSTO - SENAI","robots":{"index":"index","follow":"follow","max-snippet":"max-snippet:-1","max-image-preview":"max-image-preview:large","max-video-preview":"max-video-preview:-1"},"canonical":"https:\/\/fieam.org.br\/senai\/selecionados-agosto-4\/","og_locale":"pt_BR","og_type":"article","og_title":"Selecionados - AGOSTO - SENAI","og_description":"&nbsp; &nbsp; &nbsp; &nbsp; ATEN\u00c7\u00c3O: Em breve divulgaremos aqui a lista dos selecionados. Acompanhe as publica\u00e7\u00f5es nas nossas redes sociais.","og_url":"https:\/\/fieam.org.br\/senai\/selecionados-agosto-4\/","og_site_name":"SENAI","article_published_time":"2023-04-24T15:13:47+00:00","og_image":[{"width":2062,"height":151,"url":"https:\/\/fieam.org.br\/senai\/wp-content\/uploads\/sites\/16\/2023\/04\/BARRA-ESDT.jpg","type":"image\/jpeg"}],"author":"Autor","twitter_card":"summary_large_image","twitter_misc":{"Escrito por":"Autor"},"schema":{"@context":"https:\/\/schema.org","@graph":[{"@type":"Article","@id":"https:\/\/fieam.org.br\/senai\/selecionados-agosto-4\/#article","isPartOf":{"@id":"https:\/\/fieam.org.br\/senai\/selecionados-agosto-4\/"},"author":{"name":"Autor","@id":"https:\/\/fieam.org.br\/senai\/#\/schema\/person\/c1ceda8321521b291cee22da0a7d34be"},"headline":"Selecionados &#8211; AGOSTO","datePublished":"2023-04-24T15:13:47+00:00","mainEntityOfPage":{"@id":"https:\/\/fieam.org.br\/senai\/selecionados-agosto-4\/"},"wordCount":25,"publisher":{"@id":"https:\/\/fieam.org.br\/senai\/#organization"},"image":{"@id":"https:\/\/fieam.org.br\/senai\/selecionados-agosto-4\/#primaryimage"},"thumbnailUrl":"http:\/\/www.fieam.org.br\/senai\/wp-content\/uploads\/sites\/3\/2023\/04\/BARRA-ESDT-1024x75.jpg","articleSection":["Publica\u00e7\u00f5es"],"inLanguage":"pt-BR"},{"@type":"WebPage","@id":"https:\/\/fieam.org.br\/senai\/selecionados-agosto-4\/","url":"https:\/\/fieam.org.br\/senai\/selecionados-agosto-4\/","name":"Selecionados - AGOSTO - SENAI","isPartOf":{"@id":"https:\/\/fieam.org.br\/senai\/#website"},"primaryImageOfPage":{"@id":"https:\/\/fieam.org.br\/senai\/selecionados-agosto-4\/#primaryimage"},"image":{"@id":"https:\/\/fieam.org.br\/senai\/selecionados-agosto-4\/#primaryimage"},"thumbnailUrl":"http:\/\/www.fieam.org.br\/senai\/wp-content\/uploads\/sites\/3\/2023\/04\/BARRA-ESDT-1024x75.jpg","datePublished":"2023-04-24T15:13:47+00:00","breadcrumb":{"@id":"https:\/\/fieam.org.br\/senai\/selecionados-agosto-4\/#breadcrumb"},"inLanguage":"pt-BR","potentialAction":[{"@type":"ReadAction","target":["https:\/\/fieam.org.br\/senai\/selecionados-agosto-4\/"]}]},{"@type":"ImageObject","inLanguage":"pt-BR","@id":"https:\/\/fieam.org.br\/senai\/selecionados-agosto-4\/#primaryimage","url":"http:\/\/www.fieam.org.br\/senai\/wp-content\/uploads\/sites\/3\/2023\/04\/BARRA-ESDT-1024x75.jpg","contentUrl":"http:\/\/www.fieam.org.br\/senai\/wp-content\/uploads\/sites\/3\/2023\/04\/BARRA-ESDT-1024x75.jpg"},{"@type":"BreadcrumbList","@id":"https:\/\/fieam.org.br\/senai\/selecionados-agosto-4\/#breadcrumb","itemListElement":[{"@type":"ListItem","position":1,"name":"In\u00edcio","item":"https:\/\/fieam.org.br\/senai\/"},{"@type":"ListItem","position":2,"name":"Selecionados &#8211; AGOSTO"}]},{"@type":"WebSite","@id":"https:\/\/fieam.org.br\/senai\/#website","url":"https:\/\/fieam.org.br\/senai\/","name":"SENAI","description":"Site Oficial!","publisher":{"@id":"https:\/\/fieam.org.br\/senai\/#organization"},"potentialAction":[{"@type":"SearchAction","target":{"@type":"EntryPoint","urlTemplate":"https:\/\/fieam.org.br\/senai\/?s={search_term_string}"},"query-input":{"@type":"PropertyValueSpecification","valueRequired":true,"valueName":"search_term_string"}}],"inLanguage":"pt-BR"},{"@type":"Organization","@id":"https:\/\/fieam.org.br\/senai\/#organization","name":"SENAI","url":"https:\/\/fieam.org.br\/senai\/","logo":{"@type":"ImageObject","inLanguage":"pt-BR","@id":"https:\/\/fieam.org.br\/senai\/#\/schema\/logo\/image\/","url":"https:\/\/fieam.org.br\/senai\/wp-content\/uploads\/sites\/16\/2024\/03\/cropped-fav.png","contentUrl":"https:\/\/fieam.org.br\/senai\/wp-content\/uploads\/sites\/16\/2024\/03\/cropped-fav.png","width":592,"height":577,"caption":"SENAI"},"image":{"@id":"https:\/\/fieam.org.br\/senai\/#\/schema\/logo\/image\/"}},{"@type":"Person","@id":"https:\/\/fieam.org.br\/senai\/#\/schema\/person\/c1ceda8321521b291cee22da0a7d34be","name":"Autor","image":{"@type":"ImageObject","inLanguage":"pt-BR","@id":"https:\/\/fieam.org.br\/senai\/#\/schema\/person\/image\/","url":"https:\/\/secure.gravatar.com\/avatar\/3732c223e0e1fad69062a8f770955c9068d37b055204f310a0be18d4069fe380?s=96&d=mm&r=g","contentUrl":"https:\/\/secure.gravatar.com\/avatar\/3732c223e0e1fad69062a8f770955c9068d37b055204f310a0be18d4069fe380?s=96&d=mm&r=g","caption":"Autor"},"sameAs":["https:\/\/marketingmassivo.com.br"],"url":"https:\/\/fieam.org.br\/senai\/author\/admin\/"}]}},"_links":{"self":[{"href":"https:\/\/fieam.org.br\/senai\/wp-json\/wp\/v2\/posts\/11959","targetHints":{"allow":["GET"]}}],"collection":[{"href":"https:\/\/fieam.org.br\/senai\/wp-json\/wp\/v2\/posts"}],"about":[{"href":"https:\/\/fieam.org.br\/senai\/wp-json\/wp\/v2\/types\/post"}],"author":[{"embeddable":true,"href":"https:\/\/fieam.org.br\/senai\/wp-json\/wp\/v2\/users\/1"}],"replies":[{"embeddable":true,"href":"https:\/\/fieam.org.br\/senai\/wp-json\/wp\/v2\/comments?post=11959"}],"version-history":[{"count":0,"href":"https:\/\/fieam.org.br\/senai\/wp-json\/wp\/v2\/posts\/11959\/revisions"}],"wp:attachment":[{"href":"https:\/\/fieam.org.br\/senai\/wp-json\/wp\/v2\/media?parent=11959"}],"wp:term":[{"taxonomy":"category","embeddable":true,"href":"https:\/\/fieam.org.br\/senai\/wp-json\/wp\/v2\/categories?post=11959"},{"taxonomy":"post_tag","embeddable":true,"href":"https:\/\/fieam.org.br\/senai\/wp-json\/wp\/v2\/tags?post=11959"}],"curies":[{"name":"wp","href":"https:\/\/api.w.org\/{rel}","templated":true}]}}