{"id":11770,"date":"2023-04-10T21:32:49","date_gmt":"2023-04-11T01:32:49","guid":{"rendered":"http:\/\/www.fieam.org.br\/senai\/?p=11770"},"modified":"2023-04-10T21:32:49","modified_gmt":"2023-04-11T01:32:49","slug":"11770-2","status":"publish","type":"post","link":"https:\/\/fieam.org.br\/senai\/11770-2\/","title":{"rendered":""},"content":{"rendered":"<p><a href=\"https:\/\/marketingmassivo.com.br\/senai\/wp-content\/uploads\/sites\/13\/2023\/04\/Banner_Edital-CP-_001_2023.jpg\"><img fetchpriority=\"high\" decoding=\"async\" class=\"aligncenter size-large wp-image-11741\" src=\"http:\/\/www.fieam.org.br\/senai\/wp-content\/uploads\/sites\/3\/2023\/04\/Banner_Edital-CP-_001_2023-1024x240.jpg\" alt=\"\" width=\"1024\" height=\"240\" srcset=\"https:\/\/fieam.org.br\/senai\/wp-content\/uploads\/sites\/16\/2023\/04\/Banner_Edital-CP-_001_2023-1024x240.jpg 1024w, https:\/\/fieam.org.br\/senai\/wp-content\/uploads\/sites\/16\/2023\/04\/Banner_Edital-CP-_001_2023-300x70.jpg 300w, https:\/\/fieam.org.br\/senai\/wp-content\/uploads\/sites\/16\/2023\/04\/Banner_Edital-CP-_001_2023-768x180.jpg 768w, https:\/\/fieam.org.br\/senai\/wp-content\/uploads\/sites\/16\/2023\/04\/Banner_Edital-CP-_001_2023-1536x361.jpg 1536w, https:\/\/fieam.org.br\/senai\/wp-content\/uploads\/sites\/16\/2023\/04\/Banner_Edital-CP-_001_2023-2048x481.jpg 2048w\" sizes=\"(max-width: 1024px) 100vw, 1024px\" \/><\/a><\/p>\n<p>&nbsp;<\/p>\n<h2>Chamada P\u00fablica n\u00ba 001\/2023<\/h2>\n<p>O SENAI \u2013 Servi\u00e7o Nacional de Aprendizagem Industrial \u2013 Departamento Regional do Amazonas torna p\u00fablico as inscri\u00e7\u00f5es para 4.060 vagas gratuitas em Cursos de Qualifica\u00e7\u00e3o Profissional e Aperfei\u00e7oamento Profissional que constam listados na Tabela I e que ser\u00e3o ofertadas no per\u00edodo de fevereiro a julho de 2023, nas Escolas SENAI, localizadas na cidade de Manaus.<\/p>\n<p>&nbsp;<\/p>\n<p><strong>Jos\u00e9 Nabir de Oliveira Ribeiro<\/strong><br \/>\n<em>Gerente de Educa\u00e7\u00e3o Profissional<\/em><br \/>\n<em>SENAI \u2013 Departamento Regional do Amazonas<\/em><\/p>\n<p>&nbsp;<\/p>\n<h3><a href=\"https:\/\/marketingmassivo.com.br\/senai\/wp-content\/uploads\/sites\/13\/2022\/12\/Chamada-Publica-GEP-01-2023-para-Cursos-Gratuitos-SENAI-na-Capital-Manaus.pdf\">Clique aqui e acesse o EDITAL da CHAMADA P\u00daBLICA SENAI \u2013\u00a0 n\u00ba 001\/2023<\/a><\/h3>\n<p>&nbsp;<\/p>\n<p><strong>ATEN\u00c7\u00c3O:<\/strong><br \/>\nInformamos a todos os\u00a0<strong>INSCRITOS<\/strong>\u00a0que as Escolas do SENAI far\u00e3o contato para efetiva\u00e7\u00e3o das matr\u00edculas atrav\u00e9s dos telefones e e-mail informados no ato da inscri\u00e7\u00e3o.<\/p>\n<p>&nbsp;<\/p>\n<p><a class=\"http:\/\/www.fieam.org.br\/senai\/2023\/04\/10\/11773\/\" href=\"http:\/\/www.fieam.org.br\/senai\/2023\/04\/10\/11773\/\" target=\"_blank\" rel=\"http:\/\/www.fieam.org.br\/senai\/2023\/04\/10\/11773\/ noopener noreferrer\"><img decoding=\"async\" class=\"alignleft wp-image-11256 size-full\" src=\"https:\/\/marketingmassivo.com.br\/senai\/wp-content\/uploads\/sites\/13\/2022\/12\/bt2023_-fevereiro-1.jpg\" alt=\"\" width=\"622\" height=\"124\" srcset=\"https:\/\/fieam.org.br\/senai\/wp-content\/uploads\/sites\/16\/2022\/12\/bt2023_-fevereiro-1.jpg 622w, https:\/\/fieam.org.br\/senai\/wp-content\/uploads\/sites\/16\/2022\/12\/bt2023_-fevereiro-1-300x60.jpg 300w\" sizes=\"(max-width: 622px) 100vw, 622px\" \/><\/a><\/p>\n<p><a class=\"http:\/\/www.fieam.org.br\/senai\/2023\/04\/10\/11776\/\" href=\"http:\/\/www.fieam.org.br\/senai\/2023\/04\/10\/11776\/\" target=\"_blank\" rel=\"http:\/\/www.fieam.org.br\/senai\/2023\/04\/10\/11776\/ noopener noreferrer\"><img decoding=\"async\" class=\"alignleft wp-image-11383 size-full\" src=\"https:\/\/marketingmassivo.com.br\/senai\/wp-content\/uploads\/sites\/13\/2022\/12\/bt2023_-marco.jpg\" alt=\"\" width=\"622\" height=\"124\" srcset=\"https:\/\/fieam.org.br\/senai\/wp-content\/uploads\/sites\/16\/2022\/12\/bt2023_-marco.jpg 622w, https:\/\/fieam.org.br\/senai\/wp-content\/uploads\/sites\/16\/2022\/12\/bt2023_-marco-300x60.jpg 300w\" sizes=\"(max-width: 622px) 100vw, 622px\" \/><\/a><\/p>\n<p><a class=\"http:\/\/www.fieam.org.br\/senai\/2023\/04\/10\/11780\/\" href=\"http:\/\/www.fieam.org.br\/senai\/2023\/04\/10\/11780\/\" target=\"_blank\" rel=\"http:\/\/www.fieam.org.br\/senai\/2023\/04\/10\/11780\/ noopener noreferrer\"><img loading=\"lazy\" decoding=\"async\" class=\"alignleft wp-image-11384 size-full\" src=\"https:\/\/marketingmassivo.com.br\/senai\/wp-content\/uploads\/sites\/13\/2022\/12\/bt2023_-abril.jpg\" alt=\"\" width=\"622\" height=\"124\" srcset=\"https:\/\/fieam.org.br\/senai\/wp-content\/uploads\/sites\/16\/2022\/12\/bt2023_-abril.jpg 622w, https:\/\/fieam.org.br\/senai\/wp-content\/uploads\/sites\/16\/2022\/12\/bt2023_-abril-300x60.jpg 300w\" sizes=\"(max-width: 622px) 100vw, 622px\" \/><\/a><\/p>\n","protected":false},"excerpt":{"rendered":"<p>&nbsp; Chamada P\u00fablica n\u00ba 001\/2023 O SENAI \u2013 Servi\u00e7o Nacional de Aprendizagem Industrial \u2013 Departamento Regional do Amazonas torna p\u00fablico as inscri\u00e7\u00f5es para 4.060 vagas gratuitas em Cursos de Qualifica\u00e7\u00e3o Profissional e Aperfei\u00e7oamento Profissional que constam listados na Tabela I e que ser\u00e3o ofertadas no per\u00edodo de fevereiro a julho de 2023, nas Escolas SENAI, [&hellip;]<\/p>\n","protected":false},"author":1,"featured_media":0,"comment_status":"closed","ping_status":"open","sticky":false,"template":"","format":"standard","meta":{"footnotes":""},"categories":[23],"tags":[],"class_list":["post-11770","post","type-post","status-publish","format-standard","hentry","category-publicacoes"],"yoast_head":"<!-- This site is optimized with the Yoast SEO plugin v26.8 - https:\/\/yoast.com\/product\/yoast-seo-wordpress\/ -->\n<title>- SENAI<\/title>\n<meta name=\"robots\" content=\"index, follow, max-snippet:-1, max-image-preview:large, max-video-preview:-1\" \/>\n<link rel=\"canonical\" href=\"https:\/\/fieam.org.br\/senai\/11770-2\/\" \/>\n<meta property=\"og:locale\" content=\"pt_BR\" \/>\n<meta property=\"og:type\" content=\"article\" \/>\n<meta property=\"og:title\" content=\"- SENAI\" \/>\n<meta property=\"og:description\" content=\"&nbsp; Chamada P\u00fablica n\u00ba 001\/2023 O SENAI \u2013 Servi\u00e7o Nacional de Aprendizagem Industrial \u2013 Departamento Regional do Amazonas torna p\u00fablico as inscri\u00e7\u00f5es para 4.060 vagas gratuitas em Cursos de Qualifica\u00e7\u00e3o Profissional e Aperfei\u00e7oamento Profissional que constam listados na Tabela I e que ser\u00e3o ofertadas no per\u00edodo de fevereiro a julho de 2023, nas Escolas SENAI, [&hellip;]\" \/>\n<meta property=\"og:url\" content=\"https:\/\/fieam.org.br\/senai\/11770-2\/\" \/>\n<meta property=\"og:site_name\" content=\"SENAI\" \/>\n<meta property=\"article:published_time\" content=\"2023-04-11T01:32:49+00:00\" \/>\n<meta property=\"og:image\" content=\"https:\/\/fieam.org.br\/senai\/wp-content\/uploads\/sites\/16\/2023\/04\/Banner_Edital-CP-_001_2023.jpg\" \/>\n\t<meta property=\"og:image:width\" content=\"2062\" \/>\n\t<meta property=\"og:image:height\" content=\"484\" \/>\n\t<meta property=\"og:image:type\" content=\"image\/jpeg\" \/>\n<meta name=\"author\" content=\"Autor\" \/>\n<meta name=\"twitter:card\" content=\"summary_large_image\" \/>\n<meta name=\"twitter:label1\" content=\"Escrito por\" \/>\n\t<meta name=\"twitter:data1\" content=\"Autor\" \/>\n\t<meta name=\"twitter:label2\" content=\"Est. tempo de leitura\" \/>\n\t<meta name=\"twitter:data2\" content=\"1 minuto\" \/>\n<script type=\"application\/ld+json\" class=\"yoast-schema-graph\">{\"@context\":\"https:\/\/schema.org\",\"@graph\":[{\"@type\":\"Article\",\"@id\":\"https:\/\/fieam.org.br\/senai\/11770-2\/#article\",\"isPartOf\":{\"@id\":\"https:\/\/fieam.org.br\/senai\/11770-2\/\"},\"author\":{\"name\":\"Autor\",\"@id\":\"https:\/\/fieam.org.br\/senai\/#\/schema\/person\/c1ceda8321521b291cee22da0a7d34be\"},\"headline\":\"Sem t\u00edtulo\",\"datePublished\":\"2023-04-11T01:32:49+00:00\",\"mainEntityOfPage\":{\"@id\":\"https:\/\/fieam.org.br\/senai\/11770-2\/\"},\"wordCount\":127,\"publisher\":{\"@id\":\"https:\/\/fieam.org.br\/senai\/#organization\"},\"image\":{\"@id\":\"https:\/\/fieam.org.br\/senai\/11770-2\/#primaryimage\"},\"thumbnailUrl\":\"http:\/\/www.fieam.org.br\/senai\/wp-content\/uploads\/sites\/3\/2023\/04\/Banner_Edital-CP-_001_2023-1024x240.jpg\",\"articleSection\":[\"Publica\u00e7\u00f5es\"],\"inLanguage\":\"pt-BR\"},{\"@type\":\"WebPage\",\"@id\":\"https:\/\/fieam.org.br\/senai\/11770-2\/\",\"url\":\"https:\/\/fieam.org.br\/senai\/11770-2\/\",\"name\":\"- SENAI\",\"isPartOf\":{\"@id\":\"https:\/\/fieam.org.br\/senai\/#website\"},\"primaryImageOfPage\":{\"@id\":\"https:\/\/fieam.org.br\/senai\/11770-2\/#primaryimage\"},\"image\":{\"@id\":\"https:\/\/fieam.org.br\/senai\/11770-2\/#primaryimage\"},\"thumbnailUrl\":\"http:\/\/www.fieam.org.br\/senai\/wp-content\/uploads\/sites\/3\/2023\/04\/Banner_Edital-CP-_001_2023-1024x240.jpg\",\"datePublished\":\"2023-04-11T01:32:49+00:00\",\"inLanguage\":\"pt-BR\",\"potentialAction\":[{\"@type\":\"ReadAction\",\"target\":[\"https:\/\/fieam.org.br\/senai\/11770-2\/\"]}]},{\"@type\":\"ImageObject\",\"inLanguage\":\"pt-BR\",\"@id\":\"https:\/\/fieam.org.br\/senai\/11770-2\/#primaryimage\",\"url\":\"http:\/\/www.fieam.org.br\/senai\/wp-content\/uploads\/sites\/3\/2023\/04\/Banner_Edital-CP-_001_2023-1024x240.jpg\",\"contentUrl\":\"http:\/\/www.fieam.org.br\/senai\/wp-content\/uploads\/sites\/3\/2023\/04\/Banner_Edital-CP-_001_2023-1024x240.jpg\"},{\"@type\":\"WebSite\",\"@id\":\"https:\/\/fieam.org.br\/senai\/#website\",\"url\":\"https:\/\/fieam.org.br\/senai\/\",\"name\":\"SENAI\",\"description\":\"Site Oficial!\",\"publisher\":{\"@id\":\"https:\/\/fieam.org.br\/senai\/#organization\"},\"potentialAction\":[{\"@type\":\"SearchAction\",\"target\":{\"@type\":\"EntryPoint\",\"urlTemplate\":\"https:\/\/fieam.org.br\/senai\/?s={search_term_string}\"},\"query-input\":{\"@type\":\"PropertyValueSpecification\",\"valueRequired\":true,\"valueName\":\"search_term_string\"}}],\"inLanguage\":\"pt-BR\"},{\"@type\":\"Organization\",\"@id\":\"https:\/\/fieam.org.br\/senai\/#organization\",\"name\":\"SENAI\",\"url\":\"https:\/\/fieam.org.br\/senai\/\",\"logo\":{\"@type\":\"ImageObject\",\"inLanguage\":\"pt-BR\",\"@id\":\"https:\/\/fieam.org.br\/senai\/#\/schema\/logo\/image\/\",\"url\":\"https:\/\/fieam.org.br\/senai\/wp-content\/uploads\/sites\/16\/2024\/03\/cropped-fav.png\",\"contentUrl\":\"https:\/\/fieam.org.br\/senai\/wp-content\/uploads\/sites\/16\/2024\/03\/cropped-fav.png\",\"width\":592,\"height\":577,\"caption\":\"SENAI\"},\"image\":{\"@id\":\"https:\/\/fieam.org.br\/senai\/#\/schema\/logo\/image\/\"}},{\"@type\":\"Person\",\"@id\":\"https:\/\/fieam.org.br\/senai\/#\/schema\/person\/c1ceda8321521b291cee22da0a7d34be\",\"name\":\"Autor\",\"image\":{\"@type\":\"ImageObject\",\"inLanguage\":\"pt-BR\",\"@id\":\"https:\/\/fieam.org.br\/senai\/#\/schema\/person\/image\/\",\"url\":\"https:\/\/secure.gravatar.com\/avatar\/3732c223e0e1fad69062a8f770955c9068d37b055204f310a0be18d4069fe380?s=96&d=mm&r=g\",\"contentUrl\":\"https:\/\/secure.gravatar.com\/avatar\/3732c223e0e1fad69062a8f770955c9068d37b055204f310a0be18d4069fe380?s=96&d=mm&r=g\",\"caption\":\"Autor\"},\"sameAs\":[\"https:\/\/marketingmassivo.com.br\"],\"url\":\"https:\/\/fieam.org.br\/senai\/author\/admin\/\"}]}<\/script>\n<!-- \/ Yoast SEO plugin. -->","yoast_head_json":{"title":"- SENAI","robots":{"index":"index","follow":"follow","max-snippet":"max-snippet:-1","max-image-preview":"max-image-preview:large","max-video-preview":"max-video-preview:-1"},"canonical":"https:\/\/fieam.org.br\/senai\/11770-2\/","og_locale":"pt_BR","og_type":"article","og_title":"- SENAI","og_description":"&nbsp; Chamada P\u00fablica n\u00ba 001\/2023 O SENAI \u2013 Servi\u00e7o Nacional de Aprendizagem Industrial \u2013 Departamento Regional do Amazonas torna p\u00fablico as inscri\u00e7\u00f5es para 4.060 vagas gratuitas em Cursos de Qualifica\u00e7\u00e3o Profissional e Aperfei\u00e7oamento Profissional que constam listados na Tabela I e que ser\u00e3o ofertadas no per\u00edodo de fevereiro a julho de 2023, nas Escolas SENAI, [&hellip;]","og_url":"https:\/\/fieam.org.br\/senai\/11770-2\/","og_site_name":"SENAI","article_published_time":"2023-04-11T01:32:49+00:00","og_image":[{"width":2062,"height":484,"url":"https:\/\/fieam.org.br\/senai\/wp-content\/uploads\/sites\/16\/2023\/04\/Banner_Edital-CP-_001_2023.jpg","type":"image\/jpeg"}],"author":"Autor","twitter_card":"summary_large_image","twitter_misc":{"Escrito por":"Autor","Est. tempo de leitura":"1 minuto"},"schema":{"@context":"https:\/\/schema.org","@graph":[{"@type":"Article","@id":"https:\/\/fieam.org.br\/senai\/11770-2\/#article","isPartOf":{"@id":"https:\/\/fieam.org.br\/senai\/11770-2\/"},"author":{"name":"Autor","@id":"https:\/\/fieam.org.br\/senai\/#\/schema\/person\/c1ceda8321521b291cee22da0a7d34be"},"headline":"Sem t\u00edtulo","datePublished":"2023-04-11T01:32:49+00:00","mainEntityOfPage":{"@id":"https:\/\/fieam.org.br\/senai\/11770-2\/"},"wordCount":127,"publisher":{"@id":"https:\/\/fieam.org.br\/senai\/#organization"},"image":{"@id":"https:\/\/fieam.org.br\/senai\/11770-2\/#primaryimage"},"thumbnailUrl":"http:\/\/www.fieam.org.br\/senai\/wp-content\/uploads\/sites\/3\/2023\/04\/Banner_Edital-CP-_001_2023-1024x240.jpg","articleSection":["Publica\u00e7\u00f5es"],"inLanguage":"pt-BR"},{"@type":"WebPage","@id":"https:\/\/fieam.org.br\/senai\/11770-2\/","url":"https:\/\/fieam.org.br\/senai\/11770-2\/","name":"- SENAI","isPartOf":{"@id":"https:\/\/fieam.org.br\/senai\/#website"},"primaryImageOfPage":{"@id":"https:\/\/fieam.org.br\/senai\/11770-2\/#primaryimage"},"image":{"@id":"https:\/\/fieam.org.br\/senai\/11770-2\/#primaryimage"},"thumbnailUrl":"http:\/\/www.fieam.org.br\/senai\/wp-content\/uploads\/sites\/3\/2023\/04\/Banner_Edital-CP-_001_2023-1024x240.jpg","datePublished":"2023-04-11T01:32:49+00:00","inLanguage":"pt-BR","potentialAction":[{"@type":"ReadAction","target":["https:\/\/fieam.org.br\/senai\/11770-2\/"]}]},{"@type":"ImageObject","inLanguage":"pt-BR","@id":"https:\/\/fieam.org.br\/senai\/11770-2\/#primaryimage","url":"http:\/\/www.fieam.org.br\/senai\/wp-content\/uploads\/sites\/3\/2023\/04\/Banner_Edital-CP-_001_2023-1024x240.jpg","contentUrl":"http:\/\/www.fieam.org.br\/senai\/wp-content\/uploads\/sites\/3\/2023\/04\/Banner_Edital-CP-_001_2023-1024x240.jpg"},{"@type":"WebSite","@id":"https:\/\/fieam.org.br\/senai\/#website","url":"https:\/\/fieam.org.br\/senai\/","name":"SENAI","description":"Site Oficial!","publisher":{"@id":"https:\/\/fieam.org.br\/senai\/#organization"},"potentialAction":[{"@type":"SearchAction","target":{"@type":"EntryPoint","urlTemplate":"https:\/\/fieam.org.br\/senai\/?s={search_term_string}"},"query-input":{"@type":"PropertyValueSpecification","valueRequired":true,"valueName":"search_term_string"}}],"inLanguage":"pt-BR"},{"@type":"Organization","@id":"https:\/\/fieam.org.br\/senai\/#organization","name":"SENAI","url":"https:\/\/fieam.org.br\/senai\/","logo":{"@type":"ImageObject","inLanguage":"pt-BR","@id":"https:\/\/fieam.org.br\/senai\/#\/schema\/logo\/image\/","url":"https:\/\/fieam.org.br\/senai\/wp-content\/uploads\/sites\/16\/2024\/03\/cropped-fav.png","contentUrl":"https:\/\/fieam.org.br\/senai\/wp-content\/uploads\/sites\/16\/2024\/03\/cropped-fav.png","width":592,"height":577,"caption":"SENAI"},"image":{"@id":"https:\/\/fieam.org.br\/senai\/#\/schema\/logo\/image\/"}},{"@type":"Person","@id":"https:\/\/fieam.org.br\/senai\/#\/schema\/person\/c1ceda8321521b291cee22da0a7d34be","name":"Autor","image":{"@type":"ImageObject","inLanguage":"pt-BR","@id":"https:\/\/fieam.org.br\/senai\/#\/schema\/person\/image\/","url":"https:\/\/secure.gravatar.com\/avatar\/3732c223e0e1fad69062a8f770955c9068d37b055204f310a0be18d4069fe380?s=96&d=mm&r=g","contentUrl":"https:\/\/secure.gravatar.com\/avatar\/3732c223e0e1fad69062a8f770955c9068d37b055204f310a0be18d4069fe380?s=96&d=mm&r=g","caption":"Autor"},"sameAs":["https:\/\/marketingmassivo.com.br"],"url":"https:\/\/fieam.org.br\/senai\/author\/admin\/"}]}},"_links":{"self":[{"href":"https:\/\/fieam.org.br\/senai\/wp-json\/wp\/v2\/posts\/11770","targetHints":{"allow":["GET"]}}],"collection":[{"href":"https:\/\/fieam.org.br\/senai\/wp-json\/wp\/v2\/posts"}],"about":[{"href":"https:\/\/fieam.org.br\/senai\/wp-json\/wp\/v2\/types\/post"}],"author":[{"embeddable":true,"href":"https:\/\/fieam.org.br\/senai\/wp-json\/wp\/v2\/users\/1"}],"replies":[{"embeddable":true,"href":"https:\/\/fieam.org.br\/senai\/wp-json\/wp\/v2\/comments?post=11770"}],"version-history":[{"count":0,"href":"https:\/\/fieam.org.br\/senai\/wp-json\/wp\/v2\/posts\/11770\/revisions"}],"wp:attachment":[{"href":"https:\/\/fieam.org.br\/senai\/wp-json\/wp\/v2\/media?parent=11770"}],"wp:term":[{"taxonomy":"category","embeddable":true,"href":"https:\/\/fieam.org.br\/senai\/wp-json\/wp\/v2\/categories?post=11770"},{"taxonomy":"post_tag","embeddable":true,"href":"https:\/\/fieam.org.br\/senai\/wp-json\/wp\/v2\/tags?post=11770"}],"curies":[{"name":"wp","href":"https:\/\/api.w.org\/{rel}","templated":true}]}}