{"id":11670,"date":"2023-03-15T15:00:18","date_gmt":"2023-03-15T19:00:18","guid":{"rendered":"http:\/\/www.fieam.org.br\/senai\/?p=11670"},"modified":"2023-03-15T15:00:18","modified_gmt":"2023-03-15T19:00:18","slug":"senai-qualifica-aprendizes-para-o-mercado-de-trabalho","status":"publish","type":"post","link":"https:\/\/fieam.org.br\/senai\/senai-qualifica-aprendizes-para-o-mercado-de-trabalho\/","title":{"rendered":"SENAI qualifica aprendizes para o mercado de trabalho"},"content":{"rendered":"<p><a href=\"https:\/\/marketingmassivo.com.br\/senai\/wp-content\/uploads\/sites\/13\/2023\/03\/Aprendizes-do-curso-de-assistende-de-logistica-prontos-para-atuarem-nas-empresas-1.jpg\"><img fetchpriority=\"high\" decoding=\"async\" class=\"alignnone size-large wp-image-11672\" src=\"http:\/\/www.fieam.org.br\/senai\/wp-content\/uploads\/sites\/3\/2023\/03\/Aprendizes-do-curso-de-assistende-de-logistica-prontos-para-atuarem-nas-empresas-1-1024x683.jpg\" alt=\"\" width=\"1024\" height=\"683\" srcset=\"https:\/\/fieam.org.br\/senai\/wp-content\/uploads\/sites\/16\/2023\/03\/Aprendizes-do-curso-de-assistende-de-logistica-prontos-para-atuarem-nas-empresas-1-1024x683.jpg 1024w, https:\/\/fieam.org.br\/senai\/wp-content\/uploads\/sites\/16\/2023\/03\/Aprendizes-do-curso-de-assistende-de-logistica-prontos-para-atuarem-nas-empresas-1-300x200.jpg 300w, https:\/\/fieam.org.br\/senai\/wp-content\/uploads\/sites\/16\/2023\/03\/Aprendizes-do-curso-de-assistende-de-logistica-prontos-para-atuarem-nas-empresas-1-768x512.jpg 768w, https:\/\/fieam.org.br\/senai\/wp-content\/uploads\/sites\/16\/2023\/03\/Aprendizes-do-curso-de-assistende-de-logistica-prontos-para-atuarem-nas-empresas-1.jpg 1500w\" sizes=\"(max-width: 1024px) 100vw, 1024px\" \/><\/a><\/p>\n<p>Dezesseis aprendizes do Curso de Assistente de Log\u00edstica do Servi\u00e7o Nacional de Aprendizagem Industrial (SENAI Amazonas), da Escola SENAI Waldemiro Lustoza, apresentaram ontem, 14, o projeto final sobre \u201cOpera\u00e7\u00f5es de Transporte Modais\u201d, como parte da grade te\u00f3rica do curso de carga hor\u00e1ria de 1.600 horas, incluindo a parte pr\u00e1tica, executada nas empresas do Polo Industrial de Manaus (PIM), em parceria com a institui\u00e7\u00e3o.<\/p>\n<p><a href=\"https:\/\/marketingmassivo.com.br\/senai\/wp-content\/uploads\/sites\/13\/2023\/03\/Diretora-da-empresa-I-Sheng-acompanha-de-perto-os-aprendizes-de-logistica.jpg\"><img decoding=\"async\" class=\" wp-image-11673 alignleft\" src=\"http:\/\/www.fieam.org.br\/senai\/wp-content\/uploads\/sites\/3\/2023\/03\/Diretora-da-empresa-I-Sheng-acompanha-de-perto-os-aprendizes-de-logistica-1024x683.jpg\" alt=\"\" width=\"632\" height=\"421\" srcset=\"https:\/\/fieam.org.br\/senai\/wp-content\/uploads\/sites\/16\/2023\/03\/Diretora-da-empresa-I-Sheng-acompanha-de-perto-os-aprendizes-de-logistica-1024x683.jpg 1024w, https:\/\/fieam.org.br\/senai\/wp-content\/uploads\/sites\/16\/2023\/03\/Diretora-da-empresa-I-Sheng-acompanha-de-perto-os-aprendizes-de-logistica-300x200.jpg 300w, https:\/\/fieam.org.br\/senai\/wp-content\/uploads\/sites\/16\/2023\/03\/Diretora-da-empresa-I-Sheng-acompanha-de-perto-os-aprendizes-de-logistica-768x512.jpg 768w, https:\/\/fieam.org.br\/senai\/wp-content\/uploads\/sites\/16\/2023\/03\/Diretora-da-empresa-I-Sheng-acompanha-de-perto-os-aprendizes-de-logistica.jpg 1500w\" sizes=\"(max-width: 632px) 100vw, 632px\" \/><\/a>Com o intuito de conhecer ainda mais a estrutura do SENAI e os conhecimentos repassados aos aprendizes, a diretora de manufatura da empresa I-Sheng, Amanda Frota, participou da apresenta\u00e7\u00e3o dos alunos e se surpreendeu com o resultado. A representante de uma das mantenedoras destacou a import\u00e2ncia da intera\u00e7\u00e3o entre empresa e institui\u00e7\u00e3o, pois assim os jovens podem se profissionalizar melhor para se tornarem futuros colaboradores.<\/p>\n<p>\u201cA expectativa da empresa \u00e9 a melhor de todas, a gente veio aqui conhecer e prestigiar esse belo trabalho apresentado pela turma, que vai iniciar o processo produtivo na empresa\u201d, disse. De acordo com a diretora, a empresa pretende ter o melhor aproveitamento com a experi\u00eancia. \u201cPodemos observar que est\u00e3o bem qualificados e, a gente quer realmente agregar valor para a nossa empresa, assim como para o mercado, colaborando tamb\u00e9m com o social, capacitando pessoas que precisam de uma aprendizagem pr\u00e1tica e te\u00f3rica necess\u00e1ria ao mercado de trabalho\u201d, afirmou a diretora.<\/p>\n<p>Para o aprendiz da empresa I-Sheng, Igor Eduardo de Souza, 18, o trabalho foi uma oportunidade para conhecer os funcionamentos dos modais e todo o trabalho de log\u00edstica realizado. Igor destacou o modal ferrovi\u00e1rio, essencial para levar os produtos at\u00e9 os portos. \u201cEspero que na empresa eu possa aprender ainda mais a desempenhar a minha fun\u00e7\u00e3o, com o maior n\u00edvel de qualidade que eu consiga entregar. Estou disposto a aprender e me adaptar ao que for imposto pela empresa\u201d, disse o aprendiz.<\/p>\n<p>A aprendiz Loren C\u00e1ssia Fran\u00e7a, 19, declarou que aprendeu muito com o curso, pois \u00e9 uma \u00e1rea muito abrangente, complicada em alguns sentidos, pois tem que \u2018bater\u2019 muito a cabe\u00e7a com n\u00fameros, mas \u00e9 v\u00e1lido para atuar no mercado de trabalho. \u201cDentro do SENAI se aprende muita teoria, mas tamb\u00e9m se pratica demais. Fiz uma visita na empresa que irei trabalhar e pude perceber que tudo o que aprendi no SENAI na teoria \u00e9 o que irei fazer na pr\u00e1tica, ent\u00e3o assim que eu chegar l\u00e1, j\u00e1 vou ter uma no\u00e7\u00e3o do que e como fazer, e assim absorver ainda mais aprendizado na empresa\u201d, frisa a aprendiz Fran\u00e7a.<\/p>\n<p>Fran\u00e7a foi escolhida para atuar como gerente do projeto realizado e disse ter aprendido, entre outras coisas, a lidar com pessoas, assim como proceder nos recebimentos de mercadoria, controle de entrada e sa\u00edda de produtos do setor de almoxarifado entre outras \u00e1reas de atua\u00e7\u00e3o que o curso de log\u00edstica proporciona.<\/p>\n<p>O SENAI desde 2019 j\u00e1 formou 145 aprendizes com o curso de Assistente de Log\u00edstica e pretende formar ainda muito mais profissionais qualificados para atender as necessidades do mercado, segundo o coordenador da Escola SENAI Waldemiro Lustoza, Jos\u00e9 Alan Moreira.<\/p>\n<p>De acordo com o Jos\u00e9 Alan, os cursos est\u00e3o passando por atualiza\u00e7\u00f5es para se adequarem \u00e0s necessidades das ind\u00fastrias e disse que \u00e9 importante a presen\u00e7a dos representantes das empresas no SENAI, para acompanhar de perto o desempenho dos alunos.<\/p>\n<p>Como empresas que formam aprendizes no SENAI, temos a Flex Ind\u00fastria de Fios e Cabos El\u00e9tricos Ltda, Empresa Amazonense de Pl\u00e1sticos Ltda, Sodecia Automotive Manaus Ltda, I Sheng Brasil Industrial Ltda e Polimix Concreto Ltda.<\/p>\n<p>&nbsp;<\/p>\n<p><strong>Log\u00edstica e mercado de trabalho<\/strong><\/p>\n<p>Profissionais da \u00e1rea de log\u00edstica chegam a receber remunera\u00e7\u00e3o de at\u00e9 R$ 8 mil reais, dependendo do n\u00edvel de forma\u00e7\u00e3o e experi\u00eancia, segundo o instrutor Silvinho Cruz. O instrutor explica que o profissional de log\u00edstica gerencia os processos de transporte e armazenamento de produtos. Suas fun\u00e7\u00f5es v\u00e3o desde identificar fornecedores, acompanhar processos de compra, at\u00e9 estabelecer formas de entrega e quais meios de transporte ser\u00e3o utilizados.<\/p>\n<p>Segundo Silvinho, o mercado de trabalho recebe muito bem os alunos que realizam o curso de log\u00edstica do SENAI. \u201cSempre que enviamos para as empresas um aluno com forma\u00e7\u00e3o do SENAI, j\u00e1 \u00e9 um diferencial nas organiza\u00e7\u00f5es. Geralmente nossos alunos de log\u00edstica se destacam, pois durante o per\u00edodo de aprendizagem acabam realizando um intensivo de conhecimento te\u00f3rico e b\u00e1sico das opera\u00e7\u00f5es. Isto resulta em um jovem que tem no\u00e7\u00f5es e ideias de como desenvolver as atividades no dia a dia\u201d, frisou ele.<\/p>\n<p>&nbsp;<\/p>\n<p><strong>Mercado de log\u00edstica no Brasil<\/strong><\/p>\n<p><a href=\"https:\/\/marketingmassivo.com.br\/senai\/wp-content\/uploads\/sites\/13\/2023\/03\/Transporte-modal-como-tema-de-projeto.jpg\"><img decoding=\"async\" class=\" wp-image-11674 alignleft\" src=\"http:\/\/www.fieam.org.br\/senai\/wp-content\/uploads\/sites\/3\/2023\/03\/Transporte-modal-como-tema-de-projeto-683x1024.jpg\" alt=\"\" width=\"546\" height=\"818\" srcset=\"https:\/\/fieam.org.br\/senai\/wp-content\/uploads\/sites\/16\/2023\/03\/Transporte-modal-como-tema-de-projeto-683x1024.jpg 683w, https:\/\/fieam.org.br\/senai\/wp-content\/uploads\/sites\/16\/2023\/03\/Transporte-modal-como-tema-de-projeto-200x300.jpg 200w, https:\/\/fieam.org.br\/senai\/wp-content\/uploads\/sites\/16\/2023\/03\/Transporte-modal-como-tema-de-projeto-768x1152.jpg 768w, https:\/\/fieam.org.br\/senai\/wp-content\/uploads\/sites\/16\/2023\/03\/Transporte-modal-como-tema-de-projeto-1024x1536.jpg 1024w, https:\/\/fieam.org.br\/senai\/wp-content\/uploads\/sites\/16\/2023\/03\/Transporte-modal-como-tema-de-projeto-1365x2048.jpg 1365w, https:\/\/fieam.org.br\/senai\/wp-content\/uploads\/sites\/16\/2023\/03\/Transporte-modal-como-tema-de-projeto.jpg 1500w\" sizes=\"(max-width: 546px) 100vw, 546px\" \/><\/a>O mercado de log\u00edstica no Brasil tem sido bastante ativo nos \u00faltimos anos, impulsionado pelo crescimento do com\u00e9rcio eletr\u00f4nico e pela necessidade de melhorias na infraestrutura de transporte no pa\u00eds. Al\u00e9m disso, a pandemia de COVID-19 aumentou ainda mais a demanda por servi\u00e7os de log\u00edstica, com a necessidade de entregas r\u00e1pidas e seguras de produtos em todo o pa\u00eds.<\/p>\n<p>Entre as tend\u00eancias do mercado de log\u00edstica no Brasil, destacam-se a automa\u00e7\u00e3o de processos log\u00edsticos, a utiliza\u00e7\u00e3o de tecnologias como IoT e blockchain para melhorar a rastreabilidade e transpar\u00eancia das opera\u00e7\u00f5es, e a ado\u00e7\u00e3o de pr\u00e1ticas mais sustent\u00e1veis, como o uso de ve\u00edculos el\u00e9tricos e energias renov\u00e1veis.<\/p>\n<p>No entanto, o mercado de log\u00edstica no Brasil ainda enfrenta desafios significativos, como a infraestrutura de transporte insuficiente e a falta de investimentos em tecnologia e inova\u00e7\u00e3o. Al\u00e9m disso, a alta carga tribut\u00e1ria e a complexidade da legisla\u00e7\u00e3o tamb\u00e9m podem dificultar o desenvolvimento do setor.<\/p>\n<p>&nbsp;<\/p>\n<p><strong>SENAI capacita novos profissionais em v\u00e1rias \u00e1reas<\/strong><\/p>\n<p>Al\u00e9m do curso de log\u00edstica, o SENAI est\u00e1 ministrando os cursos de Mec\u00e2nico de m\u00e1quinas industriais, Ferramenteiro de dispositivo, Soldador, Mec\u00e2nico de usinagem, Desenho t\u00e9cnico mec\u00e2nico, Operador de injetora pl\u00e1stica, Programador e operador de torno a CNC e Assistente de log\u00edstica. As aulas pr\u00e1ticas ocorrem nas empresas mantenedoras dos cursos de aprendizagem industrial do Polo Industrial de Manaus (PIM).<\/p>\n<p><strong>\u00a0<\/strong><\/p>\n<p><strong>Como contratar um aprendiz<\/strong><\/p>\n<p>Empresas contribuintes do Sistema S, que desejam contratar aprendizes para o seu quadro de funcion\u00e1rios, arcam apenas com os custos trabalhistas e previdenci\u00e1rios do contrato de aprendizagem, ficando a cargo do SENAI as despesas relacionadas aos cursos.<\/p>\n<p>Os cursos de aprendizagem do SENAI Amazonas funcionam com 50% de aulas te\u00f3ricas em sua sede e 50% de aulas pr\u00e1ticas nas empresas contratantes do aprendiz.<\/p>\n<p>Os jovens aprendizes est\u00e3o sujeitos \u00e0s normas internas das escolas SENAI e, ao iniciarem o curso, todos recebem material did\u00e1tico adequado para acompanhamento te\u00f3rico.<\/p>\n<p>As empresas n\u00e3o contribuintes devem entrar em contato com o Contact Center para mais informa\u00e7\u00f5es, por meio dos n\u00fameros (92) 3182-9925 ou pelo e-mail <a href=\"mailto:contactcenter@fieam.org.br\">contactcenter@fieam.org.br<\/a>.<\/p>\n","protected":false},"excerpt":{"rendered":"<p>Dezesseis aprendizes do Curso de Assistente de Log\u00edstica do Servi\u00e7o Nacional de Aprendizagem Industrial (SENAI Amazonas), da Escola SENAI Waldemiro Lustoza, apresentaram ontem, 14, o projeto final sobre \u201cOpera\u00e7\u00f5es de Transporte Modais\u201d, como parte da grade te\u00f3rica do curso de carga hor\u00e1ria de 1.600 horas, incluindo a parte pr\u00e1tica, executada nas empresas do Polo Industrial [&hellip;]<\/p>\n","protected":false},"author":1,"featured_media":11671,"comment_status":"closed","ping_status":"open","sticky":false,"template":"","format":"standard","meta":{"footnotes":""},"categories":[20,22],"tags":[],"class_list":["post-11670","post","type-post","status-publish","format-standard","has-post-thumbnail","hentry","category-banner-destaque","category-news_destaque"],"yoast_head":"<!-- This site is optimized with the Yoast SEO plugin v26.8 - https:\/\/yoast.com\/product\/yoast-seo-wordpress\/ -->\n<title>SENAI qualifica aprendizes para o mercado de trabalho - SENAI<\/title>\n<meta name=\"robots\" content=\"index, follow, max-snippet:-1, max-image-preview:large, max-video-preview:-1\" \/>\n<link rel=\"canonical\" href=\"https:\/\/fieam.org.br\/senai\/senai-qualifica-aprendizes-para-o-mercado-de-trabalho\/\" \/>\n<meta property=\"og:locale\" content=\"pt_BR\" \/>\n<meta property=\"og:type\" content=\"article\" \/>\n<meta property=\"og:title\" content=\"SENAI qualifica aprendizes para o mercado de trabalho - SENAI\" \/>\n<meta property=\"og:description\" content=\"Dezesseis aprendizes do Curso de Assistente de Log\u00edstica do Servi\u00e7o Nacional de Aprendizagem Industrial (SENAI Amazonas), da Escola SENAI Waldemiro Lustoza, apresentaram ontem, 14, o projeto final sobre \u201cOpera\u00e7\u00f5es de Transporte Modais\u201d, como parte da grade te\u00f3rica do curso de carga hor\u00e1ria de 1.600 horas, incluindo a parte pr\u00e1tica, executada nas empresas do Polo Industrial [&hellip;]\" \/>\n<meta property=\"og:url\" content=\"https:\/\/fieam.org.br\/senai\/senai-qualifica-aprendizes-para-o-mercado-de-trabalho\/\" \/>\n<meta property=\"og:site_name\" content=\"SENAI\" \/>\n<meta property=\"article:published_time\" content=\"2023-03-15T19:00:18+00:00\" \/>\n<meta property=\"og:image\" content=\"https:\/\/fieam.org.br\/senai\/wp-content\/uploads\/sites\/16\/2023\/03\/Aprendizes-do-curso-de-assistende-de-logistica-prontos-para-atuarem-nas-empresas.jpg\" \/>\n\t<meta property=\"og:image:width\" content=\"1500\" \/>\n\t<meta property=\"og:image:height\" content=\"1000\" \/>\n\t<meta property=\"og:image:type\" content=\"image\/jpeg\" \/>\n<meta name=\"author\" content=\"Autor\" \/>\n<meta name=\"twitter:card\" content=\"summary_large_image\" \/>\n<meta name=\"twitter:label1\" content=\"Escrito por\" \/>\n\t<meta name=\"twitter:data1\" content=\"Autor\" \/>\n\t<meta name=\"twitter:label2\" content=\"Est. tempo de leitura\" \/>\n\t<meta name=\"twitter:data2\" content=\"6 minutos\" \/>\n<script type=\"application\/ld+json\" class=\"yoast-schema-graph\">{\"@context\":\"https:\/\/schema.org\",\"@graph\":[{\"@type\":\"Article\",\"@id\":\"https:\/\/fieam.org.br\/senai\/senai-qualifica-aprendizes-para-o-mercado-de-trabalho\/#article\",\"isPartOf\":{\"@id\":\"https:\/\/fieam.org.br\/senai\/senai-qualifica-aprendizes-para-o-mercado-de-trabalho\/\"},\"author\":{\"name\":\"Autor\",\"@id\":\"https:\/\/fieam.org.br\/senai\/#\/schema\/person\/c1ceda8321521b291cee22da0a7d34be\"},\"headline\":\"SENAI qualifica aprendizes para o mercado de trabalho\",\"datePublished\":\"2023-03-15T19:00:18+00:00\",\"mainEntityOfPage\":{\"@id\":\"https:\/\/fieam.org.br\/senai\/senai-qualifica-aprendizes-para-o-mercado-de-trabalho\/\"},\"wordCount\":1175,\"publisher\":{\"@id\":\"https:\/\/fieam.org.br\/senai\/#organization\"},\"image\":{\"@id\":\"https:\/\/fieam.org.br\/senai\/senai-qualifica-aprendizes-para-o-mercado-de-trabalho\/#primaryimage\"},\"thumbnailUrl\":\"https:\/\/fieam.org.br\/senai\/wp-content\/uploads\/sites\/16\/2023\/03\/Aprendizes-do-curso-de-assistende-de-logistica-prontos-para-atuarem-nas-empresas.jpg\",\"articleSection\":[\"Banner Destaque\",\"News Destaques\"],\"inLanguage\":\"pt-BR\"},{\"@type\":\"WebPage\",\"@id\":\"https:\/\/fieam.org.br\/senai\/senai-qualifica-aprendizes-para-o-mercado-de-trabalho\/\",\"url\":\"https:\/\/fieam.org.br\/senai\/senai-qualifica-aprendizes-para-o-mercado-de-trabalho\/\",\"name\":\"SENAI qualifica aprendizes para o mercado de trabalho - SENAI\",\"isPartOf\":{\"@id\":\"https:\/\/fieam.org.br\/senai\/#website\"},\"primaryImageOfPage\":{\"@id\":\"https:\/\/fieam.org.br\/senai\/senai-qualifica-aprendizes-para-o-mercado-de-trabalho\/#primaryimage\"},\"image\":{\"@id\":\"https:\/\/fieam.org.br\/senai\/senai-qualifica-aprendizes-para-o-mercado-de-trabalho\/#primaryimage\"},\"thumbnailUrl\":\"https:\/\/fieam.org.br\/senai\/wp-content\/uploads\/sites\/16\/2023\/03\/Aprendizes-do-curso-de-assistende-de-logistica-prontos-para-atuarem-nas-empresas.jpg\",\"datePublished\":\"2023-03-15T19:00:18+00:00\",\"breadcrumb\":{\"@id\":\"https:\/\/fieam.org.br\/senai\/senai-qualifica-aprendizes-para-o-mercado-de-trabalho\/#breadcrumb\"},\"inLanguage\":\"pt-BR\",\"potentialAction\":[{\"@type\":\"ReadAction\",\"target\":[\"https:\/\/fieam.org.br\/senai\/senai-qualifica-aprendizes-para-o-mercado-de-trabalho\/\"]}]},{\"@type\":\"ImageObject\",\"inLanguage\":\"pt-BR\",\"@id\":\"https:\/\/fieam.org.br\/senai\/senai-qualifica-aprendizes-para-o-mercado-de-trabalho\/#primaryimage\",\"url\":\"https:\/\/fieam.org.br\/senai\/wp-content\/uploads\/sites\/16\/2023\/03\/Aprendizes-do-curso-de-assistende-de-logistica-prontos-para-atuarem-nas-empresas.jpg\",\"contentUrl\":\"https:\/\/fieam.org.br\/senai\/wp-content\/uploads\/sites\/16\/2023\/03\/Aprendizes-do-curso-de-assistende-de-logistica-prontos-para-atuarem-nas-empresas.jpg\",\"width\":1500,\"height\":1000},{\"@type\":\"BreadcrumbList\",\"@id\":\"https:\/\/fieam.org.br\/senai\/senai-qualifica-aprendizes-para-o-mercado-de-trabalho\/#breadcrumb\",\"itemListElement\":[{\"@type\":\"ListItem\",\"position\":1,\"name\":\"In\u00edcio\",\"item\":\"https:\/\/fieam.org.br\/senai\/\"},{\"@type\":\"ListItem\",\"position\":2,\"name\":\"SENAI qualifica aprendizes para o mercado de trabalho\"}]},{\"@type\":\"WebSite\",\"@id\":\"https:\/\/fieam.org.br\/senai\/#website\",\"url\":\"https:\/\/fieam.org.br\/senai\/\",\"name\":\"SENAI\",\"description\":\"Site Oficial!\",\"publisher\":{\"@id\":\"https:\/\/fieam.org.br\/senai\/#organization\"},\"potentialAction\":[{\"@type\":\"SearchAction\",\"target\":{\"@type\":\"EntryPoint\",\"urlTemplate\":\"https:\/\/fieam.org.br\/senai\/?s={search_term_string}\"},\"query-input\":{\"@type\":\"PropertyValueSpecification\",\"valueRequired\":true,\"valueName\":\"search_term_string\"}}],\"inLanguage\":\"pt-BR\"},{\"@type\":\"Organization\",\"@id\":\"https:\/\/fieam.org.br\/senai\/#organization\",\"name\":\"SENAI\",\"url\":\"https:\/\/fieam.org.br\/senai\/\",\"logo\":{\"@type\":\"ImageObject\",\"inLanguage\":\"pt-BR\",\"@id\":\"https:\/\/fieam.org.br\/senai\/#\/schema\/logo\/image\/\",\"url\":\"https:\/\/fieam.org.br\/senai\/wp-content\/uploads\/sites\/16\/2024\/03\/cropped-fav.png\",\"contentUrl\":\"https:\/\/fieam.org.br\/senai\/wp-content\/uploads\/sites\/16\/2024\/03\/cropped-fav.png\",\"width\":592,\"height\":577,\"caption\":\"SENAI\"},\"image\":{\"@id\":\"https:\/\/fieam.org.br\/senai\/#\/schema\/logo\/image\/\"}},{\"@type\":\"Person\",\"@id\":\"https:\/\/fieam.org.br\/senai\/#\/schema\/person\/c1ceda8321521b291cee22da0a7d34be\",\"name\":\"Autor\",\"image\":{\"@type\":\"ImageObject\",\"inLanguage\":\"pt-BR\",\"@id\":\"https:\/\/fieam.org.br\/senai\/#\/schema\/person\/image\/\",\"url\":\"https:\/\/secure.gravatar.com\/avatar\/3732c223e0e1fad69062a8f770955c9068d37b055204f310a0be18d4069fe380?s=96&d=mm&r=g\",\"contentUrl\":\"https:\/\/secure.gravatar.com\/avatar\/3732c223e0e1fad69062a8f770955c9068d37b055204f310a0be18d4069fe380?s=96&d=mm&r=g\",\"caption\":\"Autor\"},\"sameAs\":[\"https:\/\/marketingmassivo.com.br\"],\"url\":\"https:\/\/fieam.org.br\/senai\/author\/admin\/\"}]}<\/script>\n<!-- \/ Yoast SEO plugin. -->","yoast_head_json":{"title":"SENAI qualifica aprendizes para o mercado de trabalho - SENAI","robots":{"index":"index","follow":"follow","max-snippet":"max-snippet:-1","max-image-preview":"max-image-preview:large","max-video-preview":"max-video-preview:-1"},"canonical":"https:\/\/fieam.org.br\/senai\/senai-qualifica-aprendizes-para-o-mercado-de-trabalho\/","og_locale":"pt_BR","og_type":"article","og_title":"SENAI qualifica aprendizes para o mercado de trabalho - SENAI","og_description":"Dezesseis aprendizes do Curso de Assistente de Log\u00edstica do Servi\u00e7o Nacional de Aprendizagem Industrial (SENAI Amazonas), da Escola SENAI Waldemiro Lustoza, apresentaram ontem, 14, o projeto final sobre \u201cOpera\u00e7\u00f5es de Transporte Modais\u201d, como parte da grade te\u00f3rica do curso de carga hor\u00e1ria de 1.600 horas, incluindo a parte pr\u00e1tica, executada nas empresas do Polo Industrial [&hellip;]","og_url":"https:\/\/fieam.org.br\/senai\/senai-qualifica-aprendizes-para-o-mercado-de-trabalho\/","og_site_name":"SENAI","article_published_time":"2023-03-15T19:00:18+00:00","og_image":[{"width":1500,"height":1000,"url":"https:\/\/fieam.org.br\/senai\/wp-content\/uploads\/sites\/16\/2023\/03\/Aprendizes-do-curso-de-assistende-de-logistica-prontos-para-atuarem-nas-empresas.jpg","type":"image\/jpeg"}],"author":"Autor","twitter_card":"summary_large_image","twitter_misc":{"Escrito por":"Autor","Est. tempo de leitura":"6 minutos"},"schema":{"@context":"https:\/\/schema.org","@graph":[{"@type":"Article","@id":"https:\/\/fieam.org.br\/senai\/senai-qualifica-aprendizes-para-o-mercado-de-trabalho\/#article","isPartOf":{"@id":"https:\/\/fieam.org.br\/senai\/senai-qualifica-aprendizes-para-o-mercado-de-trabalho\/"},"author":{"name":"Autor","@id":"https:\/\/fieam.org.br\/senai\/#\/schema\/person\/c1ceda8321521b291cee22da0a7d34be"},"headline":"SENAI qualifica aprendizes para o mercado de trabalho","datePublished":"2023-03-15T19:00:18+00:00","mainEntityOfPage":{"@id":"https:\/\/fieam.org.br\/senai\/senai-qualifica-aprendizes-para-o-mercado-de-trabalho\/"},"wordCount":1175,"publisher":{"@id":"https:\/\/fieam.org.br\/senai\/#organization"},"image":{"@id":"https:\/\/fieam.org.br\/senai\/senai-qualifica-aprendizes-para-o-mercado-de-trabalho\/#primaryimage"},"thumbnailUrl":"https:\/\/fieam.org.br\/senai\/wp-content\/uploads\/sites\/16\/2023\/03\/Aprendizes-do-curso-de-assistende-de-logistica-prontos-para-atuarem-nas-empresas.jpg","articleSection":["Banner Destaque","News Destaques"],"inLanguage":"pt-BR"},{"@type":"WebPage","@id":"https:\/\/fieam.org.br\/senai\/senai-qualifica-aprendizes-para-o-mercado-de-trabalho\/","url":"https:\/\/fieam.org.br\/senai\/senai-qualifica-aprendizes-para-o-mercado-de-trabalho\/","name":"SENAI qualifica aprendizes para o mercado de trabalho - SENAI","isPartOf":{"@id":"https:\/\/fieam.org.br\/senai\/#website"},"primaryImageOfPage":{"@id":"https:\/\/fieam.org.br\/senai\/senai-qualifica-aprendizes-para-o-mercado-de-trabalho\/#primaryimage"},"image":{"@id":"https:\/\/fieam.org.br\/senai\/senai-qualifica-aprendizes-para-o-mercado-de-trabalho\/#primaryimage"},"thumbnailUrl":"https:\/\/fieam.org.br\/senai\/wp-content\/uploads\/sites\/16\/2023\/03\/Aprendizes-do-curso-de-assistende-de-logistica-prontos-para-atuarem-nas-empresas.jpg","datePublished":"2023-03-15T19:00:18+00:00","breadcrumb":{"@id":"https:\/\/fieam.org.br\/senai\/senai-qualifica-aprendizes-para-o-mercado-de-trabalho\/#breadcrumb"},"inLanguage":"pt-BR","potentialAction":[{"@type":"ReadAction","target":["https:\/\/fieam.org.br\/senai\/senai-qualifica-aprendizes-para-o-mercado-de-trabalho\/"]}]},{"@type":"ImageObject","inLanguage":"pt-BR","@id":"https:\/\/fieam.org.br\/senai\/senai-qualifica-aprendizes-para-o-mercado-de-trabalho\/#primaryimage","url":"https:\/\/fieam.org.br\/senai\/wp-content\/uploads\/sites\/16\/2023\/03\/Aprendizes-do-curso-de-assistende-de-logistica-prontos-para-atuarem-nas-empresas.jpg","contentUrl":"https:\/\/fieam.org.br\/senai\/wp-content\/uploads\/sites\/16\/2023\/03\/Aprendizes-do-curso-de-assistende-de-logistica-prontos-para-atuarem-nas-empresas.jpg","width":1500,"height":1000},{"@type":"BreadcrumbList","@id":"https:\/\/fieam.org.br\/senai\/senai-qualifica-aprendizes-para-o-mercado-de-trabalho\/#breadcrumb","itemListElement":[{"@type":"ListItem","position":1,"name":"In\u00edcio","item":"https:\/\/fieam.org.br\/senai\/"},{"@type":"ListItem","position":2,"name":"SENAI qualifica aprendizes para o mercado de trabalho"}]},{"@type":"WebSite","@id":"https:\/\/fieam.org.br\/senai\/#website","url":"https:\/\/fieam.org.br\/senai\/","name":"SENAI","description":"Site Oficial!","publisher":{"@id":"https:\/\/fieam.org.br\/senai\/#organization"},"potentialAction":[{"@type":"SearchAction","target":{"@type":"EntryPoint","urlTemplate":"https:\/\/fieam.org.br\/senai\/?s={search_term_string}"},"query-input":{"@type":"PropertyValueSpecification","valueRequired":true,"valueName":"search_term_string"}}],"inLanguage":"pt-BR"},{"@type":"Organization","@id":"https:\/\/fieam.org.br\/senai\/#organization","name":"SENAI","url":"https:\/\/fieam.org.br\/senai\/","logo":{"@type":"ImageObject","inLanguage":"pt-BR","@id":"https:\/\/fieam.org.br\/senai\/#\/schema\/logo\/image\/","url":"https:\/\/fieam.org.br\/senai\/wp-content\/uploads\/sites\/16\/2024\/03\/cropped-fav.png","contentUrl":"https:\/\/fieam.org.br\/senai\/wp-content\/uploads\/sites\/16\/2024\/03\/cropped-fav.png","width":592,"height":577,"caption":"SENAI"},"image":{"@id":"https:\/\/fieam.org.br\/senai\/#\/schema\/logo\/image\/"}},{"@type":"Person","@id":"https:\/\/fieam.org.br\/senai\/#\/schema\/person\/c1ceda8321521b291cee22da0a7d34be","name":"Autor","image":{"@type":"ImageObject","inLanguage":"pt-BR","@id":"https:\/\/fieam.org.br\/senai\/#\/schema\/person\/image\/","url":"https:\/\/secure.gravatar.com\/avatar\/3732c223e0e1fad69062a8f770955c9068d37b055204f310a0be18d4069fe380?s=96&d=mm&r=g","contentUrl":"https:\/\/secure.gravatar.com\/avatar\/3732c223e0e1fad69062a8f770955c9068d37b055204f310a0be18d4069fe380?s=96&d=mm&r=g","caption":"Autor"},"sameAs":["https:\/\/marketingmassivo.com.br"],"url":"https:\/\/fieam.org.br\/senai\/author\/admin\/"}]}},"_links":{"self":[{"href":"https:\/\/fieam.org.br\/senai\/wp-json\/wp\/v2\/posts\/11670","targetHints":{"allow":["GET"]}}],"collection":[{"href":"https:\/\/fieam.org.br\/senai\/wp-json\/wp\/v2\/posts"}],"about":[{"href":"https:\/\/fieam.org.br\/senai\/wp-json\/wp\/v2\/types\/post"}],"author":[{"embeddable":true,"href":"https:\/\/fieam.org.br\/senai\/wp-json\/wp\/v2\/users\/1"}],"replies":[{"embeddable":true,"href":"https:\/\/fieam.org.br\/senai\/wp-json\/wp\/v2\/comments?post=11670"}],"version-history":[{"count":0,"href":"https:\/\/fieam.org.br\/senai\/wp-json\/wp\/v2\/posts\/11670\/revisions"}],"wp:featuredmedia":[{"embeddable":true,"href":"https:\/\/fieam.org.br\/senai\/wp-json\/wp\/v2\/media\/11671"}],"wp:attachment":[{"href":"https:\/\/fieam.org.br\/senai\/wp-json\/wp\/v2\/media?parent=11670"}],"wp:term":[{"taxonomy":"category","embeddable":true,"href":"https:\/\/fieam.org.br\/senai\/wp-json\/wp\/v2\/categories?post=11670"},{"taxonomy":"post_tag","embeddable":true,"href":"https:\/\/fieam.org.br\/senai\/wp-json\/wp\/v2\/tags?post=11670"}],"curies":[{"name":"wp","href":"https:\/\/api.w.org\/{rel}","templated":true}]}}