{"id":3788,"date":"2013-11-08T23:13:05","date_gmt":"2013-11-08T23:13:05","guid":{"rendered":"http:\/\/www.fieam.org.br\/site\/fieam\/?p=3788"},"modified":"2013-11-08T23:13:05","modified_gmt":"2013-11-08T23:13:05","slug":"fieam-lanca-nova-coordenadoria-na-defesa-das-industrias-de-concentrados-2","status":"publish","type":"post","link":"https:\/\/fieam.org.br\/fieam\/fieam-lanca-nova-coordenadoria-na-defesa-das-industrias-de-concentrados-2\/","title":{"rendered":"FIEAM lan\u00e7a nova coordenadoria na defesa das ind\u00fastrias de concentrados"},"content":{"rendered":"<figure id=\"attachment_3785\" aria-describedby=\"caption-attachment-3785\" style=\"width: 430px\" class=\"wp-caption alignleft\"><a href=\"http:\/\/www.fieam.org.br\/site\/fieam\/files\/2013\/11\/Presidente-da-FIEAM-reune-economistas-da-BTG-para-apresentar-visao-economica-de-2014.jpg\"><img fetchpriority=\"high\" decoding=\"async\" class=\" wp-image-3785  \" alt=\"Presidente da FIEAM re\u00fane economistas da BTG para apresentar vis\u00e3o econ\u00f4mica de 2014\" src=\"http:\/\/www.fieam.org.br\/site\/fieam\/files\/2013\/11\/Presidente-da-FIEAM-reune-economistas-da-BTG-para-apresentar-visao-economica-de-2014.jpg\" width=\"430\" height=\"263\" \/><\/a><figcaption id=\"caption-attachment-3785\" class=\"wp-caption-text\">Presidente da FIEAM re\u00fane economistas da BTG para apresentar vis\u00e3o econ\u00f4mica de 2014<\/figcaption><\/figure>\n<p>O economista Francisco de Assis Mour\u00e3o assumiu ontem o cargo de coordenador da<a href=\"http:\/\/www.fieam.org.br\/site\/fieam\/institucional\/\" target=\"_blank\" rel=\"noopener\">Federa\u00e7\u00e3o das Ind\u00fastrias do Estado do Amazonas (FIEAM)<\/a>\u00a0do polo de Concentrados do Amazonas na \u00faltima quinta-feira (7), em reuni\u00e3o na FIEAM liderada pelo presidente da entidade, Antonio Silva, com presen\u00e7a do coordenador geral das Coordenadorias e vice-presidente da FIEAM, Nelson Azevedo, e representantes das f\u00e1bricas de concentrados que ir\u00e3o compor a nova coordenadoria.<\/p>\n<p>O polo de Concentrados do Amazonas agrega cerca de 30 empresas e \u00e9 considerado um dos segmentos mais rent\u00e1veis dentro da Zona Franca de Manaus. Segundo Mour\u00e3o, a responsabilidade da nova coordenadoria inicialmente estar\u00e1 voltada ao alinhamento da proposta da reestrutura\u00e7\u00e3o do Processo Produtivo B\u00e1sico (PPB) para o segmento de concentrados de bebidas do\u00a0PIM.<\/p>\n<p>\u201cVamos ser uma coordenadoria forte e unida para que possamos defender os interesses do segmento produtivo de concentrados\u201d, disse o coordenador.<\/p>\n<p>Dentre as prioridades da pauta, o presidente da FIEAM e presidente do Sindicato da Ind\u00fastria de Bebidas em Geral de Manaus, Antonio Silva, recomenda a necessidade de reunir informa\u00e7\u00f5es para que seja bem estruturado o documento que justifique um PPB que esteja justo e que permita a lucratividade do setor.<\/p>\n<p>\u201cEssa atualiza\u00e7\u00e3o do PPB para as ind\u00fastrias de concentrados e bebidas deve estar dentro da legalidade, alinhando coordenadas que n\u00e3o venham nos ferir agora e nem no futuro. Para isso, \u00e9 necess\u00e1rio alinhar a defesa deste modelo exitoso que desenvolve processos produtivos prim\u00e1rios e industriais na capital e no interior do Amazonas\u201d, destacou Antonio Silva.<\/p>\n<p><b>Atribui\u00e7\u00f5es da Coordenadoria do Polo de Concentrados<\/b><\/p>\n<p><b>\u00a0<\/b>\u25baCongregar as empresas produtoras de concentrados, extratos, corantes, caramelos, aromas, bem como seus fornecedores e clientes, com a finalidade de debater todas as quest\u00f5es inerentes ao segmento e o encaminhamento de solu\u00e7\u00f5es t\u00e9cnico-comerciais para a elimina\u00e7\u00e3o de suas dificuldades e entraves.<\/p>\n<p>\u25baParticipar na elabora\u00e7\u00e3o de estudos e projetos de interesse da ind\u00fastria de concentrados, visando promover a produ\u00e7\u00e3o de novos atos legislativos que atendam aos interesses e necessidades do Setor.<\/p>\n<p>\u25baPromover a\u00e7\u00f5es conjuntas que beneficiem e aperfei\u00e7oem os m\u00e9todos de trabalho e produtividade, bem como os processos tecnol\u00f3gicos e a comercializa\u00e7\u00e3o dos produtos do Setor.\u00a0[nggallery id=135]<\/p>\n<p>&nbsp;<\/p>\n","protected":false},"excerpt":{"rendered":"<p>O economista Francisco de Assis Mour\u00e3o assumiu ontem o cargo de coordenador daFedera\u00e7\u00e3o das Ind\u00fastrias do Estado do Amazonas (FIEAM)\u00a0do polo de Concentrados do Amazonas na \u00faltima quinta-feira (7), em reuni\u00e3o na FIEAM liderada pelo presidente da entidade, Antonio Silva, com presen\u00e7a do coordenador geral das Coordenadorias e vice-presidente da FIEAM, Nelson Azevedo, e representantes [&hellip;]<\/p>\n","protected":false},"author":1,"featured_media":0,"comment_status":"open","ping_status":"open","sticky":false,"template":"","format":"standard","meta":{"footnotes":""},"categories":[29,30],"tags":[],"class_list":["post-3788","post","type-post","status-publish","format-standard","hentry","category-news","category-news_destaque"],"yoast_head":"<!-- This site is optimized with the Yoast SEO plugin v26.8 - https:\/\/yoast.com\/product\/yoast-seo-wordpress\/ -->\n<title>FIEAM lan\u00e7a nova coordenadoria na defesa das ind\u00fastrias de concentrados - FIEAM<\/title>\n<meta name=\"robots\" content=\"index, follow, max-snippet:-1, max-image-preview:large, max-video-preview:-1\" \/>\n<link rel=\"canonical\" href=\"https:\/\/fieam.org.br\/fieam\/fieam-lanca-nova-coordenadoria-na-defesa-das-industrias-de-concentrados-2\/\" \/>\n<meta property=\"og:locale\" content=\"pt_BR\" \/>\n<meta property=\"og:type\" content=\"article\" \/>\n<meta property=\"og:title\" content=\"FIEAM lan\u00e7a nova coordenadoria na defesa das ind\u00fastrias de concentrados - FIEAM\" \/>\n<meta property=\"og:description\" content=\"O economista Francisco de Assis Mour\u00e3o assumiu ontem o cargo de coordenador daFedera\u00e7\u00e3o das Ind\u00fastrias do Estado do Amazonas (FIEAM)\u00a0do polo de Concentrados do Amazonas na \u00faltima quinta-feira (7), em reuni\u00e3o na FIEAM liderada pelo presidente da entidade, Antonio Silva, com presen\u00e7a do coordenador geral das Coordenadorias e vice-presidente da FIEAM, Nelson Azevedo, e representantes [&hellip;]\" \/>\n<meta property=\"og:url\" content=\"https:\/\/fieam.org.br\/fieam\/fieam-lanca-nova-coordenadoria-na-defesa-das-industrias-de-concentrados-2\/\" \/>\n<meta property=\"og:site_name\" content=\"FIEAM\" \/>\n<meta property=\"article:published_time\" content=\"2013-11-08T23:13:05+00:00\" \/>\n<meta name=\"author\" content=\"Autor\" \/>\n<meta name=\"twitter:card\" content=\"summary_large_image\" \/>\n<meta name=\"twitter:label1\" content=\"Escrito por\" \/>\n\t<meta name=\"twitter:data1\" content=\"Autor\" \/>\n\t<meta name=\"twitter:label2\" content=\"Est. tempo de leitura\" \/>\n\t<meta name=\"twitter:data2\" content=\"2 minutos\" \/>\n<script type=\"application\/ld+json\" class=\"yoast-schema-graph\">{\"@context\":\"https:\/\/schema.org\",\"@graph\":[{\"@type\":\"Article\",\"@id\":\"https:\/\/fieam.org.br\/fieam\/fieam-lanca-nova-coordenadoria-na-defesa-das-industrias-de-concentrados-2\/#article\",\"isPartOf\":{\"@id\":\"https:\/\/fieam.org.br\/fieam\/fieam-lanca-nova-coordenadoria-na-defesa-das-industrias-de-concentrados-2\/\"},\"author\":{\"name\":\"Autor\",\"@id\":\"https:\/\/fieam.org.br\/fieam\/#\/schema\/person\/c1ceda8321521b291cee22da0a7d34be\"},\"headline\":\"FIEAM lan\u00e7a nova coordenadoria na defesa das ind\u00fastrias de concentrados\",\"datePublished\":\"2013-11-08T23:13:05+00:00\",\"mainEntityOfPage\":{\"@id\":\"https:\/\/fieam.org.br\/fieam\/fieam-lanca-nova-coordenadoria-na-defesa-das-industrias-de-concentrados-2\/\"},\"wordCount\":413,\"commentCount\":0,\"publisher\":{\"@id\":\"https:\/\/fieam.org.br\/fieam\/#organization\"},\"image\":{\"@id\":\"https:\/\/fieam.org.br\/fieam\/fieam-lanca-nova-coordenadoria-na-defesa-das-industrias-de-concentrados-2\/#primaryimage\"},\"thumbnailUrl\":\"http:\/\/www.fieam.org.br\/site\/fieam\/files\/2013\/11\/Presidente-da-FIEAM-reune-economistas-da-BTG-para-apresentar-visao-economica-de-2014.jpg\",\"articleSection\":[\"News\",\"News Destaque\"],\"inLanguage\":\"pt-BR\",\"potentialAction\":[{\"@type\":\"CommentAction\",\"name\":\"Comment\",\"target\":[\"https:\/\/fieam.org.br\/fieam\/fieam-lanca-nova-coordenadoria-na-defesa-das-industrias-de-concentrados-2\/#respond\"]}]},{\"@type\":\"WebPage\",\"@id\":\"https:\/\/fieam.org.br\/fieam\/fieam-lanca-nova-coordenadoria-na-defesa-das-industrias-de-concentrados-2\/\",\"url\":\"https:\/\/fieam.org.br\/fieam\/fieam-lanca-nova-coordenadoria-na-defesa-das-industrias-de-concentrados-2\/\",\"name\":\"FIEAM lan\u00e7a nova coordenadoria na defesa das ind\u00fastrias de concentrados - FIEAM\",\"isPartOf\":{\"@id\":\"https:\/\/fieam.org.br\/fieam\/#website\"},\"primaryImageOfPage\":{\"@id\":\"https:\/\/fieam.org.br\/fieam\/fieam-lanca-nova-coordenadoria-na-defesa-das-industrias-de-concentrados-2\/#primaryimage\"},\"image\":{\"@id\":\"https:\/\/fieam.org.br\/fieam\/fieam-lanca-nova-coordenadoria-na-defesa-das-industrias-de-concentrados-2\/#primaryimage\"},\"thumbnailUrl\":\"http:\/\/www.fieam.org.br\/site\/fieam\/files\/2013\/11\/Presidente-da-FIEAM-reune-economistas-da-BTG-para-apresentar-visao-economica-de-2014.jpg\",\"datePublished\":\"2013-11-08T23:13:05+00:00\",\"breadcrumb\":{\"@id\":\"https:\/\/fieam.org.br\/fieam\/fieam-lanca-nova-coordenadoria-na-defesa-das-industrias-de-concentrados-2\/#breadcrumb\"},\"inLanguage\":\"pt-BR\",\"potentialAction\":[{\"@type\":\"ReadAction\",\"target\":[\"https:\/\/fieam.org.br\/fieam\/fieam-lanca-nova-coordenadoria-na-defesa-das-industrias-de-concentrados-2\/\"]}]},{\"@type\":\"ImageObject\",\"inLanguage\":\"pt-BR\",\"@id\":\"https:\/\/fieam.org.br\/fieam\/fieam-lanca-nova-coordenadoria-na-defesa-das-industrias-de-concentrados-2\/#primaryimage\",\"url\":\"http:\/\/www.fieam.org.br\/site\/fieam\/files\/2013\/11\/Presidente-da-FIEAM-reune-economistas-da-BTG-para-apresentar-visao-economica-de-2014.jpg\",\"contentUrl\":\"http:\/\/www.fieam.org.br\/site\/fieam\/files\/2013\/11\/Presidente-da-FIEAM-reune-economistas-da-BTG-para-apresentar-visao-economica-de-2014.jpg\"},{\"@type\":\"BreadcrumbList\",\"@id\":\"https:\/\/fieam.org.br\/fieam\/fieam-lanca-nova-coordenadoria-na-defesa-das-industrias-de-concentrados-2\/#breadcrumb\",\"itemListElement\":[{\"@type\":\"ListItem\",\"position\":1,\"name\":\"In\u00edcio\",\"item\":\"https:\/\/fieam.org.br\/fieam\/\"},{\"@type\":\"ListItem\",\"position\":2,\"name\":\"FIEAM lan\u00e7a nova coordenadoria na defesa das ind\u00fastrias de concentrados\"}]},{\"@type\":\"WebSite\",\"@id\":\"https:\/\/fieam.org.br\/fieam\/#website\",\"url\":\"https:\/\/fieam.org.br\/fieam\/\",\"name\":\"FIEAM\",\"description\":\"Site Oficial!\",\"publisher\":{\"@id\":\"https:\/\/fieam.org.br\/fieam\/#organization\"},\"potentialAction\":[{\"@type\":\"SearchAction\",\"target\":{\"@type\":\"EntryPoint\",\"urlTemplate\":\"https:\/\/fieam.org.br\/fieam\/?s={search_term_string}\"},\"query-input\":{\"@type\":\"PropertyValueSpecification\",\"valueRequired\":true,\"valueName\":\"search_term_string\"}}],\"inLanguage\":\"pt-BR\"},{\"@type\":\"Organization\",\"@id\":\"https:\/\/fieam.org.br\/fieam\/#organization\",\"name\":\"FIEAM\",\"url\":\"https:\/\/fieam.org.br\/fieam\/\",\"logo\":{\"@type\":\"ImageObject\",\"inLanguage\":\"pt-BR\",\"@id\":\"https:\/\/fieam.org.br\/fieam\/#\/schema\/logo\/image\/\",\"url\":\"https:\/\/fieam.org.br\/fieam\/wp-content\/uploads\/sites\/9\/2024\/03\/cropped-fav.png\",\"contentUrl\":\"https:\/\/fieam.org.br\/fieam\/wp-content\/uploads\/sites\/9\/2024\/03\/cropped-fav.png\",\"width\":597,\"height\":598,\"caption\":\"FIEAM\"},\"image\":{\"@id\":\"https:\/\/fieam.org.br\/fieam\/#\/schema\/logo\/image\/\"}},{\"@type\":\"Person\",\"@id\":\"https:\/\/fieam.org.br\/fieam\/#\/schema\/person\/c1ceda8321521b291cee22da0a7d34be\",\"name\":\"Autor\",\"image\":{\"@type\":\"ImageObject\",\"inLanguage\":\"pt-BR\",\"@id\":\"https:\/\/fieam.org.br\/fieam\/#\/schema\/person\/image\/\",\"url\":\"https:\/\/secure.gravatar.com\/avatar\/3732c223e0e1fad69062a8f770955c9068d37b055204f310a0be18d4069fe380?s=96&d=mm&r=g\",\"contentUrl\":\"https:\/\/secure.gravatar.com\/avatar\/3732c223e0e1fad69062a8f770955c9068d37b055204f310a0be18d4069fe380?s=96&d=mm&r=g\",\"caption\":\"Autor\"},\"sameAs\":[\"https:\/\/marketingmassivo.com.br\"],\"url\":\"https:\/\/fieam.org.br\/fieam\/author\/admin\/\"}]}<\/script>\n<!-- \/ Yoast SEO plugin. -->","yoast_head_json":{"title":"FIEAM lan\u00e7a nova coordenadoria na defesa das ind\u00fastrias de concentrados - FIEAM","robots":{"index":"index","follow":"follow","max-snippet":"max-snippet:-1","max-image-preview":"max-image-preview:large","max-video-preview":"max-video-preview:-1"},"canonical":"https:\/\/fieam.org.br\/fieam\/fieam-lanca-nova-coordenadoria-na-defesa-das-industrias-de-concentrados-2\/","og_locale":"pt_BR","og_type":"article","og_title":"FIEAM lan\u00e7a nova coordenadoria na defesa das ind\u00fastrias de concentrados - FIEAM","og_description":"O economista Francisco de Assis Mour\u00e3o assumiu ontem o cargo de coordenador daFedera\u00e7\u00e3o das Ind\u00fastrias do Estado do Amazonas (FIEAM)\u00a0do polo de Concentrados do Amazonas na \u00faltima quinta-feira (7), em reuni\u00e3o na FIEAM liderada pelo presidente da entidade, Antonio Silva, com presen\u00e7a do coordenador geral das Coordenadorias e vice-presidente da FIEAM, Nelson Azevedo, e representantes [&hellip;]","og_url":"https:\/\/fieam.org.br\/fieam\/fieam-lanca-nova-coordenadoria-na-defesa-das-industrias-de-concentrados-2\/","og_site_name":"FIEAM","article_published_time":"2013-11-08T23:13:05+00:00","author":"Autor","twitter_card":"summary_large_image","twitter_misc":{"Escrito por":"Autor","Est. tempo de leitura":"2 minutos"},"schema":{"@context":"https:\/\/schema.org","@graph":[{"@type":"Article","@id":"https:\/\/fieam.org.br\/fieam\/fieam-lanca-nova-coordenadoria-na-defesa-das-industrias-de-concentrados-2\/#article","isPartOf":{"@id":"https:\/\/fieam.org.br\/fieam\/fieam-lanca-nova-coordenadoria-na-defesa-das-industrias-de-concentrados-2\/"},"author":{"name":"Autor","@id":"https:\/\/fieam.org.br\/fieam\/#\/schema\/person\/c1ceda8321521b291cee22da0a7d34be"},"headline":"FIEAM lan\u00e7a nova coordenadoria na defesa das ind\u00fastrias de concentrados","datePublished":"2013-11-08T23:13:05+00:00","mainEntityOfPage":{"@id":"https:\/\/fieam.org.br\/fieam\/fieam-lanca-nova-coordenadoria-na-defesa-das-industrias-de-concentrados-2\/"},"wordCount":413,"commentCount":0,"publisher":{"@id":"https:\/\/fieam.org.br\/fieam\/#organization"},"image":{"@id":"https:\/\/fieam.org.br\/fieam\/fieam-lanca-nova-coordenadoria-na-defesa-das-industrias-de-concentrados-2\/#primaryimage"},"thumbnailUrl":"http:\/\/www.fieam.org.br\/site\/fieam\/files\/2013\/11\/Presidente-da-FIEAM-reune-economistas-da-BTG-para-apresentar-visao-economica-de-2014.jpg","articleSection":["News","News Destaque"],"inLanguage":"pt-BR","potentialAction":[{"@type":"CommentAction","name":"Comment","target":["https:\/\/fieam.org.br\/fieam\/fieam-lanca-nova-coordenadoria-na-defesa-das-industrias-de-concentrados-2\/#respond"]}]},{"@type":"WebPage","@id":"https:\/\/fieam.org.br\/fieam\/fieam-lanca-nova-coordenadoria-na-defesa-das-industrias-de-concentrados-2\/","url":"https:\/\/fieam.org.br\/fieam\/fieam-lanca-nova-coordenadoria-na-defesa-das-industrias-de-concentrados-2\/","name":"FIEAM lan\u00e7a nova coordenadoria na defesa das ind\u00fastrias de concentrados - FIEAM","isPartOf":{"@id":"https:\/\/fieam.org.br\/fieam\/#website"},"primaryImageOfPage":{"@id":"https:\/\/fieam.org.br\/fieam\/fieam-lanca-nova-coordenadoria-na-defesa-das-industrias-de-concentrados-2\/#primaryimage"},"image":{"@id":"https:\/\/fieam.org.br\/fieam\/fieam-lanca-nova-coordenadoria-na-defesa-das-industrias-de-concentrados-2\/#primaryimage"},"thumbnailUrl":"http:\/\/www.fieam.org.br\/site\/fieam\/files\/2013\/11\/Presidente-da-FIEAM-reune-economistas-da-BTG-para-apresentar-visao-economica-de-2014.jpg","datePublished":"2013-11-08T23:13:05+00:00","breadcrumb":{"@id":"https:\/\/fieam.org.br\/fieam\/fieam-lanca-nova-coordenadoria-na-defesa-das-industrias-de-concentrados-2\/#breadcrumb"},"inLanguage":"pt-BR","potentialAction":[{"@type":"ReadAction","target":["https:\/\/fieam.org.br\/fieam\/fieam-lanca-nova-coordenadoria-na-defesa-das-industrias-de-concentrados-2\/"]}]},{"@type":"ImageObject","inLanguage":"pt-BR","@id":"https:\/\/fieam.org.br\/fieam\/fieam-lanca-nova-coordenadoria-na-defesa-das-industrias-de-concentrados-2\/#primaryimage","url":"http:\/\/www.fieam.org.br\/site\/fieam\/files\/2013\/11\/Presidente-da-FIEAM-reune-economistas-da-BTG-para-apresentar-visao-economica-de-2014.jpg","contentUrl":"http:\/\/www.fieam.org.br\/site\/fieam\/files\/2013\/11\/Presidente-da-FIEAM-reune-economistas-da-BTG-para-apresentar-visao-economica-de-2014.jpg"},{"@type":"BreadcrumbList","@id":"https:\/\/fieam.org.br\/fieam\/fieam-lanca-nova-coordenadoria-na-defesa-das-industrias-de-concentrados-2\/#breadcrumb","itemListElement":[{"@type":"ListItem","position":1,"name":"In\u00edcio","item":"https:\/\/fieam.org.br\/fieam\/"},{"@type":"ListItem","position":2,"name":"FIEAM lan\u00e7a nova coordenadoria na defesa das ind\u00fastrias de concentrados"}]},{"@type":"WebSite","@id":"https:\/\/fieam.org.br\/fieam\/#website","url":"https:\/\/fieam.org.br\/fieam\/","name":"FIEAM","description":"Site Oficial!","publisher":{"@id":"https:\/\/fieam.org.br\/fieam\/#organization"},"potentialAction":[{"@type":"SearchAction","target":{"@type":"EntryPoint","urlTemplate":"https:\/\/fieam.org.br\/fieam\/?s={search_term_string}"},"query-input":{"@type":"PropertyValueSpecification","valueRequired":true,"valueName":"search_term_string"}}],"inLanguage":"pt-BR"},{"@type":"Organization","@id":"https:\/\/fieam.org.br\/fieam\/#organization","name":"FIEAM","url":"https:\/\/fieam.org.br\/fieam\/","logo":{"@type":"ImageObject","inLanguage":"pt-BR","@id":"https:\/\/fieam.org.br\/fieam\/#\/schema\/logo\/image\/","url":"https:\/\/fieam.org.br\/fieam\/wp-content\/uploads\/sites\/9\/2024\/03\/cropped-fav.png","contentUrl":"https:\/\/fieam.org.br\/fieam\/wp-content\/uploads\/sites\/9\/2024\/03\/cropped-fav.png","width":597,"height":598,"caption":"FIEAM"},"image":{"@id":"https:\/\/fieam.org.br\/fieam\/#\/schema\/logo\/image\/"}},{"@type":"Person","@id":"https:\/\/fieam.org.br\/fieam\/#\/schema\/person\/c1ceda8321521b291cee22da0a7d34be","name":"Autor","image":{"@type":"ImageObject","inLanguage":"pt-BR","@id":"https:\/\/fieam.org.br\/fieam\/#\/schema\/person\/image\/","url":"https:\/\/secure.gravatar.com\/avatar\/3732c223e0e1fad69062a8f770955c9068d37b055204f310a0be18d4069fe380?s=96&d=mm&r=g","contentUrl":"https:\/\/secure.gravatar.com\/avatar\/3732c223e0e1fad69062a8f770955c9068d37b055204f310a0be18d4069fe380?s=96&d=mm&r=g","caption":"Autor"},"sameAs":["https:\/\/marketingmassivo.com.br"],"url":"https:\/\/fieam.org.br\/fieam\/author\/admin\/"}]}},"_links":{"self":[{"href":"https:\/\/fieam.org.br\/fieam\/wp-json\/wp\/v2\/posts\/3788","targetHints":{"allow":["GET"]}}],"collection":[{"href":"https:\/\/fieam.org.br\/fieam\/wp-json\/wp\/v2\/posts"}],"about":[{"href":"https:\/\/fieam.org.br\/fieam\/wp-json\/wp\/v2\/types\/post"}],"author":[{"embeddable":true,"href":"https:\/\/fieam.org.br\/fieam\/wp-json\/wp\/v2\/users\/1"}],"replies":[{"embeddable":true,"href":"https:\/\/fieam.org.br\/fieam\/wp-json\/wp\/v2\/comments?post=3788"}],"version-history":[{"count":0,"href":"https:\/\/fieam.org.br\/fieam\/wp-json\/wp\/v2\/posts\/3788\/revisions"}],"wp:attachment":[{"href":"https:\/\/fieam.org.br\/fieam\/wp-json\/wp\/v2\/media?parent=3788"}],"wp:term":[{"taxonomy":"category","embeddable":true,"href":"https:\/\/fieam.org.br\/fieam\/wp-json\/wp\/v2\/categories?post=3788"},{"taxonomy":"post_tag","embeddable":true,"href":"https:\/\/fieam.org.br\/fieam\/wp-json\/wp\/v2\/tags?post=3788"}],"curies":[{"name":"wp","href":"https:\/\/api.w.org\/{rel}","templated":true}]}}