{"id":3784,"date":"2013-11-08T22:54:55","date_gmt":"2013-11-08T22:54:55","guid":{"rendered":"http:\/\/www.fieam.org.br\/site\/fieam\/?p=3784"},"modified":"2013-11-08T22:54:55","modified_gmt":"2013-11-08T22:54:55","slug":"economistas-do-btg-pactual-preveem-crescimento-igual-ou-menor-que-2013","status":"publish","type":"post","link":"https:\/\/fieam.org.br\/fieam\/economistas-do-btg-pactual-preveem-crescimento-igual-ou-menor-que-2013\/","title":{"rendered":"Economistas do BTG Pactual preveem  crescimento igual ou menor que 2013"},"content":{"rendered":"<p>O respons\u00e1vel pela \u00e1rea de clientes corporativos do BTG Pactual, Sergio Cutolo, em palestra ontem na\u00a0<a href=\"http:\/\/www.fieam.org.br\/site\/fieam\/institucional\/\" target=\"_blank\" rel=\"noopener\">Federa\u00e7\u00e3o das Ind\u00fastrias do Estado do Amazonas (FIEAM<\/a>), previu crescimento da economia brasileira para 2014 n\u00e3o muito maior do que a deste ano, com a possibilidade de patamar menor.<\/p>\n<figure id=\"attachment_3785\" aria-describedby=\"caption-attachment-3785\" style=\"width: 368px\" class=\"wp-caption alignleft\"><a href=\"http:\/\/www.fieam.org.br\/site\/fieam\/files\/2013\/11\/Presidente-da-FIEAM-reune-economistas-da-BTG-para-apresentar-visao-economica-de-2014.jpg\"><img fetchpriority=\"high\" decoding=\"async\" class=\" wp-image-3785  \" alt=\"Presidente da FIEAM re\u00fane economistas da BTG para apresentar vis\u00e3o econ\u00f4mica de 2014\" src=\"http:\/\/www.fieam.org.br\/site\/fieam\/files\/2013\/11\/Presidente-da-FIEAM-reune-economistas-da-BTG-para-apresentar-visao-economica-de-2014.jpg\" width=\"368\" height=\"225\" \/><\/a><figcaption id=\"caption-attachment-3785\" class=\"wp-caption-text\">Presidente da FIEAM re\u00fane economistas da BTG para apresentar vis\u00e3o econ\u00f4mica de 2014<\/figcaption><\/figure>\n<p>Segundo Cutolo, a economia norte-americana continuar\u00e1 influenciando o mundo e o reflexo da sua crescente recupera\u00e7\u00e3o deve complicar o cen\u00e1rio de crescimento do Brasil.<\/p>\n<p>\u201cOs est\u00edmulos dados para que as taxas de juros nos Estados Unidos se mantivessem baixas v\u00e3o continuar sendo retirados e a partir do aumento dos juros, a economia americana passar\u00e1 a atrair investimentos que migraram para o Brasil e outros pa\u00edses em desenvolvimento, o que nos leva a perder cen\u00e1rio externo muito favor\u00e1vel dos anos anteriores, com exce\u00e7\u00e3o ao per\u00edodo da crise de 2008 e 2009\u201d, explica.<\/p>\n<p>O palestrante destacou o n\u00edvel de infla\u00e7\u00e3o que se encontra no topo do previsto e pelos piores \u00edndices da situa\u00e7\u00e3o fiscal dos \u00faltimos 17 anos que elevam cada vez mais as contas p\u00fablicas do pa\u00eds.<\/p>\n<p>Com a infla\u00e7\u00e3o elevada (6%), a perspectiva \u00e9 de um crescimento por volta de 2,5% do Produto Interno Bruto (PIB) e de 6,5% de juros.<\/p>\n<p>O estrategista de investimento do BTG Pactual ASSET Management, Jo\u00e3o Scandiuzzi, revela que a infla\u00e7\u00e3o complica o crescimento do PIB e deixa para um futuro mais longe da meta de crescimento do pa\u00eds e de juros de 4,5%.<\/p>\n<p>&nbsp;<\/p>\n<p><b>Ind\u00fastria em descompasso<\/b><\/p>\n<p>&nbsp;<\/p>\n<p>Quanto ao desenvolvimento da ind\u00fastria brasileira, Scandiuzzi acrescenta que o segmento produtivo vive combina\u00e7\u00e3o bastante rara e ruim. \u201cEstamos num descompasso entre oferta e demanda. O PIB e a oferta crescem pouco, mas a demanda vem crescendo muito mais que os dois. A implica\u00e7\u00e3o disso \u00e9 o aumento dos pre\u00e7os, levando o Brasil a sair da situa\u00e7\u00e3o de super\u00e1vit para d\u00e9ficit, pois para atender a demanda de bens e produtos torna-se necess\u00e1rio o aumento da importa\u00e7\u00e3o\u201d.<\/p>\n<p>As estat\u00edsticas apresentadas pelo estrategista econ\u00f4mico apresentam o Brasil como pa\u00eds que produz menos do que em 2008, agravando o problema da oferta interna de produtos. \u201cA estagna\u00e7\u00e3o da ind\u00fastria e os altos sal\u00e1rios ocasionam uma reten\u00e7\u00e3o do processo produtivo, sem contar que o segmento tamb\u00e9m \u00e9 influenciado pela moeda americana\u201d, aponta Scandiuzzi.<\/p>\n<p>Al\u00e9m do ganho maior de sal\u00e1rio dos trabalhadores, o segmento industrial perde margem de lucro, pois fica impedido de repassar o aumento do custo de produ\u00e7\u00e3o aos produtos, devido \u00e0 concorr\u00eancia do mercado exterior, gerando um grande problema ao pa\u00eds por conta dos ganhos salariais acima da produtividade industrial.<\/p>\n<p>O segmento que mais lucra neste momento \u00e9 o com\u00e9rcio que com o aumento dos ganhos salariais tendem a atingir mais que os 5,8% de crescimento anual da massa salarial, que \u00e9 o aumento de emprego e sal\u00e1rio.<\/p>\n<p><b>\u00a0<\/b><\/p>\n<p><b>Vis\u00e3o da economia mundial<\/b><\/p>\n<p>&nbsp;<\/p>\n<p>Jo\u00e3o Scandiuzzi apresentou a vis\u00e3o geral do que \u00e9 esperado na economia mundial de 2014. Em compara\u00e7\u00e3o com 2013, espera-se para 2014 a acelera\u00e7\u00e3o do crescimento da economia mundial, passando de 2,9% para 3,6% no mundo, sendo de 1,2% para 2% nas economias desenvolvidas e 4,55 para 5,1% em pa\u00edses emergentes.<\/p>\n<p>\u201cEmbora o crescimento do mundo esteja melhor, no ponto de vista financeiro, teremos alguns chacoalhos e temos que estar consciente disso\u201d, ponderou o economista.<\/p>\n<p>Scandiuzzi aponta menos peso de ajuste fiscal na Europa que neste ano foi muito forte na Espanha, Fran\u00e7a e It\u00e1lia. \u201cCom a crise sob controle, a Europa deve ter um pequeno crescimento, mesmo que seja um med\u00edocre \u00edndice de 1%, mas j\u00e1 demonstra o avan\u00e7o deste cen\u00e1rio com menos corte e mais crescimento\u201d, avaliou.<\/p>\n<p>O bom momento em 2014 \u00e9 liderado pelos Estados Unidos tanto no capital p\u00fablico do pa\u00eds quanto no privado. De acordo com o estrategista de investimento do BTG, a situa\u00e7\u00e3o atual da economia norte-americana \u00e9 saud\u00e1vel, refletindo no lucro das empresas e bancos, bem como na redu\u00e7\u00e3o da d\u00edvida das fam\u00edlias americanas.<\/p>\n<p>\u201cO cen\u00e1rio nos Estados Unidos n\u00e3o tem mais nada a ver com o p\u00f3s-crise. Bancos, empresas e as fam\u00edlias americanas est\u00e3o obtendo resultados positivos. O setor p\u00fablico tamb\u00e9m vai tirar menos do crescimento do pa\u00eds, o que neste ano interferiu no decr\u00e9scimo de 1.5% e em 2014 ser\u00e1 retirado apenas 0.5%\u201d, exp\u00f5e Scandiuzzi.\u00a0[nggallery id=134]<\/p>\n","protected":false},"excerpt":{"rendered":"<p>O respons\u00e1vel pela \u00e1rea de clientes corporativos do BTG Pactual, Sergio Cutolo, em palestra ontem na\u00a0Federa\u00e7\u00e3o das Ind\u00fastrias do Estado do Amazonas (FIEAM), previu crescimento da economia brasileira para 2014 n\u00e3o muito maior do que a deste ano, com a possibilidade de patamar menor. Segundo Cutolo, a economia norte-americana continuar\u00e1 influenciando o mundo e o [&hellip;]<\/p>\n","protected":false},"author":1,"featured_media":0,"comment_status":"open","ping_status":"open","sticky":false,"template":"","format":"standard","meta":{"footnotes":""},"categories":[29,30],"tags":[],"class_list":["post-3784","post","type-post","status-publish","format-standard","hentry","category-news","category-news_destaque"],"yoast_head":"<!-- This site is optimized with the Yoast SEO plugin v26.8 - https:\/\/yoast.com\/product\/yoast-seo-wordpress\/ -->\n<title>Economistas do BTG Pactual preveem crescimento igual ou menor que 2013 - FIEAM<\/title>\n<meta name=\"robots\" content=\"index, follow, max-snippet:-1, max-image-preview:large, max-video-preview:-1\" \/>\n<link rel=\"canonical\" href=\"https:\/\/fieam.org.br\/fieam\/economistas-do-btg-pactual-preveem-crescimento-igual-ou-menor-que-2013\/\" \/>\n<meta property=\"og:locale\" content=\"pt_BR\" \/>\n<meta property=\"og:type\" content=\"article\" \/>\n<meta property=\"og:title\" content=\"Economistas do BTG Pactual preveem crescimento igual ou menor que 2013 - FIEAM\" \/>\n<meta property=\"og:description\" content=\"O respons\u00e1vel pela \u00e1rea de clientes corporativos do BTG Pactual, Sergio Cutolo, em palestra ontem na\u00a0Federa\u00e7\u00e3o das Ind\u00fastrias do Estado do Amazonas (FIEAM), previu crescimento da economia brasileira para 2014 n\u00e3o muito maior do que a deste ano, com a possibilidade de patamar menor. Segundo Cutolo, a economia norte-americana continuar\u00e1 influenciando o mundo e o [&hellip;]\" \/>\n<meta property=\"og:url\" content=\"https:\/\/fieam.org.br\/fieam\/economistas-do-btg-pactual-preveem-crescimento-igual-ou-menor-que-2013\/\" \/>\n<meta property=\"og:site_name\" content=\"FIEAM\" \/>\n<meta property=\"article:published_time\" content=\"2013-11-08T22:54:55+00:00\" \/>\n<meta name=\"author\" content=\"Autor\" \/>\n<meta name=\"twitter:card\" content=\"summary_large_image\" \/>\n<meta name=\"twitter:label1\" content=\"Escrito por\" \/>\n\t<meta name=\"twitter:data1\" content=\"Autor\" \/>\n\t<meta name=\"twitter:label2\" content=\"Est. tempo de leitura\" \/>\n\t<meta name=\"twitter:data2\" content=\"4 minutos\" \/>\n<script type=\"application\/ld+json\" class=\"yoast-schema-graph\">{\"@context\":\"https:\/\/schema.org\",\"@graph\":[{\"@type\":\"Article\",\"@id\":\"https:\/\/fieam.org.br\/fieam\/economistas-do-btg-pactual-preveem-crescimento-igual-ou-menor-que-2013\/#article\",\"isPartOf\":{\"@id\":\"https:\/\/fieam.org.br\/fieam\/economistas-do-btg-pactual-preveem-crescimento-igual-ou-menor-que-2013\/\"},\"author\":{\"name\":\"Autor\",\"@id\":\"https:\/\/fieam.org.br\/fieam\/#\/schema\/person\/c1ceda8321521b291cee22da0a7d34be\"},\"headline\":\"Economistas do BTG Pactual preveem crescimento igual ou menor que 2013\",\"datePublished\":\"2013-11-08T22:54:55+00:00\",\"mainEntityOfPage\":{\"@id\":\"https:\/\/fieam.org.br\/fieam\/economistas-do-btg-pactual-preveem-crescimento-igual-ou-menor-que-2013\/\"},\"wordCount\":770,\"commentCount\":0,\"publisher\":{\"@id\":\"https:\/\/fieam.org.br\/fieam\/#organization\"},\"image\":{\"@id\":\"https:\/\/fieam.org.br\/fieam\/economistas-do-btg-pactual-preveem-crescimento-igual-ou-menor-que-2013\/#primaryimage\"},\"thumbnailUrl\":\"http:\/\/www.fieam.org.br\/site\/fieam\/files\/2013\/11\/Presidente-da-FIEAM-reune-economistas-da-BTG-para-apresentar-visao-economica-de-2014.jpg\",\"articleSection\":[\"News\",\"News Destaque\"],\"inLanguage\":\"pt-BR\",\"potentialAction\":[{\"@type\":\"CommentAction\",\"name\":\"Comment\",\"target\":[\"https:\/\/fieam.org.br\/fieam\/economistas-do-btg-pactual-preveem-crescimento-igual-ou-menor-que-2013\/#respond\"]}]},{\"@type\":\"WebPage\",\"@id\":\"https:\/\/fieam.org.br\/fieam\/economistas-do-btg-pactual-preveem-crescimento-igual-ou-menor-que-2013\/\",\"url\":\"https:\/\/fieam.org.br\/fieam\/economistas-do-btg-pactual-preveem-crescimento-igual-ou-menor-que-2013\/\",\"name\":\"Economistas do BTG Pactual preveem crescimento igual ou menor que 2013 - FIEAM\",\"isPartOf\":{\"@id\":\"https:\/\/fieam.org.br\/fieam\/#website\"},\"primaryImageOfPage\":{\"@id\":\"https:\/\/fieam.org.br\/fieam\/economistas-do-btg-pactual-preveem-crescimento-igual-ou-menor-que-2013\/#primaryimage\"},\"image\":{\"@id\":\"https:\/\/fieam.org.br\/fieam\/economistas-do-btg-pactual-preveem-crescimento-igual-ou-menor-que-2013\/#primaryimage\"},\"thumbnailUrl\":\"http:\/\/www.fieam.org.br\/site\/fieam\/files\/2013\/11\/Presidente-da-FIEAM-reune-economistas-da-BTG-para-apresentar-visao-economica-de-2014.jpg\",\"datePublished\":\"2013-11-08T22:54:55+00:00\",\"breadcrumb\":{\"@id\":\"https:\/\/fieam.org.br\/fieam\/economistas-do-btg-pactual-preveem-crescimento-igual-ou-menor-que-2013\/#breadcrumb\"},\"inLanguage\":\"pt-BR\",\"potentialAction\":[{\"@type\":\"ReadAction\",\"target\":[\"https:\/\/fieam.org.br\/fieam\/economistas-do-btg-pactual-preveem-crescimento-igual-ou-menor-que-2013\/\"]}]},{\"@type\":\"ImageObject\",\"inLanguage\":\"pt-BR\",\"@id\":\"https:\/\/fieam.org.br\/fieam\/economistas-do-btg-pactual-preveem-crescimento-igual-ou-menor-que-2013\/#primaryimage\",\"url\":\"http:\/\/www.fieam.org.br\/site\/fieam\/files\/2013\/11\/Presidente-da-FIEAM-reune-economistas-da-BTG-para-apresentar-visao-economica-de-2014.jpg\",\"contentUrl\":\"http:\/\/www.fieam.org.br\/site\/fieam\/files\/2013\/11\/Presidente-da-FIEAM-reune-economistas-da-BTG-para-apresentar-visao-economica-de-2014.jpg\"},{\"@type\":\"BreadcrumbList\",\"@id\":\"https:\/\/fieam.org.br\/fieam\/economistas-do-btg-pactual-preveem-crescimento-igual-ou-menor-que-2013\/#breadcrumb\",\"itemListElement\":[{\"@type\":\"ListItem\",\"position\":1,\"name\":\"In\u00edcio\",\"item\":\"https:\/\/fieam.org.br\/fieam\/\"},{\"@type\":\"ListItem\",\"position\":2,\"name\":\"Economistas do BTG Pactual preveem crescimento igual ou menor que 2013\"}]},{\"@type\":\"WebSite\",\"@id\":\"https:\/\/fieam.org.br\/fieam\/#website\",\"url\":\"https:\/\/fieam.org.br\/fieam\/\",\"name\":\"FIEAM\",\"description\":\"Site Oficial!\",\"publisher\":{\"@id\":\"https:\/\/fieam.org.br\/fieam\/#organization\"},\"potentialAction\":[{\"@type\":\"SearchAction\",\"target\":{\"@type\":\"EntryPoint\",\"urlTemplate\":\"https:\/\/fieam.org.br\/fieam\/?s={search_term_string}\"},\"query-input\":{\"@type\":\"PropertyValueSpecification\",\"valueRequired\":true,\"valueName\":\"search_term_string\"}}],\"inLanguage\":\"pt-BR\"},{\"@type\":\"Organization\",\"@id\":\"https:\/\/fieam.org.br\/fieam\/#organization\",\"name\":\"FIEAM\",\"url\":\"https:\/\/fieam.org.br\/fieam\/\",\"logo\":{\"@type\":\"ImageObject\",\"inLanguage\":\"pt-BR\",\"@id\":\"https:\/\/fieam.org.br\/fieam\/#\/schema\/logo\/image\/\",\"url\":\"https:\/\/fieam.org.br\/fieam\/wp-content\/uploads\/sites\/9\/2024\/03\/cropped-fav.png\",\"contentUrl\":\"https:\/\/fieam.org.br\/fieam\/wp-content\/uploads\/sites\/9\/2024\/03\/cropped-fav.png\",\"width\":597,\"height\":598,\"caption\":\"FIEAM\"},\"image\":{\"@id\":\"https:\/\/fieam.org.br\/fieam\/#\/schema\/logo\/image\/\"}},{\"@type\":\"Person\",\"@id\":\"https:\/\/fieam.org.br\/fieam\/#\/schema\/person\/c1ceda8321521b291cee22da0a7d34be\",\"name\":\"Autor\",\"image\":{\"@type\":\"ImageObject\",\"inLanguage\":\"pt-BR\",\"@id\":\"https:\/\/fieam.org.br\/fieam\/#\/schema\/person\/image\/\",\"url\":\"https:\/\/secure.gravatar.com\/avatar\/3732c223e0e1fad69062a8f770955c9068d37b055204f310a0be18d4069fe380?s=96&d=mm&r=g\",\"contentUrl\":\"https:\/\/secure.gravatar.com\/avatar\/3732c223e0e1fad69062a8f770955c9068d37b055204f310a0be18d4069fe380?s=96&d=mm&r=g\",\"caption\":\"Autor\"},\"sameAs\":[\"https:\/\/marketingmassivo.com.br\"],\"url\":\"https:\/\/fieam.org.br\/fieam\/author\/admin\/\"}]}<\/script>\n<!-- \/ Yoast SEO plugin. -->","yoast_head_json":{"title":"Economistas do BTG Pactual preveem crescimento igual ou menor que 2013 - FIEAM","robots":{"index":"index","follow":"follow","max-snippet":"max-snippet:-1","max-image-preview":"max-image-preview:large","max-video-preview":"max-video-preview:-1"},"canonical":"https:\/\/fieam.org.br\/fieam\/economistas-do-btg-pactual-preveem-crescimento-igual-ou-menor-que-2013\/","og_locale":"pt_BR","og_type":"article","og_title":"Economistas do BTG Pactual preveem crescimento igual ou menor que 2013 - FIEAM","og_description":"O respons\u00e1vel pela \u00e1rea de clientes corporativos do BTG Pactual, Sergio Cutolo, em palestra ontem na\u00a0Federa\u00e7\u00e3o das Ind\u00fastrias do Estado do Amazonas (FIEAM), previu crescimento da economia brasileira para 2014 n\u00e3o muito maior do que a deste ano, com a possibilidade de patamar menor. Segundo Cutolo, a economia norte-americana continuar\u00e1 influenciando o mundo e o [&hellip;]","og_url":"https:\/\/fieam.org.br\/fieam\/economistas-do-btg-pactual-preveem-crescimento-igual-ou-menor-que-2013\/","og_site_name":"FIEAM","article_published_time":"2013-11-08T22:54:55+00:00","author":"Autor","twitter_card":"summary_large_image","twitter_misc":{"Escrito por":"Autor","Est. tempo de leitura":"4 minutos"},"schema":{"@context":"https:\/\/schema.org","@graph":[{"@type":"Article","@id":"https:\/\/fieam.org.br\/fieam\/economistas-do-btg-pactual-preveem-crescimento-igual-ou-menor-que-2013\/#article","isPartOf":{"@id":"https:\/\/fieam.org.br\/fieam\/economistas-do-btg-pactual-preveem-crescimento-igual-ou-menor-que-2013\/"},"author":{"name":"Autor","@id":"https:\/\/fieam.org.br\/fieam\/#\/schema\/person\/c1ceda8321521b291cee22da0a7d34be"},"headline":"Economistas do BTG Pactual preveem crescimento igual ou menor que 2013","datePublished":"2013-11-08T22:54:55+00:00","mainEntityOfPage":{"@id":"https:\/\/fieam.org.br\/fieam\/economistas-do-btg-pactual-preveem-crescimento-igual-ou-menor-que-2013\/"},"wordCount":770,"commentCount":0,"publisher":{"@id":"https:\/\/fieam.org.br\/fieam\/#organization"},"image":{"@id":"https:\/\/fieam.org.br\/fieam\/economistas-do-btg-pactual-preveem-crescimento-igual-ou-menor-que-2013\/#primaryimage"},"thumbnailUrl":"http:\/\/www.fieam.org.br\/site\/fieam\/files\/2013\/11\/Presidente-da-FIEAM-reune-economistas-da-BTG-para-apresentar-visao-economica-de-2014.jpg","articleSection":["News","News Destaque"],"inLanguage":"pt-BR","potentialAction":[{"@type":"CommentAction","name":"Comment","target":["https:\/\/fieam.org.br\/fieam\/economistas-do-btg-pactual-preveem-crescimento-igual-ou-menor-que-2013\/#respond"]}]},{"@type":"WebPage","@id":"https:\/\/fieam.org.br\/fieam\/economistas-do-btg-pactual-preveem-crescimento-igual-ou-menor-que-2013\/","url":"https:\/\/fieam.org.br\/fieam\/economistas-do-btg-pactual-preveem-crescimento-igual-ou-menor-que-2013\/","name":"Economistas do BTG Pactual preveem crescimento igual ou menor que 2013 - FIEAM","isPartOf":{"@id":"https:\/\/fieam.org.br\/fieam\/#website"},"primaryImageOfPage":{"@id":"https:\/\/fieam.org.br\/fieam\/economistas-do-btg-pactual-preveem-crescimento-igual-ou-menor-que-2013\/#primaryimage"},"image":{"@id":"https:\/\/fieam.org.br\/fieam\/economistas-do-btg-pactual-preveem-crescimento-igual-ou-menor-que-2013\/#primaryimage"},"thumbnailUrl":"http:\/\/www.fieam.org.br\/site\/fieam\/files\/2013\/11\/Presidente-da-FIEAM-reune-economistas-da-BTG-para-apresentar-visao-economica-de-2014.jpg","datePublished":"2013-11-08T22:54:55+00:00","breadcrumb":{"@id":"https:\/\/fieam.org.br\/fieam\/economistas-do-btg-pactual-preveem-crescimento-igual-ou-menor-que-2013\/#breadcrumb"},"inLanguage":"pt-BR","potentialAction":[{"@type":"ReadAction","target":["https:\/\/fieam.org.br\/fieam\/economistas-do-btg-pactual-preveem-crescimento-igual-ou-menor-que-2013\/"]}]},{"@type":"ImageObject","inLanguage":"pt-BR","@id":"https:\/\/fieam.org.br\/fieam\/economistas-do-btg-pactual-preveem-crescimento-igual-ou-menor-que-2013\/#primaryimage","url":"http:\/\/www.fieam.org.br\/site\/fieam\/files\/2013\/11\/Presidente-da-FIEAM-reune-economistas-da-BTG-para-apresentar-visao-economica-de-2014.jpg","contentUrl":"http:\/\/www.fieam.org.br\/site\/fieam\/files\/2013\/11\/Presidente-da-FIEAM-reune-economistas-da-BTG-para-apresentar-visao-economica-de-2014.jpg"},{"@type":"BreadcrumbList","@id":"https:\/\/fieam.org.br\/fieam\/economistas-do-btg-pactual-preveem-crescimento-igual-ou-menor-que-2013\/#breadcrumb","itemListElement":[{"@type":"ListItem","position":1,"name":"In\u00edcio","item":"https:\/\/fieam.org.br\/fieam\/"},{"@type":"ListItem","position":2,"name":"Economistas do BTG Pactual preveem crescimento igual ou menor que 2013"}]},{"@type":"WebSite","@id":"https:\/\/fieam.org.br\/fieam\/#website","url":"https:\/\/fieam.org.br\/fieam\/","name":"FIEAM","description":"Site Oficial!","publisher":{"@id":"https:\/\/fieam.org.br\/fieam\/#organization"},"potentialAction":[{"@type":"SearchAction","target":{"@type":"EntryPoint","urlTemplate":"https:\/\/fieam.org.br\/fieam\/?s={search_term_string}"},"query-input":{"@type":"PropertyValueSpecification","valueRequired":true,"valueName":"search_term_string"}}],"inLanguage":"pt-BR"},{"@type":"Organization","@id":"https:\/\/fieam.org.br\/fieam\/#organization","name":"FIEAM","url":"https:\/\/fieam.org.br\/fieam\/","logo":{"@type":"ImageObject","inLanguage":"pt-BR","@id":"https:\/\/fieam.org.br\/fieam\/#\/schema\/logo\/image\/","url":"https:\/\/fieam.org.br\/fieam\/wp-content\/uploads\/sites\/9\/2024\/03\/cropped-fav.png","contentUrl":"https:\/\/fieam.org.br\/fieam\/wp-content\/uploads\/sites\/9\/2024\/03\/cropped-fav.png","width":597,"height":598,"caption":"FIEAM"},"image":{"@id":"https:\/\/fieam.org.br\/fieam\/#\/schema\/logo\/image\/"}},{"@type":"Person","@id":"https:\/\/fieam.org.br\/fieam\/#\/schema\/person\/c1ceda8321521b291cee22da0a7d34be","name":"Autor","image":{"@type":"ImageObject","inLanguage":"pt-BR","@id":"https:\/\/fieam.org.br\/fieam\/#\/schema\/person\/image\/","url":"https:\/\/secure.gravatar.com\/avatar\/3732c223e0e1fad69062a8f770955c9068d37b055204f310a0be18d4069fe380?s=96&d=mm&r=g","contentUrl":"https:\/\/secure.gravatar.com\/avatar\/3732c223e0e1fad69062a8f770955c9068d37b055204f310a0be18d4069fe380?s=96&d=mm&r=g","caption":"Autor"},"sameAs":["https:\/\/marketingmassivo.com.br"],"url":"https:\/\/fieam.org.br\/fieam\/author\/admin\/"}]}},"_links":{"self":[{"href":"https:\/\/fieam.org.br\/fieam\/wp-json\/wp\/v2\/posts\/3784","targetHints":{"allow":["GET"]}}],"collection":[{"href":"https:\/\/fieam.org.br\/fieam\/wp-json\/wp\/v2\/posts"}],"about":[{"href":"https:\/\/fieam.org.br\/fieam\/wp-json\/wp\/v2\/types\/post"}],"author":[{"embeddable":true,"href":"https:\/\/fieam.org.br\/fieam\/wp-json\/wp\/v2\/users\/1"}],"replies":[{"embeddable":true,"href":"https:\/\/fieam.org.br\/fieam\/wp-json\/wp\/v2\/comments?post=3784"}],"version-history":[{"count":0,"href":"https:\/\/fieam.org.br\/fieam\/wp-json\/wp\/v2\/posts\/3784\/revisions"}],"wp:attachment":[{"href":"https:\/\/fieam.org.br\/fieam\/wp-json\/wp\/v2\/media?parent=3784"}],"wp:term":[{"taxonomy":"category","embeddable":true,"href":"https:\/\/fieam.org.br\/fieam\/wp-json\/wp\/v2\/categories?post=3784"},{"taxonomy":"post_tag","embeddable":true,"href":"https:\/\/fieam.org.br\/fieam\/wp-json\/wp\/v2\/tags?post=3784"}],"curies":[{"name":"wp","href":"https:\/\/api.w.org\/{rel}","templated":true}]}}