{"id":3763,"date":"2013-11-08T18:59:09","date_gmt":"2013-11-08T18:59:09","guid":{"rendered":"http:\/\/www.fieam.org.br\/site\/fieam\/?p=3763"},"modified":"2013-11-08T18:59:09","modified_gmt":"2013-11-08T18:59:09","slug":"vice-governador-de-hubei-propoe-protocolo-de-intencoes-a-fieam","status":"publish","type":"post","link":"https:\/\/fieam.org.br\/fieam\/vice-governador-de-hubei-propoe-protocolo-de-intencoes-a-fieam\/","title":{"rendered":"Vice-governador de Hubei prop\u00f5e  Protocolo de Inten\u00e7\u00f5es \u00e0 FIEAM"},"content":{"rendered":"<p align=\"center\">Comitiva quer formar parceria nos neg\u00f3cios<\/p>\n<p>&nbsp;<\/p>\n<figure id=\"attachment_3764\" aria-describedby=\"caption-attachment-3764\" style=\"width: 300px\" class=\"wp-caption alignleft\"><a href=\"http:\/\/www.fieam.org.br\/site\/fieam\/files\/2013\/11\/Miss\u00e3o-Chinesa-da-Prov\u00edncia-de-Hubei-chefiada-pelo-senhor-Hu-Tehui-vice-governador-dessa-localidade..jpg\"><img fetchpriority=\"high\" decoding=\"async\" class=\"size-medium wp-image-3764\" alt=\"Miss\u00e3o Chinesa da Prov\u00edncia de Hubei, chefiada pelo senhor Hu Tehui, vice-governador dessa localidade\" src=\"http:\/\/www.fieam.org.br\/site\/fieam\/files\/2013\/11\/Miss\u00e3o-Chinesa-da-Prov\u00edncia-de-Hubei-chefiada-pelo-senhor-Hu-Tehui-vice-governador-dessa-localidade.-300x175.jpg\" width=\"300\" height=\"175\" \/><\/a><figcaption id=\"caption-attachment-3764\" class=\"wp-caption-text\">Miss\u00e3o Chinesa da Prov\u00edncia de Hubei, chefiada pelo senhor Hu Tehui, vice-governador dessa localidade<\/figcaption><\/figure>\n<p><a href=\"http:\/\/www.fieam.org.br\/site\/fieam\/institucional\/\" target=\"_blank\" rel=\"noopener\">A Federa\u00e7\u00e3o das Ind\u00fastrias do Estado do Amazonas (FIEAM)<\/a>\u00a0recebeu na quarta-feira (6), no\u00a0Audit\u00f3rio Ernani Le\u00e3o de Freitas, miss\u00e3o chinesa da Prov\u00edncia de Hubei, chefiada pelo vice-governador da localidade Hu Tehui.<\/p>\n<p>O objetivo da visita foi propor ao Amazonas, por interm\u00e9dio da institui\u00e7\u00e3o, protocolo de inten\u00e7\u00f5es com fins de neg\u00f3cios, coopera\u00e7\u00f5es e parcerias entre os dois pa\u00edses.<\/p>\n<p>Hu Tehui contou que o governo da China est\u00e1 com projetos de desenvolvimento para a prov\u00edncia, em virtude de seu grande potencial econ\u00f4mico.<\/p>\n<p>\u201cHubei est\u00e1 no cora\u00e7\u00e3o da China, assim como Manaus est\u00e1 no cora\u00e7\u00e3o da Amaz\u00f4nia. Tamb\u00e9m estamos localizados no meio do nosso rio. Temos muito que aprender com voc\u00eas, pois temos muitas similaridades. Queremos convidar os empres\u00e1rios brasileiros para conhecer Hubei, e suas peculiaridades, seu potencial econ\u00f4mico em diversos setores aliment\u00edcio, petroqu\u00edmico, eletr\u00f4nico, entre outros\u201d, disse Hu Tehui.<\/p>\n<p>O vice-governador chin\u00eas, assim como o empresariado local tem expectativas em rela\u00e7\u00e3o a parceria com o Brasil e que esta deve ser uma via de duas m\u00e3os.<\/p>\n<p>\u201cO governador quer investir em Hubai a ponto dela ser a prov\u00edncia mais importante da China\u201d, revelou.<\/p>\n<figure id=\"attachment_3766\" aria-describedby=\"caption-attachment-3766\" style=\"width: 300px\" class=\"wp-caption alignleft\"><a href=\"http:\/\/www.fieam.org.br\/site\/fieam\/files\/2013\/11\/Presidente-em-exerc\u00edcio-da-FIEAM-Mariano-F\u00e9lix-e-vice-governador-de-Hubei-Hu-Tehui.jpg\"><img decoding=\"async\" class=\"size-medium wp-image-3766\" alt=\"Presidente em exerc\u00edcio da FIEAM, Mariano F\u00e9lix, e vice -governador de Hubei,  Hu Tehui\" src=\"http:\/\/www.fieam.org.br\/site\/fieam\/files\/2013\/11\/Presidente-em-exerc\u00edcio-da-FIEAM-Mariano-F\u00e9lix-e-vice-governador-de-Hubei-Hu-Tehui-300x200.jpg\" width=\"300\" height=\"200\" \/><\/a><figcaption id=\"caption-attachment-3766\" class=\"wp-caption-text\">Presidente em exerc\u00edcio da FIEAM, Mariano F\u00e9lix, e vice -governador de Hubei, Hu Tehui<\/figcaption><\/figure>\n<p>O presidente em exerc\u00edcio da FIEAM, Athaydes Mariano F\u00e9lix, destacou a presen\u00e7a dos representantes do com\u00e9rcio, agricultura e do Centro da Ind\u00fastria. \u201cEspero que o protocolo de inten\u00e7\u00f5es prospere e traga resultados para ambas as partes. Coloco o Sistema FIEAM como a casa de voc\u00eas para que essa coopera\u00e7\u00e3o aconte\u00e7a\u201d, disse.<\/p>\n<p>Na ocasi\u00e3o, o diretor de Comunica\u00e7\u00e3o e Marketing do Sistema FIEAM, Paulo Pereira, exp\u00f4s sobre o Sistema Ind\u00fastria para a comitiva e o Polo Industrial de Manaus.<\/p>\n<p>Participaram ainda do encontro o presidente do Centro da Ind\u00fastria do Estado do Amazonas (CIEAM), Wilson P\u00e9rico, do presidente da\u00a0Federa\u00e7\u00e3o da Agricultura e Pecu\u00e1ria do Estado do Amazonas (FAEAM),\u00a0<em>Muni Louren\u00e7o,\u00a0<\/em>e o presidente da Associa\u00e7\u00e3o Comercial do<em>Amazonas<\/em><b>\u00a0<\/b>(<em>ACA<\/em>), Ismael\u00a0<em>Bicharra.<\/em><\/p>\n","protected":false},"excerpt":{"rendered":"<p>Comitiva quer formar parceria nos neg\u00f3cios &nbsp; A Federa\u00e7\u00e3o das Ind\u00fastrias do Estado do Amazonas (FIEAM)\u00a0recebeu na quarta-feira (6), no\u00a0Audit\u00f3rio Ernani Le\u00e3o de Freitas, miss\u00e3o chinesa da Prov\u00edncia de Hubei, chefiada pelo vice-governador da localidade Hu Tehui. O objetivo da visita foi propor ao Amazonas, por interm\u00e9dio da institui\u00e7\u00e3o, protocolo de inten\u00e7\u00f5es com fins de [&hellip;]<\/p>\n","protected":false},"author":1,"featured_media":0,"comment_status":"open","ping_status":"open","sticky":false,"template":"","format":"standard","meta":{"footnotes":""},"categories":[29,30],"tags":[],"class_list":["post-3763","post","type-post","status-publish","format-standard","hentry","category-news","category-news_destaque"],"yoast_head":"<!-- This site is optimized with the Yoast SEO plugin v26.8 - https:\/\/yoast.com\/product\/yoast-seo-wordpress\/ -->\n<title>Vice-governador de Hubei prop\u00f5e Protocolo de Inten\u00e7\u00f5es \u00e0 FIEAM - FIEAM<\/title>\n<meta name=\"robots\" content=\"index, follow, max-snippet:-1, max-image-preview:large, max-video-preview:-1\" \/>\n<link rel=\"canonical\" href=\"https:\/\/fieam.org.br\/fieam\/vice-governador-de-hubei-propoe-protocolo-de-intencoes-a-fieam\/\" \/>\n<meta property=\"og:locale\" content=\"pt_BR\" \/>\n<meta property=\"og:type\" content=\"article\" \/>\n<meta property=\"og:title\" content=\"Vice-governador de Hubei prop\u00f5e Protocolo de Inten\u00e7\u00f5es \u00e0 FIEAM - FIEAM\" \/>\n<meta property=\"og:description\" content=\"Comitiva quer formar parceria nos neg\u00f3cios &nbsp; A Federa\u00e7\u00e3o das Ind\u00fastrias do Estado do Amazonas (FIEAM)\u00a0recebeu na quarta-feira (6), no\u00a0Audit\u00f3rio Ernani Le\u00e3o de Freitas, miss\u00e3o chinesa da Prov\u00edncia de Hubei, chefiada pelo vice-governador da localidade Hu Tehui. O objetivo da visita foi propor ao Amazonas, por interm\u00e9dio da institui\u00e7\u00e3o, protocolo de inten\u00e7\u00f5es com fins de [&hellip;]\" \/>\n<meta property=\"og:url\" content=\"https:\/\/fieam.org.br\/fieam\/vice-governador-de-hubei-propoe-protocolo-de-intencoes-a-fieam\/\" \/>\n<meta property=\"og:site_name\" content=\"FIEAM\" \/>\n<meta property=\"article:published_time\" content=\"2013-11-08T18:59:09+00:00\" \/>\n<meta name=\"author\" content=\"Autor\" \/>\n<meta name=\"twitter:card\" content=\"summary_large_image\" \/>\n<meta name=\"twitter:label1\" content=\"Escrito por\" \/>\n\t<meta name=\"twitter:data1\" content=\"Autor\" \/>\n\t<meta name=\"twitter:label2\" content=\"Est. tempo de leitura\" \/>\n\t<meta name=\"twitter:data2\" content=\"2 minutos\" \/>\n<script type=\"application\/ld+json\" class=\"yoast-schema-graph\">{\"@context\":\"https:\/\/schema.org\",\"@graph\":[{\"@type\":\"Article\",\"@id\":\"https:\/\/fieam.org.br\/fieam\/vice-governador-de-hubei-propoe-protocolo-de-intencoes-a-fieam\/#article\",\"isPartOf\":{\"@id\":\"https:\/\/fieam.org.br\/fieam\/vice-governador-de-hubei-propoe-protocolo-de-intencoes-a-fieam\/\"},\"author\":{\"name\":\"Autor\",\"@id\":\"https:\/\/fieam.org.br\/fieam\/#\/schema\/person\/c1ceda8321521b291cee22da0a7d34be\"},\"headline\":\"Vice-governador de Hubei prop\u00f5e Protocolo de Inten\u00e7\u00f5es \u00e0 FIEAM\",\"datePublished\":\"2013-11-08T18:59:09+00:00\",\"mainEntityOfPage\":{\"@id\":\"https:\/\/fieam.org.br\/fieam\/vice-governador-de-hubei-propoe-protocolo-de-intencoes-a-fieam\/\"},\"wordCount\":412,\"commentCount\":0,\"publisher\":{\"@id\":\"https:\/\/fieam.org.br\/fieam\/#organization\"},\"articleSection\":[\"News\",\"News Destaque\"],\"inLanguage\":\"pt-BR\",\"potentialAction\":[{\"@type\":\"CommentAction\",\"name\":\"Comment\",\"target\":[\"https:\/\/fieam.org.br\/fieam\/vice-governador-de-hubei-propoe-protocolo-de-intencoes-a-fieam\/#respond\"]}]},{\"@type\":\"WebPage\",\"@id\":\"https:\/\/fieam.org.br\/fieam\/vice-governador-de-hubei-propoe-protocolo-de-intencoes-a-fieam\/\",\"url\":\"https:\/\/fieam.org.br\/fieam\/vice-governador-de-hubei-propoe-protocolo-de-intencoes-a-fieam\/\",\"name\":\"Vice-governador de Hubei prop\u00f5e Protocolo de Inten\u00e7\u00f5es \u00e0 FIEAM - FIEAM\",\"isPartOf\":{\"@id\":\"https:\/\/fieam.org.br\/fieam\/#website\"},\"datePublished\":\"2013-11-08T18:59:09+00:00\",\"breadcrumb\":{\"@id\":\"https:\/\/fieam.org.br\/fieam\/vice-governador-de-hubei-propoe-protocolo-de-intencoes-a-fieam\/#breadcrumb\"},\"inLanguage\":\"pt-BR\",\"potentialAction\":[{\"@type\":\"ReadAction\",\"target\":[\"https:\/\/fieam.org.br\/fieam\/vice-governador-de-hubei-propoe-protocolo-de-intencoes-a-fieam\/\"]}]},{\"@type\":\"BreadcrumbList\",\"@id\":\"https:\/\/fieam.org.br\/fieam\/vice-governador-de-hubei-propoe-protocolo-de-intencoes-a-fieam\/#breadcrumb\",\"itemListElement\":[{\"@type\":\"ListItem\",\"position\":1,\"name\":\"In\u00edcio\",\"item\":\"https:\/\/fieam.org.br\/fieam\/\"},{\"@type\":\"ListItem\",\"position\":2,\"name\":\"Vice-governador de Hubei prop\u00f5e Protocolo de Inten\u00e7\u00f5es \u00e0 FIEAM\"}]},{\"@type\":\"WebSite\",\"@id\":\"https:\/\/fieam.org.br\/fieam\/#website\",\"url\":\"https:\/\/fieam.org.br\/fieam\/\",\"name\":\"FIEAM\",\"description\":\"Site Oficial!\",\"publisher\":{\"@id\":\"https:\/\/fieam.org.br\/fieam\/#organization\"},\"potentialAction\":[{\"@type\":\"SearchAction\",\"target\":{\"@type\":\"EntryPoint\",\"urlTemplate\":\"https:\/\/fieam.org.br\/fieam\/?s={search_term_string}\"},\"query-input\":{\"@type\":\"PropertyValueSpecification\",\"valueRequired\":true,\"valueName\":\"search_term_string\"}}],\"inLanguage\":\"pt-BR\"},{\"@type\":\"Organization\",\"@id\":\"https:\/\/fieam.org.br\/fieam\/#organization\",\"name\":\"FIEAM\",\"url\":\"https:\/\/fieam.org.br\/fieam\/\",\"logo\":{\"@type\":\"ImageObject\",\"inLanguage\":\"pt-BR\",\"@id\":\"https:\/\/fieam.org.br\/fieam\/#\/schema\/logo\/image\/\",\"url\":\"https:\/\/fieam.org.br\/fieam\/wp-content\/uploads\/sites\/9\/2024\/03\/cropped-fav.png\",\"contentUrl\":\"https:\/\/fieam.org.br\/fieam\/wp-content\/uploads\/sites\/9\/2024\/03\/cropped-fav.png\",\"width\":597,\"height\":598,\"caption\":\"FIEAM\"},\"image\":{\"@id\":\"https:\/\/fieam.org.br\/fieam\/#\/schema\/logo\/image\/\"}},{\"@type\":\"Person\",\"@id\":\"https:\/\/fieam.org.br\/fieam\/#\/schema\/person\/c1ceda8321521b291cee22da0a7d34be\",\"name\":\"Autor\",\"image\":{\"@type\":\"ImageObject\",\"inLanguage\":\"pt-BR\",\"@id\":\"https:\/\/fieam.org.br\/fieam\/#\/schema\/person\/image\/\",\"url\":\"https:\/\/secure.gravatar.com\/avatar\/3732c223e0e1fad69062a8f770955c9068d37b055204f310a0be18d4069fe380?s=96&d=mm&r=g\",\"contentUrl\":\"https:\/\/secure.gravatar.com\/avatar\/3732c223e0e1fad69062a8f770955c9068d37b055204f310a0be18d4069fe380?s=96&d=mm&r=g\",\"caption\":\"Autor\"},\"sameAs\":[\"https:\/\/marketingmassivo.com.br\"],\"url\":\"https:\/\/fieam.org.br\/fieam\/author\/admin\/\"}]}<\/script>\n<!-- \/ Yoast SEO plugin. -->","yoast_head_json":{"title":"Vice-governador de Hubei prop\u00f5e Protocolo de Inten\u00e7\u00f5es \u00e0 FIEAM - FIEAM","robots":{"index":"index","follow":"follow","max-snippet":"max-snippet:-1","max-image-preview":"max-image-preview:large","max-video-preview":"max-video-preview:-1"},"canonical":"https:\/\/fieam.org.br\/fieam\/vice-governador-de-hubei-propoe-protocolo-de-intencoes-a-fieam\/","og_locale":"pt_BR","og_type":"article","og_title":"Vice-governador de Hubei prop\u00f5e Protocolo de Inten\u00e7\u00f5es \u00e0 FIEAM - FIEAM","og_description":"Comitiva quer formar parceria nos neg\u00f3cios &nbsp; A Federa\u00e7\u00e3o das Ind\u00fastrias do Estado do Amazonas (FIEAM)\u00a0recebeu na quarta-feira (6), no\u00a0Audit\u00f3rio Ernani Le\u00e3o de Freitas, miss\u00e3o chinesa da Prov\u00edncia de Hubei, chefiada pelo vice-governador da localidade Hu Tehui. O objetivo da visita foi propor ao Amazonas, por interm\u00e9dio da institui\u00e7\u00e3o, protocolo de inten\u00e7\u00f5es com fins de [&hellip;]","og_url":"https:\/\/fieam.org.br\/fieam\/vice-governador-de-hubei-propoe-protocolo-de-intencoes-a-fieam\/","og_site_name":"FIEAM","article_published_time":"2013-11-08T18:59:09+00:00","author":"Autor","twitter_card":"summary_large_image","twitter_misc":{"Escrito por":"Autor","Est. tempo de leitura":"2 minutos"},"schema":{"@context":"https:\/\/schema.org","@graph":[{"@type":"Article","@id":"https:\/\/fieam.org.br\/fieam\/vice-governador-de-hubei-propoe-protocolo-de-intencoes-a-fieam\/#article","isPartOf":{"@id":"https:\/\/fieam.org.br\/fieam\/vice-governador-de-hubei-propoe-protocolo-de-intencoes-a-fieam\/"},"author":{"name":"Autor","@id":"https:\/\/fieam.org.br\/fieam\/#\/schema\/person\/c1ceda8321521b291cee22da0a7d34be"},"headline":"Vice-governador de Hubei prop\u00f5e Protocolo de Inten\u00e7\u00f5es \u00e0 FIEAM","datePublished":"2013-11-08T18:59:09+00:00","mainEntityOfPage":{"@id":"https:\/\/fieam.org.br\/fieam\/vice-governador-de-hubei-propoe-protocolo-de-intencoes-a-fieam\/"},"wordCount":412,"commentCount":0,"publisher":{"@id":"https:\/\/fieam.org.br\/fieam\/#organization"},"articleSection":["News","News Destaque"],"inLanguage":"pt-BR","potentialAction":[{"@type":"CommentAction","name":"Comment","target":["https:\/\/fieam.org.br\/fieam\/vice-governador-de-hubei-propoe-protocolo-de-intencoes-a-fieam\/#respond"]}]},{"@type":"WebPage","@id":"https:\/\/fieam.org.br\/fieam\/vice-governador-de-hubei-propoe-protocolo-de-intencoes-a-fieam\/","url":"https:\/\/fieam.org.br\/fieam\/vice-governador-de-hubei-propoe-protocolo-de-intencoes-a-fieam\/","name":"Vice-governador de Hubei prop\u00f5e Protocolo de Inten\u00e7\u00f5es \u00e0 FIEAM - FIEAM","isPartOf":{"@id":"https:\/\/fieam.org.br\/fieam\/#website"},"datePublished":"2013-11-08T18:59:09+00:00","breadcrumb":{"@id":"https:\/\/fieam.org.br\/fieam\/vice-governador-de-hubei-propoe-protocolo-de-intencoes-a-fieam\/#breadcrumb"},"inLanguage":"pt-BR","potentialAction":[{"@type":"ReadAction","target":["https:\/\/fieam.org.br\/fieam\/vice-governador-de-hubei-propoe-protocolo-de-intencoes-a-fieam\/"]}]},{"@type":"BreadcrumbList","@id":"https:\/\/fieam.org.br\/fieam\/vice-governador-de-hubei-propoe-protocolo-de-intencoes-a-fieam\/#breadcrumb","itemListElement":[{"@type":"ListItem","position":1,"name":"In\u00edcio","item":"https:\/\/fieam.org.br\/fieam\/"},{"@type":"ListItem","position":2,"name":"Vice-governador de Hubei prop\u00f5e Protocolo de Inten\u00e7\u00f5es \u00e0 FIEAM"}]},{"@type":"WebSite","@id":"https:\/\/fieam.org.br\/fieam\/#website","url":"https:\/\/fieam.org.br\/fieam\/","name":"FIEAM","description":"Site Oficial!","publisher":{"@id":"https:\/\/fieam.org.br\/fieam\/#organization"},"potentialAction":[{"@type":"SearchAction","target":{"@type":"EntryPoint","urlTemplate":"https:\/\/fieam.org.br\/fieam\/?s={search_term_string}"},"query-input":{"@type":"PropertyValueSpecification","valueRequired":true,"valueName":"search_term_string"}}],"inLanguage":"pt-BR"},{"@type":"Organization","@id":"https:\/\/fieam.org.br\/fieam\/#organization","name":"FIEAM","url":"https:\/\/fieam.org.br\/fieam\/","logo":{"@type":"ImageObject","inLanguage":"pt-BR","@id":"https:\/\/fieam.org.br\/fieam\/#\/schema\/logo\/image\/","url":"https:\/\/fieam.org.br\/fieam\/wp-content\/uploads\/sites\/9\/2024\/03\/cropped-fav.png","contentUrl":"https:\/\/fieam.org.br\/fieam\/wp-content\/uploads\/sites\/9\/2024\/03\/cropped-fav.png","width":597,"height":598,"caption":"FIEAM"},"image":{"@id":"https:\/\/fieam.org.br\/fieam\/#\/schema\/logo\/image\/"}},{"@type":"Person","@id":"https:\/\/fieam.org.br\/fieam\/#\/schema\/person\/c1ceda8321521b291cee22da0a7d34be","name":"Autor","image":{"@type":"ImageObject","inLanguage":"pt-BR","@id":"https:\/\/fieam.org.br\/fieam\/#\/schema\/person\/image\/","url":"https:\/\/secure.gravatar.com\/avatar\/3732c223e0e1fad69062a8f770955c9068d37b055204f310a0be18d4069fe380?s=96&d=mm&r=g","contentUrl":"https:\/\/secure.gravatar.com\/avatar\/3732c223e0e1fad69062a8f770955c9068d37b055204f310a0be18d4069fe380?s=96&d=mm&r=g","caption":"Autor"},"sameAs":["https:\/\/marketingmassivo.com.br"],"url":"https:\/\/fieam.org.br\/fieam\/author\/admin\/"}]}},"_links":{"self":[{"href":"https:\/\/fieam.org.br\/fieam\/wp-json\/wp\/v2\/posts\/3763","targetHints":{"allow":["GET"]}}],"collection":[{"href":"https:\/\/fieam.org.br\/fieam\/wp-json\/wp\/v2\/posts"}],"about":[{"href":"https:\/\/fieam.org.br\/fieam\/wp-json\/wp\/v2\/types\/post"}],"author":[{"embeddable":true,"href":"https:\/\/fieam.org.br\/fieam\/wp-json\/wp\/v2\/users\/1"}],"replies":[{"embeddable":true,"href":"https:\/\/fieam.org.br\/fieam\/wp-json\/wp\/v2\/comments?post=3763"}],"version-history":[{"count":0,"href":"https:\/\/fieam.org.br\/fieam\/wp-json\/wp\/v2\/posts\/3763\/revisions"}],"wp:attachment":[{"href":"https:\/\/fieam.org.br\/fieam\/wp-json\/wp\/v2\/media?parent=3763"}],"wp:term":[{"taxonomy":"category","embeddable":true,"href":"https:\/\/fieam.org.br\/fieam\/wp-json\/wp\/v2\/categories?post=3763"},{"taxonomy":"post_tag","embeddable":true,"href":"https:\/\/fieam.org.br\/fieam\/wp-json\/wp\/v2\/tags?post=3763"}],"curies":[{"name":"wp","href":"https:\/\/api.w.org\/{rel}","templated":true}]}}