{"id":18492,"date":"2026-08-27T20:48:24","date_gmt":"2026-08-27T20:48:24","guid":{"rendered":"https:\/\/fieam.org.br\/fieam\/?p=18492"},"modified":"2026-08-27T21:20:32","modified_gmt":"2026-08-27T21:20:32","slug":"codam-aprova-45-projetos-e-preve-mais-de-r-1-bilhao-em-investimentos-no-amazonas","status":"publish","type":"post","link":"https:\/\/fieam.org.br\/fieam\/codam-aprova-45-projetos-e-preve-mais-de-r-1-bilhao-em-investimentos-no-amazonas\/","title":{"rendered":"Codam aprova 45 projetos e prev\u00ea mais de R$ 1 bilh\u00e3o\u00a0em investimentos no Amazonas"},"content":{"rendered":"<div class=\"x_elementToProof\">O vice-presidente da Federa\u00e7\u00e3o das Ind\u00fastrias do Estado do Amazonas (FIEAM), Nelson Azevedo, participou da 321\u00aa Reuni\u00e3o Ordin\u00e1ria do Conselho de Desenvolvimento do Estado do Amazonas (Codam), realizada nesta quinta-feira (27), no audit\u00f3rio do Servi\u00e7o Nacional de Aprendizagem Industrial (SENAI). Azevedo destacou a import\u00e2ncia da reuni\u00e3o como espa\u00e7o de integra\u00e7\u00e3o entre o poder p\u00fablico e a iniciativa privada para a discuss\u00e3o de investimentos, gera\u00e7\u00e3o de empregos e fortalecimento da economia amazonense.<\/div>\n<div class=\"x_elementToProof\">A reuni\u00e3o aprovou 45 projetos, sendo 25 relacionados a bens finais e 20 a bens intermedi\u00e1rios. Os investimentos superam R$ 1 bilh\u00e3o, com previs\u00e3o inicial de 1.081 novos postos de trabalho. Somados os empregos diretos, indiretos e a m\u00e3o de obra remanejada, o impacto chega a 1.355 postos de trabalho novos ou mantidos.<\/div>\n<div class=\"x_elementToProof\">Dos projetos aprovados, 22 s\u00e3o de implanta\u00e7\u00e3o, 21 de diversifica\u00e7\u00e3o e dois de atualiza\u00e7\u00e3o. Entre os destaques est\u00e1 o projeto da TCL, com R$ 651 milh\u00f5es em investimentos e 256 novos empregos, voltado \u00e0 fabrica\u00e7\u00e3o de telefones celulares e computadores port\u00e1teis. Tamb\u00e9m foram destacados projetos da Zincofer, com R$ 42 milh\u00f5es em investimentos e 25 empregos, e da Multilaser, com R$ 50 milh\u00f5es e 105 novos postos de trabalho, voltado \u00e0 produ\u00e7\u00e3o de componentes de cristal l\u00edquido.<\/div>\n<div class=\"x_elementToProof\">Com a aprova\u00e7\u00e3o da pauta, o Codam chegou a 214 projetos aprovados em 2026, contra 189 no mesmo per\u00edodo do ano passado. A expectativa apresentada na reuni\u00e3o \u00e9 superar novamente a marca de 320 projetos aprovados, alcan\u00e7ada em 2025.<\/div>\n<div><\/div>\n<div><img fetchpriority=\"high\" decoding=\"async\" class=\" wp-image-18494 aligncenter\" src=\"https:\/\/fieam.org.br\/fieam\/wp-content\/uploads\/sites\/9\/2026\/08\/Nelson-Azevedo-vice-presidente-da-FIEAM-300x192.jpg\" alt=\"\" width=\"750\" height=\"480\" srcset=\"https:\/\/fieam.org.br\/fieam\/wp-content\/uploads\/sites\/9\/2026\/08\/Nelson-Azevedo-vice-presidente-da-FIEAM-300x192.jpg 300w, https:\/\/fieam.org.br\/fieam\/wp-content\/uploads\/sites\/9\/2026\/08\/Nelson-Azevedo-vice-presidente-da-FIEAM-1024x654.jpg 1024w, https:\/\/fieam.org.br\/fieam\/wp-content\/uploads\/sites\/9\/2026\/08\/Nelson-Azevedo-vice-presidente-da-FIEAM-768x490.jpg 768w, https:\/\/fieam.org.br\/fieam\/wp-content\/uploads\/sites\/9\/2026\/08\/Nelson-Azevedo-vice-presidente-da-FIEAM-1536x981.jpg 1536w, https:\/\/fieam.org.br\/fieam\/wp-content\/uploads\/sites\/9\/2026\/08\/Nelson-Azevedo-vice-presidente-da-FIEAM-2048x1308.jpg 2048w\" sizes=\"(max-width: 750px) 100vw, 750px\" \/><\/div>\n<div><\/div>\n<div class=\"x_elementToProof\">Segundo o vice-presidente da FIEAM, o ritmo de aprova\u00e7\u00e3o de projetos registrado pelo Codam em 2026 demonstra a confian\u00e7a dos investidores no potencial econ\u00f4mico e industrial do Estado. \u201cOs resultados desta reuni\u00e3o\u201d devem se traduzir em mais desenvolvimento, competitividade, gera\u00e7\u00e3o de renda e prosperidade para o Amazonas, afirmou o vice-presidente da FIEAM.<\/div>\n<div class=\"x_elementToProof\">A reuni\u00e3o contou com a participa\u00e7\u00e3o do governador do Amazonas, Roberto Cidade, do vice-governador e ex-secret\u00e1rio da Sedecti, Serafim Corr\u00eaa, do secret\u00e1rio de Estado de Desenvolvimento Econ\u00f4mico, Ci\u00eancia, Tecnologia e Inova\u00e7\u00e3o, Gustavo Igrejas, al\u00e9m de representantes do setor produtivo, trabalhadores e institui\u00e7\u00f5es.<\/div>\n<div><\/div>\n<div class=\"x_elementToProof\"><b>PIM Manaus registra maior faturamento da hist\u00f3ria no primeiro semestre<\/b><\/div>\n<div><\/div>\n<div><img decoding=\"async\" class=\" wp-image-18498 aligncenter\" src=\"https:\/\/fieam.org.br\/fieam\/wp-content\/uploads\/sites\/9\/2026\/08\/Participantes-da-321a-Reuniao-do-Codam-300x225.jpg\" alt=\"\" width=\"725\" height=\"544\" srcset=\"https:\/\/fieam.org.br\/fieam\/wp-content\/uploads\/sites\/9\/2026\/08\/Participantes-da-321a-Reuniao-do-Codam-300x225.jpg 300w, https:\/\/fieam.org.br\/fieam\/wp-content\/uploads\/sites\/9\/2026\/08\/Participantes-da-321a-Reuniao-do-Codam-1024x768.jpg 1024w, https:\/\/fieam.org.br\/fieam\/wp-content\/uploads\/sites\/9\/2026\/08\/Participantes-da-321a-Reuniao-do-Codam-768x576.jpg 768w, https:\/\/fieam.org.br\/fieam\/wp-content\/uploads\/sites\/9\/2026\/08\/Participantes-da-321a-Reuniao-do-Codam-1536x1152.jpg 1536w, https:\/\/fieam.org.br\/fieam\/wp-content\/uploads\/sites\/9\/2026\/08\/Participantes-da-321a-Reuniao-do-Codam.jpg 2000w\" sizes=\"(max-width: 725px) 100vw, 725px\" \/><\/div>\n<div><\/div>\n<div class=\"x_elementToProof\">Os n\u00fameros apresentados pelo secret\u00e1rio Gustavo Igrejas mostram um cen\u00e1rio de forte atividade econ\u00f4mica no Amazonas. De janeiro a junho de 2026, o Polo Industrial de Manaus (PIM) alcan\u00e7ou US$ 23,5 bilh\u00f5es em faturamento, segundo dados da Suframa. O resultado representa crescimento de 20% em rela\u00e7\u00e3o ao mesmo per\u00edodo de 2025 e \u00e9 o maior faturamento registrado para um primeiro semestre na hist\u00f3ria do Polo.<\/div>\n<div class=\"x_elementToProof\">No acumulado de janeiro a julho, a arrecada\u00e7\u00e3o do ICMS no Estado chegou a R$ 9,47 bilh\u00f5es, permanecendo pr\u00f3xima ao resultado do ano anterior. Com\u00e9rcio e servi\u00e7os responderam por 57,3% da arrecada\u00e7\u00e3o, enquanto a ind\u00fastria representou 43,7%.<\/div>\n<div class=\"x_elementToProof\">O setor eletroeletr\u00f4nico, somado aos bens de inform\u00e1tica, representa aproximadamente 38% do faturamento do PIM. Na sequ\u00eancia aparecem o segmento de duas rodas, com 19,76%, o qu\u00edmico, com 10,85%, termopl\u00e1stico, com 10,51%, metal\u00fargico, com 8,77%, e mec\u00e2nico, com 6,29%. Juntos, esses segmentos respondem por mais de 94% do faturamento do PIM.<\/div>\n<div class=\"x_elementToProof\">Entre os principais produtos fabricados, as motocicletas representam 16,3% do faturamento, seguidas pelos televisores LCD (10,2%), aparelhos de ar-condicionado split (5,5%), placas de circuito impresso para inform\u00e1tica (6%), telefones celulares (6,6%) e concentrados (5,8%).<\/div>\n<div class=\"x_elementToProof\">O estoque de investimentos no Polo Industrial de Manaus tamb\u00e9m atingiu aproximadamente US$ 11 bilh\u00f5es, considerado o maior n\u00edvel da s\u00e9rie apresentada na reuni\u00e3o.<\/div>\n<div><\/div>\n<div class=\"x_elementToProof\"><b>Emprego mant\u00e9m trajet\u00f3ria de alta<\/b><\/div>\n<div><\/div>\n<div class=\"x_elementToProof\">Os indicadores de emprego acompanham o desempenho da ind\u00fastria. O Amazonas possui atualmente 575.359 empregos formais, segundo dados do Caged apresentados durante a reuni\u00e3o. Com\u00e9rcio e servi\u00e7os concentram cerca de 68% desse estoque, enquanto a ind\u00fastria responde por 25,16%. No PIM, a m\u00e9dia de trabalhadores em 2026 chegou a aproximadamente 131 mil, tamb\u00e9m considerada a maior m\u00e9dia hist\u00f3rica.<\/div>\n<div class=\"x_elementToProof\">Os dados de produ\u00e7\u00e3o revelam ainda a import\u00e2ncia da cadeia nacional e regional para o funcionamento do Polo. Cerca de 60% dos insumos v\u00eam do exterior, enquanto aproximadamente 20% s\u00e3o de origem nacional e 20% regional, embora os n\u00fameros mais recentes apresentados na reuni\u00e3o indiquem varia\u00e7\u00f5es para 22% de participa\u00e7\u00e3o nacional e 17% regional.<\/div>\n<div class=\"x_elementToProof\">Do total produzido pelo PIM, 85% t\u00eam como destino o mercado nacional, 13,5% s\u00e3o destinados ao mercado regional e 1,5% correspondem \u00e0s exporta\u00e7\u00f5es.<\/div>\n<div><\/div>\n<div class=\"x_elementToProof\"><b>Setor produtivo questiona aumento da \u201ctaxa de pouca \u00e1gua\u201d<\/b><\/div>\n<div><\/div>\n<div class=\"x_elementToProof\"><img decoding=\"async\" class=\" wp-image-18501 alignright\" src=\"https:\/\/fieam.org.br\/fieam\/wp-content\/uploads\/sites\/9\/2026\/08\/Jorge-Junior-presidente-da-Eletros-200x300.jpg\" alt=\"\" width=\"349\" height=\"524\" srcset=\"https:\/\/fieam.org.br\/fieam\/wp-content\/uploads\/sites\/9\/2026\/08\/Jorge-Junior-presidente-da-Eletros-200x300.jpg 200w, https:\/\/fieam.org.br\/fieam\/wp-content\/uploads\/sites\/9\/2026\/08\/Jorge-Junior-presidente-da-Eletros-683x1024.jpg 683w, https:\/\/fieam.org.br\/fieam\/wp-content\/uploads\/sites\/9\/2026\/08\/Jorge-Junior-presidente-da-Eletros-768x1152.jpg 768w, https:\/\/fieam.org.br\/fieam\/wp-content\/uploads\/sites\/9\/2026\/08\/Jorge-Junior-presidente-da-Eletros-1024x1536.jpg 1024w, https:\/\/fieam.org.br\/fieam\/wp-content\/uploads\/sites\/9\/2026\/08\/Jorge-Junior-presidente-da-Eletros-1365x2048.jpg 1365w, https:\/\/fieam.org.br\/fieam\/wp-content\/uploads\/sites\/9\/2026\/08\/Jorge-Junior-presidente-da-Eletros.jpg 1500w\" sizes=\"(max-width: 349px) 100vw, 349px\" \/><\/div>\n<div><\/div>\n<div class=\"x_elementToProof\">Apesar dos resultados positivos, a log\u00edstica continua sendo um dos principais pontos de aten\u00e7\u00e3o para a economia amazonense. Durante a reuni\u00e3o, o presidente da Eletros e integrante do Conselho de Representantes do Codam, Jorge J\u00fanior, chamou aten\u00e7\u00e3o para o aumento expressivo dos custos de transporte de cargas durante o per\u00edodo de estiagem.<\/div>\n<div class=\"x_elementToProof\">Segundo ele, a chamada \u201ctaxa de pouca \u00e1gua\u201d chegou a ser anunciada em valores superiores a US$ 4.500 por cont\u00eainer, diante de um cen\u00e1rio em que cobran\u00e7as que anteriormente giravam em torno de US$ 400 a US$ 500 passaram para valores pr\u00f3ximos de US$ 5 mil.<\/div>\n<div class=\"x_elementToProof\">Jorge J\u00fanior questionou a justificativa t\u00e9cnica para o aumento e defendeu que a cobran\u00e7a seja acompanhada de transpar\u00eancia. \u201cSe tiver justificativa, ok. Mas por que uma cobran\u00e7a sai de 500 d\u00f3lares para quase 5 mil d\u00f3lares?\u201d, questionou durante a reuni\u00e3o.<\/div>\n<div class=\"x_elementToProof\">O dirigente destacou que a estiagem deixou de ser um fen\u00f4meno excepcional no Amazonas e passou a exigir solu\u00e7\u00f5es estruturais. Na avalia\u00e7\u00e3o dele, a dragagem e a sinaliza\u00e7\u00e3o dos rios precisam ser realizadas de forma cont\u00ednua, e n\u00e3o apenas como medidas emergenciais durante a vazante.<\/div>\n<div class=\"x_elementToProof\">A preocupa\u00e7\u00e3o foi refor\u00e7ada pelo presidente da Associa\u00e7\u00e3o Comercial do Amazonas (ACA), Bruno Loureiro. Segundo ele, a entidade j\u00e1 levou o questionamento \u00e0 Ag\u00eancia Nacional de Transportes Aquavi\u00e1rios (Antaq), \u00f3rg\u00e3o regulador do setor, buscando esclarecer o fato gerador da cobran\u00e7a, o servi\u00e7o efetivamente abrangido e a base de c\u00e1lculo utilizada.<\/div>\n<div class=\"x_elementToProof\">Loureiro citou ainda decis\u00e3o da ag\u00eancia reguladora relacionada ao tema e informou que a ACA vem mantendo tratativas com Minist\u00e9rio P\u00fablico, Associa\u00e7\u00e3o dos Armadores, Marinha do Brasil e representantes dos pr\u00e1ticos. Segundo ele, a entidade tamb\u00e9m se reuniu com o Minist\u00e9rio P\u00fablico Federal no Amazonas para tratar do assunto.<\/div>\n<div><\/div>\n<div><\/div>\n<div><\/div>\n<div><\/div>\n<div class=\"x_elementToProof\"><b>Transpar\u00eancia e fiscaliza\u00e7\u00e3o s\u00e3o apontadas como caminhos<\/b><\/div>\n<div><\/div>\n<div class=\"x_elementToProof\">Para o setor produtivo, a discuss\u00e3o n\u00e3o \u00e9 apenas sobre o valor da tarifa, mas principalmente sobre a necessidade de demonstrar tecnicamente a origem dos custos e a proporcionalidade da cobran\u00e7a.<\/div>\n<div class=\"x_elementToProof\">A defesa apresentada durante o Codam \u00e9 de que os valores sejam acompanhados de planilhas e crit\u00e9rios transparentes que permitam identificar quais custos adicionais efetivamente decorrem da redu\u00e7\u00e3o do n\u00edvel dos rios. A atua\u00e7\u00e3o do \u00f3rg\u00e3o regulador \u00e9 considerada fundamental para avaliar a composi\u00e7\u00e3o da cobran\u00e7a e verificar se ela est\u00e1 de acordo com as regras aplic\u00e1veis ao transporte aquavi\u00e1rio.<\/div>\n<div class=\"x_elementToProof\">O impacto econ\u00f4mico pode alcan\u00e7ar toda a cadeia de abastecimento. Bruno Loureiro alertou que o com\u00e9rcio n\u00e3o tem condi\u00e7\u00f5es de simplesmente absorver um aumento dessa magnitude. Como os custos de frete integram a composi\u00e7\u00e3o dos pre\u00e7os, uma eleva\u00e7\u00e3o significativa tamb\u00e9m pode chegar ao consumidor final.<\/div>\n<div class=\"x_elementToProof\">O vice-governador Serafim Corr\u00eaa classificou a cobran\u00e7a adicional de aproximadamente US$ 5 mil por cont\u00eainer como um fator que pode inviabilizar opera\u00e7\u00f5es comerciais e at\u00e9 provocar desabastecimento.<\/div>\n<div class=\"x_elementToProof\">Diante desse cen\u00e1rio, as entidades defendem uma atua\u00e7\u00e3o conjunta entre empresas, \u00f3rg\u00e3os reguladores, Minist\u00e9rio P\u00fablico e poder p\u00fablico, com transpar\u00eancia na forma\u00e7\u00e3o dos valores, fiscaliza\u00e7\u00e3o dos crit\u00e9rios utilizados e ado\u00e7\u00e3o de solu\u00e7\u00f5es permanentes para a navegabilidade dos rios.<\/div>\n<div class=\"x_elementToProof\">Entre as medidas estruturais apontadas est\u00e1 a realiza\u00e7\u00e3o de dragagem cont\u00ednua durante o ano, al\u00e9m da adequada sinaliza\u00e7\u00e3o dos rios. Serafim informou ainda que uma draga estava a caminho de Itacoatiara para iniciar os servi\u00e7os e que, em caso de necessidade, est\u00e3o previstas alternativas log\u00edsticas com a utiliza\u00e7\u00e3o de estruturas portu\u00e1rias provis\u00f3rias na regi\u00e3o para aliviar ou realizar o transbordo de cargas.<\/div>\n<div><\/div>\n<div class=\"x_elementToProof\"><b>BR-319 e infraestrutura entram na agenda de competitividade<\/b><\/div>\n<div><\/div>\n<div class=\"x_elementToProof\">A log\u00edstica tamb\u00e9m esteve relacionada \u00e0 defesa da BR-319 como alternativa para reduzir a depend\u00eancia do transporte aquavi\u00e1rio durante os per\u00edodos de vazante. Jorge J\u00fanior afirmou que a estiagem recorrente exige que o Estado deixe de trabalhar apenas com medidas paliativas e avance em solu\u00e7\u00f5es estruturais.<\/div>\n<div class=\"x_elementToProof\">O dirigente defendeu ainda que o Codam amplie seu papel. Na avalia\u00e7\u00e3o dele, o conselho deve ir al\u00e9m da aprova\u00e7\u00e3o de projetos industriais e se transformar em um ambiente permanente de discuss\u00e3o sobre a competitividade do Amazonas, reunindo representantes da ind\u00fastria, com\u00e9rcio, servi\u00e7os, trabalhadores e poder p\u00fablico para identificar gargalos e apresentar propostas.<\/div>\n<div class=\"x_elementToProof\">Durante a reuni\u00e3o, Jorge J\u00fanior destacou que o Amazonas avan\u00e7ou no ranking de competitividade elaborado pelo Centro de Lideran\u00e7a P\u00fablica, passando da 17\u00aa para a 14\u00aa posi\u00e7\u00e3o. Para ele, o resultado demonstra evolu\u00e7\u00e3o, mas tamb\u00e9m evidencia que h\u00e1 espa\u00e7o para novos avan\u00e7os.<\/div>\n<div><\/div>\n<div class=\"x_elementToProof\"><b>Governador destaca gera\u00e7\u00e3o de emprego e renda<\/b><\/div>\n<div><\/div>\n<div><img loading=\"lazy\" decoding=\"async\" class=\" wp-image-18500 alignleft\" src=\"https:\/\/fieam.org.br\/fieam\/wp-content\/uploads\/sites\/9\/2026\/08\/Governador-Roberto-Cidade-participa-da-321a-Reuniao-do-Codam-300x225.jpg\" alt=\"\" width=\"520\" height=\"390\" srcset=\"https:\/\/fieam.org.br\/fieam\/wp-content\/uploads\/sites\/9\/2026\/08\/Governador-Roberto-Cidade-participa-da-321a-Reuniao-do-Codam-300x225.jpg 300w, https:\/\/fieam.org.br\/fieam\/wp-content\/uploads\/sites\/9\/2026\/08\/Governador-Roberto-Cidade-participa-da-321a-Reuniao-do-Codam-1024x768.jpg 1024w, https:\/\/fieam.org.br\/fieam\/wp-content\/uploads\/sites\/9\/2026\/08\/Governador-Roberto-Cidade-participa-da-321a-Reuniao-do-Codam-768x576.jpg 768w, https:\/\/fieam.org.br\/fieam\/wp-content\/uploads\/sites\/9\/2026\/08\/Governador-Roberto-Cidade-participa-da-321a-Reuniao-do-Codam-1536x1152.jpg 1536w, https:\/\/fieam.org.br\/fieam\/wp-content\/uploads\/sites\/9\/2026\/08\/Governador-Roberto-Cidade-participa-da-321a-Reuniao-do-Codam-2048x1536.jpg 2048w\" sizes=\"(max-width: 520px) 100vw, 520px\" \/><\/div>\n<div><\/div>\n<div><\/div>\n<div><\/div>\n<div class=\"x_elementToProof\">Ao comentar os resultados da 321\u00aa reuni\u00e3o, o governador Roberto Cidade parabenizou os envolvidos pelos n\u00fameros apresentados e ressaltou o impacto dos investimentos para a economia estadual. O governador tamb\u00e9m destacou a import\u00e2ncia da participa\u00e7\u00e3o do Estado na cria\u00e7\u00e3o de um ambiente favor\u00e1vel aos investimentos e afirmou que a administra\u00e7\u00e3o estadual deve atuar para reduzir entraves burocr\u00e1ticos que possam impedir a gera\u00e7\u00e3o de empregos.<\/div>\n<div class=\"x_elementToProof\">Cidade defendeu ainda a amplia\u00e7\u00e3o e diversifica\u00e7\u00e3o da matriz econ\u00f4mica do Amazonas, com investimentos em atividades como pot\u00e1ssio, terras raras e g\u00e1s natural, al\u00e9m da expans\u00e3o territorial do Polo Industrial de Manaus para atender \u00e0s perspectivas de crescimento at\u00e9 2073.<\/div>\n<div class=\"x_elementToProof\">Ao final, ressaltou que os resultados do Polo Industrial de Manaus t\u00eam reflexos sobre toda a popula\u00e7\u00e3o amazonense. Segundo o governador, o Estado registrou redu\u00e7\u00e3o de 15% na pobreza e de 6% na extrema pobreza, destacando a contribui\u00e7\u00e3o da Zona Franca de Manaus e de pol\u00edticas estaduais para esse resultado.<\/div>\n","protected":false},"excerpt":{"rendered":"<p>O vice-presidente da Federa\u00e7\u00e3o das Ind\u00fastrias do Estado do Amazonas (FIEAM), Nelson Azevedo, participou da 321\u00aa Reuni\u00e3o Ordin\u00e1ria do Conselho de Desenvolvimento do Estado do Amazonas (Codam), realizada nesta quinta-feira (27), no audit\u00f3rio do Servi\u00e7o Nacional de Aprendizagem Industrial (SENAI). Azevedo destacou a import\u00e2ncia da reuni\u00e3o como espa\u00e7o de integra\u00e7\u00e3o entre o poder p\u00fablico e [&hellip;]<\/p>\n","protected":false},"author":9,"featured_media":18493,"comment_status":"open","ping_status":"open","sticky":false,"template":"","format":"standard","meta":{"footnotes":""},"categories":[28,30],"tags":[],"class_list":["post-18492","post","type-post","status-publish","format-standard","has-post-thumbnail","hentry","category-banner-destaque","category-news_destaque"],"yoast_head":"<!-- This site is optimized with the Yoast SEO plugin v28.2 - https:\/\/yoast.com\/product\/yoast-seo-wordpress\/ -->\n<title>Codam aprova 45 projetos e prev\u00ea mais de R$ 1 bilh\u00e3o\u00a0em investimentos no Amazonas - FIEAM<\/title>\n<meta name=\"robots\" content=\"index, follow, max-snippet:-1, max-image-preview:large, max-video-preview:-1\" \/>\n<link rel=\"canonical\" href=\"https:\/\/fieam.org.br\/fieam\/codam-aprova-45-projetos-e-preve-mais-de-r-1-bilhao-em-investimentos-no-amazonas\/\" \/>\n<meta property=\"og:locale\" content=\"pt_BR\" \/>\n<meta property=\"og:type\" content=\"article\" \/>\n<meta property=\"og:title\" content=\"Codam aprova 45 projetos e prev\u00ea mais de R$ 1 bilh\u00e3o\u00a0em investimentos no Amazonas - FIEAM\" \/>\n<meta property=\"og:description\" content=\"O vice-presidente da Federa\u00e7\u00e3o das Ind\u00fastrias do Estado do Amazonas (FIEAM), Nelson Azevedo, participou da 321\u00aa Reuni\u00e3o Ordin\u00e1ria do Conselho de Desenvolvimento do Estado do Amazonas (Codam), realizada nesta quinta-feira (27), no audit\u00f3rio do Servi\u00e7o Nacional de Aprendizagem Industrial (SENAI). Azevedo destacou a import\u00e2ncia da reuni\u00e3o como espa\u00e7o de integra\u00e7\u00e3o entre o poder p\u00fablico e [&hellip;]\" \/>\n<meta property=\"og:url\" content=\"https:\/\/fieam.org.br\/fieam\/codam-aprova-45-projetos-e-preve-mais-de-r-1-bilhao-em-investimentos-no-amazonas\/\" \/>\n<meta property=\"og:site_name\" content=\"FIEAM\" \/>\n<meta property=\"article:published_time\" content=\"2026-08-27T20:48:24+00:00\" \/>\n<meta property=\"article:modified_time\" content=\"2026-08-27T21:20:32+00:00\" \/>\n<meta property=\"og:image\" content=\"https:\/\/fieam.org.br\/fieam\/wp-content\/uploads\/sites\/9\/2026\/08\/321a-Reuniao-do-Codam-foi-realizada-no-SENAI-nesta-quinta-feira-27.jpg\" \/>\n\t<meta property=\"og:image:width\" content=\"2000\" \/>\n\t<meta property=\"og:image:height\" content=\"1500\" \/>\n\t<meta property=\"og:image:type\" content=\"image\/jpeg\" \/>\n<meta name=\"author\" content=\"cris\" \/>\n<meta name=\"twitter:card\" content=\"summary_large_image\" \/>\n<meta name=\"twitter:creator\" content=\"@tour-virtual@fieam.org.br\" \/>\n<meta name=\"twitter:label1\" content=\"Escrito por\" \/>\n\t<meta name=\"twitter:data1\" content=\"cris\" \/>\n\t<meta name=\"twitter:label2\" content=\"Est. tempo de leitura\" \/>\n\t<meta name=\"twitter:data2\" content=\"10 minutos\" \/>\n<script type=\"application\/ld+json\" class=\"yoast-schema-graph\">{\"@context\":\"https:\\\/\\\/schema.org\",\"@graph\":[{\"@type\":\"Article\",\"@id\":\"https:\\\/\\\/fieam.org.br\\\/fieam\\\/codam-aprova-45-projetos-e-preve-mais-de-r-1-bilhao-em-investimentos-no-amazonas\\\/#article\",\"isPartOf\":{\"@id\":\"https:\\\/\\\/fieam.org.br\\\/fieam\\\/codam-aprova-45-projetos-e-preve-mais-de-r-1-bilhao-em-investimentos-no-amazonas\\\/\"},\"author\":{\"name\":\"cris\",\"@id\":\"https:\\\/\\\/fieam.org.br\\\/fieam\\\/#\\\/schema\\\/person\\\/4328490545700e963c51d3e04e2e9d1a\"},\"headline\":\"Codam aprova 45 projetos e prev\u00ea mais de R$ 1 bilh\u00e3o\u00a0em investimentos no Amazonas\",\"datePublished\":\"2026-08-27T20:48:24+00:00\",\"dateModified\":\"2026-08-27T21:20:32+00:00\",\"mainEntityOfPage\":{\"@id\":\"https:\\\/\\\/fieam.org.br\\\/fieam\\\/codam-aprova-45-projetos-e-preve-mais-de-r-1-bilhao-em-investimentos-no-amazonas\\\/\"},\"wordCount\":1744,\"commentCount\":0,\"publisher\":{\"@id\":\"https:\\\/\\\/fieam.org.br\\\/fieam\\\/#organization\"},\"image\":{\"@id\":\"https:\\\/\\\/fieam.org.br\\\/fieam\\\/codam-aprova-45-projetos-e-preve-mais-de-r-1-bilhao-em-investimentos-no-amazonas\\\/#primaryimage\"},\"thumbnailUrl\":\"https:\\\/\\\/fieam.org.br\\\/fieam\\\/wp-content\\\/uploads\\\/sites\\\/9\\\/2026\\\/08\\\/321a-Reuniao-do-Codam-foi-realizada-no-SENAI-nesta-quinta-feira-27.jpg\",\"articleSection\":[\"Banner Destaque\",\"News Destaque\"],\"inLanguage\":\"pt-BR\",\"potentialAction\":[{\"@type\":\"CommentAction\",\"name\":\"Comment\",\"target\":[\"https:\\\/\\\/fieam.org.br\\\/fieam\\\/codam-aprova-45-projetos-e-preve-mais-de-r-1-bilhao-em-investimentos-no-amazonas\\\/#respond\"]}]},{\"@type\":\"WebPage\",\"@id\":\"https:\\\/\\\/fieam.org.br\\\/fieam\\\/codam-aprova-45-projetos-e-preve-mais-de-r-1-bilhao-em-investimentos-no-amazonas\\\/\",\"url\":\"https:\\\/\\\/fieam.org.br\\\/fieam\\\/codam-aprova-45-projetos-e-preve-mais-de-r-1-bilhao-em-investimentos-no-amazonas\\\/\",\"name\":\"Codam aprova 45 projetos e prev\u00ea mais de R$ 1 bilh\u00e3o\u00a0em investimentos no Amazonas - FIEAM\",\"isPartOf\":{\"@id\":\"https:\\\/\\\/fieam.org.br\\\/fieam\\\/#website\"},\"primaryImageOfPage\":{\"@id\":\"https:\\\/\\\/fieam.org.br\\\/fieam\\\/codam-aprova-45-projetos-e-preve-mais-de-r-1-bilhao-em-investimentos-no-amazonas\\\/#primaryimage\"},\"image\":{\"@id\":\"https:\\\/\\\/fieam.org.br\\\/fieam\\\/codam-aprova-45-projetos-e-preve-mais-de-r-1-bilhao-em-investimentos-no-amazonas\\\/#primaryimage\"},\"thumbnailUrl\":\"https:\\\/\\\/fieam.org.br\\\/fieam\\\/wp-content\\\/uploads\\\/sites\\\/9\\\/2026\\\/08\\\/321a-Reuniao-do-Codam-foi-realizada-no-SENAI-nesta-quinta-feira-27.jpg\",\"datePublished\":\"2026-08-27T20:48:24+00:00\",\"dateModified\":\"2026-08-27T21:20:32+00:00\",\"breadcrumb\":{\"@id\":\"https:\\\/\\\/fieam.org.br\\\/fieam\\\/codam-aprova-45-projetos-e-preve-mais-de-r-1-bilhao-em-investimentos-no-amazonas\\\/#breadcrumb\"},\"inLanguage\":\"pt-BR\",\"potentialAction\":[{\"@type\":\"ReadAction\",\"target\":[\"https:\\\/\\\/fieam.org.br\\\/fieam\\\/codam-aprova-45-projetos-e-preve-mais-de-r-1-bilhao-em-investimentos-no-amazonas\\\/\"]}]},{\"@type\":\"ImageObject\",\"inLanguage\":\"pt-BR\",\"@id\":\"https:\\\/\\\/fieam.org.br\\\/fieam\\\/codam-aprova-45-projetos-e-preve-mais-de-r-1-bilhao-em-investimentos-no-amazonas\\\/#primaryimage\",\"url\":\"https:\\\/\\\/fieam.org.br\\\/fieam\\\/wp-content\\\/uploads\\\/sites\\\/9\\\/2026\\\/08\\\/321a-Reuniao-do-Codam-foi-realizada-no-SENAI-nesta-quinta-feira-27.jpg\",\"contentUrl\":\"https:\\\/\\\/fieam.org.br\\\/fieam\\\/wp-content\\\/uploads\\\/sites\\\/9\\\/2026\\\/08\\\/321a-Reuniao-do-Codam-foi-realizada-no-SENAI-nesta-quinta-feira-27.jpg\",\"width\":2000,\"height\":1500},{\"@type\":\"BreadcrumbList\",\"@id\":\"https:\\\/\\\/fieam.org.br\\\/fieam\\\/codam-aprova-45-projetos-e-preve-mais-de-r-1-bilhao-em-investimentos-no-amazonas\\\/#breadcrumb\",\"itemListElement\":[{\"@type\":\"ListItem\",\"position\":1,\"name\":\"In\u00edcio\",\"item\":\"https:\\\/\\\/fieam.org.br\\\/fieam\\\/\"},{\"@type\":\"ListItem\",\"position\":2,\"name\":\"Codam aprova 45 projetos e prev\u00ea mais de R$ 1 bilh\u00e3o\u00a0em investimentos no Amazonas\"}]},{\"@type\":\"WebSite\",\"@id\":\"https:\\\/\\\/fieam.org.br\\\/fieam\\\/#website\",\"url\":\"https:\\\/\\\/fieam.org.br\\\/fieam\\\/\",\"name\":\"FIEAM\",\"description\":\"Site Oficial!\",\"publisher\":{\"@id\":\"https:\\\/\\\/fieam.org.br\\\/fieam\\\/#organization\"},\"potentialAction\":[{\"@type\":\"SearchAction\",\"target\":{\"@type\":\"EntryPoint\",\"urlTemplate\":\"https:\\\/\\\/fieam.org.br\\\/fieam\\\/?s={search_term_string}\"},\"query-input\":{\"@type\":\"PropertyValueSpecification\",\"valueRequired\":true,\"valueName\":\"search_term_string\"}}],\"inLanguage\":\"pt-BR\"},{\"@type\":\"Organization\",\"@id\":\"https:\\\/\\\/fieam.org.br\\\/fieam\\\/#organization\",\"name\":\"FIEAM\",\"url\":\"https:\\\/\\\/fieam.org.br\\\/fieam\\\/\",\"logo\":{\"@type\":\"ImageObject\",\"inLanguage\":\"pt-BR\",\"@id\":\"https:\\\/\\\/fieam.org.br\\\/fieam\\\/#\\\/schema\\\/logo\\\/image\\\/\",\"url\":\"https:\\\/\\\/fieam.org.br\\\/fieam\\\/wp-content\\\/uploads\\\/sites\\\/9\\\/2024\\\/03\\\/cropped-fav.png\",\"contentUrl\":\"https:\\\/\\\/fieam.org.br\\\/fieam\\\/wp-content\\\/uploads\\\/sites\\\/9\\\/2024\\\/03\\\/cropped-fav.png\",\"width\":597,\"height\":598,\"caption\":\"FIEAM\"},\"image\":{\"@id\":\"https:\\\/\\\/fieam.org.br\\\/fieam\\\/#\\\/schema\\\/logo\\\/image\\\/\"}},{\"@type\":\"Person\",\"@id\":\"https:\\\/\\\/fieam.org.br\\\/fieam\\\/#\\\/schema\\\/person\\\/4328490545700e963c51d3e04e2e9d1a\",\"name\":\"cris\",\"image\":{\"@type\":\"ImageObject\",\"inLanguage\":\"pt-BR\",\"@id\":\"https:\\\/\\\/secure.gravatar.com\\\/avatar\\\/e66688f9186abb74f11662d64a816c0971765b5f3721fc721afe90af108548a3?s=96&d=mm&r=g\",\"url\":\"https:\\\/\\\/secure.gravatar.com\\\/avatar\\\/e66688f9186abb74f11662d64a816c0971765b5f3721fc721afe90af108548a3?s=96&d=mm&r=g\",\"contentUrl\":\"https:\\\/\\\/secure.gravatar.com\\\/avatar\\\/e66688f9186abb74f11662d64a816c0971765b5f3721fc721afe90af108548a3?s=96&d=mm&r=g\",\"caption\":\"cris\"},\"sameAs\":[\"https:\\\/\\\/x.com\\\/tour-virtual@fieam.org.br\"],\"url\":\"https:\\\/\\\/fieam.org.br\\\/fieam\\\/author\\\/cris\\\/\"}]}<\/script>\n<!-- \/ Yoast SEO plugin. -->","yoast_head_json":{"title":"Codam aprova 45 projetos e prev\u00ea mais de R$ 1 bilh\u00e3o\u00a0em investimentos no Amazonas - FIEAM","robots":{"index":"index","follow":"follow","max-snippet":"max-snippet:-1","max-image-preview":"max-image-preview:large","max-video-preview":"max-video-preview:-1"},"canonical":"https:\/\/fieam.org.br\/fieam\/codam-aprova-45-projetos-e-preve-mais-de-r-1-bilhao-em-investimentos-no-amazonas\/","og_locale":"pt_BR","og_type":"article","og_title":"Codam aprova 45 projetos e prev\u00ea mais de R$ 1 bilh\u00e3o\u00a0em investimentos no Amazonas - FIEAM","og_description":"O vice-presidente da Federa\u00e7\u00e3o das Ind\u00fastrias do Estado do Amazonas (FIEAM), Nelson Azevedo, participou da 321\u00aa Reuni\u00e3o Ordin\u00e1ria do Conselho de Desenvolvimento do Estado do Amazonas (Codam), realizada nesta quinta-feira (27), no audit\u00f3rio do Servi\u00e7o Nacional de Aprendizagem Industrial (SENAI). Azevedo destacou a import\u00e2ncia da reuni\u00e3o como espa\u00e7o de integra\u00e7\u00e3o entre o poder p\u00fablico e [&hellip;]","og_url":"https:\/\/fieam.org.br\/fieam\/codam-aprova-45-projetos-e-preve-mais-de-r-1-bilhao-em-investimentos-no-amazonas\/","og_site_name":"FIEAM","article_published_time":"2026-08-27T20:48:24+00:00","article_modified_time":"2026-08-27T21:20:32+00:00","og_image":[{"width":2000,"height":1500,"url":"https:\/\/fieam.org.br\/fieam\/wp-content\/uploads\/sites\/9\/2026\/08\/321a-Reuniao-do-Codam-foi-realizada-no-SENAI-nesta-quinta-feira-27.jpg","type":"image\/jpeg"}],"author":"cris","twitter_card":"summary_large_image","twitter_creator":"@tour-virtual@fieam.org.br","twitter_misc":{"Escrito por":"cris","Est. tempo de leitura":"10 minutos"},"schema":{"@context":"https:\/\/schema.org","@graph":[{"@type":"Article","@id":"https:\/\/fieam.org.br\/fieam\/codam-aprova-45-projetos-e-preve-mais-de-r-1-bilhao-em-investimentos-no-amazonas\/#article","isPartOf":{"@id":"https:\/\/fieam.org.br\/fieam\/codam-aprova-45-projetos-e-preve-mais-de-r-1-bilhao-em-investimentos-no-amazonas\/"},"author":{"name":"cris","@id":"https:\/\/fieam.org.br\/fieam\/#\/schema\/person\/4328490545700e963c51d3e04e2e9d1a"},"headline":"Codam aprova 45 projetos e prev\u00ea mais de R$ 1 bilh\u00e3o\u00a0em investimentos no Amazonas","datePublished":"2026-08-27T20:48:24+00:00","dateModified":"2026-08-27T21:20:32+00:00","mainEntityOfPage":{"@id":"https:\/\/fieam.org.br\/fieam\/codam-aprova-45-projetos-e-preve-mais-de-r-1-bilhao-em-investimentos-no-amazonas\/"},"wordCount":1744,"commentCount":0,"publisher":{"@id":"https:\/\/fieam.org.br\/fieam\/#organization"},"image":{"@id":"https:\/\/fieam.org.br\/fieam\/codam-aprova-45-projetos-e-preve-mais-de-r-1-bilhao-em-investimentos-no-amazonas\/#primaryimage"},"thumbnailUrl":"https:\/\/fieam.org.br\/fieam\/wp-content\/uploads\/sites\/9\/2026\/08\/321a-Reuniao-do-Codam-foi-realizada-no-SENAI-nesta-quinta-feira-27.jpg","articleSection":["Banner Destaque","News Destaque"],"inLanguage":"pt-BR","potentialAction":[{"@type":"CommentAction","name":"Comment","target":["https:\/\/fieam.org.br\/fieam\/codam-aprova-45-projetos-e-preve-mais-de-r-1-bilhao-em-investimentos-no-amazonas\/#respond"]}]},{"@type":"WebPage","@id":"https:\/\/fieam.org.br\/fieam\/codam-aprova-45-projetos-e-preve-mais-de-r-1-bilhao-em-investimentos-no-amazonas\/","url":"https:\/\/fieam.org.br\/fieam\/codam-aprova-45-projetos-e-preve-mais-de-r-1-bilhao-em-investimentos-no-amazonas\/","name":"Codam aprova 45 projetos e prev\u00ea mais de R$ 1 bilh\u00e3o\u00a0em investimentos no Amazonas - FIEAM","isPartOf":{"@id":"https:\/\/fieam.org.br\/fieam\/#website"},"primaryImageOfPage":{"@id":"https:\/\/fieam.org.br\/fieam\/codam-aprova-45-projetos-e-preve-mais-de-r-1-bilhao-em-investimentos-no-amazonas\/#primaryimage"},"image":{"@id":"https:\/\/fieam.org.br\/fieam\/codam-aprova-45-projetos-e-preve-mais-de-r-1-bilhao-em-investimentos-no-amazonas\/#primaryimage"},"thumbnailUrl":"https:\/\/fieam.org.br\/fieam\/wp-content\/uploads\/sites\/9\/2026\/08\/321a-Reuniao-do-Codam-foi-realizada-no-SENAI-nesta-quinta-feira-27.jpg","datePublished":"2026-08-27T20:48:24+00:00","dateModified":"2026-08-27T21:20:32+00:00","breadcrumb":{"@id":"https:\/\/fieam.org.br\/fieam\/codam-aprova-45-projetos-e-preve-mais-de-r-1-bilhao-em-investimentos-no-amazonas\/#breadcrumb"},"inLanguage":"pt-BR","potentialAction":[{"@type":"ReadAction","target":["https:\/\/fieam.org.br\/fieam\/codam-aprova-45-projetos-e-preve-mais-de-r-1-bilhao-em-investimentos-no-amazonas\/"]}]},{"@type":"ImageObject","inLanguage":"pt-BR","@id":"https:\/\/fieam.org.br\/fieam\/codam-aprova-45-projetos-e-preve-mais-de-r-1-bilhao-em-investimentos-no-amazonas\/#primaryimage","url":"https:\/\/fieam.org.br\/fieam\/wp-content\/uploads\/sites\/9\/2026\/08\/321a-Reuniao-do-Codam-foi-realizada-no-SENAI-nesta-quinta-feira-27.jpg","contentUrl":"https:\/\/fieam.org.br\/fieam\/wp-content\/uploads\/sites\/9\/2026\/08\/321a-Reuniao-do-Codam-foi-realizada-no-SENAI-nesta-quinta-feira-27.jpg","width":2000,"height":1500},{"@type":"BreadcrumbList","@id":"https:\/\/fieam.org.br\/fieam\/codam-aprova-45-projetos-e-preve-mais-de-r-1-bilhao-em-investimentos-no-amazonas\/#breadcrumb","itemListElement":[{"@type":"ListItem","position":1,"name":"In\u00edcio","item":"https:\/\/fieam.org.br\/fieam\/"},{"@type":"ListItem","position":2,"name":"Codam aprova 45 projetos e prev\u00ea mais de R$ 1 bilh\u00e3o\u00a0em investimentos no Amazonas"}]},{"@type":"WebSite","@id":"https:\/\/fieam.org.br\/fieam\/#website","url":"https:\/\/fieam.org.br\/fieam\/","name":"FIEAM","description":"Site Oficial!","publisher":{"@id":"https:\/\/fieam.org.br\/fieam\/#organization"},"potentialAction":[{"@type":"SearchAction","target":{"@type":"EntryPoint","urlTemplate":"https:\/\/fieam.org.br\/fieam\/?s={search_term_string}"},"query-input":{"@type":"PropertyValueSpecification","valueRequired":true,"valueName":"search_term_string"}}],"inLanguage":"pt-BR"},{"@type":"Organization","@id":"https:\/\/fieam.org.br\/fieam\/#organization","name":"FIEAM","url":"https:\/\/fieam.org.br\/fieam\/","logo":{"@type":"ImageObject","inLanguage":"pt-BR","@id":"https:\/\/fieam.org.br\/fieam\/#\/schema\/logo\/image\/","url":"https:\/\/fieam.org.br\/fieam\/wp-content\/uploads\/sites\/9\/2024\/03\/cropped-fav.png","contentUrl":"https:\/\/fieam.org.br\/fieam\/wp-content\/uploads\/sites\/9\/2024\/03\/cropped-fav.png","width":597,"height":598,"caption":"FIEAM"},"image":{"@id":"https:\/\/fieam.org.br\/fieam\/#\/schema\/logo\/image\/"}},{"@type":"Person","@id":"https:\/\/fieam.org.br\/fieam\/#\/schema\/person\/4328490545700e963c51d3e04e2e9d1a","name":"cris","image":{"@type":"ImageObject","inLanguage":"pt-BR","@id":"https:\/\/secure.gravatar.com\/avatar\/e66688f9186abb74f11662d64a816c0971765b5f3721fc721afe90af108548a3?s=96&d=mm&r=g","url":"https:\/\/secure.gravatar.com\/avatar\/e66688f9186abb74f11662d64a816c0971765b5f3721fc721afe90af108548a3?s=96&d=mm&r=g","contentUrl":"https:\/\/secure.gravatar.com\/avatar\/e66688f9186abb74f11662d64a816c0971765b5f3721fc721afe90af108548a3?s=96&d=mm&r=g","caption":"cris"},"sameAs":["https:\/\/x.com\/tour-virtual@fieam.org.br"],"url":"https:\/\/fieam.org.br\/fieam\/author\/cris\/"}]}},"_links":{"self":[{"href":"https:\/\/fieam.org.br\/fieam\/wp-json\/wp\/v2\/posts\/18492","targetHints":{"allow":["GET"]}}],"collection":[{"href":"https:\/\/fieam.org.br\/fieam\/wp-json\/wp\/v2\/posts"}],"about":[{"href":"https:\/\/fieam.org.br\/fieam\/wp-json\/wp\/v2\/types\/post"}],"author":[{"embeddable":true,"href":"https:\/\/fieam.org.br\/fieam\/wp-json\/wp\/v2\/users\/9"}],"replies":[{"embeddable":true,"href":"https:\/\/fieam.org.br\/fieam\/wp-json\/wp\/v2\/comments?post=18492"}],"version-history":[{"count":6,"href":"https:\/\/fieam.org.br\/fieam\/wp-json\/wp\/v2\/posts\/18492\/revisions"}],"predecessor-version":[{"id":18504,"href":"https:\/\/fieam.org.br\/fieam\/wp-json\/wp\/v2\/posts\/18492\/revisions\/18504"}],"wp:featuredmedia":[{"embeddable":true,"href":"https:\/\/fieam.org.br\/fieam\/wp-json\/wp\/v2\/media\/18493"}],"wp:attachment":[{"href":"https:\/\/fieam.org.br\/fieam\/wp-json\/wp\/v2\/media?parent=18492"}],"wp:term":[{"taxonomy":"category","embeddable":true,"href":"https:\/\/fieam.org.br\/fieam\/wp-json\/wp\/v2\/categories?post=18492"},{"taxonomy":"post_tag","embeddable":true,"href":"https:\/\/fieam.org.br\/fieam\/wp-json\/wp\/v2\/tags?post=18492"}],"curies":[{"name":"wp","href":"https:\/\/api.w.org\/{rel}","templated":true}]}}