{"id":18036,"date":"2026-04-28T20:27:21","date_gmt":"2026-04-28T20:27:21","guid":{"rendered":"https:\/\/fieam.org.br\/fieam\/?p=18036"},"modified":"2026-04-28T20:27:59","modified_gmt":"2026-04-28T20:27:59","slug":"nota-fieam","status":"publish","type":"post","link":"https:\/\/fieam.org.br\/fieam\/nota-fieam\/","title":{"rendered":"NOTA FIEAM"},"content":{"rendered":"<p style=\"text-align: center\"><strong>BR-319: duas d\u00e9cadas de entraves jur\u00eddicos n\u00e3o salvaram a floresta \u2014 apenas aprofundaram o sofrimento da popula\u00e7\u00e3o e prejudicaram a economia do Estado<\/strong><\/p>\n<p>A pavimenta\u00e7\u00e3o de rodovias estrat\u00e9gicas na Amaz\u00f4nia, em especial da BR-319, deve ser compreendida n\u00e3o apenas como uma interven\u00e7\u00e3o de natureza log\u00edstica, mas como instrumento estruturante de integra\u00e7\u00e3o nacional, promo\u00e7\u00e3o da dignidade humana e afirma\u00e7\u00e3o da presen\u00e7a do Estado em regi\u00f5es historicamente marcadas pelo isolamento e pela baixa capilaridade institucional.<\/p>\n<p>\u00c9 necess\u00e1rio afirmar, com clareza t\u00e9cnica e responsabilidade institucional, que o maior risco n\u00e3o reside na pavimenta\u00e7\u00e3o em si, mas na pavimenta\u00e7\u00e3o desacompanhada de uma atua\u00e7\u00e3o efetiva e cont\u00ednua do poder p\u00fablico, inclusive dos \u00f3rg\u00e3os ambientais, como o IBAMA, cuja atua\u00e7\u00e3o, em muitos contextos, acaba ocorrendo de forma epis\u00f3dica e predominantemente repressiva, em raz\u00e3o das limita\u00e7\u00f5es estruturais de presen\u00e7a permanente no territ\u00f3rio.<\/p>\n<p>A experi\u00eancia emp\u00edrica na Amaz\u00f4nia demonstra que a aus\u00eancia estatal constitui um dos principais vetores da criminalidade ambiental, favorecendo pr\u00e1ticas como a grilagem de terras p\u00fablicas, o desmatamento ilegal e outras atividades il\u00edcitas. Sob essa perspectiva, a pavimenta\u00e7\u00e3o da BR-319 deve ser entendida como oportunidade estrat\u00e9gica para o fortalecimento do controle territorial, ao viabilizar maior presen\u00e7a e atua\u00e7\u00e3o coordenada dos \u00f3rg\u00e3os ambientais, das for\u00e7as de seguran\u00e7a e das demais institui\u00e7\u00f5es p\u00fablicas.<\/p>\n<p>A melhoria das condi\u00e7\u00f5es de acesso permite n\u00e3o apenas intensificar a fiscaliza\u00e7\u00e3o, mas tamb\u00e9m estruturar bases operacionais permanentes, ampliar a capacidade de resposta estatal e reduzir o isolamento que historicamente dificulta a aplica\u00e7\u00e3o efetiva da lei.<\/p>\n<p>Para al\u00e9m do aspecto institucional, a pavimenta\u00e7\u00e3o representa ganhos concretos e imediatos para a popula\u00e7\u00e3o dos estados do Amazonas, Rond\u00f4nia e Roraima, destacando-se:<\/p>\n<ul>\n<li>Integra\u00e7\u00e3o regional e nacional, com redu\u00e7\u00e3o do isolamento e fortalecimento da coes\u00e3o territorial;<\/li>\n<li>Amplia\u00e7\u00e3o do acesso a servi\u00e7os essenciais, como sa\u00fade, educa\u00e7\u00e3o e assist\u00eancia social, com maior regularidade e seguran\u00e7a;<\/li>\n<li>Redu\u00e7\u00e3o dos custos log\u00edsticos, impactando diretamente o custo de vida e a competitividade econ\u00f4mica regional;<\/li>\n<li>Fomento \u00e0 atividade econ\u00f4mica l\u00edcita, com est\u00edmulo a cadeias produtivas sustent\u00e1veis e gera\u00e7\u00e3o de emprego e renda;<\/li>\n<li>Melhoria da mobilidade e da seguran\u00e7a vi\u00e1ria, especialmente em per\u00edodos cr\u00edticos, quando trechos n\u00e3o pavimentados se tornam intransit\u00e1veis;<\/li>\n<li>Refor\u00e7o da capacidade log\u00edstica do Estado, inclusive para a\u00e7\u00f5es emergenciais, humanit\u00e1rias e de fiscaliza\u00e7\u00e3o ambiental.<\/li>\n<\/ul>\n<p>Cumpre destacar que a experi\u00eancia hist\u00f3rica \u00e9 inequ\u00edvoca: o isolamento, por si s\u00f3, n\u00e3o protege a floresta. Ao contr\u00e1rio, territ\u00f3rios desassistidos pelo poder p\u00fablico tendem a se tornar mais vulner\u00e1veis \u00e0 ocupa\u00e7\u00e3o desordenada e \u00e0 atua\u00e7\u00e3o de agentes ilegais. Nesse contexto, a pavimenta\u00e7\u00e3o, quando associada a planejamento territorial, monitoramento cont\u00ednuo e governan\u00e7a efetiva, transforma-se em instrumento de ordenamento e prote\u00e7\u00e3o ambiental.<\/p>\n<p>Dessa forma, a defesa da pavimenta\u00e7\u00e3o da BR-319 n\u00e3o se contrap\u00f5e \u00e0 agenda ambiental. Ao rev\u00e9s, refor\u00e7a a necessidade de um modelo de desenvolvimento que integre infraestrutura, presen\u00e7a estatal e sustentabilidade, em conson\u00e2ncia com os princ\u00edpios constitucionais da prote\u00e7\u00e3o ao meio ambiente e da redu\u00e7\u00e3o das desigualdades regionais.<\/p>\n<p>Por outro lado, n\u00e3o se pode ignorar o prolongado atraso na implementa\u00e7\u00e3o dessa infraestrutura, que j\u00e1 se estende por d\u00e9cadas e tem imposto \u00f4nus desproporcional \u00e0 popula\u00e7\u00e3o local, especialmente \u00e0s comunidades mais vulner\u00e1veis. A perpetua\u00e7\u00e3o desse cen\u00e1rio, por in\u00e9rcia ou entraves injustificados, contribui para a manuten\u00e7\u00e3o do isolamento e para o agravamento das desigualdades sociais e territoriais.<\/p>\n<p>Diante disso, reafirma-se que o caminho adequado n\u00e3o reside na paralisa\u00e7\u00e3o de obras estruturantes, mas sim na sua execu\u00e7\u00e3o com responsabilidade, planejamento e presen\u00e7a efetiva do Estado, de modo a assegurar que a infraestrutura atenda ao interesse p\u00fablico, fortale\u00e7a a prote\u00e7\u00e3o ambiental e promova o desenvolvimento sustent\u00e1vel com inclus\u00e3o social.<\/p>\n<p><strong>Antonio Silva<\/strong><\/p>\n<p><strong>Presidente da Federa\u00e7\u00e3o das Ind\u00fastrias do Estado do Amazonas &#8211; FIEAM<\/strong><\/p>\n","protected":false},"excerpt":{"rendered":"<p>BR-319: duas d\u00e9cadas de entraves jur\u00eddicos n\u00e3o salvaram a floresta \u2014 apenas aprofundaram o sofrimento da popula\u00e7\u00e3o e prejudicaram a economia do Estado A pavimenta\u00e7\u00e3o de rodovias estrat\u00e9gicas na Amaz\u00f4nia, em especial da BR-319, deve ser compreendida n\u00e3o apenas como uma interven\u00e7\u00e3o de natureza log\u00edstica, mas como instrumento estruturante de integra\u00e7\u00e3o nacional, promo\u00e7\u00e3o da dignidade [&hellip;]<\/p>\n","protected":false},"author":18,"featured_media":18038,"comment_status":"open","ping_status":"open","sticky":false,"template":"","format":"standard","meta":{"footnotes":""},"categories":[28],"tags":[],"class_list":["post-18036","post","type-post","status-publish","format-standard","has-post-thumbnail","hentry","category-banner-destaque"],"yoast_head":"<!-- This site is optimized with the Yoast SEO plugin v26.8 - https:\/\/yoast.com\/product\/yoast-seo-wordpress\/ -->\n<title>NOTA FIEAM - FIEAM<\/title>\n<meta name=\"robots\" content=\"index, follow, max-snippet:-1, max-image-preview:large, max-video-preview:-1\" \/>\n<link rel=\"canonical\" href=\"https:\/\/fieam.org.br\/fieam\/nota-fieam\/\" \/>\n<meta property=\"og:locale\" content=\"pt_BR\" \/>\n<meta property=\"og:type\" content=\"article\" \/>\n<meta property=\"og:title\" content=\"NOTA FIEAM - FIEAM\" \/>\n<meta property=\"og:description\" content=\"BR-319: duas d\u00e9cadas de entraves jur\u00eddicos n\u00e3o salvaram a floresta \u2014 apenas aprofundaram o sofrimento da popula\u00e7\u00e3o e prejudicaram a economia do Estado A pavimenta\u00e7\u00e3o de rodovias estrat\u00e9gicas na Amaz\u00f4nia, em especial da BR-319, deve ser compreendida n\u00e3o apenas como uma interven\u00e7\u00e3o de natureza log\u00edstica, mas como instrumento estruturante de integra\u00e7\u00e3o nacional, promo\u00e7\u00e3o da dignidade [&hellip;]\" \/>\n<meta property=\"og:url\" content=\"https:\/\/fieam.org.br\/fieam\/nota-fieam\/\" \/>\n<meta property=\"og:site_name\" content=\"FIEAM\" \/>\n<meta property=\"article:published_time\" content=\"2026-04-28T20:27:21+00:00\" \/>\n<meta property=\"article:modified_time\" content=\"2026-04-28T20:27:59+00:00\" \/>\n<meta property=\"og:image\" content=\"https:\/\/fieam.org.br\/fieam\/wp-content\/uploads\/sites\/9\/2026\/04\/WhatsApp-Image-2026-04-28-at-16.26.17.jpeg\" \/>\n\t<meta property=\"og:image:width\" content=\"1600\" \/>\n\t<meta property=\"og:image:height\" content=\"1066\" \/>\n\t<meta property=\"og:image:type\" content=\"image\/jpeg\" \/>\n<meta name=\"author\" content=\"danielearaujo\" \/>\n<meta name=\"twitter:card\" content=\"summary_large_image\" \/>\n<meta name=\"twitter:label1\" content=\"Escrito por\" \/>\n\t<meta name=\"twitter:data1\" content=\"danielearaujo\" \/>\n\t<meta name=\"twitter:label2\" content=\"Est. tempo de leitura\" \/>\n\t<meta name=\"twitter:data2\" content=\"4 minutos\" \/>\n<script type=\"application\/ld+json\" class=\"yoast-schema-graph\">{\"@context\":\"https:\/\/schema.org\",\"@graph\":[{\"@type\":\"Article\",\"@id\":\"https:\/\/fieam.org.br\/fieam\/nota-fieam\/#article\",\"isPartOf\":{\"@id\":\"https:\/\/fieam.org.br\/fieam\/nota-fieam\/\"},\"author\":{\"name\":\"danielearaujo\",\"@id\":\"https:\/\/fieam.org.br\/fieam\/#\/schema\/person\/2da52793836d1930a7ba5eb194412a29\"},\"headline\":\"NOTA FIEAM\",\"datePublished\":\"2026-04-28T20:27:21+00:00\",\"dateModified\":\"2026-04-28T20:27:59+00:00\",\"mainEntityOfPage\":{\"@id\":\"https:\/\/fieam.org.br\/fieam\/nota-fieam\/\"},\"wordCount\":710,\"commentCount\":0,\"publisher\":{\"@id\":\"https:\/\/fieam.org.br\/fieam\/#organization\"},\"image\":{\"@id\":\"https:\/\/fieam.org.br\/fieam\/nota-fieam\/#primaryimage\"},\"thumbnailUrl\":\"https:\/\/fieam.org.br\/fieam\/wp-content\/uploads\/sites\/9\/2026\/04\/WhatsApp-Image-2026-04-28-at-16.26.17.jpeg\",\"articleSection\":[\"Banner Destaque\"],\"inLanguage\":\"pt-BR\",\"potentialAction\":[{\"@type\":\"CommentAction\",\"name\":\"Comment\",\"target\":[\"https:\/\/fieam.org.br\/fieam\/nota-fieam\/#respond\"]}]},{\"@type\":\"WebPage\",\"@id\":\"https:\/\/fieam.org.br\/fieam\/nota-fieam\/\",\"url\":\"https:\/\/fieam.org.br\/fieam\/nota-fieam\/\",\"name\":\"NOTA FIEAM - FIEAM\",\"isPartOf\":{\"@id\":\"https:\/\/fieam.org.br\/fieam\/#website\"},\"primaryImageOfPage\":{\"@id\":\"https:\/\/fieam.org.br\/fieam\/nota-fieam\/#primaryimage\"},\"image\":{\"@id\":\"https:\/\/fieam.org.br\/fieam\/nota-fieam\/#primaryimage\"},\"thumbnailUrl\":\"https:\/\/fieam.org.br\/fieam\/wp-content\/uploads\/sites\/9\/2026\/04\/WhatsApp-Image-2026-04-28-at-16.26.17.jpeg\",\"datePublished\":\"2026-04-28T20:27:21+00:00\",\"dateModified\":\"2026-04-28T20:27:59+00:00\",\"breadcrumb\":{\"@id\":\"https:\/\/fieam.org.br\/fieam\/nota-fieam\/#breadcrumb\"},\"inLanguage\":\"pt-BR\",\"potentialAction\":[{\"@type\":\"ReadAction\",\"target\":[\"https:\/\/fieam.org.br\/fieam\/nota-fieam\/\"]}]},{\"@type\":\"ImageObject\",\"inLanguage\":\"pt-BR\",\"@id\":\"https:\/\/fieam.org.br\/fieam\/nota-fieam\/#primaryimage\",\"url\":\"https:\/\/fieam.org.br\/fieam\/wp-content\/uploads\/sites\/9\/2026\/04\/WhatsApp-Image-2026-04-28-at-16.26.17.jpeg\",\"contentUrl\":\"https:\/\/fieam.org.br\/fieam\/wp-content\/uploads\/sites\/9\/2026\/04\/WhatsApp-Image-2026-04-28-at-16.26.17.jpeg\",\"width\":1600,\"height\":1066},{\"@type\":\"BreadcrumbList\",\"@id\":\"https:\/\/fieam.org.br\/fieam\/nota-fieam\/#breadcrumb\",\"itemListElement\":[{\"@type\":\"ListItem\",\"position\":1,\"name\":\"In\u00edcio\",\"item\":\"https:\/\/fieam.org.br\/fieam\/\"},{\"@type\":\"ListItem\",\"position\":2,\"name\":\"NOTA FIEAM\"}]},{\"@type\":\"WebSite\",\"@id\":\"https:\/\/fieam.org.br\/fieam\/#website\",\"url\":\"https:\/\/fieam.org.br\/fieam\/\",\"name\":\"FIEAM\",\"description\":\"Site Oficial!\",\"publisher\":{\"@id\":\"https:\/\/fieam.org.br\/fieam\/#organization\"},\"potentialAction\":[{\"@type\":\"SearchAction\",\"target\":{\"@type\":\"EntryPoint\",\"urlTemplate\":\"https:\/\/fieam.org.br\/fieam\/?s={search_term_string}\"},\"query-input\":{\"@type\":\"PropertyValueSpecification\",\"valueRequired\":true,\"valueName\":\"search_term_string\"}}],\"inLanguage\":\"pt-BR\"},{\"@type\":\"Organization\",\"@id\":\"https:\/\/fieam.org.br\/fieam\/#organization\",\"name\":\"FIEAM\",\"url\":\"https:\/\/fieam.org.br\/fieam\/\",\"logo\":{\"@type\":\"ImageObject\",\"inLanguage\":\"pt-BR\",\"@id\":\"https:\/\/fieam.org.br\/fieam\/#\/schema\/logo\/image\/\",\"url\":\"https:\/\/fieam.org.br\/fieam\/wp-content\/uploads\/sites\/9\/2024\/03\/cropped-fav.png\",\"contentUrl\":\"https:\/\/fieam.org.br\/fieam\/wp-content\/uploads\/sites\/9\/2024\/03\/cropped-fav.png\",\"width\":597,\"height\":598,\"caption\":\"FIEAM\"},\"image\":{\"@id\":\"https:\/\/fieam.org.br\/fieam\/#\/schema\/logo\/image\/\"}},{\"@type\":\"Person\",\"@id\":\"https:\/\/fieam.org.br\/fieam\/#\/schema\/person\/2da52793836d1930a7ba5eb194412a29\",\"name\":\"danielearaujo\",\"image\":{\"@type\":\"ImageObject\",\"inLanguage\":\"pt-BR\",\"@id\":\"https:\/\/fieam.org.br\/fieam\/#\/schema\/person\/image\/\",\"url\":\"https:\/\/secure.gravatar.com\/avatar\/3d05aa1b7ec7a61527da2f5640dbbb4d48b79db9fb5693b998f5966d1b316426?s=96&d=mm&r=g\",\"contentUrl\":\"https:\/\/secure.gravatar.com\/avatar\/3d05aa1b7ec7a61527da2f5640dbbb4d48b79db9fb5693b998f5966d1b316426?s=96&d=mm&r=g\",\"caption\":\"danielearaujo\"},\"url\":\"https:\/\/fieam.org.br\/fieam\/author\/danielearaujo\/\"}]}<\/script>\n<!-- \/ Yoast SEO plugin. -->","yoast_head_json":{"title":"NOTA FIEAM - FIEAM","robots":{"index":"index","follow":"follow","max-snippet":"max-snippet:-1","max-image-preview":"max-image-preview:large","max-video-preview":"max-video-preview:-1"},"canonical":"https:\/\/fieam.org.br\/fieam\/nota-fieam\/","og_locale":"pt_BR","og_type":"article","og_title":"NOTA FIEAM - FIEAM","og_description":"BR-319: duas d\u00e9cadas de entraves jur\u00eddicos n\u00e3o salvaram a floresta \u2014 apenas aprofundaram o sofrimento da popula\u00e7\u00e3o e prejudicaram a economia do Estado A pavimenta\u00e7\u00e3o de rodovias estrat\u00e9gicas na Amaz\u00f4nia, em especial da BR-319, deve ser compreendida n\u00e3o apenas como uma interven\u00e7\u00e3o de natureza log\u00edstica, mas como instrumento estruturante de integra\u00e7\u00e3o nacional, promo\u00e7\u00e3o da dignidade [&hellip;]","og_url":"https:\/\/fieam.org.br\/fieam\/nota-fieam\/","og_site_name":"FIEAM","article_published_time":"2026-04-28T20:27:21+00:00","article_modified_time":"2026-04-28T20:27:59+00:00","og_image":[{"width":1600,"height":1066,"url":"https:\/\/fieam.org.br\/fieam\/wp-content\/uploads\/sites\/9\/2026\/04\/WhatsApp-Image-2026-04-28-at-16.26.17.jpeg","type":"image\/jpeg"}],"author":"danielearaujo","twitter_card":"summary_large_image","twitter_misc":{"Escrito por":"danielearaujo","Est. tempo de leitura":"4 minutos"},"schema":{"@context":"https:\/\/schema.org","@graph":[{"@type":"Article","@id":"https:\/\/fieam.org.br\/fieam\/nota-fieam\/#article","isPartOf":{"@id":"https:\/\/fieam.org.br\/fieam\/nota-fieam\/"},"author":{"name":"danielearaujo","@id":"https:\/\/fieam.org.br\/fieam\/#\/schema\/person\/2da52793836d1930a7ba5eb194412a29"},"headline":"NOTA FIEAM","datePublished":"2026-04-28T20:27:21+00:00","dateModified":"2026-04-28T20:27:59+00:00","mainEntityOfPage":{"@id":"https:\/\/fieam.org.br\/fieam\/nota-fieam\/"},"wordCount":710,"commentCount":0,"publisher":{"@id":"https:\/\/fieam.org.br\/fieam\/#organization"},"image":{"@id":"https:\/\/fieam.org.br\/fieam\/nota-fieam\/#primaryimage"},"thumbnailUrl":"https:\/\/fieam.org.br\/fieam\/wp-content\/uploads\/sites\/9\/2026\/04\/WhatsApp-Image-2026-04-28-at-16.26.17.jpeg","articleSection":["Banner Destaque"],"inLanguage":"pt-BR","potentialAction":[{"@type":"CommentAction","name":"Comment","target":["https:\/\/fieam.org.br\/fieam\/nota-fieam\/#respond"]}]},{"@type":"WebPage","@id":"https:\/\/fieam.org.br\/fieam\/nota-fieam\/","url":"https:\/\/fieam.org.br\/fieam\/nota-fieam\/","name":"NOTA FIEAM - FIEAM","isPartOf":{"@id":"https:\/\/fieam.org.br\/fieam\/#website"},"primaryImageOfPage":{"@id":"https:\/\/fieam.org.br\/fieam\/nota-fieam\/#primaryimage"},"image":{"@id":"https:\/\/fieam.org.br\/fieam\/nota-fieam\/#primaryimage"},"thumbnailUrl":"https:\/\/fieam.org.br\/fieam\/wp-content\/uploads\/sites\/9\/2026\/04\/WhatsApp-Image-2026-04-28-at-16.26.17.jpeg","datePublished":"2026-04-28T20:27:21+00:00","dateModified":"2026-04-28T20:27:59+00:00","breadcrumb":{"@id":"https:\/\/fieam.org.br\/fieam\/nota-fieam\/#breadcrumb"},"inLanguage":"pt-BR","potentialAction":[{"@type":"ReadAction","target":["https:\/\/fieam.org.br\/fieam\/nota-fieam\/"]}]},{"@type":"ImageObject","inLanguage":"pt-BR","@id":"https:\/\/fieam.org.br\/fieam\/nota-fieam\/#primaryimage","url":"https:\/\/fieam.org.br\/fieam\/wp-content\/uploads\/sites\/9\/2026\/04\/WhatsApp-Image-2026-04-28-at-16.26.17.jpeg","contentUrl":"https:\/\/fieam.org.br\/fieam\/wp-content\/uploads\/sites\/9\/2026\/04\/WhatsApp-Image-2026-04-28-at-16.26.17.jpeg","width":1600,"height":1066},{"@type":"BreadcrumbList","@id":"https:\/\/fieam.org.br\/fieam\/nota-fieam\/#breadcrumb","itemListElement":[{"@type":"ListItem","position":1,"name":"In\u00edcio","item":"https:\/\/fieam.org.br\/fieam\/"},{"@type":"ListItem","position":2,"name":"NOTA FIEAM"}]},{"@type":"WebSite","@id":"https:\/\/fieam.org.br\/fieam\/#website","url":"https:\/\/fieam.org.br\/fieam\/","name":"FIEAM","description":"Site Oficial!","publisher":{"@id":"https:\/\/fieam.org.br\/fieam\/#organization"},"potentialAction":[{"@type":"SearchAction","target":{"@type":"EntryPoint","urlTemplate":"https:\/\/fieam.org.br\/fieam\/?s={search_term_string}"},"query-input":{"@type":"PropertyValueSpecification","valueRequired":true,"valueName":"search_term_string"}}],"inLanguage":"pt-BR"},{"@type":"Organization","@id":"https:\/\/fieam.org.br\/fieam\/#organization","name":"FIEAM","url":"https:\/\/fieam.org.br\/fieam\/","logo":{"@type":"ImageObject","inLanguage":"pt-BR","@id":"https:\/\/fieam.org.br\/fieam\/#\/schema\/logo\/image\/","url":"https:\/\/fieam.org.br\/fieam\/wp-content\/uploads\/sites\/9\/2024\/03\/cropped-fav.png","contentUrl":"https:\/\/fieam.org.br\/fieam\/wp-content\/uploads\/sites\/9\/2024\/03\/cropped-fav.png","width":597,"height":598,"caption":"FIEAM"},"image":{"@id":"https:\/\/fieam.org.br\/fieam\/#\/schema\/logo\/image\/"}},{"@type":"Person","@id":"https:\/\/fieam.org.br\/fieam\/#\/schema\/person\/2da52793836d1930a7ba5eb194412a29","name":"danielearaujo","image":{"@type":"ImageObject","inLanguage":"pt-BR","@id":"https:\/\/fieam.org.br\/fieam\/#\/schema\/person\/image\/","url":"https:\/\/secure.gravatar.com\/avatar\/3d05aa1b7ec7a61527da2f5640dbbb4d48b79db9fb5693b998f5966d1b316426?s=96&d=mm&r=g","contentUrl":"https:\/\/secure.gravatar.com\/avatar\/3d05aa1b7ec7a61527da2f5640dbbb4d48b79db9fb5693b998f5966d1b316426?s=96&d=mm&r=g","caption":"danielearaujo"},"url":"https:\/\/fieam.org.br\/fieam\/author\/danielearaujo\/"}]}},"_links":{"self":[{"href":"https:\/\/fieam.org.br\/fieam\/wp-json\/wp\/v2\/posts\/18036","targetHints":{"allow":["GET"]}}],"collection":[{"href":"https:\/\/fieam.org.br\/fieam\/wp-json\/wp\/v2\/posts"}],"about":[{"href":"https:\/\/fieam.org.br\/fieam\/wp-json\/wp\/v2\/types\/post"}],"author":[{"embeddable":true,"href":"https:\/\/fieam.org.br\/fieam\/wp-json\/wp\/v2\/users\/18"}],"replies":[{"embeddable":true,"href":"https:\/\/fieam.org.br\/fieam\/wp-json\/wp\/v2\/comments?post=18036"}],"version-history":[{"count":2,"href":"https:\/\/fieam.org.br\/fieam\/wp-json\/wp\/v2\/posts\/18036\/revisions"}],"predecessor-version":[{"id":18039,"href":"https:\/\/fieam.org.br\/fieam\/wp-json\/wp\/v2\/posts\/18036\/revisions\/18039"}],"wp:featuredmedia":[{"embeddable":true,"href":"https:\/\/fieam.org.br\/fieam\/wp-json\/wp\/v2\/media\/18038"}],"wp:attachment":[{"href":"https:\/\/fieam.org.br\/fieam\/wp-json\/wp\/v2\/media?parent=18036"}],"wp:term":[{"taxonomy":"category","embeddable":true,"href":"https:\/\/fieam.org.br\/fieam\/wp-json\/wp\/v2\/categories?post=18036"},{"taxonomy":"post_tag","embeddable":true,"href":"https:\/\/fieam.org.br\/fieam\/wp-json\/wp\/v2\/tags?post=18036"}],"curies":[{"name":"wp","href":"https:\/\/api.w.org\/{rel}","templated":true}]}}