{"id":18030,"date":"2026-04-28T19:26:13","date_gmt":"2026-04-28T19:26:13","guid":{"rendered":"https:\/\/fieam.org.br\/fieam\/?p=18030"},"modified":"2026-04-28T19:38:33","modified_gmt":"2026-04-28T19:38:33","slug":"fieam-e-suframa-em-agenda-por-mais-competitividade-da-zfm","status":"publish","type":"post","link":"https:\/\/fieam.org.br\/fieam\/fieam-e-suframa-em-agenda-por-mais-competitividade-da-zfm\/","title":{"rendered":"FIEAM e Suframa em agenda por mais competitividade da ZFM"},"content":{"rendered":"<p>Na manh\u00e3 desta ter\u00e7a-feira (28) o presidente da Federa\u00e7\u00e3o das Ind\u00fastrias do Estado do Amazonas (FIEAM), Antonio Silva, reuniu-se com o superintendente da Superintend\u00eancia da Zona Franca de Manaus (Suframa), Leopoldo Montenegro. O encontro contou ainda com a participa\u00e7\u00e3o da superintendente adjunta de Projetos, Camilla Jacquelinne Carneiro, e do gerente de Projetos, Ozenas Maciel.<\/p>\n<p>Durante a reuni\u00e3o, foram discutidos temas estrat\u00e9gicos para o ambiente de neg\u00f3cios da Zona Franca de Manaus (ZFM), com destaque para a necessidade de aprimoramentos regulat\u00f3rios e maior seguran\u00e7a jur\u00eddica para as empresas instaladas no Polo Industrial de Manaus (PIM). Entre os pontos abordados, esteve a proposta de atualiza\u00e7\u00e3o da Resolu\u00e7\u00e3o n\u00ba 102\/2021 normativa com impacto direto sobre processos administrativos e custos operacionais do setor produtivo.<\/p>\n<p>Antonio Silva manifestou preocupa\u00e7\u00e3o com cobran\u00e7as consideradas elevadas e mudan\u00e7as de crit\u00e9rios que v\u00eam gerando inseguran\u00e7a e, em alguns casos, questionamentos judiciais por parte das empresas. A busca por uma base legal mais clara e equilibrada foi apontada como prioridade, de modo a evitar distor\u00e7\u00f5es e garantir previsibilidade \u00e0s opera\u00e7\u00f5es.<\/p>\n<p><img fetchpriority=\"high\" decoding=\"async\" class=\"aligncenter wp-image-18032\" src=\"https:\/\/fieam.org.br\/fieam\/wp-content\/uploads\/sites\/9\/2026\/04\/Antonio-Silva-presidente-da-FIEAM-defendeu-maior-seguranca-juridica-e-revisao-de-normas-para-garantir-previsibilidade-e-competitividade-as-empresas-da-ZFM-150x150.jpg\" alt=\"\" width=\"500\" height=\"375\" srcset=\"https:\/\/fieam.org.br\/fieam\/wp-content\/uploads\/sites\/9\/2026\/04\/Antonio-Silva-presidente-da-FIEAM-defendeu-maior-seguranca-juridica-e-revisao-de-normas-para-garantir-previsibilidade-e-competitividade-as-empresas-da-ZFM-300x225.jpg 300w, https:\/\/fieam.org.br\/fieam\/wp-content\/uploads\/sites\/9\/2026\/04\/Antonio-Silva-presidente-da-FIEAM-defendeu-maior-seguranca-juridica-e-revisao-de-normas-para-garantir-previsibilidade-e-competitividade-as-empresas-da-ZFM-1024x768.jpg 1024w, https:\/\/fieam.org.br\/fieam\/wp-content\/uploads\/sites\/9\/2026\/04\/Antonio-Silva-presidente-da-FIEAM-defendeu-maior-seguranca-juridica-e-revisao-de-normas-para-garantir-previsibilidade-e-competitividade-as-empresas-da-ZFM-768x576.jpg 768w, https:\/\/fieam.org.br\/fieam\/wp-content\/uploads\/sites\/9\/2026\/04\/Antonio-Silva-presidente-da-FIEAM-defendeu-maior-seguranca-juridica-e-revisao-de-normas-para-garantir-previsibilidade-e-competitividade-as-empresas-da-ZFM-1536x1152.jpg 1536w, https:\/\/fieam.org.br\/fieam\/wp-content\/uploads\/sites\/9\/2026\/04\/Antonio-Silva-presidente-da-FIEAM-defendeu-maior-seguranca-juridica-e-revisao-de-normas-para-garantir-previsibilidade-e-competitividade-as-empresas-da-ZFM.jpg 2000w\" sizes=\"(max-width: 500px) 100vw, 500px\" \/><\/p>\n<p>O presidente da FIEAM mencionou a necessidade de di\u00e1logo institucional mais pr\u00f3ximo entre os \u00f3rg\u00e3os envolvidos, incluindo conselheiros e inst\u00e2ncias t\u00e9cnicas respons\u00e1veis por decis\u00f5es regulat\u00f3rias. E refor\u00e7ou a import\u00e2ncia de uma agenda conjunta para tratar dos temas pendentes e avan\u00e7ar na constru\u00e7\u00e3o de solu\u00e7\u00f5es que preservem a competitividade do modelo Zona Franca.<\/p>\n<p>O superintendente da Suframa, Leopoldo Montenegro, destacou a disposi\u00e7\u00e3o da autarquia em manter o di\u00e1logo aberto com o setor industrial e avaliar alternativas que contribuam para o aprimoramento dos processos, respeitando os marcos legais vigentes.<\/p>\n<p>Ao final do encontro, ficou acordado o refor\u00e7o na articula\u00e7\u00e3o entre as equipes t\u00e9cnicas e a tentativa de agendamento de reuni\u00f5es ampliadas com todos os atores envolvidos, visando acelerar encaminhamentos e consolidar propostas que tragam maior estabilidade e efici\u00eancia ao ambiente produtivo regional.<\/p>\n<p>\ud83c\udf9e\ufe0f <a href=\"https:\/\/www.instagram.com\/reel\/DXr-gPFgc8n\/?igsh=cmY1Zmd3bjExdWtn\">Clique aqui<\/a> para curtir o nosso reels.<\/p>\n","protected":false},"excerpt":{"rendered":"<p>Na manh\u00e3 desta ter\u00e7a-feira (28) o presidente da Federa\u00e7\u00e3o das Ind\u00fastrias do Estado do Amazonas (FIEAM), Antonio Silva, reuniu-se com o superintendente da Superintend\u00eancia da Zona Franca de Manaus (Suframa), Leopoldo Montenegro. O encontro contou ainda com a participa\u00e7\u00e3o da superintendente adjunta de Projetos, Camilla Jacquelinne Carneiro, e do gerente de Projetos, Ozenas Maciel. Durante [&hellip;]<\/p>\n","protected":false},"author":18,"featured_media":18031,"comment_status":"open","ping_status":"open","sticky":false,"template":"","format":"standard","meta":{"footnotes":""},"categories":[1],"tags":[],"class_list":["post-18030","post","type-post","status-publish","format-standard","has-post-thumbnail","hentry","category-geral"],"yoast_head":"<!-- This site is optimized with the Yoast SEO plugin v26.8 - https:\/\/yoast.com\/product\/yoast-seo-wordpress\/ -->\n<title>FIEAM e Suframa em agenda por mais competitividade da ZFM - FIEAM<\/title>\n<meta name=\"robots\" content=\"index, follow, max-snippet:-1, max-image-preview:large, max-video-preview:-1\" \/>\n<link rel=\"canonical\" href=\"https:\/\/fieam.org.br\/fieam\/fieam-e-suframa-em-agenda-por-mais-competitividade-da-zfm\/\" \/>\n<meta property=\"og:locale\" content=\"pt_BR\" \/>\n<meta property=\"og:type\" content=\"article\" \/>\n<meta property=\"og:title\" content=\"FIEAM e Suframa em agenda por mais competitividade da ZFM - FIEAM\" \/>\n<meta property=\"og:description\" content=\"Na manh\u00e3 desta ter\u00e7a-feira (28) o presidente da Federa\u00e7\u00e3o das Ind\u00fastrias do Estado do Amazonas (FIEAM), Antonio Silva, reuniu-se com o superintendente da Superintend\u00eancia da Zona Franca de Manaus (Suframa), Leopoldo Montenegro. O encontro contou ainda com a participa\u00e7\u00e3o da superintendente adjunta de Projetos, Camilla Jacquelinne Carneiro, e do gerente de Projetos, Ozenas Maciel. Durante [&hellip;]\" \/>\n<meta property=\"og:url\" content=\"https:\/\/fieam.org.br\/fieam\/fieam-e-suframa-em-agenda-por-mais-competitividade-da-zfm\/\" \/>\n<meta property=\"og:site_name\" content=\"FIEAM\" \/>\n<meta property=\"article:published_time\" content=\"2026-04-28T19:26:13+00:00\" \/>\n<meta property=\"article:modified_time\" content=\"2026-04-28T19:38:33+00:00\" \/>\n<meta property=\"og:image\" content=\"https:\/\/fieam.org.br\/fieam\/wp-content\/uploads\/sites\/9\/2026\/04\/Reuniao-entre-FIEAM-e-Suframa-debateu-ajustes-regulatorios-e-acoes-para-fortalecer-o-ambiente-de-negocios-no-Polo-Industrial-de-Manaus-PIM.jpg\" \/>\n\t<meta property=\"og:image:width\" content=\"2000\" \/>\n\t<meta property=\"og:image:height\" content=\"1500\" \/>\n\t<meta property=\"og:image:type\" content=\"image\/jpeg\" \/>\n<meta name=\"author\" content=\"danielearaujo\" \/>\n<meta name=\"twitter:card\" content=\"summary_large_image\" \/>\n<meta name=\"twitter:label1\" content=\"Escrito por\" \/>\n\t<meta name=\"twitter:data1\" content=\"danielearaujo\" \/>\n\t<meta name=\"twitter:label2\" content=\"Est. tempo de leitura\" \/>\n\t<meta name=\"twitter:data2\" content=\"3 minutos\" \/>\n<script type=\"application\/ld+json\" class=\"yoast-schema-graph\">{\"@context\":\"https:\/\/schema.org\",\"@graph\":[{\"@type\":\"Article\",\"@id\":\"https:\/\/fieam.org.br\/fieam\/fieam-e-suframa-em-agenda-por-mais-competitividade-da-zfm\/#article\",\"isPartOf\":{\"@id\":\"https:\/\/fieam.org.br\/fieam\/fieam-e-suframa-em-agenda-por-mais-competitividade-da-zfm\/\"},\"author\":{\"name\":\"danielearaujo\",\"@id\":\"https:\/\/fieam.org.br\/fieam\/#\/schema\/person\/2da52793836d1930a7ba5eb194412a29\"},\"headline\":\"FIEAM e Suframa em agenda por mais competitividade da ZFM\",\"datePublished\":\"2026-04-28T19:26:13+00:00\",\"dateModified\":\"2026-04-28T19:38:33+00:00\",\"mainEntityOfPage\":{\"@id\":\"https:\/\/fieam.org.br\/fieam\/fieam-e-suframa-em-agenda-por-mais-competitividade-da-zfm\/\"},\"wordCount\":356,\"commentCount\":0,\"publisher\":{\"@id\":\"https:\/\/fieam.org.br\/fieam\/#organization\"},\"image\":{\"@id\":\"https:\/\/fieam.org.br\/fieam\/fieam-e-suframa-em-agenda-por-mais-competitividade-da-zfm\/#primaryimage\"},\"thumbnailUrl\":\"https:\/\/fieam.org.br\/fieam\/wp-content\/uploads\/sites\/9\/2026\/04\/Reuniao-entre-FIEAM-e-Suframa-debateu-ajustes-regulatorios-e-acoes-para-fortalecer-o-ambiente-de-negocios-no-Polo-Industrial-de-Manaus-PIM.jpg\",\"articleSection\":[\"Geral\"],\"inLanguage\":\"pt-BR\",\"potentialAction\":[{\"@type\":\"CommentAction\",\"name\":\"Comment\",\"target\":[\"https:\/\/fieam.org.br\/fieam\/fieam-e-suframa-em-agenda-por-mais-competitividade-da-zfm\/#respond\"]}]},{\"@type\":\"WebPage\",\"@id\":\"https:\/\/fieam.org.br\/fieam\/fieam-e-suframa-em-agenda-por-mais-competitividade-da-zfm\/\",\"url\":\"https:\/\/fieam.org.br\/fieam\/fieam-e-suframa-em-agenda-por-mais-competitividade-da-zfm\/\",\"name\":\"FIEAM e Suframa em agenda por mais competitividade da ZFM - FIEAM\",\"isPartOf\":{\"@id\":\"https:\/\/fieam.org.br\/fieam\/#website\"},\"primaryImageOfPage\":{\"@id\":\"https:\/\/fieam.org.br\/fieam\/fieam-e-suframa-em-agenda-por-mais-competitividade-da-zfm\/#primaryimage\"},\"image\":{\"@id\":\"https:\/\/fieam.org.br\/fieam\/fieam-e-suframa-em-agenda-por-mais-competitividade-da-zfm\/#primaryimage\"},\"thumbnailUrl\":\"https:\/\/fieam.org.br\/fieam\/wp-content\/uploads\/sites\/9\/2026\/04\/Reuniao-entre-FIEAM-e-Suframa-debateu-ajustes-regulatorios-e-acoes-para-fortalecer-o-ambiente-de-negocios-no-Polo-Industrial-de-Manaus-PIM.jpg\",\"datePublished\":\"2026-04-28T19:26:13+00:00\",\"dateModified\":\"2026-04-28T19:38:33+00:00\",\"breadcrumb\":{\"@id\":\"https:\/\/fieam.org.br\/fieam\/fieam-e-suframa-em-agenda-por-mais-competitividade-da-zfm\/#breadcrumb\"},\"inLanguage\":\"pt-BR\",\"potentialAction\":[{\"@type\":\"ReadAction\",\"target\":[\"https:\/\/fieam.org.br\/fieam\/fieam-e-suframa-em-agenda-por-mais-competitividade-da-zfm\/\"]}]},{\"@type\":\"ImageObject\",\"inLanguage\":\"pt-BR\",\"@id\":\"https:\/\/fieam.org.br\/fieam\/fieam-e-suframa-em-agenda-por-mais-competitividade-da-zfm\/#primaryimage\",\"url\":\"https:\/\/fieam.org.br\/fieam\/wp-content\/uploads\/sites\/9\/2026\/04\/Reuniao-entre-FIEAM-e-Suframa-debateu-ajustes-regulatorios-e-acoes-para-fortalecer-o-ambiente-de-negocios-no-Polo-Industrial-de-Manaus-PIM.jpg\",\"contentUrl\":\"https:\/\/fieam.org.br\/fieam\/wp-content\/uploads\/sites\/9\/2026\/04\/Reuniao-entre-FIEAM-e-Suframa-debateu-ajustes-regulatorios-e-acoes-para-fortalecer-o-ambiente-de-negocios-no-Polo-Industrial-de-Manaus-PIM.jpg\",\"width\":2000,\"height\":1500},{\"@type\":\"BreadcrumbList\",\"@id\":\"https:\/\/fieam.org.br\/fieam\/fieam-e-suframa-em-agenda-por-mais-competitividade-da-zfm\/#breadcrumb\",\"itemListElement\":[{\"@type\":\"ListItem\",\"position\":1,\"name\":\"In\u00edcio\",\"item\":\"https:\/\/fieam.org.br\/fieam\/\"},{\"@type\":\"ListItem\",\"position\":2,\"name\":\"FIEAM e Suframa em agenda por mais competitividade da ZFM\"}]},{\"@type\":\"WebSite\",\"@id\":\"https:\/\/fieam.org.br\/fieam\/#website\",\"url\":\"https:\/\/fieam.org.br\/fieam\/\",\"name\":\"FIEAM\",\"description\":\"Site Oficial!\",\"publisher\":{\"@id\":\"https:\/\/fieam.org.br\/fieam\/#organization\"},\"potentialAction\":[{\"@type\":\"SearchAction\",\"target\":{\"@type\":\"EntryPoint\",\"urlTemplate\":\"https:\/\/fieam.org.br\/fieam\/?s={search_term_string}\"},\"query-input\":{\"@type\":\"PropertyValueSpecification\",\"valueRequired\":true,\"valueName\":\"search_term_string\"}}],\"inLanguage\":\"pt-BR\"},{\"@type\":\"Organization\",\"@id\":\"https:\/\/fieam.org.br\/fieam\/#organization\",\"name\":\"FIEAM\",\"url\":\"https:\/\/fieam.org.br\/fieam\/\",\"logo\":{\"@type\":\"ImageObject\",\"inLanguage\":\"pt-BR\",\"@id\":\"https:\/\/fieam.org.br\/fieam\/#\/schema\/logo\/image\/\",\"url\":\"https:\/\/fieam.org.br\/fieam\/wp-content\/uploads\/sites\/9\/2024\/03\/cropped-fav.png\",\"contentUrl\":\"https:\/\/fieam.org.br\/fieam\/wp-content\/uploads\/sites\/9\/2024\/03\/cropped-fav.png\",\"width\":597,\"height\":598,\"caption\":\"FIEAM\"},\"image\":{\"@id\":\"https:\/\/fieam.org.br\/fieam\/#\/schema\/logo\/image\/\"}},{\"@type\":\"Person\",\"@id\":\"https:\/\/fieam.org.br\/fieam\/#\/schema\/person\/2da52793836d1930a7ba5eb194412a29\",\"name\":\"danielearaujo\",\"image\":{\"@type\":\"ImageObject\",\"inLanguage\":\"pt-BR\",\"@id\":\"https:\/\/fieam.org.br\/fieam\/#\/schema\/person\/image\/\",\"url\":\"https:\/\/secure.gravatar.com\/avatar\/3d05aa1b7ec7a61527da2f5640dbbb4d48b79db9fb5693b998f5966d1b316426?s=96&d=mm&r=g\",\"contentUrl\":\"https:\/\/secure.gravatar.com\/avatar\/3d05aa1b7ec7a61527da2f5640dbbb4d48b79db9fb5693b998f5966d1b316426?s=96&d=mm&r=g\",\"caption\":\"danielearaujo\"},\"url\":\"https:\/\/fieam.org.br\/fieam\/author\/danielearaujo\/\"}]}<\/script>\n<!-- \/ Yoast SEO plugin. -->","yoast_head_json":{"title":"FIEAM e Suframa em agenda por mais competitividade da ZFM - FIEAM","robots":{"index":"index","follow":"follow","max-snippet":"max-snippet:-1","max-image-preview":"max-image-preview:large","max-video-preview":"max-video-preview:-1"},"canonical":"https:\/\/fieam.org.br\/fieam\/fieam-e-suframa-em-agenda-por-mais-competitividade-da-zfm\/","og_locale":"pt_BR","og_type":"article","og_title":"FIEAM e Suframa em agenda por mais competitividade da ZFM - FIEAM","og_description":"Na manh\u00e3 desta ter\u00e7a-feira (28) o presidente da Federa\u00e7\u00e3o das Ind\u00fastrias do Estado do Amazonas (FIEAM), Antonio Silva, reuniu-se com o superintendente da Superintend\u00eancia da Zona Franca de Manaus (Suframa), Leopoldo Montenegro. O encontro contou ainda com a participa\u00e7\u00e3o da superintendente adjunta de Projetos, Camilla Jacquelinne Carneiro, e do gerente de Projetos, Ozenas Maciel. Durante [&hellip;]","og_url":"https:\/\/fieam.org.br\/fieam\/fieam-e-suframa-em-agenda-por-mais-competitividade-da-zfm\/","og_site_name":"FIEAM","article_published_time":"2026-04-28T19:26:13+00:00","article_modified_time":"2026-04-28T19:38:33+00:00","og_image":[{"width":2000,"height":1500,"url":"https:\/\/fieam.org.br\/fieam\/wp-content\/uploads\/sites\/9\/2026\/04\/Reuniao-entre-FIEAM-e-Suframa-debateu-ajustes-regulatorios-e-acoes-para-fortalecer-o-ambiente-de-negocios-no-Polo-Industrial-de-Manaus-PIM.jpg","type":"image\/jpeg"}],"author":"danielearaujo","twitter_card":"summary_large_image","twitter_misc":{"Escrito por":"danielearaujo","Est. tempo de leitura":"3 minutos"},"schema":{"@context":"https:\/\/schema.org","@graph":[{"@type":"Article","@id":"https:\/\/fieam.org.br\/fieam\/fieam-e-suframa-em-agenda-por-mais-competitividade-da-zfm\/#article","isPartOf":{"@id":"https:\/\/fieam.org.br\/fieam\/fieam-e-suframa-em-agenda-por-mais-competitividade-da-zfm\/"},"author":{"name":"danielearaujo","@id":"https:\/\/fieam.org.br\/fieam\/#\/schema\/person\/2da52793836d1930a7ba5eb194412a29"},"headline":"FIEAM e Suframa em agenda por mais competitividade da ZFM","datePublished":"2026-04-28T19:26:13+00:00","dateModified":"2026-04-28T19:38:33+00:00","mainEntityOfPage":{"@id":"https:\/\/fieam.org.br\/fieam\/fieam-e-suframa-em-agenda-por-mais-competitividade-da-zfm\/"},"wordCount":356,"commentCount":0,"publisher":{"@id":"https:\/\/fieam.org.br\/fieam\/#organization"},"image":{"@id":"https:\/\/fieam.org.br\/fieam\/fieam-e-suframa-em-agenda-por-mais-competitividade-da-zfm\/#primaryimage"},"thumbnailUrl":"https:\/\/fieam.org.br\/fieam\/wp-content\/uploads\/sites\/9\/2026\/04\/Reuniao-entre-FIEAM-e-Suframa-debateu-ajustes-regulatorios-e-acoes-para-fortalecer-o-ambiente-de-negocios-no-Polo-Industrial-de-Manaus-PIM.jpg","articleSection":["Geral"],"inLanguage":"pt-BR","potentialAction":[{"@type":"CommentAction","name":"Comment","target":["https:\/\/fieam.org.br\/fieam\/fieam-e-suframa-em-agenda-por-mais-competitividade-da-zfm\/#respond"]}]},{"@type":"WebPage","@id":"https:\/\/fieam.org.br\/fieam\/fieam-e-suframa-em-agenda-por-mais-competitividade-da-zfm\/","url":"https:\/\/fieam.org.br\/fieam\/fieam-e-suframa-em-agenda-por-mais-competitividade-da-zfm\/","name":"FIEAM e Suframa em agenda por mais competitividade da ZFM - FIEAM","isPartOf":{"@id":"https:\/\/fieam.org.br\/fieam\/#website"},"primaryImageOfPage":{"@id":"https:\/\/fieam.org.br\/fieam\/fieam-e-suframa-em-agenda-por-mais-competitividade-da-zfm\/#primaryimage"},"image":{"@id":"https:\/\/fieam.org.br\/fieam\/fieam-e-suframa-em-agenda-por-mais-competitividade-da-zfm\/#primaryimage"},"thumbnailUrl":"https:\/\/fieam.org.br\/fieam\/wp-content\/uploads\/sites\/9\/2026\/04\/Reuniao-entre-FIEAM-e-Suframa-debateu-ajustes-regulatorios-e-acoes-para-fortalecer-o-ambiente-de-negocios-no-Polo-Industrial-de-Manaus-PIM.jpg","datePublished":"2026-04-28T19:26:13+00:00","dateModified":"2026-04-28T19:38:33+00:00","breadcrumb":{"@id":"https:\/\/fieam.org.br\/fieam\/fieam-e-suframa-em-agenda-por-mais-competitividade-da-zfm\/#breadcrumb"},"inLanguage":"pt-BR","potentialAction":[{"@type":"ReadAction","target":["https:\/\/fieam.org.br\/fieam\/fieam-e-suframa-em-agenda-por-mais-competitividade-da-zfm\/"]}]},{"@type":"ImageObject","inLanguage":"pt-BR","@id":"https:\/\/fieam.org.br\/fieam\/fieam-e-suframa-em-agenda-por-mais-competitividade-da-zfm\/#primaryimage","url":"https:\/\/fieam.org.br\/fieam\/wp-content\/uploads\/sites\/9\/2026\/04\/Reuniao-entre-FIEAM-e-Suframa-debateu-ajustes-regulatorios-e-acoes-para-fortalecer-o-ambiente-de-negocios-no-Polo-Industrial-de-Manaus-PIM.jpg","contentUrl":"https:\/\/fieam.org.br\/fieam\/wp-content\/uploads\/sites\/9\/2026\/04\/Reuniao-entre-FIEAM-e-Suframa-debateu-ajustes-regulatorios-e-acoes-para-fortalecer-o-ambiente-de-negocios-no-Polo-Industrial-de-Manaus-PIM.jpg","width":2000,"height":1500},{"@type":"BreadcrumbList","@id":"https:\/\/fieam.org.br\/fieam\/fieam-e-suframa-em-agenda-por-mais-competitividade-da-zfm\/#breadcrumb","itemListElement":[{"@type":"ListItem","position":1,"name":"In\u00edcio","item":"https:\/\/fieam.org.br\/fieam\/"},{"@type":"ListItem","position":2,"name":"FIEAM e Suframa em agenda por mais competitividade da ZFM"}]},{"@type":"WebSite","@id":"https:\/\/fieam.org.br\/fieam\/#website","url":"https:\/\/fieam.org.br\/fieam\/","name":"FIEAM","description":"Site Oficial!","publisher":{"@id":"https:\/\/fieam.org.br\/fieam\/#organization"},"potentialAction":[{"@type":"SearchAction","target":{"@type":"EntryPoint","urlTemplate":"https:\/\/fieam.org.br\/fieam\/?s={search_term_string}"},"query-input":{"@type":"PropertyValueSpecification","valueRequired":true,"valueName":"search_term_string"}}],"inLanguage":"pt-BR"},{"@type":"Organization","@id":"https:\/\/fieam.org.br\/fieam\/#organization","name":"FIEAM","url":"https:\/\/fieam.org.br\/fieam\/","logo":{"@type":"ImageObject","inLanguage":"pt-BR","@id":"https:\/\/fieam.org.br\/fieam\/#\/schema\/logo\/image\/","url":"https:\/\/fieam.org.br\/fieam\/wp-content\/uploads\/sites\/9\/2024\/03\/cropped-fav.png","contentUrl":"https:\/\/fieam.org.br\/fieam\/wp-content\/uploads\/sites\/9\/2024\/03\/cropped-fav.png","width":597,"height":598,"caption":"FIEAM"},"image":{"@id":"https:\/\/fieam.org.br\/fieam\/#\/schema\/logo\/image\/"}},{"@type":"Person","@id":"https:\/\/fieam.org.br\/fieam\/#\/schema\/person\/2da52793836d1930a7ba5eb194412a29","name":"danielearaujo","image":{"@type":"ImageObject","inLanguage":"pt-BR","@id":"https:\/\/fieam.org.br\/fieam\/#\/schema\/person\/image\/","url":"https:\/\/secure.gravatar.com\/avatar\/3d05aa1b7ec7a61527da2f5640dbbb4d48b79db9fb5693b998f5966d1b316426?s=96&d=mm&r=g","contentUrl":"https:\/\/secure.gravatar.com\/avatar\/3d05aa1b7ec7a61527da2f5640dbbb4d48b79db9fb5693b998f5966d1b316426?s=96&d=mm&r=g","caption":"danielearaujo"},"url":"https:\/\/fieam.org.br\/fieam\/author\/danielearaujo\/"}]}},"_links":{"self":[{"href":"https:\/\/fieam.org.br\/fieam\/wp-json\/wp\/v2\/posts\/18030","targetHints":{"allow":["GET"]}}],"collection":[{"href":"https:\/\/fieam.org.br\/fieam\/wp-json\/wp\/v2\/posts"}],"about":[{"href":"https:\/\/fieam.org.br\/fieam\/wp-json\/wp\/v2\/types\/post"}],"author":[{"embeddable":true,"href":"https:\/\/fieam.org.br\/fieam\/wp-json\/wp\/v2\/users\/18"}],"replies":[{"embeddable":true,"href":"https:\/\/fieam.org.br\/fieam\/wp-json\/wp\/v2\/comments?post=18030"}],"version-history":[{"count":3,"href":"https:\/\/fieam.org.br\/fieam\/wp-json\/wp\/v2\/posts\/18030\/revisions"}],"predecessor-version":[{"id":18034,"href":"https:\/\/fieam.org.br\/fieam\/wp-json\/wp\/v2\/posts\/18030\/revisions\/18034"}],"wp:featuredmedia":[{"embeddable":true,"href":"https:\/\/fieam.org.br\/fieam\/wp-json\/wp\/v2\/media\/18031"}],"wp:attachment":[{"href":"https:\/\/fieam.org.br\/fieam\/wp-json\/wp\/v2\/media?parent=18030"}],"wp:term":[{"taxonomy":"category","embeddable":true,"href":"https:\/\/fieam.org.br\/fieam\/wp-json\/wp\/v2\/categories?post=18030"},{"taxonomy":"post_tag","embeddable":true,"href":"https:\/\/fieam.org.br\/fieam\/wp-json\/wp\/v2\/tags?post=18030"}],"curies":[{"name":"wp","href":"https:\/\/api.w.org\/{rel}","templated":true}]}}