{"id":17968,"date":"2026-04-02T01:17:00","date_gmt":"2026-04-02T01:17:00","guid":{"rendered":"https:\/\/fieam.org.br\/fieam\/?p=17968"},"modified":"2026-04-09T19:59:54","modified_gmt":"2026-04-09T19:59:54","slug":"codam-aprova-r-4449-milhoes-em-investimentos-e-reforca-ciclo-de-crescimento-do-polo-industrial-de-manaus","status":"publish","type":"post","link":"https:\/\/fieam.org.br\/fieam\/codam-aprova-r-4449-milhoes-em-investimentos-e-reforca-ciclo-de-crescimento-do-polo-industrial-de-manaus\/","title":{"rendered":"CODAM aprova R$ 444,9 milh\u00f5es em investimentos e refor\u00e7a ciclo de crescimento do Polo Industrial de Manaus"},"content":{"rendered":"<p style=\"text-align: center\"><em>Com quase mil empregos projetados, indicadores apontam expans\u00e3o do PIM e avan\u00e7o da estrat\u00e9gia de diversifica\u00e7\u00e3o econ\u00f4mica no Amazonas<\/em><\/p>\n<p>A 319\u00aa Reuni\u00e3o Ordin\u00e1ria do Conselho de Desenvolvimento do Estado do Amazonas (Codam) aprovou nesta quarta-feira R$ 444,9 milh\u00f5es em investimentos industriais, com previs\u00e3o de gera\u00e7\u00e3o de 976 postos de trabalho, entre diretos, indiretos e remanejados. A pauta, composta por 45 projetos, refor\u00e7a o ambiente de confian\u00e7a no Polo Industrial de Manaus (PIM) e sinaliza a continuidade do ciclo de crescimento econ\u00f4mico no estado.<\/p>\n<p><img fetchpriority=\"high\" decoding=\"async\" class=\"aligncenter wp-image-17974\" src=\"https:\/\/fieam.org.br\/fieam\/wp-content\/uploads\/sites\/9\/2026\/04\/CODAM-aprova-novos-investimentos-industriais-no-Amazonas-fortalecendo-o-PIM-e-gerando-empregos-e1775092116648-1024x579.jpg\" alt=\"\" width=\"600\" height=\"339\" srcset=\"https:\/\/fieam.org.br\/fieam\/wp-content\/uploads\/sites\/9\/2026\/04\/CODAM-aprova-novos-investimentos-industriais-no-Amazonas-fortalecendo-o-PIM-e-gerando-empregos-e1775092116648-1024x579.jpg 1024w, https:\/\/fieam.org.br\/fieam\/wp-content\/uploads\/sites\/9\/2026\/04\/CODAM-aprova-novos-investimentos-industriais-no-Amazonas-fortalecendo-o-PIM-e-gerando-empregos-e1775092116648-300x170.jpg 300w, https:\/\/fieam.org.br\/fieam\/wp-content\/uploads\/sites\/9\/2026\/04\/CODAM-aprova-novos-investimentos-industriais-no-Amazonas-fortalecendo-o-PIM-e-gerando-empregos-e1775092116648-768x434.jpg 768w, https:\/\/fieam.org.br\/fieam\/wp-content\/uploads\/sites\/9\/2026\/04\/CODAM-aprova-novos-investimentos-industriais-no-Amazonas-fortalecendo-o-PIM-e-gerando-empregos-e1775092116648-1536x868.jpg 1536w, https:\/\/fieam.org.br\/fieam\/wp-content\/uploads\/sites\/9\/2026\/04\/CODAM-aprova-novos-investimentos-industriais-no-Amazonas-fortalecendo-o-PIM-e-gerando-empregos-e1775092116648.jpg 2000w\" sizes=\"(max-width: 600px) 100vw, 600px\" \/><\/p>\n<p>Antes da reuni\u00e3o, o governador do Amazonas, Wilson Lima, e o ent\u00e3o secret\u00e1rio de Desenvolvimento Econ\u00f4mico, Ci\u00eancia, Tecnologia e Inova\u00e7\u00e3o (Sedecti), Serafim Corr\u00eaa, apresentaram \u00e0 imprensa o Plano Estadual de Bioeconomia do Amazonas. A iniciativa busca estruturar cadeias produtivas a partir dos recursos naturais da regi\u00e3o, com foco na agrega\u00e7\u00e3o de valor e na interioriza\u00e7\u00e3o do desenvolvimento. \u201cO plano de bioeconomia d\u00e1 um norte para que esse potencial seja transformado em produto, gerando emprego, renda e desenvolvimento, especialmente no interior do estado\u201d, disse o governador.<\/p>\n<p>Serafim Corr\u00eaa destacou o car\u00e1ter complementar da estrat\u00e9gia em rela\u00e7\u00e3o ao modelo Zona Franca de Manaus (ZFM). \u201cN\u00e3o vamos prescindir da Zona Franca, mas vamos agregar valor em novas frentes, principalmente no interior. Esse \u00e9 o caminho que estamos construindo\u201d, afirmou.<\/p>\n<p>De acordo com Lima, a atra\u00e7\u00e3o de investimentos est\u00e1 diretamente associada \u00e0 seguran\u00e7a jur\u00eddica e ao ambiente institucional. \u201cO investidor vem para o estado do Amazonas porque encontra previsibilidade e di\u00e1logo. Esse trabalho conjunto tem garantido resultados concretos para a economia e para a gera\u00e7\u00e3o de emprego e renda\u201d, afirmou, para acrescentar: \u201cGerar emprego \u00e9 garantir dignidade e reduzir a press\u00e3o sobre os servi\u00e7os p\u00fablicos.\u201d<\/p>\n<p>O novo secret\u00e1rio da Sedecti, Gustavo Igrejas, evidenciou o desempenho positivo do Polo Industrial de Manaus (PIM). Em 2025, o faturamento do PIM alcan\u00e7ou US$ 41,1 bilh\u00f5es, o segundo maior da s\u00e9rie hist\u00f3rica, equivalente a R$ 227 bilh\u00f5es, mantendo trajet\u00f3ria de crescimento. \u201cEstamos muito pr\u00f3ximos do maior faturamento da hist\u00f3ria do Polo Industrial de Manaus e a expectativa \u00e9 que, mantendo esse ritmo, possamos alcan\u00e7ar esse resultado ainda este ano\u201d, destacou Igrejas.<\/p>\n<p>Os dados tamb\u00e9m mostram a relev\u00e2ncia do setor produtivo na economia estadual. A arrecada\u00e7\u00e3o de ICMS est\u00e1 concentrada no com\u00e9rcio (47,07%) e na ind\u00fastria (44,26%), enquanto o estado registra um estoque de 572,9 mil empregos formais. O PIM responde por mais de 112 mil postos diretos, mantendo-se como um dos principais motores da economia regional.<\/p>\n<p>Os projetos aprovados contemplam iniciativas de implanta\u00e7\u00e3o, diversifica\u00e7\u00e3o e atualiza\u00e7\u00e3o industrial, com destaque para segmentos como farmac\u00eautico, eletroeletr\u00f4nico, energia e bens de consumo. Tamb\u00e9m h\u00e1 investimentos no interior, em munic\u00edpios como Carauari e Manacapuru, alinhados \u00e0 estrat\u00e9gia de descentraliza\u00e7\u00e3o do desenvolvimento.<\/p>\n<p><strong>Parcerias para o desenvolvimento<\/strong><\/p>\n<p>Em sua despedida da Sedecti, Serafim Corr\u00eaa ressaltou o papel do di\u00e1logo institucional na constru\u00e7\u00e3o dos resultados. \u201cO desenvolvimento do Amazonas \u00e9 fruto de uma constru\u00e7\u00e3o coletiva, baseada na integra\u00e7\u00e3o entre governo, setor produtivo e sociedade\u201d, afirmou.<\/p>\n<p>A reuni\u00e3o tamb\u00e9m foi marcada pela assinatura do decreto que institui o Plano Estadual de Bioeconomia do Amazonas e por an\u00fancios relacionados \u00e0 inova\u00e7\u00e3o e \u00e0 ci\u00eancia e tecnologia. Segundo o governo, o estado deve alcan\u00e7ar cerca de R$ 1 bilh\u00e3o em investimentos na \u00e1rea at\u00e9 o fim de 2026, com foco em pesquisas aplicadas \u00e0 realidade amaz\u00f4nica. Al\u00e9m do lan\u00e7amento do Portal do ProgrIDA e do e-book sobre \u201cDados Abertos Governamentais: princ\u00edpios, pr\u00e1ticas e resultados\u201d e da apresenta\u00e7\u00e3o da Revista de CT&amp;I.<\/p>\n<p><img decoding=\"async\" class=\"aligncenter wp-image-17972\" src=\"https:\/\/fieam.org.br\/fieam\/wp-content\/uploads\/sites\/9\/2026\/04\/Momento-historico-assinatura-do-plano-que-transforma-recursos-naturais-em-desenvolvimento-150x150.jpg\" alt=\"\" width=\"500\" height=\"333\" srcset=\"https:\/\/fieam.org.br\/fieam\/wp-content\/uploads\/sites\/9\/2026\/04\/Momento-historico-assinatura-do-plano-que-transforma-recursos-naturais-em-desenvolvimento-300x200.jpg 300w, https:\/\/fieam.org.br\/fieam\/wp-content\/uploads\/sites\/9\/2026\/04\/Momento-historico-assinatura-do-plano-que-transforma-recursos-naturais-em-desenvolvimento-1024x682.jpg 1024w, https:\/\/fieam.org.br\/fieam\/wp-content\/uploads\/sites\/9\/2026\/04\/Momento-historico-assinatura-do-plano-que-transforma-recursos-naturais-em-desenvolvimento-768x512.jpg 768w, https:\/\/fieam.org.br\/fieam\/wp-content\/uploads\/sites\/9\/2026\/04\/Momento-historico-assinatura-do-plano-que-transforma-recursos-naturais-em-desenvolvimento-1536x1024.jpg 1536w, https:\/\/fieam.org.br\/fieam\/wp-content\/uploads\/sites\/9\/2026\/04\/Momento-historico-assinatura-do-plano-que-transforma-recursos-naturais-em-desenvolvimento.jpg 2000w\" sizes=\"(max-width: 500px) 100vw, 500px\" \/><\/p>\n<p>Para o presidente da Federa\u00e7\u00e3o das Ind\u00fastrias do Estado do Amazonas (FIEAM), Antonio Silva, os resultados da reuni\u00e3o refor\u00e7am o papel estrat\u00e9gico da Zona Franca de Manaus na atra\u00e7\u00e3o de investimentos, gera\u00e7\u00e3o de empregos e sustenta\u00e7\u00e3o da atividade industrial, al\u00e9m de evidenciar a import\u00e2ncia da manuten\u00e7\u00e3o de um ambiente competitivo para o avan\u00e7o de novos projetos no estado.<\/p>\n<p>\ud83c\udf9e\ufe0f <span style=\"color: #0000ff\"><a style=\"color: #0000ff\" href=\"https:\/\/www.instagram.com\/reel\/DWmj0zxgUPu\/?igsh=MTJtN2l0aWczNXhoeg%3D%3D\">Clique aqui<\/a> <\/span>para curtir o nosso reels.<\/p>\n<p>\ud83c\udf9e\ufe0f <span style=\"color: #0000ff\"><a style=\"color: #0000ff\" href=\"https:\/\/www.instagram.com\/p\/DWmN1JNjYqh\/?igsh=MTh3b29qYTFxZGUydg%3D%3D\">Clique aqui<\/a> <\/span>para curtir a nossa publica\u00e7\u00e3o.<\/p>\n","protected":false},"excerpt":{"rendered":"<p>Com quase mil empregos projetados, indicadores apontam expans\u00e3o do PIM e avan\u00e7o da estrat\u00e9gia de diversifica\u00e7\u00e3o econ\u00f4mica no Amazonas A 319\u00aa Reuni\u00e3o Ordin\u00e1ria do Conselho de Desenvolvimento do Estado do Amazonas (Codam) aprovou nesta quarta-feira R$ 444,9 milh\u00f5es em investimentos industriais, com previs\u00e3o de gera\u00e7\u00e3o de 976 postos de trabalho, entre diretos, indiretos e remanejados. [&hellip;]<\/p>\n","protected":false},"author":18,"featured_media":17969,"comment_status":"open","ping_status":"open","sticky":false,"template":"","format":"standard","meta":{"footnotes":""},"categories":[1],"tags":[],"class_list":["post-17968","post","type-post","status-publish","format-standard","has-post-thumbnail","hentry","category-geral"],"yoast_head":"<!-- This site is optimized with the Yoast SEO plugin v26.8 - https:\/\/yoast.com\/product\/yoast-seo-wordpress\/ -->\n<title>CODAM aprova R$ 444,9 milh\u00f5es em investimentos e refor\u00e7a ciclo de crescimento do Polo Industrial de Manaus - FIEAM<\/title>\n<meta name=\"robots\" content=\"index, follow, max-snippet:-1, max-image-preview:large, max-video-preview:-1\" \/>\n<link rel=\"canonical\" href=\"https:\/\/fieam.org.br\/fieam\/codam-aprova-r-4449-milhoes-em-investimentos-e-reforca-ciclo-de-crescimento-do-polo-industrial-de-manaus\/\" \/>\n<meta property=\"og:locale\" content=\"pt_BR\" \/>\n<meta property=\"og:type\" content=\"article\" \/>\n<meta property=\"og:title\" content=\"CODAM aprova R$ 444,9 milh\u00f5es em investimentos e refor\u00e7a ciclo de crescimento do Polo Industrial de Manaus - FIEAM\" \/>\n<meta property=\"og:description\" content=\"Com quase mil empregos projetados, indicadores apontam expans\u00e3o do PIM e avan\u00e7o da estrat\u00e9gia de diversifica\u00e7\u00e3o econ\u00f4mica no Amazonas A 319\u00aa Reuni\u00e3o Ordin\u00e1ria do Conselho de Desenvolvimento do Estado do Amazonas (Codam) aprovou nesta quarta-feira R$ 444,9 milh\u00f5es em investimentos industriais, com previs\u00e3o de gera\u00e7\u00e3o de 976 postos de trabalho, entre diretos, indiretos e remanejados. [&hellip;]\" \/>\n<meta property=\"og:url\" content=\"https:\/\/fieam.org.br\/fieam\/codam-aprova-r-4449-milhoes-em-investimentos-e-reforca-ciclo-de-crescimento-do-polo-industrial-de-manaus\/\" \/>\n<meta property=\"og:site_name\" content=\"FIEAM\" \/>\n<meta property=\"article:published_time\" content=\"2026-04-02T01:17:00+00:00\" \/>\n<meta property=\"article:modified_time\" content=\"2026-04-09T19:59:54+00:00\" \/>\n<meta property=\"og:image\" content=\"https:\/\/fieam.org.br\/fieam\/wp-content\/uploads\/sites\/9\/2026\/04\/319a-Reuniao-do-Codam-investimentos-inovacao-e-geracao-de-empregos-no-Amazonas.jpg\" \/>\n\t<meta property=\"og:image:width\" content=\"2000\" \/>\n\t<meta property=\"og:image:height\" content=\"1500\" \/>\n\t<meta property=\"og:image:type\" content=\"image\/jpeg\" \/>\n<meta name=\"author\" content=\"danielearaujo\" \/>\n<meta name=\"twitter:card\" content=\"summary_large_image\" \/>\n<meta name=\"twitter:label1\" content=\"Escrito por\" \/>\n\t<meta name=\"twitter:data1\" content=\"danielearaujo\" \/>\n\t<meta name=\"twitter:label2\" content=\"Est. tempo de leitura\" \/>\n\t<meta name=\"twitter:data2\" content=\"5 minutos\" \/>\n<script type=\"application\/ld+json\" class=\"yoast-schema-graph\">{\"@context\":\"https:\/\/schema.org\",\"@graph\":[{\"@type\":\"Article\",\"@id\":\"https:\/\/fieam.org.br\/fieam\/codam-aprova-r-4449-milhoes-em-investimentos-e-reforca-ciclo-de-crescimento-do-polo-industrial-de-manaus\/#article\",\"isPartOf\":{\"@id\":\"https:\/\/fieam.org.br\/fieam\/codam-aprova-r-4449-milhoes-em-investimentos-e-reforca-ciclo-de-crescimento-do-polo-industrial-de-manaus\/\"},\"author\":{\"name\":\"danielearaujo\",\"@id\":\"https:\/\/fieam.org.br\/fieam\/#\/schema\/person\/2da52793836d1930a7ba5eb194412a29\"},\"headline\":\"CODAM aprova R$ 444,9 milh\u00f5es em investimentos e refor\u00e7a ciclo de crescimento do Polo Industrial de Manaus\",\"datePublished\":\"2026-04-02T01:17:00+00:00\",\"dateModified\":\"2026-04-09T19:59:54+00:00\",\"mainEntityOfPage\":{\"@id\":\"https:\/\/fieam.org.br\/fieam\/codam-aprova-r-4449-milhoes-em-investimentos-e-reforca-ciclo-de-crescimento-do-polo-industrial-de-manaus\/\"},\"wordCount\":726,\"commentCount\":0,\"publisher\":{\"@id\":\"https:\/\/fieam.org.br\/fieam\/#organization\"},\"image\":{\"@id\":\"https:\/\/fieam.org.br\/fieam\/codam-aprova-r-4449-milhoes-em-investimentos-e-reforca-ciclo-de-crescimento-do-polo-industrial-de-manaus\/#primaryimage\"},\"thumbnailUrl\":\"https:\/\/fieam.org.br\/fieam\/wp-content\/uploads\/sites\/9\/2026\/04\/319a-Reuniao-do-Codam-investimentos-inovacao-e-geracao-de-empregos-no-Amazonas.jpg\",\"articleSection\":[\"Geral\"],\"inLanguage\":\"pt-BR\",\"potentialAction\":[{\"@type\":\"CommentAction\",\"name\":\"Comment\",\"target\":[\"https:\/\/fieam.org.br\/fieam\/codam-aprova-r-4449-milhoes-em-investimentos-e-reforca-ciclo-de-crescimento-do-polo-industrial-de-manaus\/#respond\"]}]},{\"@type\":\"WebPage\",\"@id\":\"https:\/\/fieam.org.br\/fieam\/codam-aprova-r-4449-milhoes-em-investimentos-e-reforca-ciclo-de-crescimento-do-polo-industrial-de-manaus\/\",\"url\":\"https:\/\/fieam.org.br\/fieam\/codam-aprova-r-4449-milhoes-em-investimentos-e-reforca-ciclo-de-crescimento-do-polo-industrial-de-manaus\/\",\"name\":\"CODAM aprova R$ 444,9 milh\u00f5es em investimentos e refor\u00e7a ciclo de crescimento do Polo Industrial de Manaus - FIEAM\",\"isPartOf\":{\"@id\":\"https:\/\/fieam.org.br\/fieam\/#website\"},\"primaryImageOfPage\":{\"@id\":\"https:\/\/fieam.org.br\/fieam\/codam-aprova-r-4449-milhoes-em-investimentos-e-reforca-ciclo-de-crescimento-do-polo-industrial-de-manaus\/#primaryimage\"},\"image\":{\"@id\":\"https:\/\/fieam.org.br\/fieam\/codam-aprova-r-4449-milhoes-em-investimentos-e-reforca-ciclo-de-crescimento-do-polo-industrial-de-manaus\/#primaryimage\"},\"thumbnailUrl\":\"https:\/\/fieam.org.br\/fieam\/wp-content\/uploads\/sites\/9\/2026\/04\/319a-Reuniao-do-Codam-investimentos-inovacao-e-geracao-de-empregos-no-Amazonas.jpg\",\"datePublished\":\"2026-04-02T01:17:00+00:00\",\"dateModified\":\"2026-04-09T19:59:54+00:00\",\"breadcrumb\":{\"@id\":\"https:\/\/fieam.org.br\/fieam\/codam-aprova-r-4449-milhoes-em-investimentos-e-reforca-ciclo-de-crescimento-do-polo-industrial-de-manaus\/#breadcrumb\"},\"inLanguage\":\"pt-BR\",\"potentialAction\":[{\"@type\":\"ReadAction\",\"target\":[\"https:\/\/fieam.org.br\/fieam\/codam-aprova-r-4449-milhoes-em-investimentos-e-reforca-ciclo-de-crescimento-do-polo-industrial-de-manaus\/\"]}]},{\"@type\":\"ImageObject\",\"inLanguage\":\"pt-BR\",\"@id\":\"https:\/\/fieam.org.br\/fieam\/codam-aprova-r-4449-milhoes-em-investimentos-e-reforca-ciclo-de-crescimento-do-polo-industrial-de-manaus\/#primaryimage\",\"url\":\"https:\/\/fieam.org.br\/fieam\/wp-content\/uploads\/sites\/9\/2026\/04\/319a-Reuniao-do-Codam-investimentos-inovacao-e-geracao-de-empregos-no-Amazonas.jpg\",\"contentUrl\":\"https:\/\/fieam.org.br\/fieam\/wp-content\/uploads\/sites\/9\/2026\/04\/319a-Reuniao-do-Codam-investimentos-inovacao-e-geracao-de-empregos-no-Amazonas.jpg\",\"width\":2000,\"height\":1500},{\"@type\":\"BreadcrumbList\",\"@id\":\"https:\/\/fieam.org.br\/fieam\/codam-aprova-r-4449-milhoes-em-investimentos-e-reforca-ciclo-de-crescimento-do-polo-industrial-de-manaus\/#breadcrumb\",\"itemListElement\":[{\"@type\":\"ListItem\",\"position\":1,\"name\":\"In\u00edcio\",\"item\":\"https:\/\/fieam.org.br\/fieam\/\"},{\"@type\":\"ListItem\",\"position\":2,\"name\":\"CODAM aprova R$ 444,9 milh\u00f5es em investimentos e refor\u00e7a ciclo de crescimento do Polo Industrial de Manaus\"}]},{\"@type\":\"WebSite\",\"@id\":\"https:\/\/fieam.org.br\/fieam\/#website\",\"url\":\"https:\/\/fieam.org.br\/fieam\/\",\"name\":\"FIEAM\",\"description\":\"Site Oficial!\",\"publisher\":{\"@id\":\"https:\/\/fieam.org.br\/fieam\/#organization\"},\"potentialAction\":[{\"@type\":\"SearchAction\",\"target\":{\"@type\":\"EntryPoint\",\"urlTemplate\":\"https:\/\/fieam.org.br\/fieam\/?s={search_term_string}\"},\"query-input\":{\"@type\":\"PropertyValueSpecification\",\"valueRequired\":true,\"valueName\":\"search_term_string\"}}],\"inLanguage\":\"pt-BR\"},{\"@type\":\"Organization\",\"@id\":\"https:\/\/fieam.org.br\/fieam\/#organization\",\"name\":\"FIEAM\",\"url\":\"https:\/\/fieam.org.br\/fieam\/\",\"logo\":{\"@type\":\"ImageObject\",\"inLanguage\":\"pt-BR\",\"@id\":\"https:\/\/fieam.org.br\/fieam\/#\/schema\/logo\/image\/\",\"url\":\"https:\/\/fieam.org.br\/fieam\/wp-content\/uploads\/sites\/9\/2024\/03\/cropped-fav.png\",\"contentUrl\":\"https:\/\/fieam.org.br\/fieam\/wp-content\/uploads\/sites\/9\/2024\/03\/cropped-fav.png\",\"width\":597,\"height\":598,\"caption\":\"FIEAM\"},\"image\":{\"@id\":\"https:\/\/fieam.org.br\/fieam\/#\/schema\/logo\/image\/\"}},{\"@type\":\"Person\",\"@id\":\"https:\/\/fieam.org.br\/fieam\/#\/schema\/person\/2da52793836d1930a7ba5eb194412a29\",\"name\":\"danielearaujo\",\"image\":{\"@type\":\"ImageObject\",\"inLanguage\":\"pt-BR\",\"@id\":\"https:\/\/fieam.org.br\/fieam\/#\/schema\/person\/image\/\",\"url\":\"https:\/\/secure.gravatar.com\/avatar\/3d05aa1b7ec7a61527da2f5640dbbb4d48b79db9fb5693b998f5966d1b316426?s=96&d=mm&r=g\",\"contentUrl\":\"https:\/\/secure.gravatar.com\/avatar\/3d05aa1b7ec7a61527da2f5640dbbb4d48b79db9fb5693b998f5966d1b316426?s=96&d=mm&r=g\",\"caption\":\"danielearaujo\"},\"url\":\"https:\/\/fieam.org.br\/fieam\/author\/danielearaujo\/\"}]}<\/script>\n<!-- \/ Yoast SEO plugin. -->","yoast_head_json":{"title":"CODAM aprova R$ 444,9 milh\u00f5es em investimentos e refor\u00e7a ciclo de crescimento do Polo Industrial de Manaus - FIEAM","robots":{"index":"index","follow":"follow","max-snippet":"max-snippet:-1","max-image-preview":"max-image-preview:large","max-video-preview":"max-video-preview:-1"},"canonical":"https:\/\/fieam.org.br\/fieam\/codam-aprova-r-4449-milhoes-em-investimentos-e-reforca-ciclo-de-crescimento-do-polo-industrial-de-manaus\/","og_locale":"pt_BR","og_type":"article","og_title":"CODAM aprova R$ 444,9 milh\u00f5es em investimentos e refor\u00e7a ciclo de crescimento do Polo Industrial de Manaus - FIEAM","og_description":"Com quase mil empregos projetados, indicadores apontam expans\u00e3o do PIM e avan\u00e7o da estrat\u00e9gia de diversifica\u00e7\u00e3o econ\u00f4mica no Amazonas A 319\u00aa Reuni\u00e3o Ordin\u00e1ria do Conselho de Desenvolvimento do Estado do Amazonas (Codam) aprovou nesta quarta-feira R$ 444,9 milh\u00f5es em investimentos industriais, com previs\u00e3o de gera\u00e7\u00e3o de 976 postos de trabalho, entre diretos, indiretos e remanejados. [&hellip;]","og_url":"https:\/\/fieam.org.br\/fieam\/codam-aprova-r-4449-milhoes-em-investimentos-e-reforca-ciclo-de-crescimento-do-polo-industrial-de-manaus\/","og_site_name":"FIEAM","article_published_time":"2026-04-02T01:17:00+00:00","article_modified_time":"2026-04-09T19:59:54+00:00","og_image":[{"width":2000,"height":1500,"url":"https:\/\/fieam.org.br\/fieam\/wp-content\/uploads\/sites\/9\/2026\/04\/319a-Reuniao-do-Codam-investimentos-inovacao-e-geracao-de-empregos-no-Amazonas.jpg","type":"image\/jpeg"}],"author":"danielearaujo","twitter_card":"summary_large_image","twitter_misc":{"Escrito por":"danielearaujo","Est. tempo de leitura":"5 minutos"},"schema":{"@context":"https:\/\/schema.org","@graph":[{"@type":"Article","@id":"https:\/\/fieam.org.br\/fieam\/codam-aprova-r-4449-milhoes-em-investimentos-e-reforca-ciclo-de-crescimento-do-polo-industrial-de-manaus\/#article","isPartOf":{"@id":"https:\/\/fieam.org.br\/fieam\/codam-aprova-r-4449-milhoes-em-investimentos-e-reforca-ciclo-de-crescimento-do-polo-industrial-de-manaus\/"},"author":{"name":"danielearaujo","@id":"https:\/\/fieam.org.br\/fieam\/#\/schema\/person\/2da52793836d1930a7ba5eb194412a29"},"headline":"CODAM aprova R$ 444,9 milh\u00f5es em investimentos e refor\u00e7a ciclo de crescimento do Polo Industrial de Manaus","datePublished":"2026-04-02T01:17:00+00:00","dateModified":"2026-04-09T19:59:54+00:00","mainEntityOfPage":{"@id":"https:\/\/fieam.org.br\/fieam\/codam-aprova-r-4449-milhoes-em-investimentos-e-reforca-ciclo-de-crescimento-do-polo-industrial-de-manaus\/"},"wordCount":726,"commentCount":0,"publisher":{"@id":"https:\/\/fieam.org.br\/fieam\/#organization"},"image":{"@id":"https:\/\/fieam.org.br\/fieam\/codam-aprova-r-4449-milhoes-em-investimentos-e-reforca-ciclo-de-crescimento-do-polo-industrial-de-manaus\/#primaryimage"},"thumbnailUrl":"https:\/\/fieam.org.br\/fieam\/wp-content\/uploads\/sites\/9\/2026\/04\/319a-Reuniao-do-Codam-investimentos-inovacao-e-geracao-de-empregos-no-Amazonas.jpg","articleSection":["Geral"],"inLanguage":"pt-BR","potentialAction":[{"@type":"CommentAction","name":"Comment","target":["https:\/\/fieam.org.br\/fieam\/codam-aprova-r-4449-milhoes-em-investimentos-e-reforca-ciclo-de-crescimento-do-polo-industrial-de-manaus\/#respond"]}]},{"@type":"WebPage","@id":"https:\/\/fieam.org.br\/fieam\/codam-aprova-r-4449-milhoes-em-investimentos-e-reforca-ciclo-de-crescimento-do-polo-industrial-de-manaus\/","url":"https:\/\/fieam.org.br\/fieam\/codam-aprova-r-4449-milhoes-em-investimentos-e-reforca-ciclo-de-crescimento-do-polo-industrial-de-manaus\/","name":"CODAM aprova R$ 444,9 milh\u00f5es em investimentos e refor\u00e7a ciclo de crescimento do Polo Industrial de Manaus - FIEAM","isPartOf":{"@id":"https:\/\/fieam.org.br\/fieam\/#website"},"primaryImageOfPage":{"@id":"https:\/\/fieam.org.br\/fieam\/codam-aprova-r-4449-milhoes-em-investimentos-e-reforca-ciclo-de-crescimento-do-polo-industrial-de-manaus\/#primaryimage"},"image":{"@id":"https:\/\/fieam.org.br\/fieam\/codam-aprova-r-4449-milhoes-em-investimentos-e-reforca-ciclo-de-crescimento-do-polo-industrial-de-manaus\/#primaryimage"},"thumbnailUrl":"https:\/\/fieam.org.br\/fieam\/wp-content\/uploads\/sites\/9\/2026\/04\/319a-Reuniao-do-Codam-investimentos-inovacao-e-geracao-de-empregos-no-Amazonas.jpg","datePublished":"2026-04-02T01:17:00+00:00","dateModified":"2026-04-09T19:59:54+00:00","breadcrumb":{"@id":"https:\/\/fieam.org.br\/fieam\/codam-aprova-r-4449-milhoes-em-investimentos-e-reforca-ciclo-de-crescimento-do-polo-industrial-de-manaus\/#breadcrumb"},"inLanguage":"pt-BR","potentialAction":[{"@type":"ReadAction","target":["https:\/\/fieam.org.br\/fieam\/codam-aprova-r-4449-milhoes-em-investimentos-e-reforca-ciclo-de-crescimento-do-polo-industrial-de-manaus\/"]}]},{"@type":"ImageObject","inLanguage":"pt-BR","@id":"https:\/\/fieam.org.br\/fieam\/codam-aprova-r-4449-milhoes-em-investimentos-e-reforca-ciclo-de-crescimento-do-polo-industrial-de-manaus\/#primaryimage","url":"https:\/\/fieam.org.br\/fieam\/wp-content\/uploads\/sites\/9\/2026\/04\/319a-Reuniao-do-Codam-investimentos-inovacao-e-geracao-de-empregos-no-Amazonas.jpg","contentUrl":"https:\/\/fieam.org.br\/fieam\/wp-content\/uploads\/sites\/9\/2026\/04\/319a-Reuniao-do-Codam-investimentos-inovacao-e-geracao-de-empregos-no-Amazonas.jpg","width":2000,"height":1500},{"@type":"BreadcrumbList","@id":"https:\/\/fieam.org.br\/fieam\/codam-aprova-r-4449-milhoes-em-investimentos-e-reforca-ciclo-de-crescimento-do-polo-industrial-de-manaus\/#breadcrumb","itemListElement":[{"@type":"ListItem","position":1,"name":"In\u00edcio","item":"https:\/\/fieam.org.br\/fieam\/"},{"@type":"ListItem","position":2,"name":"CODAM aprova R$ 444,9 milh\u00f5es em investimentos e refor\u00e7a ciclo de crescimento do Polo Industrial de Manaus"}]},{"@type":"WebSite","@id":"https:\/\/fieam.org.br\/fieam\/#website","url":"https:\/\/fieam.org.br\/fieam\/","name":"FIEAM","description":"Site Oficial!","publisher":{"@id":"https:\/\/fieam.org.br\/fieam\/#organization"},"potentialAction":[{"@type":"SearchAction","target":{"@type":"EntryPoint","urlTemplate":"https:\/\/fieam.org.br\/fieam\/?s={search_term_string}"},"query-input":{"@type":"PropertyValueSpecification","valueRequired":true,"valueName":"search_term_string"}}],"inLanguage":"pt-BR"},{"@type":"Organization","@id":"https:\/\/fieam.org.br\/fieam\/#organization","name":"FIEAM","url":"https:\/\/fieam.org.br\/fieam\/","logo":{"@type":"ImageObject","inLanguage":"pt-BR","@id":"https:\/\/fieam.org.br\/fieam\/#\/schema\/logo\/image\/","url":"https:\/\/fieam.org.br\/fieam\/wp-content\/uploads\/sites\/9\/2024\/03\/cropped-fav.png","contentUrl":"https:\/\/fieam.org.br\/fieam\/wp-content\/uploads\/sites\/9\/2024\/03\/cropped-fav.png","width":597,"height":598,"caption":"FIEAM"},"image":{"@id":"https:\/\/fieam.org.br\/fieam\/#\/schema\/logo\/image\/"}},{"@type":"Person","@id":"https:\/\/fieam.org.br\/fieam\/#\/schema\/person\/2da52793836d1930a7ba5eb194412a29","name":"danielearaujo","image":{"@type":"ImageObject","inLanguage":"pt-BR","@id":"https:\/\/fieam.org.br\/fieam\/#\/schema\/person\/image\/","url":"https:\/\/secure.gravatar.com\/avatar\/3d05aa1b7ec7a61527da2f5640dbbb4d48b79db9fb5693b998f5966d1b316426?s=96&d=mm&r=g","contentUrl":"https:\/\/secure.gravatar.com\/avatar\/3d05aa1b7ec7a61527da2f5640dbbb4d48b79db9fb5693b998f5966d1b316426?s=96&d=mm&r=g","caption":"danielearaujo"},"url":"https:\/\/fieam.org.br\/fieam\/author\/danielearaujo\/"}]}},"_links":{"self":[{"href":"https:\/\/fieam.org.br\/fieam\/wp-json\/wp\/v2\/posts\/17968","targetHints":{"allow":["GET"]}}],"collection":[{"href":"https:\/\/fieam.org.br\/fieam\/wp-json\/wp\/v2\/posts"}],"about":[{"href":"https:\/\/fieam.org.br\/fieam\/wp-json\/wp\/v2\/types\/post"}],"author":[{"embeddable":true,"href":"https:\/\/fieam.org.br\/fieam\/wp-json\/wp\/v2\/users\/18"}],"replies":[{"embeddable":true,"href":"https:\/\/fieam.org.br\/fieam\/wp-json\/wp\/v2\/comments?post=17968"}],"version-history":[{"count":9,"href":"https:\/\/fieam.org.br\/fieam\/wp-json\/wp\/v2\/posts\/17968\/revisions"}],"predecessor-version":[{"id":17986,"href":"https:\/\/fieam.org.br\/fieam\/wp-json\/wp\/v2\/posts\/17968\/revisions\/17986"}],"wp:featuredmedia":[{"embeddable":true,"href":"https:\/\/fieam.org.br\/fieam\/wp-json\/wp\/v2\/media\/17969"}],"wp:attachment":[{"href":"https:\/\/fieam.org.br\/fieam\/wp-json\/wp\/v2\/media?parent=17968"}],"wp:term":[{"taxonomy":"category","embeddable":true,"href":"https:\/\/fieam.org.br\/fieam\/wp-json\/wp\/v2\/categories?post=17968"},{"taxonomy":"post_tag","embeddable":true,"href":"https:\/\/fieam.org.br\/fieam\/wp-json\/wp\/v2\/tags?post=17968"}],"curies":[{"name":"wp","href":"https:\/\/api.w.org\/{rel}","templated":true}]}}