{"id":17846,"date":"2026-01-29T18:17:18","date_gmt":"2026-01-29T18:17:18","guid":{"rendered":"https:\/\/fieam.org.br\/fieam\/?p=17846"},"modified":"2026-02-05T20:05:23","modified_gmt":"2026-02-05T20:05:23","slug":"antonio-silva-recebe-visita-de-representantes-da-hapvida","status":"publish","type":"post","link":"https:\/\/fieam.org.br\/fieam\/antonio-silva-recebe-visita-de-representantes-da-hapvida\/","title":{"rendered":"Antonio Silva recebe visita de representantes da Hapvida"},"content":{"rendered":"<p>O presidente da Federa\u00e7\u00e3o das Ind\u00fastrias do Estado do Amazonas (FIEAM), Antonio Silva, recebeu, na manh\u00e3 desta quinta-feira (29), representantes da Hapvida para uma reuni\u00e3o institucional, realizada no gabinete presidencial localizado na sede da entidade.<\/p>\n<p>A reuni\u00e3o teve como objetivo fortalecer o di\u00e1logo institucional e apresentar o panorama atual da atua\u00e7\u00e3o da Hapvida no Amazonas, destacando a trajet\u00f3ria da operadora desde sua chegada a Manaus, a consolida\u00e7\u00e3o no mercado local e os investimentos realizados nos \u00faltimos anos. Atualmente, a Hapvida conta com cinco hospitais no estado, al\u00e9m da amplia\u00e7\u00e3o de cl\u00ednicas, unidades de terapia e servi\u00e7os especializados, refor\u00e7ando sua presen\u00e7a e capacidade de atendimento na regi\u00e3o.<\/p>\n<p>Durante o encontro, foram discutidos temas relacionados ao desenvolvimento do setor de sa\u00fade no Amazonas, a Hapvida destacou a confian\u00e7a no potencial do estado e a inten\u00e7\u00e3o de seguir expandindo suas opera\u00e7\u00f5es, acompanhando o crescimento da demanda por servi\u00e7os de sa\u00fade de qualidade na regi\u00e3o<\/p>\n<p>Tamb\u00e9m foi ressaltado o papel estrat\u00e9gico de Manaus no cen\u00e1rio nacional, especialmente diante do crescimento do Polo Industrial e da amplia\u00e7\u00e3o dos investimentos privados.<\/p>\n<p>Participaram da reuni\u00e3o, representando a Hapvida, o vice-presidente comercial, Alain Benvenuti, o diretor comercial nacional, Luis Fernando Falsetti e a gerente regional da regi\u00e3o Norte, Deuzuita Souto, al\u00e9m do CEO da Skaf Seguros, Gabriel Skaf e da Chefe de Gabinete Corporativo do Sistema FIEAM, Ren\u00e9e Veiga.<\/p>\n<p>\ud83c\udfac <a href=\"https:\/\/www.instagram.com\/reels\/DUGpr_JiJ-1\/\">Clique aqui<\/a> para curtir o nosso reels.<\/p>\n","protected":false},"excerpt":{"rendered":"<p>O presidente da Federa\u00e7\u00e3o das Ind\u00fastrias do Estado do Amazonas (FIEAM), Antonio Silva, recebeu, na manh\u00e3 desta quinta-feira (29), representantes da Hapvida para uma reuni\u00e3o institucional, realizada no gabinete presidencial localizado na sede da entidade. A reuni\u00e3o teve como objetivo fortalecer o di\u00e1logo institucional e apresentar o panorama atual da atua\u00e7\u00e3o da Hapvida no Amazonas, [&hellip;]<\/p>\n","protected":false},"author":18,"featured_media":17847,"comment_status":"open","ping_status":"open","sticky":false,"template":"","format":"standard","meta":{"footnotes":""},"categories":[29],"tags":[],"class_list":["post-17846","post","type-post","status-publish","format-standard","has-post-thumbnail","hentry","category-news"],"yoast_head":"<!-- This site is optimized with the Yoast SEO plugin v26.8 - https:\/\/yoast.com\/product\/yoast-seo-wordpress\/ -->\n<title>Antonio Silva recebe visita de representantes da Hapvida - FIEAM<\/title>\n<meta name=\"robots\" content=\"index, follow, max-snippet:-1, max-image-preview:large, max-video-preview:-1\" \/>\n<link rel=\"canonical\" href=\"https:\/\/fieam.org.br\/fieam\/antonio-silva-recebe-visita-de-representantes-da-hapvida\/\" \/>\n<meta property=\"og:locale\" content=\"pt_BR\" \/>\n<meta property=\"og:type\" content=\"article\" \/>\n<meta property=\"og:title\" content=\"Antonio Silva recebe visita de representantes da Hapvida - FIEAM\" \/>\n<meta property=\"og:description\" content=\"O presidente da Federa\u00e7\u00e3o das Ind\u00fastrias do Estado do Amazonas (FIEAM), Antonio Silva, recebeu, na manh\u00e3 desta quinta-feira (29), representantes da Hapvida para uma reuni\u00e3o institucional, realizada no gabinete presidencial localizado na sede da entidade. A reuni\u00e3o teve como objetivo fortalecer o di\u00e1logo institucional e apresentar o panorama atual da atua\u00e7\u00e3o da Hapvida no Amazonas, [&hellip;]\" \/>\n<meta property=\"og:url\" content=\"https:\/\/fieam.org.br\/fieam\/antonio-silva-recebe-visita-de-representantes-da-hapvida\/\" \/>\n<meta property=\"og:site_name\" content=\"FIEAM\" \/>\n<meta property=\"article:published_time\" content=\"2026-01-29T18:17:18+00:00\" \/>\n<meta property=\"article:modified_time\" content=\"2026-02-05T20:05:23+00:00\" \/>\n<meta property=\"og:image\" content=\"https:\/\/fieam.org.br\/fieam\/wp-content\/uploads\/sites\/9\/2026\/01\/IMG_7686-scaled.jpg\" \/>\n\t<meta property=\"og:image:width\" content=\"2560\" \/>\n\t<meta property=\"og:image:height\" content=\"1920\" \/>\n\t<meta property=\"og:image:type\" content=\"image\/jpeg\" \/>\n<meta name=\"author\" content=\"danielearaujo\" \/>\n<meta name=\"twitter:card\" content=\"summary_large_image\" \/>\n<meta name=\"twitter:label1\" content=\"Escrito por\" \/>\n\t<meta name=\"twitter:data1\" content=\"danielearaujo\" \/>\n\t<meta name=\"twitter:label2\" content=\"Est. tempo de leitura\" \/>\n\t<meta name=\"twitter:data2\" content=\"2 minutos\" \/>\n<script type=\"application\/ld+json\" class=\"yoast-schema-graph\">{\"@context\":\"https:\/\/schema.org\",\"@graph\":[{\"@type\":\"Article\",\"@id\":\"https:\/\/fieam.org.br\/fieam\/antonio-silva-recebe-visita-de-representantes-da-hapvida\/#article\",\"isPartOf\":{\"@id\":\"https:\/\/fieam.org.br\/fieam\/antonio-silva-recebe-visita-de-representantes-da-hapvida\/\"},\"author\":{\"name\":\"danielearaujo\",\"@id\":\"https:\/\/fieam.org.br\/fieam\/#\/schema\/person\/2da52793836d1930a7ba5eb194412a29\"},\"headline\":\"Antonio Silva recebe visita de representantes da Hapvida\",\"datePublished\":\"2026-01-29T18:17:18+00:00\",\"dateModified\":\"2026-02-05T20:05:23+00:00\",\"mainEntityOfPage\":{\"@id\":\"https:\/\/fieam.org.br\/fieam\/antonio-silva-recebe-visita-de-representantes-da-hapvida\/\"},\"wordCount\":265,\"commentCount\":0,\"publisher\":{\"@id\":\"https:\/\/fieam.org.br\/fieam\/#organization\"},\"image\":{\"@id\":\"https:\/\/fieam.org.br\/fieam\/antonio-silva-recebe-visita-de-representantes-da-hapvida\/#primaryimage\"},\"thumbnailUrl\":\"https:\/\/fieam.org.br\/fieam\/wp-content\/uploads\/sites\/9\/2026\/01\/IMG_7686-scaled.jpg\",\"articleSection\":[\"News\"],\"inLanguage\":\"pt-BR\",\"potentialAction\":[{\"@type\":\"CommentAction\",\"name\":\"Comment\",\"target\":[\"https:\/\/fieam.org.br\/fieam\/antonio-silva-recebe-visita-de-representantes-da-hapvida\/#respond\"]}]},{\"@type\":\"WebPage\",\"@id\":\"https:\/\/fieam.org.br\/fieam\/antonio-silva-recebe-visita-de-representantes-da-hapvida\/\",\"url\":\"https:\/\/fieam.org.br\/fieam\/antonio-silva-recebe-visita-de-representantes-da-hapvida\/\",\"name\":\"Antonio Silva recebe visita de representantes da Hapvida - FIEAM\",\"isPartOf\":{\"@id\":\"https:\/\/fieam.org.br\/fieam\/#website\"},\"primaryImageOfPage\":{\"@id\":\"https:\/\/fieam.org.br\/fieam\/antonio-silva-recebe-visita-de-representantes-da-hapvida\/#primaryimage\"},\"image\":{\"@id\":\"https:\/\/fieam.org.br\/fieam\/antonio-silva-recebe-visita-de-representantes-da-hapvida\/#primaryimage\"},\"thumbnailUrl\":\"https:\/\/fieam.org.br\/fieam\/wp-content\/uploads\/sites\/9\/2026\/01\/IMG_7686-scaled.jpg\",\"datePublished\":\"2026-01-29T18:17:18+00:00\",\"dateModified\":\"2026-02-05T20:05:23+00:00\",\"breadcrumb\":{\"@id\":\"https:\/\/fieam.org.br\/fieam\/antonio-silva-recebe-visita-de-representantes-da-hapvida\/#breadcrumb\"},\"inLanguage\":\"pt-BR\",\"potentialAction\":[{\"@type\":\"ReadAction\",\"target\":[\"https:\/\/fieam.org.br\/fieam\/antonio-silva-recebe-visita-de-representantes-da-hapvida\/\"]}]},{\"@type\":\"ImageObject\",\"inLanguage\":\"pt-BR\",\"@id\":\"https:\/\/fieam.org.br\/fieam\/antonio-silva-recebe-visita-de-representantes-da-hapvida\/#primaryimage\",\"url\":\"https:\/\/fieam.org.br\/fieam\/wp-content\/uploads\/sites\/9\/2026\/01\/IMG_7686-scaled.jpg\",\"contentUrl\":\"https:\/\/fieam.org.br\/fieam\/wp-content\/uploads\/sites\/9\/2026\/01\/IMG_7686-scaled.jpg\",\"width\":2560,\"height\":1920},{\"@type\":\"BreadcrumbList\",\"@id\":\"https:\/\/fieam.org.br\/fieam\/antonio-silva-recebe-visita-de-representantes-da-hapvida\/#breadcrumb\",\"itemListElement\":[{\"@type\":\"ListItem\",\"position\":1,\"name\":\"In\u00edcio\",\"item\":\"https:\/\/fieam.org.br\/fieam\/\"},{\"@type\":\"ListItem\",\"position\":2,\"name\":\"Antonio Silva recebe visita de representantes da Hapvida\"}]},{\"@type\":\"WebSite\",\"@id\":\"https:\/\/fieam.org.br\/fieam\/#website\",\"url\":\"https:\/\/fieam.org.br\/fieam\/\",\"name\":\"FIEAM\",\"description\":\"Site Oficial!\",\"publisher\":{\"@id\":\"https:\/\/fieam.org.br\/fieam\/#organization\"},\"potentialAction\":[{\"@type\":\"SearchAction\",\"target\":{\"@type\":\"EntryPoint\",\"urlTemplate\":\"https:\/\/fieam.org.br\/fieam\/?s={search_term_string}\"},\"query-input\":{\"@type\":\"PropertyValueSpecification\",\"valueRequired\":true,\"valueName\":\"search_term_string\"}}],\"inLanguage\":\"pt-BR\"},{\"@type\":\"Organization\",\"@id\":\"https:\/\/fieam.org.br\/fieam\/#organization\",\"name\":\"FIEAM\",\"url\":\"https:\/\/fieam.org.br\/fieam\/\",\"logo\":{\"@type\":\"ImageObject\",\"inLanguage\":\"pt-BR\",\"@id\":\"https:\/\/fieam.org.br\/fieam\/#\/schema\/logo\/image\/\",\"url\":\"https:\/\/fieam.org.br\/fieam\/wp-content\/uploads\/sites\/9\/2024\/03\/cropped-fav.png\",\"contentUrl\":\"https:\/\/fieam.org.br\/fieam\/wp-content\/uploads\/sites\/9\/2024\/03\/cropped-fav.png\",\"width\":597,\"height\":598,\"caption\":\"FIEAM\"},\"image\":{\"@id\":\"https:\/\/fieam.org.br\/fieam\/#\/schema\/logo\/image\/\"}},{\"@type\":\"Person\",\"@id\":\"https:\/\/fieam.org.br\/fieam\/#\/schema\/person\/2da52793836d1930a7ba5eb194412a29\",\"name\":\"danielearaujo\",\"image\":{\"@type\":\"ImageObject\",\"inLanguage\":\"pt-BR\",\"@id\":\"https:\/\/fieam.org.br\/fieam\/#\/schema\/person\/image\/\",\"url\":\"https:\/\/secure.gravatar.com\/avatar\/3d05aa1b7ec7a61527da2f5640dbbb4d48b79db9fb5693b998f5966d1b316426?s=96&d=mm&r=g\",\"contentUrl\":\"https:\/\/secure.gravatar.com\/avatar\/3d05aa1b7ec7a61527da2f5640dbbb4d48b79db9fb5693b998f5966d1b316426?s=96&d=mm&r=g\",\"caption\":\"danielearaujo\"},\"url\":\"https:\/\/fieam.org.br\/fieam\/author\/danielearaujo\/\"}]}<\/script>\n<!-- \/ Yoast SEO plugin. -->","yoast_head_json":{"title":"Antonio Silva recebe visita de representantes da Hapvida - FIEAM","robots":{"index":"index","follow":"follow","max-snippet":"max-snippet:-1","max-image-preview":"max-image-preview:large","max-video-preview":"max-video-preview:-1"},"canonical":"https:\/\/fieam.org.br\/fieam\/antonio-silva-recebe-visita-de-representantes-da-hapvida\/","og_locale":"pt_BR","og_type":"article","og_title":"Antonio Silva recebe visita de representantes da Hapvida - FIEAM","og_description":"O presidente da Federa\u00e7\u00e3o das Ind\u00fastrias do Estado do Amazonas (FIEAM), Antonio Silva, recebeu, na manh\u00e3 desta quinta-feira (29), representantes da Hapvida para uma reuni\u00e3o institucional, realizada no gabinete presidencial localizado na sede da entidade. A reuni\u00e3o teve como objetivo fortalecer o di\u00e1logo institucional e apresentar o panorama atual da atua\u00e7\u00e3o da Hapvida no Amazonas, [&hellip;]","og_url":"https:\/\/fieam.org.br\/fieam\/antonio-silva-recebe-visita-de-representantes-da-hapvida\/","og_site_name":"FIEAM","article_published_time":"2026-01-29T18:17:18+00:00","article_modified_time":"2026-02-05T20:05:23+00:00","og_image":[{"width":2560,"height":1920,"url":"https:\/\/fieam.org.br\/fieam\/wp-content\/uploads\/sites\/9\/2026\/01\/IMG_7686-scaled.jpg","type":"image\/jpeg"}],"author":"danielearaujo","twitter_card":"summary_large_image","twitter_misc":{"Escrito por":"danielearaujo","Est. tempo de leitura":"2 minutos"},"schema":{"@context":"https:\/\/schema.org","@graph":[{"@type":"Article","@id":"https:\/\/fieam.org.br\/fieam\/antonio-silva-recebe-visita-de-representantes-da-hapvida\/#article","isPartOf":{"@id":"https:\/\/fieam.org.br\/fieam\/antonio-silva-recebe-visita-de-representantes-da-hapvida\/"},"author":{"name":"danielearaujo","@id":"https:\/\/fieam.org.br\/fieam\/#\/schema\/person\/2da52793836d1930a7ba5eb194412a29"},"headline":"Antonio Silva recebe visita de representantes da Hapvida","datePublished":"2026-01-29T18:17:18+00:00","dateModified":"2026-02-05T20:05:23+00:00","mainEntityOfPage":{"@id":"https:\/\/fieam.org.br\/fieam\/antonio-silva-recebe-visita-de-representantes-da-hapvida\/"},"wordCount":265,"commentCount":0,"publisher":{"@id":"https:\/\/fieam.org.br\/fieam\/#organization"},"image":{"@id":"https:\/\/fieam.org.br\/fieam\/antonio-silva-recebe-visita-de-representantes-da-hapvida\/#primaryimage"},"thumbnailUrl":"https:\/\/fieam.org.br\/fieam\/wp-content\/uploads\/sites\/9\/2026\/01\/IMG_7686-scaled.jpg","articleSection":["News"],"inLanguage":"pt-BR","potentialAction":[{"@type":"CommentAction","name":"Comment","target":["https:\/\/fieam.org.br\/fieam\/antonio-silva-recebe-visita-de-representantes-da-hapvida\/#respond"]}]},{"@type":"WebPage","@id":"https:\/\/fieam.org.br\/fieam\/antonio-silva-recebe-visita-de-representantes-da-hapvida\/","url":"https:\/\/fieam.org.br\/fieam\/antonio-silva-recebe-visita-de-representantes-da-hapvida\/","name":"Antonio Silva recebe visita de representantes da Hapvida - FIEAM","isPartOf":{"@id":"https:\/\/fieam.org.br\/fieam\/#website"},"primaryImageOfPage":{"@id":"https:\/\/fieam.org.br\/fieam\/antonio-silva-recebe-visita-de-representantes-da-hapvida\/#primaryimage"},"image":{"@id":"https:\/\/fieam.org.br\/fieam\/antonio-silva-recebe-visita-de-representantes-da-hapvida\/#primaryimage"},"thumbnailUrl":"https:\/\/fieam.org.br\/fieam\/wp-content\/uploads\/sites\/9\/2026\/01\/IMG_7686-scaled.jpg","datePublished":"2026-01-29T18:17:18+00:00","dateModified":"2026-02-05T20:05:23+00:00","breadcrumb":{"@id":"https:\/\/fieam.org.br\/fieam\/antonio-silva-recebe-visita-de-representantes-da-hapvida\/#breadcrumb"},"inLanguage":"pt-BR","potentialAction":[{"@type":"ReadAction","target":["https:\/\/fieam.org.br\/fieam\/antonio-silva-recebe-visita-de-representantes-da-hapvida\/"]}]},{"@type":"ImageObject","inLanguage":"pt-BR","@id":"https:\/\/fieam.org.br\/fieam\/antonio-silva-recebe-visita-de-representantes-da-hapvida\/#primaryimage","url":"https:\/\/fieam.org.br\/fieam\/wp-content\/uploads\/sites\/9\/2026\/01\/IMG_7686-scaled.jpg","contentUrl":"https:\/\/fieam.org.br\/fieam\/wp-content\/uploads\/sites\/9\/2026\/01\/IMG_7686-scaled.jpg","width":2560,"height":1920},{"@type":"BreadcrumbList","@id":"https:\/\/fieam.org.br\/fieam\/antonio-silva-recebe-visita-de-representantes-da-hapvida\/#breadcrumb","itemListElement":[{"@type":"ListItem","position":1,"name":"In\u00edcio","item":"https:\/\/fieam.org.br\/fieam\/"},{"@type":"ListItem","position":2,"name":"Antonio Silva recebe visita de representantes da Hapvida"}]},{"@type":"WebSite","@id":"https:\/\/fieam.org.br\/fieam\/#website","url":"https:\/\/fieam.org.br\/fieam\/","name":"FIEAM","description":"Site Oficial!","publisher":{"@id":"https:\/\/fieam.org.br\/fieam\/#organization"},"potentialAction":[{"@type":"SearchAction","target":{"@type":"EntryPoint","urlTemplate":"https:\/\/fieam.org.br\/fieam\/?s={search_term_string}"},"query-input":{"@type":"PropertyValueSpecification","valueRequired":true,"valueName":"search_term_string"}}],"inLanguage":"pt-BR"},{"@type":"Organization","@id":"https:\/\/fieam.org.br\/fieam\/#organization","name":"FIEAM","url":"https:\/\/fieam.org.br\/fieam\/","logo":{"@type":"ImageObject","inLanguage":"pt-BR","@id":"https:\/\/fieam.org.br\/fieam\/#\/schema\/logo\/image\/","url":"https:\/\/fieam.org.br\/fieam\/wp-content\/uploads\/sites\/9\/2024\/03\/cropped-fav.png","contentUrl":"https:\/\/fieam.org.br\/fieam\/wp-content\/uploads\/sites\/9\/2024\/03\/cropped-fav.png","width":597,"height":598,"caption":"FIEAM"},"image":{"@id":"https:\/\/fieam.org.br\/fieam\/#\/schema\/logo\/image\/"}},{"@type":"Person","@id":"https:\/\/fieam.org.br\/fieam\/#\/schema\/person\/2da52793836d1930a7ba5eb194412a29","name":"danielearaujo","image":{"@type":"ImageObject","inLanguage":"pt-BR","@id":"https:\/\/fieam.org.br\/fieam\/#\/schema\/person\/image\/","url":"https:\/\/secure.gravatar.com\/avatar\/3d05aa1b7ec7a61527da2f5640dbbb4d48b79db9fb5693b998f5966d1b316426?s=96&d=mm&r=g","contentUrl":"https:\/\/secure.gravatar.com\/avatar\/3d05aa1b7ec7a61527da2f5640dbbb4d48b79db9fb5693b998f5966d1b316426?s=96&d=mm&r=g","caption":"danielearaujo"},"url":"https:\/\/fieam.org.br\/fieam\/author\/danielearaujo\/"}]}},"_links":{"self":[{"href":"https:\/\/fieam.org.br\/fieam\/wp-json\/wp\/v2\/posts\/17846","targetHints":{"allow":["GET"]}}],"collection":[{"href":"https:\/\/fieam.org.br\/fieam\/wp-json\/wp\/v2\/posts"}],"about":[{"href":"https:\/\/fieam.org.br\/fieam\/wp-json\/wp\/v2\/types\/post"}],"author":[{"embeddable":true,"href":"https:\/\/fieam.org.br\/fieam\/wp-json\/wp\/v2\/users\/18"}],"replies":[{"embeddable":true,"href":"https:\/\/fieam.org.br\/fieam\/wp-json\/wp\/v2\/comments?post=17846"}],"version-history":[{"count":1,"href":"https:\/\/fieam.org.br\/fieam\/wp-json\/wp\/v2\/posts\/17846\/revisions"}],"predecessor-version":[{"id":17848,"href":"https:\/\/fieam.org.br\/fieam\/wp-json\/wp\/v2\/posts\/17846\/revisions\/17848"}],"wp:featuredmedia":[{"embeddable":true,"href":"https:\/\/fieam.org.br\/fieam\/wp-json\/wp\/v2\/media\/17847"}],"wp:attachment":[{"href":"https:\/\/fieam.org.br\/fieam\/wp-json\/wp\/v2\/media?parent=17846"}],"wp:term":[{"taxonomy":"category","embeddable":true,"href":"https:\/\/fieam.org.br\/fieam\/wp-json\/wp\/v2\/categories?post=17846"},{"taxonomy":"post_tag","embeddable":true,"href":"https:\/\/fieam.org.br\/fieam\/wp-json\/wp\/v2\/tags?post=17846"}],"curies":[{"name":"wp","href":"https:\/\/api.w.org\/{rel}","templated":true}]}}