{"id":17597,"date":"2025-10-30T12:00:05","date_gmt":"2025-10-30T12:00:05","guid":{"rendered":"https:\/\/fieam.org.br\/fieam\/?p=17597"},"modified":"2025-10-30T12:00:05","modified_gmt":"2025-10-30T12:00:05","slug":"integracao-entre-forcas-publicas-e-privadas-reduz-em-mais-de-90-os-assaltos-nas-rotas-do-distrito-industrial","status":"publish","type":"post","link":"https:\/\/fieam.org.br\/fieam\/integracao-entre-forcas-publicas-e-privadas-reduz-em-mais-de-90-os-assaltos-nas-rotas-do-distrito-industrial\/","title":{"rendered":"Integra\u00e7\u00e3o entre for\u00e7as p\u00fablicas e privadas reduz em mais de 90% os assaltos nas rotas do Distrito Industrial"},"content":{"rendered":"<p>A seguran\u00e7a nas rotas de transporte dos trabalhadores do Distrito Industrial registrou uma redu\u00e7\u00e3o superior a 90% nos casos de roubos e furtos desde a cria\u00e7\u00e3o da Coordenadoria de Seguran\u00e7a da Federa\u00e7\u00e3o das Ind\u00fastrias do Estado do Amazonas (FIEAM), h\u00e1 pouco mais de um ano. O mesmo movimento de queda se reflete no transporte coletivo urbano de Manaus, resultado das a\u00e7\u00f5es conjuntas entre a Pol\u00edcia Militar, a Secretaria de Seguran\u00e7a P\u00fablica do Amazonas (SSP-AM) e as empresas do Polo Industrial.<\/p>\n<p>Os indicadores foram apresentados no II Simp\u00f3sio sobre Seguran\u00e7a do Polo Industrial de Manaus (PIM), promovido pela FIEAM, na ter\u00e7a-feira (28). O evento reuniu autoridades das for\u00e7as de seguran\u00e7a p\u00fablica, gestores de empresas do Polo e profissionais da \u00e1rea de seguran\u00e7a corporativa.<\/p>\n<p>O vice-presidente da FIEAM e coordenador geral das coordenadorias operacionais, Nelson Azevedo, destacou que a seguran\u00e7a do polo \u00e9 fruto de um esfor\u00e7o coletivo. \u201cA uni\u00e3o entre as for\u00e7as p\u00fablicas e as empresas t\u00eam fortalecido a seguran\u00e7a no Polo Industrial de Manaus. Avan\u00e7amos em tecnologia, integra\u00e7\u00e3o e protocolos unificados de preven\u00e7\u00e3o, mostrando que seguran\u00e7a \u00e9 valor, n\u00e3o custo\u201d, afirmou Azevedo.<\/p>\n<p>Na ocasi\u00e3o, o secret\u00e1rio de Seguran\u00e7a P\u00fablica do Amazonas, coronel Vin\u00edcius Almeida, enfatizou o investimento em tecnologia e a integra\u00e7\u00e3o com o setor produtivo t\u00eam sido determinantes para o sucesso das opera\u00e7\u00f5es.<\/p>\n<p>\u201cO uso de videomonitoramento, reconhecimento facial e an\u00e1lise de dados em tempo real \u00e9 o futuro da seguran\u00e7a p\u00fablica. Com o apoio da FIEAM e das empresas, conseguimos resultados que hoje servem de modelo para outros estados\u201d, afirmou o secret\u00e1rio.<\/p>\n<p>&nbsp;<\/p>\n<p><strong>Trabalho conjunto<\/strong><\/p>\n<p><img fetchpriority=\"high\" decoding=\"async\" class=\" wp-image-17599 aligncenter\" src=\"https:\/\/fieam.org.br\/fieam\/wp-content\/uploads\/sites\/9\/2025\/10\/Coordenadoria-de-seguranca-ja-esta-ha-pouco-mais-de-um-ano-atuando-em-Manaus-300x200.jpg\" alt=\"\" width=\"818\" height=\"545\" srcset=\"https:\/\/fieam.org.br\/fieam\/wp-content\/uploads\/sites\/9\/2025\/10\/Coordenadoria-de-seguranca-ja-esta-ha-pouco-mais-de-um-ano-atuando-em-Manaus-300x200.jpg 300w, https:\/\/fieam.org.br\/fieam\/wp-content\/uploads\/sites\/9\/2025\/10\/Coordenadoria-de-seguranca-ja-esta-ha-pouco-mais-de-um-ano-atuando-em-Manaus-1024x683.jpg 1024w, https:\/\/fieam.org.br\/fieam\/wp-content\/uploads\/sites\/9\/2025\/10\/Coordenadoria-de-seguranca-ja-esta-ha-pouco-mais-de-um-ano-atuando-em-Manaus-768x512.jpg 768w, https:\/\/fieam.org.br\/fieam\/wp-content\/uploads\/sites\/9\/2025\/10\/Coordenadoria-de-seguranca-ja-esta-ha-pouco-mais-de-um-ano-atuando-em-Manaus-1536x1024.jpg 1536w, https:\/\/fieam.org.br\/fieam\/wp-content\/uploads\/sites\/9\/2025\/10\/Coordenadoria-de-seguranca-ja-esta-ha-pouco-mais-de-um-ano-atuando-em-Manaus.jpg 2048w\" sizes=\"(max-width: 818px) 100vw, 818px\" \/><\/p>\n<p>O coordenador da Coordenadoria de Seguran\u00e7a P\u00fablica da FIEAM, coronel Orlando Auzier Junior, apresentou o balan\u00e7o de resultados da atua\u00e7\u00e3o integrada. Segundo ele, a cria\u00e7\u00e3o da coordenadoria e o fortalecimento das parcerias com as ind\u00fastrias e \u00f3rg\u00e3os de seguran\u00e7a p\u00fablica possibilitaram a queda quase total das ocorr\u00eancias nas rotas que atendem o Polo Industrial, consolidando uma nova cultura de coopera\u00e7\u00e3o.<\/p>\n<p>\u201cHoje, podemos dizer que praticamente zeramos os registros de assaltos e furtos nas rotas do Distrito Industrial. Isso \u00e9 resultado de confian\u00e7a, trabalho conjunto e comunica\u00e7\u00e3o permanente entre empresas e for\u00e7as de seguran\u00e7a\u201d, refor\u00e7ou Auzier.<\/p>\n<p>&nbsp;<\/p>\n<p><strong>Rede de monitoramento<\/strong><\/p>\n<p><img decoding=\"async\" class=\" wp-image-17600 aligncenter\" src=\"https:\/\/fieam.org.br\/fieam\/wp-content\/uploads\/sites\/9\/2025\/10\/Inteligencia-e-tecnologia-foi-tema-de-palestra-do-Cel-Ronaldo-Vasconcelos-300x200.jpg\" alt=\"\" width=\"800\" height=\"533\" srcset=\"https:\/\/fieam.org.br\/fieam\/wp-content\/uploads\/sites\/9\/2025\/10\/Inteligencia-e-tecnologia-foi-tema-de-palestra-do-Cel-Ronaldo-Vasconcelos-300x200.jpg 300w, https:\/\/fieam.org.br\/fieam\/wp-content\/uploads\/sites\/9\/2025\/10\/Inteligencia-e-tecnologia-foi-tema-de-palestra-do-Cel-Ronaldo-Vasconcelos-1024x683.jpg 1024w, https:\/\/fieam.org.br\/fieam\/wp-content\/uploads\/sites\/9\/2025\/10\/Inteligencia-e-tecnologia-foi-tema-de-palestra-do-Cel-Ronaldo-Vasconcelos-768x512.jpg 768w, https:\/\/fieam.org.br\/fieam\/wp-content\/uploads\/sites\/9\/2025\/10\/Inteligencia-e-tecnologia-foi-tema-de-palestra-do-Cel-Ronaldo-Vasconcelos-1536x1024.jpg 1536w, https:\/\/fieam.org.br\/fieam\/wp-content\/uploads\/sites\/9\/2025\/10\/Inteligencia-e-tecnologia-foi-tema-de-palestra-do-Cel-Ronaldo-Vasconcelos.jpg 2048w\" sizes=\"(max-width: 800px) 100vw, 800px\" \/><\/p>\n<p>A programa\u00e7\u00e3o reuniu apresenta\u00e7\u00f5es t\u00e9cnicas e relatos de boas pr\u00e1ticas. O coronel R1 do Ex\u00e9rcito Brasileiro, Ronaldo Vasconcelos, abriu o ciclo de palestras com o tema \u201cIntelig\u00eancia e tecnologias somadas \u00e0 seguran\u00e7a p\u00fablica e privada\u201d, destacando o avan\u00e7o das amea\u00e7as digitais e o uso crescente da intelig\u00eancia artificial (IA).<\/p>\n<p>\u201cA IA deve ser uma aliada do conhecimento e n\u00e3o uma muleta. Muita gente est\u00e1 se apoiando demais na tecnologia e esquecendo de estudar. Em alguns anos, veremos profissionais perdendo espa\u00e7o por falta de atualiza\u00e7\u00e3o\u201d, alertou Vasconcelos.<\/p>\n<p>Em seguida, o gestor de seguran\u00e7a corporativa da Flex, Rafael Gon\u00e7alves, apresentou o case de sucesso \u201cSafe Zone \u2013 Impacto da intelig\u00eancia, tecnologia e seguran\u00e7a corporativa comunit\u00e1ria na redu\u00e7\u00e3o de ocorr\u00eancias\u201d, desenvolvido em parceria com empresas situadas na avenida Torquato Tapaj\u00f3s. A iniciativa criou uma rede de monitoramento colaborativo entre ind\u00fastrias, portarias e comunidades vizinhas, com uso de grupos de comunica\u00e7\u00e3o integrados e drones para vigil\u00e2ncia preventiva. O resultado foi redu\u00e7\u00e3o total das ocorr\u00eancias na \u00e1rea.<br \/>\nRafael tamb\u00e9m destacou o trabalho social da Flex com jovens aprendizes, que participam de a\u00e7\u00f5es educativas voltadas \u00e0 seguran\u00e7a e cidadania.<\/p>\n<p>\u201cO projeto Safe Zone mostra que tecnologia e coopera\u00e7\u00e3o podem transformar realidades. Quando unimos empresas, vizinhos e institui\u00e7\u00f5es, criamos um ambiente mais seguro para todos \u2014 e isso inclui nossos jovens aprendizes, que s\u00e3o parte fundamental dessa cultura de responsabilidade\u201d, destacou.<\/p>\n<p>&nbsp;<\/p>\n<p><strong>Redu\u00e7\u00e3o de mortes violentas<\/strong><\/p>\n<p><img decoding=\"async\" class=\" wp-image-17601 aligncenter\" src=\"https:\/\/fieam.org.br\/fieam\/wp-content\/uploads\/sites\/9\/2025\/10\/Cel-Thiago-Balbi-300x200.jpg\" alt=\"\" width=\"844\" height=\"563\" srcset=\"https:\/\/fieam.org.br\/fieam\/wp-content\/uploads\/sites\/9\/2025\/10\/Cel-Thiago-Balbi-300x200.jpg 300w, https:\/\/fieam.org.br\/fieam\/wp-content\/uploads\/sites\/9\/2025\/10\/Cel-Thiago-Balbi-1024x683.jpg 1024w, https:\/\/fieam.org.br\/fieam\/wp-content\/uploads\/sites\/9\/2025\/10\/Cel-Thiago-Balbi-768x512.jpg 768w, https:\/\/fieam.org.br\/fieam\/wp-content\/uploads\/sites\/9\/2025\/10\/Cel-Thiago-Balbi-1536x1024.jpg 1536w, https:\/\/fieam.org.br\/fieam\/wp-content\/uploads\/sites\/9\/2025\/10\/Cel-Thiago-Balbi.jpg 2048w\" sizes=\"(max-width: 844px) 100vw, 844px\" \/><\/p>\n<p>O subcomandante-geral da Pol\u00edcia Militar do Amazonas (PMAM), coronel Thiago Balbi, apresentou indicadores de produtividade da corpora\u00e7\u00e3o, que apontam redu\u00e7\u00e3o de 44% nas mortes violentas em Manaus entre 2024 e 2025, al\u00e9m da queda de mais de 90% nos roubos e furtos nas rotas industriais. Segundo ele, o programa Rota Segura, desenvolvido em parceria com a FIEAM, foi essencial para proteger os trabalhadores e ampliar a sensa\u00e7\u00e3o de seguran\u00e7a.<\/p>\n<p>\u201cOs resultados mostram que o trabalho integrado entre pol\u00edcia e setor produtivo gera efeitos concretos. Reduzimos drasticamente os \u00edndices nas rotas do Distrito Industrial e garantimos mais tranquilidade para os trabalhadores e suas fam\u00edlias\u201d, afirmou Balbi.<\/p>\n<p>Ao final da programa\u00e7\u00e3o, os organizadores realizaram a entrega de placas de homenagem aos palestrantes, em reconhecimento aos servi\u00e7os prestados \u00e0 ind\u00fastria e \u00e0 sociedade amazonense.<\/p>\n","protected":false},"excerpt":{"rendered":"<p>A seguran\u00e7a nas rotas de transporte dos trabalhadores do Distrito Industrial registrou uma redu\u00e7\u00e3o superior a 90% nos casos de roubos e furtos desde a cria\u00e7\u00e3o da Coordenadoria de Seguran\u00e7a da Federa\u00e7\u00e3o das Ind\u00fastrias do Estado do Amazonas (FIEAM), h\u00e1 pouco mais de um ano. O mesmo movimento de queda se reflete no transporte coletivo [&hellip;]<\/p>\n","protected":false},"author":9,"featured_media":17598,"comment_status":"open","ping_status":"open","sticky":false,"template":"","format":"standard","meta":{"footnotes":""},"categories":[1],"tags":[],"class_list":["post-17597","post","type-post","status-publish","format-standard","has-post-thumbnail","hentry","category-geral"],"yoast_head":"<!-- This site is optimized with the Yoast SEO plugin v26.8 - https:\/\/yoast.com\/product\/yoast-seo-wordpress\/ -->\n<title>Integra\u00e7\u00e3o entre for\u00e7as p\u00fablicas e privadas reduz em mais de 90% os assaltos nas rotas do Distrito Industrial - FIEAM<\/title>\n<meta name=\"robots\" content=\"index, follow, max-snippet:-1, max-image-preview:large, max-video-preview:-1\" \/>\n<link rel=\"canonical\" href=\"https:\/\/fieam.org.br\/fieam\/integracao-entre-forcas-publicas-e-privadas-reduz-em-mais-de-90-os-assaltos-nas-rotas-do-distrito-industrial\/\" \/>\n<meta property=\"og:locale\" content=\"pt_BR\" \/>\n<meta property=\"og:type\" content=\"article\" \/>\n<meta property=\"og:title\" content=\"Integra\u00e7\u00e3o entre for\u00e7as p\u00fablicas e privadas reduz em mais de 90% os assaltos nas rotas do Distrito Industrial - FIEAM\" \/>\n<meta property=\"og:description\" content=\"A seguran\u00e7a nas rotas de transporte dos trabalhadores do Distrito Industrial registrou uma redu\u00e7\u00e3o superior a 90% nos casos de roubos e furtos desde a cria\u00e7\u00e3o da Coordenadoria de Seguran\u00e7a da Federa\u00e7\u00e3o das Ind\u00fastrias do Estado do Amazonas (FIEAM), h\u00e1 pouco mais de um ano. O mesmo movimento de queda se reflete no transporte coletivo [&hellip;]\" \/>\n<meta property=\"og:url\" content=\"https:\/\/fieam.org.br\/fieam\/integracao-entre-forcas-publicas-e-privadas-reduz-em-mais-de-90-os-assaltos-nas-rotas-do-distrito-industrial\/\" \/>\n<meta property=\"og:site_name\" content=\"FIEAM\" \/>\n<meta property=\"article:published_time\" content=\"2025-10-30T12:00:05+00:00\" \/>\n<meta property=\"og:image\" content=\"https:\/\/fieam.org.br\/fieam\/wp-content\/uploads\/sites\/9\/2025\/10\/Secretario-de-Seguranca-Publica-Vinicius-Almeida.jpg\" \/>\n\t<meta property=\"og:image:width\" content=\"2048\" \/>\n\t<meta property=\"og:image:height\" content=\"1365\" \/>\n\t<meta property=\"og:image:type\" content=\"image\/jpeg\" \/>\n<meta name=\"author\" content=\"cris\" \/>\n<meta name=\"twitter:card\" content=\"summary_large_image\" \/>\n<meta name=\"twitter:creator\" content=\"@tour-virtual@fieam.org.br\" \/>\n<meta name=\"twitter:label1\" content=\"Escrito por\" \/>\n\t<meta name=\"twitter:data1\" content=\"cris\" \/>\n\t<meta name=\"twitter:label2\" content=\"Est. tempo de leitura\" \/>\n\t<meta name=\"twitter:data2\" content=\"4 minutos\" \/>\n<script type=\"application\/ld+json\" class=\"yoast-schema-graph\">{\"@context\":\"https:\/\/schema.org\",\"@graph\":[{\"@type\":\"Article\",\"@id\":\"https:\/\/fieam.org.br\/fieam\/integracao-entre-forcas-publicas-e-privadas-reduz-em-mais-de-90-os-assaltos-nas-rotas-do-distrito-industrial\/#article\",\"isPartOf\":{\"@id\":\"https:\/\/fieam.org.br\/fieam\/integracao-entre-forcas-publicas-e-privadas-reduz-em-mais-de-90-os-assaltos-nas-rotas-do-distrito-industrial\/\"},\"author\":{\"name\":\"cris\",\"@id\":\"https:\/\/fieam.org.br\/fieam\/#\/schema\/person\/ff86678b986855fb9f8d2e599eab31ae\"},\"headline\":\"Integra\u00e7\u00e3o entre for\u00e7as p\u00fablicas e privadas reduz em mais de 90% os assaltos nas rotas do Distrito Industrial\",\"datePublished\":\"2025-10-30T12:00:05+00:00\",\"mainEntityOfPage\":{\"@id\":\"https:\/\/fieam.org.br\/fieam\/integracao-entre-forcas-publicas-e-privadas-reduz-em-mais-de-90-os-assaltos-nas-rotas-do-distrito-industrial\/\"},\"wordCount\":822,\"commentCount\":0,\"publisher\":{\"@id\":\"https:\/\/fieam.org.br\/fieam\/#organization\"},\"image\":{\"@id\":\"https:\/\/fieam.org.br\/fieam\/integracao-entre-forcas-publicas-e-privadas-reduz-em-mais-de-90-os-assaltos-nas-rotas-do-distrito-industrial\/#primaryimage\"},\"thumbnailUrl\":\"https:\/\/fieam.org.br\/fieam\/wp-content\/uploads\/sites\/9\/2025\/10\/Secretario-de-Seguranca-Publica-Vinicius-Almeida.jpg\",\"articleSection\":[\"Geral\"],\"inLanguage\":\"pt-BR\",\"potentialAction\":[{\"@type\":\"CommentAction\",\"name\":\"Comment\",\"target\":[\"https:\/\/fieam.org.br\/fieam\/integracao-entre-forcas-publicas-e-privadas-reduz-em-mais-de-90-os-assaltos-nas-rotas-do-distrito-industrial\/#respond\"]}]},{\"@type\":\"WebPage\",\"@id\":\"https:\/\/fieam.org.br\/fieam\/integracao-entre-forcas-publicas-e-privadas-reduz-em-mais-de-90-os-assaltos-nas-rotas-do-distrito-industrial\/\",\"url\":\"https:\/\/fieam.org.br\/fieam\/integracao-entre-forcas-publicas-e-privadas-reduz-em-mais-de-90-os-assaltos-nas-rotas-do-distrito-industrial\/\",\"name\":\"Integra\u00e7\u00e3o entre for\u00e7as p\u00fablicas e privadas reduz em mais de 90% os assaltos nas rotas do Distrito Industrial - FIEAM\",\"isPartOf\":{\"@id\":\"https:\/\/fieam.org.br\/fieam\/#website\"},\"primaryImageOfPage\":{\"@id\":\"https:\/\/fieam.org.br\/fieam\/integracao-entre-forcas-publicas-e-privadas-reduz-em-mais-de-90-os-assaltos-nas-rotas-do-distrito-industrial\/#primaryimage\"},\"image\":{\"@id\":\"https:\/\/fieam.org.br\/fieam\/integracao-entre-forcas-publicas-e-privadas-reduz-em-mais-de-90-os-assaltos-nas-rotas-do-distrito-industrial\/#primaryimage\"},\"thumbnailUrl\":\"https:\/\/fieam.org.br\/fieam\/wp-content\/uploads\/sites\/9\/2025\/10\/Secretario-de-Seguranca-Publica-Vinicius-Almeida.jpg\",\"datePublished\":\"2025-10-30T12:00:05+00:00\",\"breadcrumb\":{\"@id\":\"https:\/\/fieam.org.br\/fieam\/integracao-entre-forcas-publicas-e-privadas-reduz-em-mais-de-90-os-assaltos-nas-rotas-do-distrito-industrial\/#breadcrumb\"},\"inLanguage\":\"pt-BR\",\"potentialAction\":[{\"@type\":\"ReadAction\",\"target\":[\"https:\/\/fieam.org.br\/fieam\/integracao-entre-forcas-publicas-e-privadas-reduz-em-mais-de-90-os-assaltos-nas-rotas-do-distrito-industrial\/\"]}]},{\"@type\":\"ImageObject\",\"inLanguage\":\"pt-BR\",\"@id\":\"https:\/\/fieam.org.br\/fieam\/integracao-entre-forcas-publicas-e-privadas-reduz-em-mais-de-90-os-assaltos-nas-rotas-do-distrito-industrial\/#primaryimage\",\"url\":\"https:\/\/fieam.org.br\/fieam\/wp-content\/uploads\/sites\/9\/2025\/10\/Secretario-de-Seguranca-Publica-Vinicius-Almeida.jpg\",\"contentUrl\":\"https:\/\/fieam.org.br\/fieam\/wp-content\/uploads\/sites\/9\/2025\/10\/Secretario-de-Seguranca-Publica-Vinicius-Almeida.jpg\",\"width\":2048,\"height\":1365},{\"@type\":\"BreadcrumbList\",\"@id\":\"https:\/\/fieam.org.br\/fieam\/integracao-entre-forcas-publicas-e-privadas-reduz-em-mais-de-90-os-assaltos-nas-rotas-do-distrito-industrial\/#breadcrumb\",\"itemListElement\":[{\"@type\":\"ListItem\",\"position\":1,\"name\":\"In\u00edcio\",\"item\":\"https:\/\/fieam.org.br\/fieam\/\"},{\"@type\":\"ListItem\",\"position\":2,\"name\":\"Integra\u00e7\u00e3o entre for\u00e7as p\u00fablicas e privadas reduz em mais de 90% os assaltos nas rotas do Distrito Industrial\"}]},{\"@type\":\"WebSite\",\"@id\":\"https:\/\/fieam.org.br\/fieam\/#website\",\"url\":\"https:\/\/fieam.org.br\/fieam\/\",\"name\":\"FIEAM\",\"description\":\"Site Oficial!\",\"publisher\":{\"@id\":\"https:\/\/fieam.org.br\/fieam\/#organization\"},\"potentialAction\":[{\"@type\":\"SearchAction\",\"target\":{\"@type\":\"EntryPoint\",\"urlTemplate\":\"https:\/\/fieam.org.br\/fieam\/?s={search_term_string}\"},\"query-input\":{\"@type\":\"PropertyValueSpecification\",\"valueRequired\":true,\"valueName\":\"search_term_string\"}}],\"inLanguage\":\"pt-BR\"},{\"@type\":\"Organization\",\"@id\":\"https:\/\/fieam.org.br\/fieam\/#organization\",\"name\":\"FIEAM\",\"url\":\"https:\/\/fieam.org.br\/fieam\/\",\"logo\":{\"@type\":\"ImageObject\",\"inLanguage\":\"pt-BR\",\"@id\":\"https:\/\/fieam.org.br\/fieam\/#\/schema\/logo\/image\/\",\"url\":\"https:\/\/fieam.org.br\/fieam\/wp-content\/uploads\/sites\/9\/2024\/03\/cropped-fav.png\",\"contentUrl\":\"https:\/\/fieam.org.br\/fieam\/wp-content\/uploads\/sites\/9\/2024\/03\/cropped-fav.png\",\"width\":597,\"height\":598,\"caption\":\"FIEAM\"},\"image\":{\"@id\":\"https:\/\/fieam.org.br\/fieam\/#\/schema\/logo\/image\/\"}},{\"@type\":\"Person\",\"@id\":\"https:\/\/fieam.org.br\/fieam\/#\/schema\/person\/ff86678b986855fb9f8d2e599eab31ae\",\"name\":\"cris\",\"image\":{\"@type\":\"ImageObject\",\"inLanguage\":\"pt-BR\",\"@id\":\"https:\/\/fieam.org.br\/fieam\/#\/schema\/person\/image\/\",\"url\":\"https:\/\/secure.gravatar.com\/avatar\/e66688f9186abb74f11662d64a816c0971765b5f3721fc721afe90af108548a3?s=96&d=mm&r=g\",\"contentUrl\":\"https:\/\/secure.gravatar.com\/avatar\/e66688f9186abb74f11662d64a816c0971765b5f3721fc721afe90af108548a3?s=96&d=mm&r=g\",\"caption\":\"cris\"},\"sameAs\":[\"https:\/\/x.com\/tour-virtual@fieam.org.br\"],\"url\":\"https:\/\/fieam.org.br\/fieam\/author\/cris\/\"}]}<\/script>\n<!-- \/ Yoast SEO plugin. -->","yoast_head_json":{"title":"Integra\u00e7\u00e3o entre for\u00e7as p\u00fablicas e privadas reduz em mais de 90% os assaltos nas rotas do Distrito Industrial - FIEAM","robots":{"index":"index","follow":"follow","max-snippet":"max-snippet:-1","max-image-preview":"max-image-preview:large","max-video-preview":"max-video-preview:-1"},"canonical":"https:\/\/fieam.org.br\/fieam\/integracao-entre-forcas-publicas-e-privadas-reduz-em-mais-de-90-os-assaltos-nas-rotas-do-distrito-industrial\/","og_locale":"pt_BR","og_type":"article","og_title":"Integra\u00e7\u00e3o entre for\u00e7as p\u00fablicas e privadas reduz em mais de 90% os assaltos nas rotas do Distrito Industrial - FIEAM","og_description":"A seguran\u00e7a nas rotas de transporte dos trabalhadores do Distrito Industrial registrou uma redu\u00e7\u00e3o superior a 90% nos casos de roubos e furtos desde a cria\u00e7\u00e3o da Coordenadoria de Seguran\u00e7a da Federa\u00e7\u00e3o das Ind\u00fastrias do Estado do Amazonas (FIEAM), h\u00e1 pouco mais de um ano. O mesmo movimento de queda se reflete no transporte coletivo [&hellip;]","og_url":"https:\/\/fieam.org.br\/fieam\/integracao-entre-forcas-publicas-e-privadas-reduz-em-mais-de-90-os-assaltos-nas-rotas-do-distrito-industrial\/","og_site_name":"FIEAM","article_published_time":"2025-10-30T12:00:05+00:00","og_image":[{"width":2048,"height":1365,"url":"https:\/\/fieam.org.br\/fieam\/wp-content\/uploads\/sites\/9\/2025\/10\/Secretario-de-Seguranca-Publica-Vinicius-Almeida.jpg","type":"image\/jpeg"}],"author":"cris","twitter_card":"summary_large_image","twitter_creator":"@tour-virtual@fieam.org.br","twitter_misc":{"Escrito por":"cris","Est. tempo de leitura":"4 minutos"},"schema":{"@context":"https:\/\/schema.org","@graph":[{"@type":"Article","@id":"https:\/\/fieam.org.br\/fieam\/integracao-entre-forcas-publicas-e-privadas-reduz-em-mais-de-90-os-assaltos-nas-rotas-do-distrito-industrial\/#article","isPartOf":{"@id":"https:\/\/fieam.org.br\/fieam\/integracao-entre-forcas-publicas-e-privadas-reduz-em-mais-de-90-os-assaltos-nas-rotas-do-distrito-industrial\/"},"author":{"name":"cris","@id":"https:\/\/fieam.org.br\/fieam\/#\/schema\/person\/ff86678b986855fb9f8d2e599eab31ae"},"headline":"Integra\u00e7\u00e3o entre for\u00e7as p\u00fablicas e privadas reduz em mais de 90% os assaltos nas rotas do Distrito Industrial","datePublished":"2025-10-30T12:00:05+00:00","mainEntityOfPage":{"@id":"https:\/\/fieam.org.br\/fieam\/integracao-entre-forcas-publicas-e-privadas-reduz-em-mais-de-90-os-assaltos-nas-rotas-do-distrito-industrial\/"},"wordCount":822,"commentCount":0,"publisher":{"@id":"https:\/\/fieam.org.br\/fieam\/#organization"},"image":{"@id":"https:\/\/fieam.org.br\/fieam\/integracao-entre-forcas-publicas-e-privadas-reduz-em-mais-de-90-os-assaltos-nas-rotas-do-distrito-industrial\/#primaryimage"},"thumbnailUrl":"https:\/\/fieam.org.br\/fieam\/wp-content\/uploads\/sites\/9\/2025\/10\/Secretario-de-Seguranca-Publica-Vinicius-Almeida.jpg","articleSection":["Geral"],"inLanguage":"pt-BR","potentialAction":[{"@type":"CommentAction","name":"Comment","target":["https:\/\/fieam.org.br\/fieam\/integracao-entre-forcas-publicas-e-privadas-reduz-em-mais-de-90-os-assaltos-nas-rotas-do-distrito-industrial\/#respond"]}]},{"@type":"WebPage","@id":"https:\/\/fieam.org.br\/fieam\/integracao-entre-forcas-publicas-e-privadas-reduz-em-mais-de-90-os-assaltos-nas-rotas-do-distrito-industrial\/","url":"https:\/\/fieam.org.br\/fieam\/integracao-entre-forcas-publicas-e-privadas-reduz-em-mais-de-90-os-assaltos-nas-rotas-do-distrito-industrial\/","name":"Integra\u00e7\u00e3o entre for\u00e7as p\u00fablicas e privadas reduz em mais de 90% os assaltos nas rotas do Distrito Industrial - FIEAM","isPartOf":{"@id":"https:\/\/fieam.org.br\/fieam\/#website"},"primaryImageOfPage":{"@id":"https:\/\/fieam.org.br\/fieam\/integracao-entre-forcas-publicas-e-privadas-reduz-em-mais-de-90-os-assaltos-nas-rotas-do-distrito-industrial\/#primaryimage"},"image":{"@id":"https:\/\/fieam.org.br\/fieam\/integracao-entre-forcas-publicas-e-privadas-reduz-em-mais-de-90-os-assaltos-nas-rotas-do-distrito-industrial\/#primaryimage"},"thumbnailUrl":"https:\/\/fieam.org.br\/fieam\/wp-content\/uploads\/sites\/9\/2025\/10\/Secretario-de-Seguranca-Publica-Vinicius-Almeida.jpg","datePublished":"2025-10-30T12:00:05+00:00","breadcrumb":{"@id":"https:\/\/fieam.org.br\/fieam\/integracao-entre-forcas-publicas-e-privadas-reduz-em-mais-de-90-os-assaltos-nas-rotas-do-distrito-industrial\/#breadcrumb"},"inLanguage":"pt-BR","potentialAction":[{"@type":"ReadAction","target":["https:\/\/fieam.org.br\/fieam\/integracao-entre-forcas-publicas-e-privadas-reduz-em-mais-de-90-os-assaltos-nas-rotas-do-distrito-industrial\/"]}]},{"@type":"ImageObject","inLanguage":"pt-BR","@id":"https:\/\/fieam.org.br\/fieam\/integracao-entre-forcas-publicas-e-privadas-reduz-em-mais-de-90-os-assaltos-nas-rotas-do-distrito-industrial\/#primaryimage","url":"https:\/\/fieam.org.br\/fieam\/wp-content\/uploads\/sites\/9\/2025\/10\/Secretario-de-Seguranca-Publica-Vinicius-Almeida.jpg","contentUrl":"https:\/\/fieam.org.br\/fieam\/wp-content\/uploads\/sites\/9\/2025\/10\/Secretario-de-Seguranca-Publica-Vinicius-Almeida.jpg","width":2048,"height":1365},{"@type":"BreadcrumbList","@id":"https:\/\/fieam.org.br\/fieam\/integracao-entre-forcas-publicas-e-privadas-reduz-em-mais-de-90-os-assaltos-nas-rotas-do-distrito-industrial\/#breadcrumb","itemListElement":[{"@type":"ListItem","position":1,"name":"In\u00edcio","item":"https:\/\/fieam.org.br\/fieam\/"},{"@type":"ListItem","position":2,"name":"Integra\u00e7\u00e3o entre for\u00e7as p\u00fablicas e privadas reduz em mais de 90% os assaltos nas rotas do Distrito Industrial"}]},{"@type":"WebSite","@id":"https:\/\/fieam.org.br\/fieam\/#website","url":"https:\/\/fieam.org.br\/fieam\/","name":"FIEAM","description":"Site Oficial!","publisher":{"@id":"https:\/\/fieam.org.br\/fieam\/#organization"},"potentialAction":[{"@type":"SearchAction","target":{"@type":"EntryPoint","urlTemplate":"https:\/\/fieam.org.br\/fieam\/?s={search_term_string}"},"query-input":{"@type":"PropertyValueSpecification","valueRequired":true,"valueName":"search_term_string"}}],"inLanguage":"pt-BR"},{"@type":"Organization","@id":"https:\/\/fieam.org.br\/fieam\/#organization","name":"FIEAM","url":"https:\/\/fieam.org.br\/fieam\/","logo":{"@type":"ImageObject","inLanguage":"pt-BR","@id":"https:\/\/fieam.org.br\/fieam\/#\/schema\/logo\/image\/","url":"https:\/\/fieam.org.br\/fieam\/wp-content\/uploads\/sites\/9\/2024\/03\/cropped-fav.png","contentUrl":"https:\/\/fieam.org.br\/fieam\/wp-content\/uploads\/sites\/9\/2024\/03\/cropped-fav.png","width":597,"height":598,"caption":"FIEAM"},"image":{"@id":"https:\/\/fieam.org.br\/fieam\/#\/schema\/logo\/image\/"}},{"@type":"Person","@id":"https:\/\/fieam.org.br\/fieam\/#\/schema\/person\/ff86678b986855fb9f8d2e599eab31ae","name":"cris","image":{"@type":"ImageObject","inLanguage":"pt-BR","@id":"https:\/\/fieam.org.br\/fieam\/#\/schema\/person\/image\/","url":"https:\/\/secure.gravatar.com\/avatar\/e66688f9186abb74f11662d64a816c0971765b5f3721fc721afe90af108548a3?s=96&d=mm&r=g","contentUrl":"https:\/\/secure.gravatar.com\/avatar\/e66688f9186abb74f11662d64a816c0971765b5f3721fc721afe90af108548a3?s=96&d=mm&r=g","caption":"cris"},"sameAs":["https:\/\/x.com\/tour-virtual@fieam.org.br"],"url":"https:\/\/fieam.org.br\/fieam\/author\/cris\/"}]}},"_links":{"self":[{"href":"https:\/\/fieam.org.br\/fieam\/wp-json\/wp\/v2\/posts\/17597","targetHints":{"allow":["GET"]}}],"collection":[{"href":"https:\/\/fieam.org.br\/fieam\/wp-json\/wp\/v2\/posts"}],"about":[{"href":"https:\/\/fieam.org.br\/fieam\/wp-json\/wp\/v2\/types\/post"}],"author":[{"embeddable":true,"href":"https:\/\/fieam.org.br\/fieam\/wp-json\/wp\/v2\/users\/9"}],"replies":[{"embeddable":true,"href":"https:\/\/fieam.org.br\/fieam\/wp-json\/wp\/v2\/comments?post=17597"}],"version-history":[{"count":1,"href":"https:\/\/fieam.org.br\/fieam\/wp-json\/wp\/v2\/posts\/17597\/revisions"}],"predecessor-version":[{"id":17602,"href":"https:\/\/fieam.org.br\/fieam\/wp-json\/wp\/v2\/posts\/17597\/revisions\/17602"}],"wp:featuredmedia":[{"embeddable":true,"href":"https:\/\/fieam.org.br\/fieam\/wp-json\/wp\/v2\/media\/17598"}],"wp:attachment":[{"href":"https:\/\/fieam.org.br\/fieam\/wp-json\/wp\/v2\/media?parent=17597"}],"wp:term":[{"taxonomy":"category","embeddable":true,"href":"https:\/\/fieam.org.br\/fieam\/wp-json\/wp\/v2\/categories?post=17597"},{"taxonomy":"post_tag","embeddable":true,"href":"https:\/\/fieam.org.br\/fieam\/wp-json\/wp\/v2\/tags?post=17597"}],"curies":[{"name":"wp","href":"https:\/\/api.w.org\/{rel}","templated":true}]}}