{"id":17354,"date":"2025-07-31T20:40:12","date_gmt":"2025-07-31T20:40:12","guid":{"rendered":"https:\/\/fieam.org.br\/fieam\/?p=17354"},"modified":"2025-07-31T20:40:12","modified_gmt":"2025-07-31T20:40:12","slug":"estados-mais-dependentes-do-mercado-dos-eua-enfrentam-impacto-bilionario-com-tarifaco-americano","status":"publish","type":"post","link":"https:\/\/fieam.org.br\/fieam\/estados-mais-dependentes-do-mercado-dos-eua-enfrentam-impacto-bilionario-com-tarifaco-americano\/","title":{"rendered":"Estados mais dependentes do mercado dos EUA enfrentam impacto bilion\u00e1rio com tarifa\u00e7o americano"},"content":{"rendered":"<p><strong>Cear\u00e1, Esp\u00edrito Santo e Para\u00edba t\u00eam alta concentra\u00e7\u00e3o de exporta\u00e7\u00f5es para os EUA. Para 11 estados, vendas aos americanos representam entre 10 e 20% das exporta\u00e7\u00f5es<\/strong><\/p>\n<p>O aumento das tarifas de importa\u00e7\u00e3o pelos Estados Unidos, previstas para 6\u00a0de agosto, pode provocar impactos econ\u00f4micos relevantes e desiguais entre as unidades da federa\u00e7\u00e3o, com perdas superiores a R$ 19 bilh\u00f5es para os estados brasileiros. Estados como o Cear\u00e1 e o Esp\u00edrito Santo t\u00eam alta depend\u00eancia do mercado americano, representando quase metade das exporta\u00e7\u00f5es cearenses e um ter\u00e7o das capixabas. Em outros 11 estados, os EUA t\u00eam participa\u00e7\u00e3o entre 10 e 20% nas vendas externas.<\/p>\n<p>Segundo levantamento da\u00a0<a href=\"https:\/\/click.cse360.com.br\/Click\/AddCampaignEmailClick\/3b870a87-db4d-4806-8d5f-08ddc3978fff\/https%253a%252f%252fnoticias.portaldaindustria.com.br%252f\/85bad36c-d3d6-4684-015d-08dbd55499ee\/t-mariana.ferreira@cni.com.br\/False\">Confedera\u00e7\u00e3o Nacional da Ind\u00fastria (CNI)<\/a>, com dados do Minist\u00e9rio do Desenvolvimento, Ind\u00fastria, Com\u00e9rcio e Servi\u00e7os (<a href=\"https:\/\/click.cse360.com.br\/Click\/AddCampaignEmailClick\/3b870a87-db4d-4806-8d5f-08ddc3978fff\/https%253a%252f%252fwww.gov.br%252fmdic%252fpt-br\/85bad36c-d3d6-4684-015d-08dbd55499ee\/t-mariana.ferreira@cni.com.br\/False\">MDIC<\/a>), em 2024, os Estados Unidos representaram 44,9% das exporta\u00e7\u00f5es do Cear\u00e1, seguido pelo Esp\u00edrito Santo (28,6%), Para\u00edba (21,6%), S\u00e3o Paulo (19,0%) e Sergipe (17,1%). A ind\u00fastria responde pela maior parte das vendas. A forte presen\u00e7a americana na pauta d\u00e1 a dimens\u00e3o da import\u00e2ncia e depend\u00eancia de mercados como os EUA para o com\u00e9rcio exterior regional.<\/p>\n<p>&#8220;A imposi\u00e7\u00e3o do expressivo e injustific\u00e1vel aumento das tarifas americanas traz impactos significativos para a economia nacional, penalizando setores produtivos estrat\u00e9gicos e comprometendo a competitividade das exporta\u00e7\u00f5es brasileiras. H\u00e1 estados em que o mercado americano \u00e9 destino de quase metade das exporta\u00e7\u00f5es. Os impactos s\u00e3o muito preocupantes&#8221;, avalia Ricardo Alban, presidente da CNI.<\/p>\n<p>Veja a pauta e impactos para os estados com maior participa\u00e7\u00e3o dos EUA nas exporta\u00e7\u00f5es:<\/p>\n<p><strong>Cear\u00e1\u00a0\u00a0<\/strong><\/p>\n<p>Estado com maior depend\u00eancia do mercado americano, Cear\u00e1 exportou US$ 659,1 milh\u00f5es, especialmente bens da ind\u00fastria de transforma\u00e7\u00e3o, que respondeu por 96,5% das exporta\u00e7\u00f5es estaduais destinadas aos EUA. O setor mais relevante foi o de metalurgia, que respondeu por US$ 441,3 milh\u00f5es, seguido pelos setores de alimentos (US$ 112,2 milh\u00f5es, 17%) e de couros e cal\u00e7ados (US$ 52,6 milh\u00f5es, 8%). A tarifa de 50% pode representar perdas de R$ 190 milh\u00f5es ao estado.<\/p>\n<p><strong>Esp\u00edrito Santo<\/strong><\/p>\n<p>Em 2024, os Estados Unidos foram o principal destino das exporta\u00e7\u00f5es do Esp\u00edrito Santo, com um valor total de US$ 3,1 bilh\u00f5es, representando 28,6% de todas as vendas externas do estado. oind\u00fastria de transforma\u00e7\u00e3o teve papel central nesse fluxo, respondendo por 80,9% das exporta\u00e7\u00f5es destinadas ao mercado norte-americano. Os principais setores exportadores foram a metalurgia (US$ 1,14 bilh\u00e3o, 37,2%), minerais n\u00e3o met\u00e1licos (US$ 680,1 milh\u00f5es, 22,2%), celulose e papel (US$ 559,8 milh\u00f5es, 18,2%) e a extra\u00e7\u00e3o de minerais met\u00e1licos (US$ 387 milh\u00f5es, 12,6%).\u00a0O tarifa\u00e7o pode representar perdas de R$ 605 milh\u00f5es ao estado.<\/p>\n<p><strong>Para\u00edba<\/strong><\/p>\n<p>Com um total de US$ 35,6 milh\u00f5es, que corresponde a 21,6% das exporta\u00e7\u00f5es do estado, os EUA foram o segundo principal destino das exporta\u00e7\u00f5es da Para\u00edba. A ind\u00fastria de transforma\u00e7\u00e3o teve papel dominante nesse com\u00e9rcio, respondendo por 96,9% das exporta\u00e7\u00f5es para o mercado norte-americano. Os principais setores exportadores foram o de alimentos, com destaque absoluto (US$ 30,5 milh\u00f5es, 85,5%), e o de couro e cal\u00e7ados (US$ 3,6 milh\u00f5es, 10,2%). O impacto negativo para o estado pode ser de mais de R$ 101 milh\u00f5es.<\/p>\n<p><strong>S\u00e3o Paulo\u00a0<\/strong><\/p>\n<p>Segundo o estudo, em 2024, os EUA foram o principal destino das exporta\u00e7\u00f5es de S\u00e3o Paulo, com um valor total de US$ 13,5 bilh\u00f5es, o que representa 19% de tudo que o estado exportou no ano. Al\u00e9m disso, 92,1% do que o estado vendeu ao pa\u00eds americano veio da ind\u00fastria de transforma\u00e7\u00e3o, ou seja, de produtos que passaram por algum tipo de processamento (e n\u00e3o apenas mat\u00e9rias-primas). Para a maior economia brasileira, o preju\u00edzo com as tarifas pode ultrapassar R$ 4,4 bilh\u00f5es, representando uma queda de 0,13% do PIB do estado.<\/p>\n<p><strong>Em volume, preju\u00edzo \u00e9 maior e bilion\u00e1rio para Sul e Sudeste\u00a0\u00a0<\/strong><\/p>\n<p>Em termos de impacto financeiro, os estados do Sudeste e do Sul ser\u00e3o os mais prejudicados, apesar de contarem com maior diversifica\u00e7\u00e3o de mercados na pauta exportadora.<\/p>\n<p>Depois de S\u00e3o Paulo, que acumula maior perda financeira, Rio Grande do Sul e Paran\u00e1 s\u00e3o os estados mais afetados, com base em dados da Universidade Federal de Minas Gerais (UFMG).<\/p>\n<p>Ocupando o segundo lugar de estado com maior impacto com o tarifa\u00e7o, com potencial de retra\u00e7\u00e3o de R$ 1,917 bilh\u00e3o no PIB, o Rio Grande do Sul, teve os Estados Unidos como 3\u00ba maior destino de exporta\u00e7\u00f5es, que totalizaram US$ 1,8 bilh\u00e3o, representando 8,4% do total exportado. Os principais setores exportadores do estado s\u00e3o produtos de metal (US$ 322 mi, 17,4%), fumo (US$ 237 mi, 12,8%), couro e cal\u00e7ados (US$ 188 mi, 10,1%).<\/p>\n<p>No caso do Paran\u00e1, os EUA tamb\u00e9m aparecem como o 3\u00ba principal destino comercial. Em 2024, o estado exportou US$ 1,5 bilh\u00e3o ao mercado americano, o que corresponde a 6,8% do total exportado no ano, sendo 97,5% provenientes da ind\u00fastria de transforma\u00e7\u00e3o. Madeira (US$ 614 mi, 38,7%), alimentos (US$277, 14,3%) e m\u00e1quinas e equipamentos (US$ 217 mi, 13,7%) est\u00e3o entre os principais setores exportados. O PIB estadual pode perder R$ 1,914 bilh\u00e3o com o tarifa\u00e7o de Donald Trump.<\/p>\n<p>Santa Catarina aparece em quarto lugar na lista de maior preju\u00edzo financeiro (R$ 1,7 bi), mas \u00e9 o estado com a segunda maior queda no PIB prevista: -0,31%. Quase tudo que o estado vende aos EUA v\u00eam da ind\u00fastria (99%): madeira (US$ 650,7 milh\u00f5es, 37,2%), autom\u00f3veis (US$ 258,6 mi, 14,8%) e m\u00e1quinas e materiais el\u00e9tricos (US$ 232,5 mi, 13,3%).<\/p>\n<p>Em 5\u00ba lugar, Minas Gerais pode amargar perdas de R$ 1,6 bilh\u00e3o (-0,15% no PIB). A participa\u00e7\u00e3o da ind\u00fastria nas exporta\u00e7\u00f5es aos EUA foi de 66,1% em 2024. No total, Minas exportou US$ 4,6 bi aos americanos no ano passado, com destaque para metalurgia (US$ 1,7 bi, 37,6%); produ\u00e7\u00e3o vegetal, animal e ca\u00e7a (US$ 1,5 bi, 33,6%) e alimentos (US$ 276 mi, 6%).\u00a0OS EUA s\u00e3o o 3\u00ba maior destino das vendas externas do estado.<\/p>\n<p><strong>Centro-Oeste, Nordeste e Norte s\u00e3o menos dependentes, mas impactos s\u00e3o significativos\u00a0\u00a0<\/strong><\/p>\n<p>No Centro-Oeste, Goi\u00e1s, Mato Grosso e Mato Grosso do Sul acumulam preju\u00edzos superiores a R$ 1,9 bilh\u00e3o. J\u00e1 no Nordeste, as perdas s\u00e3o menores, mas ainda relevantes: Bahia (R$ 404 mi), Pernambuco (R$ 377 mi) e Cear\u00e1 (R$ 190 mi) lideram na regi\u00e3o.<\/p>\n<p>J\u00e1 os cinco estados menos impactados financeiramente s\u00e3o: Roraima (R$ 13 milh\u00f5es), Sergipe (R$ 30 mi), Acre (R$ 31 mi), Piau\u00ed (R$32 mi) e Amap\u00e1 (R$ 36 mi).<\/p>\n<p>Em rela\u00e7\u00e3o \u00e0 depend\u00eancia das exporta\u00e7\u00f5es americanas, os estados brasileiros Roraima, com apenas 0,3%, seguido por Mato Grosso (1,5%), Distrito Federal (2,6%), Piau\u00ed e Tocantins (ambos com 3%), Goi\u00e1s (3,3%) e Rond\u00f4nia (4,7%), somam perdas financeiras de R$ 1,87 bilh\u00e3o.<\/p>\n","protected":false},"excerpt":{"rendered":"<p>Cear\u00e1, Esp\u00edrito Santo e Para\u00edba t\u00eam alta concentra\u00e7\u00e3o de exporta\u00e7\u00f5es para os EUA. Para 11 estados, vendas aos americanos representam entre 10 e 20% das exporta\u00e7\u00f5es O aumento das tarifas de importa\u00e7\u00e3o pelos Estados Unidos, previstas para 6\u00a0de agosto, pode provocar impactos econ\u00f4micos relevantes e desiguais entre as unidades da federa\u00e7\u00e3o, com perdas superiores a [&hellip;]<\/p>\n","protected":false},"author":9,"featured_media":17355,"comment_status":"open","ping_status":"open","sticky":false,"template":"","format":"standard","meta":{"footnotes":""},"categories":[28,29,30],"tags":[],"class_list":["post-17354","post","type-post","status-publish","format-standard","has-post-thumbnail","hentry","category-banner-destaque","category-news","category-news_destaque"],"yoast_head":"<!-- This site is optimized with the Yoast SEO plugin v26.8 - https:\/\/yoast.com\/product\/yoast-seo-wordpress\/ -->\n<title>Estados mais dependentes do mercado dos EUA enfrentam impacto bilion\u00e1rio com tarifa\u00e7o americano - FIEAM<\/title>\n<meta name=\"robots\" content=\"index, follow, max-snippet:-1, max-image-preview:large, max-video-preview:-1\" \/>\n<link rel=\"canonical\" href=\"https:\/\/fieam.org.br\/fieam\/estados-mais-dependentes-do-mercado-dos-eua-enfrentam-impacto-bilionario-com-tarifaco-americano\/\" \/>\n<meta property=\"og:locale\" content=\"pt_BR\" \/>\n<meta property=\"og:type\" content=\"article\" \/>\n<meta property=\"og:title\" content=\"Estados mais dependentes do mercado dos EUA enfrentam impacto bilion\u00e1rio com tarifa\u00e7o americano - FIEAM\" \/>\n<meta property=\"og:description\" content=\"Cear\u00e1, Esp\u00edrito Santo e Para\u00edba t\u00eam alta concentra\u00e7\u00e3o de exporta\u00e7\u00f5es para os EUA. Para 11 estados, vendas aos americanos representam entre 10 e 20% das exporta\u00e7\u00f5es O aumento das tarifas de importa\u00e7\u00e3o pelos Estados Unidos, previstas para 6\u00a0de agosto, pode provocar impactos econ\u00f4micos relevantes e desiguais entre as unidades da federa\u00e7\u00e3o, com perdas superiores a [&hellip;]\" \/>\n<meta property=\"og:url\" content=\"https:\/\/fieam.org.br\/fieam\/estados-mais-dependentes-do-mercado-dos-eua-enfrentam-impacto-bilionario-com-tarifaco-americano\/\" \/>\n<meta property=\"og:site_name\" content=\"FIEAM\" \/>\n<meta property=\"article:published_time\" content=\"2025-07-31T20:40:12+00:00\" \/>\n<meta property=\"og:image\" content=\"https:\/\/fieam.org.br\/fieam\/wp-content\/uploads\/sites\/9\/2025\/07\/containers-de-transporte-serem-carregados-por-um-guindaste-num-porto.jpg\" \/>\n\t<meta property=\"og:image:width\" content=\"2500\" \/>\n\t<meta property=\"og:image:height\" content=\"1364\" \/>\n\t<meta property=\"og:image:type\" content=\"image\/jpeg\" \/>\n<meta name=\"author\" content=\"cris\" \/>\n<meta name=\"twitter:card\" content=\"summary_large_image\" \/>\n<meta name=\"twitter:creator\" content=\"@tour-virtual@fieam.org.br\" \/>\n<meta name=\"twitter:label1\" content=\"Escrito por\" \/>\n\t<meta name=\"twitter:data1\" content=\"cris\" \/>\n\t<meta name=\"twitter:label2\" content=\"Est. tempo de leitura\" \/>\n\t<meta name=\"twitter:data2\" content=\"6 minutos\" \/>\n<script type=\"application\/ld+json\" class=\"yoast-schema-graph\">{\"@context\":\"https:\/\/schema.org\",\"@graph\":[{\"@type\":\"Article\",\"@id\":\"https:\/\/fieam.org.br\/fieam\/estados-mais-dependentes-do-mercado-dos-eua-enfrentam-impacto-bilionario-com-tarifaco-americano\/#article\",\"isPartOf\":{\"@id\":\"https:\/\/fieam.org.br\/fieam\/estados-mais-dependentes-do-mercado-dos-eua-enfrentam-impacto-bilionario-com-tarifaco-americano\/\"},\"author\":{\"name\":\"cris\",\"@id\":\"https:\/\/fieam.org.br\/fieam\/#\/schema\/person\/ff86678b986855fb9f8d2e599eab31ae\"},\"headline\":\"Estados mais dependentes do mercado dos EUA enfrentam impacto bilion\u00e1rio com tarifa\u00e7o americano\",\"datePublished\":\"2025-07-31T20:40:12+00:00\",\"mainEntityOfPage\":{\"@id\":\"https:\/\/fieam.org.br\/fieam\/estados-mais-dependentes-do-mercado-dos-eua-enfrentam-impacto-bilionario-com-tarifaco-americano\/\"},\"wordCount\":1116,\"commentCount\":0,\"publisher\":{\"@id\":\"https:\/\/fieam.org.br\/fieam\/#organization\"},\"image\":{\"@id\":\"https:\/\/fieam.org.br\/fieam\/estados-mais-dependentes-do-mercado-dos-eua-enfrentam-impacto-bilionario-com-tarifaco-americano\/#primaryimage\"},\"thumbnailUrl\":\"https:\/\/fieam.org.br\/fieam\/wp-content\/uploads\/sites\/9\/2025\/07\/containers-de-transporte-serem-carregados-por-um-guindaste-num-porto.jpg\",\"articleSection\":[\"Banner Destaque\",\"News\",\"News Destaque\"],\"inLanguage\":\"pt-BR\",\"potentialAction\":[{\"@type\":\"CommentAction\",\"name\":\"Comment\",\"target\":[\"https:\/\/fieam.org.br\/fieam\/estados-mais-dependentes-do-mercado-dos-eua-enfrentam-impacto-bilionario-com-tarifaco-americano\/#respond\"]}]},{\"@type\":\"WebPage\",\"@id\":\"https:\/\/fieam.org.br\/fieam\/estados-mais-dependentes-do-mercado-dos-eua-enfrentam-impacto-bilionario-com-tarifaco-americano\/\",\"url\":\"https:\/\/fieam.org.br\/fieam\/estados-mais-dependentes-do-mercado-dos-eua-enfrentam-impacto-bilionario-com-tarifaco-americano\/\",\"name\":\"Estados mais dependentes do mercado dos EUA enfrentam impacto bilion\u00e1rio com tarifa\u00e7o americano - FIEAM\",\"isPartOf\":{\"@id\":\"https:\/\/fieam.org.br\/fieam\/#website\"},\"primaryImageOfPage\":{\"@id\":\"https:\/\/fieam.org.br\/fieam\/estados-mais-dependentes-do-mercado-dos-eua-enfrentam-impacto-bilionario-com-tarifaco-americano\/#primaryimage\"},\"image\":{\"@id\":\"https:\/\/fieam.org.br\/fieam\/estados-mais-dependentes-do-mercado-dos-eua-enfrentam-impacto-bilionario-com-tarifaco-americano\/#primaryimage\"},\"thumbnailUrl\":\"https:\/\/fieam.org.br\/fieam\/wp-content\/uploads\/sites\/9\/2025\/07\/containers-de-transporte-serem-carregados-por-um-guindaste-num-porto.jpg\",\"datePublished\":\"2025-07-31T20:40:12+00:00\",\"breadcrumb\":{\"@id\":\"https:\/\/fieam.org.br\/fieam\/estados-mais-dependentes-do-mercado-dos-eua-enfrentam-impacto-bilionario-com-tarifaco-americano\/#breadcrumb\"},\"inLanguage\":\"pt-BR\",\"potentialAction\":[{\"@type\":\"ReadAction\",\"target\":[\"https:\/\/fieam.org.br\/fieam\/estados-mais-dependentes-do-mercado-dos-eua-enfrentam-impacto-bilionario-com-tarifaco-americano\/\"]}]},{\"@type\":\"ImageObject\",\"inLanguage\":\"pt-BR\",\"@id\":\"https:\/\/fieam.org.br\/fieam\/estados-mais-dependentes-do-mercado-dos-eua-enfrentam-impacto-bilionario-com-tarifaco-americano\/#primaryimage\",\"url\":\"https:\/\/fieam.org.br\/fieam\/wp-content\/uploads\/sites\/9\/2025\/07\/containers-de-transporte-serem-carregados-por-um-guindaste-num-porto.jpg\",\"contentUrl\":\"https:\/\/fieam.org.br\/fieam\/wp-content\/uploads\/sites\/9\/2025\/07\/containers-de-transporte-serem-carregados-por-um-guindaste-num-porto.jpg\",\"width\":2500,\"height\":1364},{\"@type\":\"BreadcrumbList\",\"@id\":\"https:\/\/fieam.org.br\/fieam\/estados-mais-dependentes-do-mercado-dos-eua-enfrentam-impacto-bilionario-com-tarifaco-americano\/#breadcrumb\",\"itemListElement\":[{\"@type\":\"ListItem\",\"position\":1,\"name\":\"In\u00edcio\",\"item\":\"https:\/\/fieam.org.br\/fieam\/\"},{\"@type\":\"ListItem\",\"position\":2,\"name\":\"Estados mais dependentes do mercado dos EUA enfrentam impacto bilion\u00e1rio com tarifa\u00e7o americano\"}]},{\"@type\":\"WebSite\",\"@id\":\"https:\/\/fieam.org.br\/fieam\/#website\",\"url\":\"https:\/\/fieam.org.br\/fieam\/\",\"name\":\"FIEAM\",\"description\":\"Site Oficial!\",\"publisher\":{\"@id\":\"https:\/\/fieam.org.br\/fieam\/#organization\"},\"potentialAction\":[{\"@type\":\"SearchAction\",\"target\":{\"@type\":\"EntryPoint\",\"urlTemplate\":\"https:\/\/fieam.org.br\/fieam\/?s={search_term_string}\"},\"query-input\":{\"@type\":\"PropertyValueSpecification\",\"valueRequired\":true,\"valueName\":\"search_term_string\"}}],\"inLanguage\":\"pt-BR\"},{\"@type\":\"Organization\",\"@id\":\"https:\/\/fieam.org.br\/fieam\/#organization\",\"name\":\"FIEAM\",\"url\":\"https:\/\/fieam.org.br\/fieam\/\",\"logo\":{\"@type\":\"ImageObject\",\"inLanguage\":\"pt-BR\",\"@id\":\"https:\/\/fieam.org.br\/fieam\/#\/schema\/logo\/image\/\",\"url\":\"https:\/\/fieam.org.br\/fieam\/wp-content\/uploads\/sites\/9\/2024\/03\/cropped-fav.png\",\"contentUrl\":\"https:\/\/fieam.org.br\/fieam\/wp-content\/uploads\/sites\/9\/2024\/03\/cropped-fav.png\",\"width\":597,\"height\":598,\"caption\":\"FIEAM\"},\"image\":{\"@id\":\"https:\/\/fieam.org.br\/fieam\/#\/schema\/logo\/image\/\"}},{\"@type\":\"Person\",\"@id\":\"https:\/\/fieam.org.br\/fieam\/#\/schema\/person\/ff86678b986855fb9f8d2e599eab31ae\",\"name\":\"cris\",\"image\":{\"@type\":\"ImageObject\",\"inLanguage\":\"pt-BR\",\"@id\":\"https:\/\/fieam.org.br\/fieam\/#\/schema\/person\/image\/\",\"url\":\"https:\/\/secure.gravatar.com\/avatar\/e66688f9186abb74f11662d64a816c0971765b5f3721fc721afe90af108548a3?s=96&d=mm&r=g\",\"contentUrl\":\"https:\/\/secure.gravatar.com\/avatar\/e66688f9186abb74f11662d64a816c0971765b5f3721fc721afe90af108548a3?s=96&d=mm&r=g\",\"caption\":\"cris\"},\"sameAs\":[\"https:\/\/x.com\/tour-virtual@fieam.org.br\"],\"url\":\"https:\/\/fieam.org.br\/fieam\/author\/cris\/\"}]}<\/script>\n<!-- \/ Yoast SEO plugin. -->","yoast_head_json":{"title":"Estados mais dependentes do mercado dos EUA enfrentam impacto bilion\u00e1rio com tarifa\u00e7o americano - FIEAM","robots":{"index":"index","follow":"follow","max-snippet":"max-snippet:-1","max-image-preview":"max-image-preview:large","max-video-preview":"max-video-preview:-1"},"canonical":"https:\/\/fieam.org.br\/fieam\/estados-mais-dependentes-do-mercado-dos-eua-enfrentam-impacto-bilionario-com-tarifaco-americano\/","og_locale":"pt_BR","og_type":"article","og_title":"Estados mais dependentes do mercado dos EUA enfrentam impacto bilion\u00e1rio com tarifa\u00e7o americano - FIEAM","og_description":"Cear\u00e1, Esp\u00edrito Santo e Para\u00edba t\u00eam alta concentra\u00e7\u00e3o de exporta\u00e7\u00f5es para os EUA. Para 11 estados, vendas aos americanos representam entre 10 e 20% das exporta\u00e7\u00f5es O aumento das tarifas de importa\u00e7\u00e3o pelos Estados Unidos, previstas para 6\u00a0de agosto, pode provocar impactos econ\u00f4micos relevantes e desiguais entre as unidades da federa\u00e7\u00e3o, com perdas superiores a [&hellip;]","og_url":"https:\/\/fieam.org.br\/fieam\/estados-mais-dependentes-do-mercado-dos-eua-enfrentam-impacto-bilionario-com-tarifaco-americano\/","og_site_name":"FIEAM","article_published_time":"2025-07-31T20:40:12+00:00","og_image":[{"width":2500,"height":1364,"url":"https:\/\/fieam.org.br\/fieam\/wp-content\/uploads\/sites\/9\/2025\/07\/containers-de-transporte-serem-carregados-por-um-guindaste-num-porto.jpg","type":"image\/jpeg"}],"author":"cris","twitter_card":"summary_large_image","twitter_creator":"@tour-virtual@fieam.org.br","twitter_misc":{"Escrito por":"cris","Est. tempo de leitura":"6 minutos"},"schema":{"@context":"https:\/\/schema.org","@graph":[{"@type":"Article","@id":"https:\/\/fieam.org.br\/fieam\/estados-mais-dependentes-do-mercado-dos-eua-enfrentam-impacto-bilionario-com-tarifaco-americano\/#article","isPartOf":{"@id":"https:\/\/fieam.org.br\/fieam\/estados-mais-dependentes-do-mercado-dos-eua-enfrentam-impacto-bilionario-com-tarifaco-americano\/"},"author":{"name":"cris","@id":"https:\/\/fieam.org.br\/fieam\/#\/schema\/person\/ff86678b986855fb9f8d2e599eab31ae"},"headline":"Estados mais dependentes do mercado dos EUA enfrentam impacto bilion\u00e1rio com tarifa\u00e7o americano","datePublished":"2025-07-31T20:40:12+00:00","mainEntityOfPage":{"@id":"https:\/\/fieam.org.br\/fieam\/estados-mais-dependentes-do-mercado-dos-eua-enfrentam-impacto-bilionario-com-tarifaco-americano\/"},"wordCount":1116,"commentCount":0,"publisher":{"@id":"https:\/\/fieam.org.br\/fieam\/#organization"},"image":{"@id":"https:\/\/fieam.org.br\/fieam\/estados-mais-dependentes-do-mercado-dos-eua-enfrentam-impacto-bilionario-com-tarifaco-americano\/#primaryimage"},"thumbnailUrl":"https:\/\/fieam.org.br\/fieam\/wp-content\/uploads\/sites\/9\/2025\/07\/containers-de-transporte-serem-carregados-por-um-guindaste-num-porto.jpg","articleSection":["Banner Destaque","News","News Destaque"],"inLanguage":"pt-BR","potentialAction":[{"@type":"CommentAction","name":"Comment","target":["https:\/\/fieam.org.br\/fieam\/estados-mais-dependentes-do-mercado-dos-eua-enfrentam-impacto-bilionario-com-tarifaco-americano\/#respond"]}]},{"@type":"WebPage","@id":"https:\/\/fieam.org.br\/fieam\/estados-mais-dependentes-do-mercado-dos-eua-enfrentam-impacto-bilionario-com-tarifaco-americano\/","url":"https:\/\/fieam.org.br\/fieam\/estados-mais-dependentes-do-mercado-dos-eua-enfrentam-impacto-bilionario-com-tarifaco-americano\/","name":"Estados mais dependentes do mercado dos EUA enfrentam impacto bilion\u00e1rio com tarifa\u00e7o americano - FIEAM","isPartOf":{"@id":"https:\/\/fieam.org.br\/fieam\/#website"},"primaryImageOfPage":{"@id":"https:\/\/fieam.org.br\/fieam\/estados-mais-dependentes-do-mercado-dos-eua-enfrentam-impacto-bilionario-com-tarifaco-americano\/#primaryimage"},"image":{"@id":"https:\/\/fieam.org.br\/fieam\/estados-mais-dependentes-do-mercado-dos-eua-enfrentam-impacto-bilionario-com-tarifaco-americano\/#primaryimage"},"thumbnailUrl":"https:\/\/fieam.org.br\/fieam\/wp-content\/uploads\/sites\/9\/2025\/07\/containers-de-transporte-serem-carregados-por-um-guindaste-num-porto.jpg","datePublished":"2025-07-31T20:40:12+00:00","breadcrumb":{"@id":"https:\/\/fieam.org.br\/fieam\/estados-mais-dependentes-do-mercado-dos-eua-enfrentam-impacto-bilionario-com-tarifaco-americano\/#breadcrumb"},"inLanguage":"pt-BR","potentialAction":[{"@type":"ReadAction","target":["https:\/\/fieam.org.br\/fieam\/estados-mais-dependentes-do-mercado-dos-eua-enfrentam-impacto-bilionario-com-tarifaco-americano\/"]}]},{"@type":"ImageObject","inLanguage":"pt-BR","@id":"https:\/\/fieam.org.br\/fieam\/estados-mais-dependentes-do-mercado-dos-eua-enfrentam-impacto-bilionario-com-tarifaco-americano\/#primaryimage","url":"https:\/\/fieam.org.br\/fieam\/wp-content\/uploads\/sites\/9\/2025\/07\/containers-de-transporte-serem-carregados-por-um-guindaste-num-porto.jpg","contentUrl":"https:\/\/fieam.org.br\/fieam\/wp-content\/uploads\/sites\/9\/2025\/07\/containers-de-transporte-serem-carregados-por-um-guindaste-num-porto.jpg","width":2500,"height":1364},{"@type":"BreadcrumbList","@id":"https:\/\/fieam.org.br\/fieam\/estados-mais-dependentes-do-mercado-dos-eua-enfrentam-impacto-bilionario-com-tarifaco-americano\/#breadcrumb","itemListElement":[{"@type":"ListItem","position":1,"name":"In\u00edcio","item":"https:\/\/fieam.org.br\/fieam\/"},{"@type":"ListItem","position":2,"name":"Estados mais dependentes do mercado dos EUA enfrentam impacto bilion\u00e1rio com tarifa\u00e7o americano"}]},{"@type":"WebSite","@id":"https:\/\/fieam.org.br\/fieam\/#website","url":"https:\/\/fieam.org.br\/fieam\/","name":"FIEAM","description":"Site Oficial!","publisher":{"@id":"https:\/\/fieam.org.br\/fieam\/#organization"},"potentialAction":[{"@type":"SearchAction","target":{"@type":"EntryPoint","urlTemplate":"https:\/\/fieam.org.br\/fieam\/?s={search_term_string}"},"query-input":{"@type":"PropertyValueSpecification","valueRequired":true,"valueName":"search_term_string"}}],"inLanguage":"pt-BR"},{"@type":"Organization","@id":"https:\/\/fieam.org.br\/fieam\/#organization","name":"FIEAM","url":"https:\/\/fieam.org.br\/fieam\/","logo":{"@type":"ImageObject","inLanguage":"pt-BR","@id":"https:\/\/fieam.org.br\/fieam\/#\/schema\/logo\/image\/","url":"https:\/\/fieam.org.br\/fieam\/wp-content\/uploads\/sites\/9\/2024\/03\/cropped-fav.png","contentUrl":"https:\/\/fieam.org.br\/fieam\/wp-content\/uploads\/sites\/9\/2024\/03\/cropped-fav.png","width":597,"height":598,"caption":"FIEAM"},"image":{"@id":"https:\/\/fieam.org.br\/fieam\/#\/schema\/logo\/image\/"}},{"@type":"Person","@id":"https:\/\/fieam.org.br\/fieam\/#\/schema\/person\/ff86678b986855fb9f8d2e599eab31ae","name":"cris","image":{"@type":"ImageObject","inLanguage":"pt-BR","@id":"https:\/\/fieam.org.br\/fieam\/#\/schema\/person\/image\/","url":"https:\/\/secure.gravatar.com\/avatar\/e66688f9186abb74f11662d64a816c0971765b5f3721fc721afe90af108548a3?s=96&d=mm&r=g","contentUrl":"https:\/\/secure.gravatar.com\/avatar\/e66688f9186abb74f11662d64a816c0971765b5f3721fc721afe90af108548a3?s=96&d=mm&r=g","caption":"cris"},"sameAs":["https:\/\/x.com\/tour-virtual@fieam.org.br"],"url":"https:\/\/fieam.org.br\/fieam\/author\/cris\/"}]}},"_links":{"self":[{"href":"https:\/\/fieam.org.br\/fieam\/wp-json\/wp\/v2\/posts\/17354","targetHints":{"allow":["GET"]}}],"collection":[{"href":"https:\/\/fieam.org.br\/fieam\/wp-json\/wp\/v2\/posts"}],"about":[{"href":"https:\/\/fieam.org.br\/fieam\/wp-json\/wp\/v2\/types\/post"}],"author":[{"embeddable":true,"href":"https:\/\/fieam.org.br\/fieam\/wp-json\/wp\/v2\/users\/9"}],"replies":[{"embeddable":true,"href":"https:\/\/fieam.org.br\/fieam\/wp-json\/wp\/v2\/comments?post=17354"}],"version-history":[{"count":1,"href":"https:\/\/fieam.org.br\/fieam\/wp-json\/wp\/v2\/posts\/17354\/revisions"}],"predecessor-version":[{"id":17356,"href":"https:\/\/fieam.org.br\/fieam\/wp-json\/wp\/v2\/posts\/17354\/revisions\/17356"}],"wp:featuredmedia":[{"embeddable":true,"href":"https:\/\/fieam.org.br\/fieam\/wp-json\/wp\/v2\/media\/17355"}],"wp:attachment":[{"href":"https:\/\/fieam.org.br\/fieam\/wp-json\/wp\/v2\/media?parent=17354"}],"wp:term":[{"taxonomy":"category","embeddable":true,"href":"https:\/\/fieam.org.br\/fieam\/wp-json\/wp\/v2\/categories?post=17354"},{"taxonomy":"post_tag","embeddable":true,"href":"https:\/\/fieam.org.br\/fieam\/wp-json\/wp\/v2\/tags?post=17354"}],"curies":[{"name":"wp","href":"https:\/\/api.w.org\/{rel}","templated":true}]}}