{"id":17278,"date":"2025-05-20T18:46:21","date_gmt":"2025-05-20T18:46:21","guid":{"rendered":"https:\/\/fieam.org.br\/fieam\/?p=17278"},"modified":"2025-05-20T18:46:21","modified_gmt":"2025-05-20T18:46:21","slug":"17278-2","status":"publish","type":"post","link":"https:\/\/fieam.org.br\/fieam\/17278-2\/","title":{"rendered":""},"content":{"rendered":"<p style=\"text-align: center\"><em>O auditor da Secretaria Extraordin\u00e1ria da Reforma Tribut\u00e1ria do Minist\u00e9rio da Fazenda, Roni Peterson de Brito, anunciou que a regulamenta\u00e7\u00e3o da reforma deve estar conclu\u00edda at\u00e9 setembro deste ano.<\/em><\/p>\n<p>Para uma plateia formada por representantes e t\u00e9cnicos de empresas do Polo Industrial de Manaus, no audit\u00f3rio Arivaldo Fontes da Silveira, do SENAI Amazonas, o auditor da Secretaria Extraordin\u00e1ria da Reforma Tribut\u00e1ria do Minist\u00e9rio da Fazenda, Roni Peterson de Brito, anunciou ontem (19) que a implementa\u00e7\u00e3o da reforma tribut\u00e1ria ser\u00e1 gradual, com in\u00edcio em 2026 e prazo final em 2033. No pr\u00f3ximo ano, o IBS e a CBS ser\u00e3o testados nacionalmente, mas n\u00e3o ser\u00e3o efetivamente recolhidos ainda.<\/p>\n<p>Gerente do Projeto da Receita Federal de regulamenta\u00e7\u00e3o da Reforma, Brito \u00e9 o auditor envolvido desde a origem do texto da Emenda Constitucional e da Lei Complementar n\u00ba 214\/2025.<\/p>\n<p>O I F\u00f3rum de Reforma Tribut\u00e1ria contou tamb\u00e9m com a presen\u00e7a do vice-presidente da Federa\u00e7\u00e3o das Ind\u00fastrias do Estado do Amazonas (FIEAM), Nelson Azevedo, do presidente do Conselho Superior do Centro da Ind\u00fastria do Estado do Amazonas (CIEAM), Luiz Augusto Rocha, do consultor tribut\u00e1rio Jeanete Portela e do coordenador da coordenadoria tribut\u00e1ria da FIEAM, Mois\u00e9s Ferreira.<\/p>\n<p>Azevedo destacou o papel ativo das entidades locais na constru\u00e7\u00e3o do texto que garantiu prote\u00e7\u00e3o \u00e0 ZFM no novo sistema. \u201cA regulamenta\u00e7\u00e3o convergiu com os pleitos do setor produtivo, fruto de um di\u00e1logo t\u00e9cnico muito intenso com o governo federal\u201d, afirmou. Mas ponderou que a transi\u00e7\u00e3o para o novo sistema tribut\u00e1rio exigir\u00e1 adapta\u00e7\u00f5es por parte das empresas e do governo local para garantir que os benef\u00edcios fiscais sejam preservados e que a regi\u00e3o continue atraente para investimentos.<\/p>\n<p>Luiz Augusto Rocha refor\u00e7ou o protagonismo da bancada amazonense e das entidades industriais. \u201cDiscutimos reforma tribut\u00e1ria desde os primeiros debates em Bras\u00edlia. O doutor Roni, desde o CCiF (Centro de Cidadania Fiscal), esteve conosco, atuando como um interlocutor t\u00e9cnico fundamental para a preserva\u00e7\u00e3o da ZFM\u201d, disse. Ele tamb\u00e9m destacou o n\u00famero expressivo de mulheres atuando na \u00e1rea tribut\u00e1ria no Amazonas como um sinal de renova\u00e7\u00e3o e qualifica\u00e7\u00e3o do setor.<\/p>\n<p><strong><img fetchpriority=\"high\" decoding=\"async\" class=\" wp-image-17280 alignleft\" src=\"https:\/\/fieam.org.br\/fieam\/wp-content\/uploads\/sites\/9\/2025\/05\/FIEAM-e-CIEAM-esclareceram-pontos-da-Reforma-Tributaria-em-Forum-referente-ao-tema-300x200.jpg\" alt=\"\" width=\"538\" height=\"358\" srcset=\"https:\/\/fieam.org.br\/fieam\/wp-content\/uploads\/sites\/9\/2025\/05\/FIEAM-e-CIEAM-esclareceram-pontos-da-Reforma-Tributaria-em-Forum-referente-ao-tema-300x200.jpg 300w, https:\/\/fieam.org.br\/fieam\/wp-content\/uploads\/sites\/9\/2025\/05\/FIEAM-e-CIEAM-esclareceram-pontos-da-Reforma-Tributaria-em-Forum-referente-ao-tema-1024x683.jpg 1024w, https:\/\/fieam.org.br\/fieam\/wp-content\/uploads\/sites\/9\/2025\/05\/FIEAM-e-CIEAM-esclareceram-pontos-da-Reforma-Tributaria-em-Forum-referente-ao-tema-768x512.jpg 768w, https:\/\/fieam.org.br\/fieam\/wp-content\/uploads\/sites\/9\/2025\/05\/FIEAM-e-CIEAM-esclareceram-pontos-da-Reforma-Tributaria-em-Forum-referente-ao-tema-1536x1024.jpg 1536w, https:\/\/fieam.org.br\/fieam\/wp-content\/uploads\/sites\/9\/2025\/05\/FIEAM-e-CIEAM-esclareceram-pontos-da-Reforma-Tributaria-em-Forum-referente-ao-tema-2048x1365.jpg 2048w\" sizes=\"(max-width: 538px) 100vw, 538px\" \/>Novas regras para a ZFM \u2013 <\/strong>No encontro, o auditor fiscal detalhou os mecanismos espec\u00edficos da reforma voltados \u00e0 preserva\u00e7\u00e3o da competitividade do modelo ZFM. \u201cA reforma traz uma s\u00e9rie de dispositivos que adaptam o modelo ZFM ao novo sistema de tributos sobre consumo, garantindo seus incentivos\u201d, disse.<\/p>\n<p>Entre as principais medidas, est\u00e3o a manuten\u00e7\u00e3o do IPI apenas para os produtos fabricados na Zona Franca; redu\u00e7\u00e3o a zero das al\u00edquotas de IBS (Imposto sobre Bens e Servi\u00e7os) e CBS (Contribui\u00e7\u00e3o sobre Bens e Servi\u00e7os) para opera\u00e7\u00f5es com destino \u00e0 ZFM; cr\u00e9ditos presumidos de IBS e CBS para as ind\u00fastrias incentivadas, com percentuais variados de acordo com a origem dos insumos e tipo de bem (consumo final, capital ou intermedi\u00e1rio); suspens\u00e3o tribut\u00e1ria na importa\u00e7\u00e3o de insumos por ind\u00fastrias incentivadas, que se converte em isen\u00e7\u00e3o ap\u00f3s o uso produtivo ou perman\u00eancia no ativo imobilizado; e contrapartida estadual de 1,5% sobre o faturamento das ind\u00fastrias a partir de 2033, com crescimento gradual at\u00e9 2073.<\/p>\n<p>Destacou Brito que o novo modelo traz maior previsibilidade e simplifica\u00e7\u00e3o para as opera\u00e7\u00f5es das ind\u00fastrias na ZFM, embora tamb\u00e9m reconhe\u00e7a que haver\u00e1 necessidade de adapta\u00e7\u00e3o. \u201cSer\u00e1 necess\u00e1rio cuidado redobrado nos controles, especialmente para usufruto dos cr\u00e9ditos presumidos e na gest\u00e3o de obriga\u00e7\u00f5es acess\u00f3rias\u201d, alertou.<\/p>\n<p><strong><img decoding=\"async\" class=\" wp-image-17281 alignright\" src=\"https:\/\/fieam.org.br\/fieam\/wp-content\/uploads\/sites\/9\/2025\/05\/Roni-Peterson-e-auditor-e-gerente-do-Projeto-da-Receita-Federal-de-regulamentacao-da-Reforma-300x200.jpg\" alt=\"\" width=\"508\" height=\"338\" srcset=\"https:\/\/fieam.org.br\/fieam\/wp-content\/uploads\/sites\/9\/2025\/05\/Roni-Peterson-e-auditor-e-gerente-do-Projeto-da-Receita-Federal-de-regulamentacao-da-Reforma-300x200.jpg 300w, https:\/\/fieam.org.br\/fieam\/wp-content\/uploads\/sites\/9\/2025\/05\/Roni-Peterson-e-auditor-e-gerente-do-Projeto-da-Receita-Federal-de-regulamentacao-da-Reforma-1024x683.jpg 1024w, https:\/\/fieam.org.br\/fieam\/wp-content\/uploads\/sites\/9\/2025\/05\/Roni-Peterson-e-auditor-e-gerente-do-Projeto-da-Receita-Federal-de-regulamentacao-da-Reforma-768x512.jpg 768w, https:\/\/fieam.org.br\/fieam\/wp-content\/uploads\/sites\/9\/2025\/05\/Roni-Peterson-e-auditor-e-gerente-do-Projeto-da-Receita-Federal-de-regulamentacao-da-Reforma-1536x1024.jpg 1536w, https:\/\/fieam.org.br\/fieam\/wp-content\/uploads\/sites\/9\/2025\/05\/Roni-Peterson-e-auditor-e-gerente-do-Projeto-da-Receita-Federal-de-regulamentacao-da-Reforma-2048x1365.jpg 2048w\" sizes=\"(max-width: 508px) 100vw, 508px\" \/>Oportunidades e desafios &#8211; <\/strong>Para o setor industrial local, a reforma representa um novo cen\u00e1rio de oportunidades e responsabilidades. O reconhecimento expl\u00edcito do modelo ZFM no texto constitucional e na lei complementar foi considerado uma vit\u00f3ria pol\u00edtica e t\u00e9cnica das entidades locais. A cria\u00e7\u00e3o de um Fundo de Sustentabilidade e Diversifica\u00e7\u00e3o Econ\u00f4mica do Amazonas, por exemplo, abre espa\u00e7o para investimentos em novas matrizes econ\u00f4micas.<\/p>\n<p>Por outro lado, os desafios n\u00e3o s\u00e3o pequenos. A complexidade do sistema de cr\u00e9dito presumido, as regras espec\u00edficas para ind\u00fastrias componentistas e o mecanismo do \u201csplit payment\u201d, que condiciona o direito ao cr\u00e9dito ao efetivo pagamento do tributo, exigir\u00e3o ajustes nos sistemas fiscais das empresas. \u201cA capacidade de adapta\u00e7\u00e3o ser\u00e1 essencial para que os benef\u00edcios fiscais sejam preservados na pr\u00e1tica\u201d, afirmou o auditor.<\/p>\n<p><strong>Transi\u00e7\u00e3o e regulamenta\u00e7\u00e3o em andamento<\/strong><\/p>\n<p>Segundo Peterson, o novo sistema entra em vigor parcialmente em 2027, com a CBS e o Imposto Seletivo (IS), e ser\u00e1 implantado integralmente at\u00e9 2033. \u201cA regulamenta\u00e7\u00e3o est\u00e1 em est\u00e1gio avan\u00e7ado e temos previs\u00e3o de conclus\u00e3o at\u00e9 setembro deste ano\u201d, informou.<\/p>\n<p>O auditor tamb\u00e9m fez quest\u00e3o de reconhecer o trabalho t\u00e9cnico da FIEAM, do CIEAM e da bancada do Amazonas no Congresso Nacional. \u201cA interlocu\u00e7\u00e3o com o setor produtivo amazonense foi fundamental para alcan\u00e7armos um modelo mais equilibrado. O texto reflete esse esfor\u00e7o coletivo\u201d, concluiu.<\/p>\n","protected":false},"excerpt":{"rendered":"<p>O auditor da Secretaria Extraordin\u00e1ria da Reforma Tribut\u00e1ria do Minist\u00e9rio da Fazenda, Roni Peterson de Brito, anunciou que a regulamenta\u00e7\u00e3o da reforma deve estar conclu\u00edda at\u00e9 setembro deste ano. Para uma plateia formada por representantes e t\u00e9cnicos de empresas do Polo Industrial de Manaus, no audit\u00f3rio Arivaldo Fontes da Silveira, do SENAI Amazonas, o auditor [&hellip;]<\/p>\n","protected":false},"author":9,"featured_media":17279,"comment_status":"open","ping_status":"open","sticky":false,"template":"","format":"standard","meta":{"footnotes":""},"categories":[28,29,30],"tags":[],"class_list":["post-17278","post","type-post","status-publish","format-standard","has-post-thumbnail","hentry","category-banner-destaque","category-news","category-news_destaque"],"yoast_head":"<!-- This site is optimized with the Yoast SEO plugin v26.8 - https:\/\/yoast.com\/product\/yoast-seo-wordpress\/ -->\n<title>- FIEAM<\/title>\n<meta name=\"robots\" content=\"index, follow, max-snippet:-1, max-image-preview:large, max-video-preview:-1\" \/>\n<link rel=\"canonical\" href=\"https:\/\/fieam.org.br\/fieam\/17278-2\/\" \/>\n<meta property=\"og:locale\" content=\"pt_BR\" \/>\n<meta property=\"og:type\" content=\"article\" \/>\n<meta property=\"og:title\" content=\"- FIEAM\" \/>\n<meta property=\"og:description\" content=\"O auditor da Secretaria Extraordin\u00e1ria da Reforma Tribut\u00e1ria do Minist\u00e9rio da Fazenda, Roni Peterson de Brito, anunciou que a regulamenta\u00e7\u00e3o da reforma deve estar conclu\u00edda at\u00e9 setembro deste ano. Para uma plateia formada por representantes e t\u00e9cnicos de empresas do Polo Industrial de Manaus, no audit\u00f3rio Arivaldo Fontes da Silveira, do SENAI Amazonas, o auditor [&hellip;]\" \/>\n<meta property=\"og:url\" content=\"https:\/\/fieam.org.br\/fieam\/17278-2\/\" \/>\n<meta property=\"og:site_name\" content=\"FIEAM\" \/>\n<meta property=\"article:published_time\" content=\"2025-05-20T18:46:21+00:00\" \/>\n<meta property=\"og:image\" content=\"https:\/\/fieam.org.br\/fieam\/wp-content\/uploads\/sites\/9\/2025\/05\/Roni-Peterson-veio-falar-sobre-os-impactos-que-a-Reforma-Tributaria-traz-para-a-ZFM.jpg\" \/>\n\t<meta property=\"og:image:width\" content=\"2500\" \/>\n\t<meta property=\"og:image:height\" content=\"1154\" \/>\n\t<meta property=\"og:image:type\" content=\"image\/jpeg\" \/>\n<meta name=\"author\" content=\"cris\" \/>\n<meta name=\"twitter:card\" content=\"summary_large_image\" \/>\n<meta name=\"twitter:creator\" content=\"@tour-virtual@fieam.org.br\" \/>\n<meta name=\"twitter:label1\" content=\"Escrito por\" \/>\n\t<meta name=\"twitter:data1\" content=\"cris\" \/>\n\t<meta name=\"twitter:label2\" content=\"Est. tempo de leitura\" \/>\n\t<meta name=\"twitter:data2\" content=\"4 minutos\" \/>\n<script type=\"application\/ld+json\" class=\"yoast-schema-graph\">{\"@context\":\"https:\/\/schema.org\",\"@graph\":[{\"@type\":\"Article\",\"@id\":\"https:\/\/fieam.org.br\/fieam\/17278-2\/#article\",\"isPartOf\":{\"@id\":\"https:\/\/fieam.org.br\/fieam\/17278-2\/\"},\"author\":{\"name\":\"cris\",\"@id\":\"https:\/\/fieam.org.br\/fieam\/#\/schema\/person\/ff86678b986855fb9f8d2e599eab31ae\"},\"headline\":\"Sem t\u00edtulo\",\"datePublished\":\"2025-05-20T18:46:21+00:00\",\"mainEntityOfPage\":{\"@id\":\"https:\/\/fieam.org.br\/fieam\/17278-2\/\"},\"wordCount\":860,\"commentCount\":0,\"publisher\":{\"@id\":\"https:\/\/fieam.org.br\/fieam\/#organization\"},\"image\":{\"@id\":\"https:\/\/fieam.org.br\/fieam\/17278-2\/#primaryimage\"},\"thumbnailUrl\":\"https:\/\/fieam.org.br\/fieam\/wp-content\/uploads\/sites\/9\/2025\/05\/Roni-Peterson-veio-falar-sobre-os-impactos-que-a-Reforma-Tributaria-traz-para-a-ZFM.jpg\",\"articleSection\":[\"Banner Destaque\",\"News\",\"News Destaque\"],\"inLanguage\":\"pt-BR\",\"potentialAction\":[{\"@type\":\"CommentAction\",\"name\":\"Comment\",\"target\":[\"https:\/\/fieam.org.br\/fieam\/17278-2\/#respond\"]}]},{\"@type\":\"WebPage\",\"@id\":\"https:\/\/fieam.org.br\/fieam\/17278-2\/\",\"url\":\"https:\/\/fieam.org.br\/fieam\/17278-2\/\",\"name\":\"- FIEAM\",\"isPartOf\":{\"@id\":\"https:\/\/fieam.org.br\/fieam\/#website\"},\"primaryImageOfPage\":{\"@id\":\"https:\/\/fieam.org.br\/fieam\/17278-2\/#primaryimage\"},\"image\":{\"@id\":\"https:\/\/fieam.org.br\/fieam\/17278-2\/#primaryimage\"},\"thumbnailUrl\":\"https:\/\/fieam.org.br\/fieam\/wp-content\/uploads\/sites\/9\/2025\/05\/Roni-Peterson-veio-falar-sobre-os-impactos-que-a-Reforma-Tributaria-traz-para-a-ZFM.jpg\",\"datePublished\":\"2025-05-20T18:46:21+00:00\",\"inLanguage\":\"pt-BR\",\"potentialAction\":[{\"@type\":\"ReadAction\",\"target\":[\"https:\/\/fieam.org.br\/fieam\/17278-2\/\"]}]},{\"@type\":\"ImageObject\",\"inLanguage\":\"pt-BR\",\"@id\":\"https:\/\/fieam.org.br\/fieam\/17278-2\/#primaryimage\",\"url\":\"https:\/\/fieam.org.br\/fieam\/wp-content\/uploads\/sites\/9\/2025\/05\/Roni-Peterson-veio-falar-sobre-os-impactos-que-a-Reforma-Tributaria-traz-para-a-ZFM.jpg\",\"contentUrl\":\"https:\/\/fieam.org.br\/fieam\/wp-content\/uploads\/sites\/9\/2025\/05\/Roni-Peterson-veio-falar-sobre-os-impactos-que-a-Reforma-Tributaria-traz-para-a-ZFM.jpg\",\"width\":2500,\"height\":1154},{\"@type\":\"WebSite\",\"@id\":\"https:\/\/fieam.org.br\/fieam\/#website\",\"url\":\"https:\/\/fieam.org.br\/fieam\/\",\"name\":\"FIEAM\",\"description\":\"Site Oficial!\",\"publisher\":{\"@id\":\"https:\/\/fieam.org.br\/fieam\/#organization\"},\"potentialAction\":[{\"@type\":\"SearchAction\",\"target\":{\"@type\":\"EntryPoint\",\"urlTemplate\":\"https:\/\/fieam.org.br\/fieam\/?s={search_term_string}\"},\"query-input\":{\"@type\":\"PropertyValueSpecification\",\"valueRequired\":true,\"valueName\":\"search_term_string\"}}],\"inLanguage\":\"pt-BR\"},{\"@type\":\"Organization\",\"@id\":\"https:\/\/fieam.org.br\/fieam\/#organization\",\"name\":\"FIEAM\",\"url\":\"https:\/\/fieam.org.br\/fieam\/\",\"logo\":{\"@type\":\"ImageObject\",\"inLanguage\":\"pt-BR\",\"@id\":\"https:\/\/fieam.org.br\/fieam\/#\/schema\/logo\/image\/\",\"url\":\"https:\/\/fieam.org.br\/fieam\/wp-content\/uploads\/sites\/9\/2024\/03\/cropped-fav.png\",\"contentUrl\":\"https:\/\/fieam.org.br\/fieam\/wp-content\/uploads\/sites\/9\/2024\/03\/cropped-fav.png\",\"width\":597,\"height\":598,\"caption\":\"FIEAM\"},\"image\":{\"@id\":\"https:\/\/fieam.org.br\/fieam\/#\/schema\/logo\/image\/\"}},{\"@type\":\"Person\",\"@id\":\"https:\/\/fieam.org.br\/fieam\/#\/schema\/person\/ff86678b986855fb9f8d2e599eab31ae\",\"name\":\"cris\",\"image\":{\"@type\":\"ImageObject\",\"inLanguage\":\"pt-BR\",\"@id\":\"https:\/\/fieam.org.br\/fieam\/#\/schema\/person\/image\/\",\"url\":\"https:\/\/secure.gravatar.com\/avatar\/e66688f9186abb74f11662d64a816c0971765b5f3721fc721afe90af108548a3?s=96&d=mm&r=g\",\"contentUrl\":\"https:\/\/secure.gravatar.com\/avatar\/e66688f9186abb74f11662d64a816c0971765b5f3721fc721afe90af108548a3?s=96&d=mm&r=g\",\"caption\":\"cris\"},\"sameAs\":[\"https:\/\/x.com\/tour-virtual@fieam.org.br\"],\"url\":\"https:\/\/fieam.org.br\/fieam\/author\/cris\/\"}]}<\/script>\n<!-- \/ Yoast SEO plugin. -->","yoast_head_json":{"title":"- FIEAM","robots":{"index":"index","follow":"follow","max-snippet":"max-snippet:-1","max-image-preview":"max-image-preview:large","max-video-preview":"max-video-preview:-1"},"canonical":"https:\/\/fieam.org.br\/fieam\/17278-2\/","og_locale":"pt_BR","og_type":"article","og_title":"- FIEAM","og_description":"O auditor da Secretaria Extraordin\u00e1ria da Reforma Tribut\u00e1ria do Minist\u00e9rio da Fazenda, Roni Peterson de Brito, anunciou que a regulamenta\u00e7\u00e3o da reforma deve estar conclu\u00edda at\u00e9 setembro deste ano. Para uma plateia formada por representantes e t\u00e9cnicos de empresas do Polo Industrial de Manaus, no audit\u00f3rio Arivaldo Fontes da Silveira, do SENAI Amazonas, o auditor [&hellip;]","og_url":"https:\/\/fieam.org.br\/fieam\/17278-2\/","og_site_name":"FIEAM","article_published_time":"2025-05-20T18:46:21+00:00","og_image":[{"width":2500,"height":1154,"url":"https:\/\/fieam.org.br\/fieam\/wp-content\/uploads\/sites\/9\/2025\/05\/Roni-Peterson-veio-falar-sobre-os-impactos-que-a-Reforma-Tributaria-traz-para-a-ZFM.jpg","type":"image\/jpeg"}],"author":"cris","twitter_card":"summary_large_image","twitter_creator":"@tour-virtual@fieam.org.br","twitter_misc":{"Escrito por":"cris","Est. tempo de leitura":"4 minutos"},"schema":{"@context":"https:\/\/schema.org","@graph":[{"@type":"Article","@id":"https:\/\/fieam.org.br\/fieam\/17278-2\/#article","isPartOf":{"@id":"https:\/\/fieam.org.br\/fieam\/17278-2\/"},"author":{"name":"cris","@id":"https:\/\/fieam.org.br\/fieam\/#\/schema\/person\/ff86678b986855fb9f8d2e599eab31ae"},"headline":"Sem t\u00edtulo","datePublished":"2025-05-20T18:46:21+00:00","mainEntityOfPage":{"@id":"https:\/\/fieam.org.br\/fieam\/17278-2\/"},"wordCount":860,"commentCount":0,"publisher":{"@id":"https:\/\/fieam.org.br\/fieam\/#organization"},"image":{"@id":"https:\/\/fieam.org.br\/fieam\/17278-2\/#primaryimage"},"thumbnailUrl":"https:\/\/fieam.org.br\/fieam\/wp-content\/uploads\/sites\/9\/2025\/05\/Roni-Peterson-veio-falar-sobre-os-impactos-que-a-Reforma-Tributaria-traz-para-a-ZFM.jpg","articleSection":["Banner Destaque","News","News Destaque"],"inLanguage":"pt-BR","potentialAction":[{"@type":"CommentAction","name":"Comment","target":["https:\/\/fieam.org.br\/fieam\/17278-2\/#respond"]}]},{"@type":"WebPage","@id":"https:\/\/fieam.org.br\/fieam\/17278-2\/","url":"https:\/\/fieam.org.br\/fieam\/17278-2\/","name":"- FIEAM","isPartOf":{"@id":"https:\/\/fieam.org.br\/fieam\/#website"},"primaryImageOfPage":{"@id":"https:\/\/fieam.org.br\/fieam\/17278-2\/#primaryimage"},"image":{"@id":"https:\/\/fieam.org.br\/fieam\/17278-2\/#primaryimage"},"thumbnailUrl":"https:\/\/fieam.org.br\/fieam\/wp-content\/uploads\/sites\/9\/2025\/05\/Roni-Peterson-veio-falar-sobre-os-impactos-que-a-Reforma-Tributaria-traz-para-a-ZFM.jpg","datePublished":"2025-05-20T18:46:21+00:00","inLanguage":"pt-BR","potentialAction":[{"@type":"ReadAction","target":["https:\/\/fieam.org.br\/fieam\/17278-2\/"]}]},{"@type":"ImageObject","inLanguage":"pt-BR","@id":"https:\/\/fieam.org.br\/fieam\/17278-2\/#primaryimage","url":"https:\/\/fieam.org.br\/fieam\/wp-content\/uploads\/sites\/9\/2025\/05\/Roni-Peterson-veio-falar-sobre-os-impactos-que-a-Reforma-Tributaria-traz-para-a-ZFM.jpg","contentUrl":"https:\/\/fieam.org.br\/fieam\/wp-content\/uploads\/sites\/9\/2025\/05\/Roni-Peterson-veio-falar-sobre-os-impactos-que-a-Reforma-Tributaria-traz-para-a-ZFM.jpg","width":2500,"height":1154},{"@type":"WebSite","@id":"https:\/\/fieam.org.br\/fieam\/#website","url":"https:\/\/fieam.org.br\/fieam\/","name":"FIEAM","description":"Site Oficial!","publisher":{"@id":"https:\/\/fieam.org.br\/fieam\/#organization"},"potentialAction":[{"@type":"SearchAction","target":{"@type":"EntryPoint","urlTemplate":"https:\/\/fieam.org.br\/fieam\/?s={search_term_string}"},"query-input":{"@type":"PropertyValueSpecification","valueRequired":true,"valueName":"search_term_string"}}],"inLanguage":"pt-BR"},{"@type":"Organization","@id":"https:\/\/fieam.org.br\/fieam\/#organization","name":"FIEAM","url":"https:\/\/fieam.org.br\/fieam\/","logo":{"@type":"ImageObject","inLanguage":"pt-BR","@id":"https:\/\/fieam.org.br\/fieam\/#\/schema\/logo\/image\/","url":"https:\/\/fieam.org.br\/fieam\/wp-content\/uploads\/sites\/9\/2024\/03\/cropped-fav.png","contentUrl":"https:\/\/fieam.org.br\/fieam\/wp-content\/uploads\/sites\/9\/2024\/03\/cropped-fav.png","width":597,"height":598,"caption":"FIEAM"},"image":{"@id":"https:\/\/fieam.org.br\/fieam\/#\/schema\/logo\/image\/"}},{"@type":"Person","@id":"https:\/\/fieam.org.br\/fieam\/#\/schema\/person\/ff86678b986855fb9f8d2e599eab31ae","name":"cris","image":{"@type":"ImageObject","inLanguage":"pt-BR","@id":"https:\/\/fieam.org.br\/fieam\/#\/schema\/person\/image\/","url":"https:\/\/secure.gravatar.com\/avatar\/e66688f9186abb74f11662d64a816c0971765b5f3721fc721afe90af108548a3?s=96&d=mm&r=g","contentUrl":"https:\/\/secure.gravatar.com\/avatar\/e66688f9186abb74f11662d64a816c0971765b5f3721fc721afe90af108548a3?s=96&d=mm&r=g","caption":"cris"},"sameAs":["https:\/\/x.com\/tour-virtual@fieam.org.br"],"url":"https:\/\/fieam.org.br\/fieam\/author\/cris\/"}]}},"_links":{"self":[{"href":"https:\/\/fieam.org.br\/fieam\/wp-json\/wp\/v2\/posts\/17278","targetHints":{"allow":["GET"]}}],"collection":[{"href":"https:\/\/fieam.org.br\/fieam\/wp-json\/wp\/v2\/posts"}],"about":[{"href":"https:\/\/fieam.org.br\/fieam\/wp-json\/wp\/v2\/types\/post"}],"author":[{"embeddable":true,"href":"https:\/\/fieam.org.br\/fieam\/wp-json\/wp\/v2\/users\/9"}],"replies":[{"embeddable":true,"href":"https:\/\/fieam.org.br\/fieam\/wp-json\/wp\/v2\/comments?post=17278"}],"version-history":[{"count":1,"href":"https:\/\/fieam.org.br\/fieam\/wp-json\/wp\/v2\/posts\/17278\/revisions"}],"predecessor-version":[{"id":17282,"href":"https:\/\/fieam.org.br\/fieam\/wp-json\/wp\/v2\/posts\/17278\/revisions\/17282"}],"wp:featuredmedia":[{"embeddable":true,"href":"https:\/\/fieam.org.br\/fieam\/wp-json\/wp\/v2\/media\/17279"}],"wp:attachment":[{"href":"https:\/\/fieam.org.br\/fieam\/wp-json\/wp\/v2\/media?parent=17278"}],"wp:term":[{"taxonomy":"category","embeddable":true,"href":"https:\/\/fieam.org.br\/fieam\/wp-json\/wp\/v2\/categories?post=17278"},{"taxonomy":"post_tag","embeddable":true,"href":"https:\/\/fieam.org.br\/fieam\/wp-json\/wp\/v2\/tags?post=17278"}],"curies":[{"name":"wp","href":"https:\/\/api.w.org\/{rel}","templated":true}]}}