{"id":17262,"date":"2025-05-16T19:51:52","date_gmt":"2025-05-16T19:51:52","guid":{"rendered":"https:\/\/fieam.org.br\/fieam\/?p=17262"},"modified":"2025-05-16T19:51:52","modified_gmt":"2025-05-16T19:51:52","slug":"industria-lanca-agenda-legislativa-2025-na-aleam-e-reforca-compromisso-com-o-futuro-do-pim","status":"publish","type":"post","link":"https:\/\/fieam.org.br\/fieam\/industria-lanca-agenda-legislativa-2025-na-aleam-e-reforca-compromisso-com-o-futuro-do-pim\/","title":{"rendered":"Ind\u00fastria lan\u00e7a Agenda Legislativa 2025 na Aleam e refor\u00e7a compromisso com o futuro do PIM"},"content":{"rendered":"<h6>Foto de capa &#8211; Ney Xavier<\/h6>\n<p>Pela primeira vez, a Agenda Legislativa da Ind\u00fastria do Amazonas foi lan\u00e7ada no plen\u00e1rio Ruy Ara\u00fajo da Assembleia Legislativa do Estado do Amazonas (Aleam), nesta sexta-feira (16). Em sua 6\u00aa edi\u00e7\u00e3o, a publica\u00e7\u00e3o apresenta 135 proposi\u00e7\u00f5es legislativas priorit\u00e1rias, 90 de interesse geral e 45 setoriais, e tem como objetivo preservar a competitividade da Zona Franca de Manaus (ZFM) e fortalecer o Polo Industrial de Manaus (PIM).<\/p>\n<p>A solenidade teve por objetivo ampliar a articula\u00e7\u00e3o pol\u00edtica da ind\u00fastria amazonense, ao inserir de forma estrat\u00e9gica o parlamento estadual na defesa da principal matriz econ\u00f4mica do estado. O presidente da Federa\u00e7\u00e3o das Ind\u00fastrias do Estado do Amazonas (FIEAM), Antonio Silva, destacou o simbolismo da sess\u00e3o: \u201cHoje vivenciamos um momento \u00fanico ao lan\u00e7ar esta agenda na Casa do Povo. Este documento \u00e9 um instrumento de di\u00e1logo entre o setor industrial, o parlamento e os governos nas tr\u00eas esferas, com o intuito de melhorar o ambiente de neg\u00f3cios e fortalecer a economia do Amazonas\u201d.<\/p>\n<p>O presidente executivo do Centro da Ind\u00fastria do Estado do Amazonas (CIEAM), L\u00facio Fl\u00e1vio Moraes, refor\u00e7ou a relev\u00e2ncia da iniciativa. \u201cA ZFM \u00e9 a locomotiva do desenvolvimento socioecon\u00f4mico da nossa regi\u00e3o. A Agenda Legislativa \u00e9 fruto de um acompanhamento t\u00e9cnico das propostas que impactam diretamente nossa competitividade e serve de subs\u00eddio para decis\u00f5es estrat\u00e9gicas da bancada parlamentar\u201d, afirmou.<\/p>\n<p>&nbsp;<\/p>\n<p><strong>Destaques da Agenda 2025<\/strong><\/p>\n<p><img fetchpriority=\"high\" decoding=\"async\" class=\" wp-image-17263 alignleft\" src=\"https:\/\/fieam.org.br\/fieam\/wp-content\/uploads\/sites\/9\/2025\/05\/Saleh-Hamded-e-representante-das-entidades-FIEAM-e-CIEAM-em-Brasilia-300x200.jpg\" alt=\"\" width=\"401\" height=\"267\" srcset=\"https:\/\/fieam.org.br\/fieam\/wp-content\/uploads\/sites\/9\/2025\/05\/Saleh-Hamded-e-representante-das-entidades-FIEAM-e-CIEAM-em-Brasilia-300x200.jpg 300w, https:\/\/fieam.org.br\/fieam\/wp-content\/uploads\/sites\/9\/2025\/05\/Saleh-Hamded-e-representante-das-entidades-FIEAM-e-CIEAM-em-Brasilia-1024x683.jpg 1024w, https:\/\/fieam.org.br\/fieam\/wp-content\/uploads\/sites\/9\/2025\/05\/Saleh-Hamded-e-representante-das-entidades-FIEAM-e-CIEAM-em-Brasilia-768x512.jpg 768w, https:\/\/fieam.org.br\/fieam\/wp-content\/uploads\/sites\/9\/2025\/05\/Saleh-Hamded-e-representante-das-entidades-FIEAM-e-CIEAM-em-Brasilia-1536x1024.jpg 1536w, https:\/\/fieam.org.br\/fieam\/wp-content\/uploads\/sites\/9\/2025\/05\/Saleh-Hamded-e-representante-das-entidades-FIEAM-e-CIEAM-em-Brasilia-2048x1366.jpg 2048w\" sizes=\"(max-width: 401px) 100vw, 401px\" \/>O engenheiro Saleh Hamdeh, titular do Observat\u00f3rio da ZFM em Bras\u00edlia, FIEAM\/CIEAM, respons\u00e1vel pela apresenta\u00e7\u00e3o do documento, ressaltou que esta \u00e9 a primeira edi\u00e7\u00e3o que inclui tamb\u00e9m proposi\u00e7\u00f5es em tramita\u00e7\u00e3o na Aleam \u2014 quatro no total \u2014 entre elas temas como incentivo ao empreendedorismo, ind\u00fastria sustent\u00e1vel, hidrog\u00eanio verde e fortalecimento de cadeias produtivas locais. J\u00e1 no Congresso Nacional, 54 proposi\u00e7\u00f5es foram mapeadas, com destaque para a defesa da ZFM frente \u00e0 reforma tribut\u00e1ria, \u00e0 regulamenta\u00e7\u00e3o do IBS e CBS, e \u00e0 tentativa de extens\u00e3o dos benef\u00edcios fiscais a outras regi\u00f5es do pa\u00eds.<\/p>\n<p>Segundo Hamdeh, a ZFM continua sendo alvo de propostas divergentes no Legislativo Federal. \u201cEstamos acompanhando projetos como o PLP 68 e o PL 52\/2025, que podem comprometer nossa seguran\u00e7a jur\u00eddica. Tamb\u00e9m h\u00e1 risco com propostas que visam criar novas zonas francas em estados como o Distrito Federal e at\u00e9 em comunidades de favelas, o que amea\u00e7a diretamente a exclusividade do modelo de Manaus\u201d, alertou.<\/p>\n<p><strong>Compromissos do Legislativo Estadual<\/strong><\/p>\n<p><img decoding=\"async\" class=\" wp-image-17264 alignright\" src=\"https:\/\/fieam.org.br\/fieam\/wp-content\/uploads\/sites\/9\/2025\/05\/IMG_1486-300x205.jpg\" alt=\"\" width=\"413\" height=\"282\" srcset=\"https:\/\/fieam.org.br\/fieam\/wp-content\/uploads\/sites\/9\/2025\/05\/IMG_1486-300x205.jpg 300w, https:\/\/fieam.org.br\/fieam\/wp-content\/uploads\/sites\/9\/2025\/05\/IMG_1486-1024x699.jpg 1024w, https:\/\/fieam.org.br\/fieam\/wp-content\/uploads\/sites\/9\/2025\/05\/IMG_1486-768x524.jpg 768w, https:\/\/fieam.org.br\/fieam\/wp-content\/uploads\/sites\/9\/2025\/05\/IMG_1486-1536x1048.jpg 1536w, https:\/\/fieam.org.br\/fieam\/wp-content\/uploads\/sites\/9\/2025\/05\/IMG_1486-2048x1398.jpg 2048w\" sizes=\"(max-width: 413px) 100vw, 413px\" \/>Autor da propositura para realiza\u00e7\u00e3o da sess\u00e3o especial na Aleam, o deputado Adjuto Afonso (Uni\u00e3o-AM) celebrou a abertura do Parlamento Estadual ao setor produtivo. \u201cA ind\u00fastria gera mais de 120 mil empregos diretos. Receber a FIEAM aqui fortalece o papel da Assembleia como parceira do desenvolvimento do Amazonas. Esse lan\u00e7amento demonstra o respeito que temos pelo setor produtivo\u201d, afirmou.<\/p>\n<p>O presidente da Aleam, deputado Roberto Cidade (UB-AM), anunciou medidas pr\u00e1ticas para fortalecer o di\u00e1logo entre os poderes e proteger a ZFM. \u201cVamos criar um n\u00facleo dentro da Assembleia para acompanhar proposi\u00e7\u00f5es no Congresso Nacional e, se necess\u00e1rio, ingressar com A\u00e7\u00f5es Diretas de Inconstitucionalidade (ADIN) contra qualquer tentativa de enfraquecer o modelo ZFM. Essa casa est\u00e1 ao lado da ind\u00fastria\u201d, afirmou.<\/p>\n<p>Cidade tamb\u00e9m defendeu a amplia\u00e7\u00e3o da \u00e1rea de abrang\u00eancia da Zona Franca at\u00e9 munic\u00edpios pr\u00f3ximos a Manaus, como Rio Preto da Eva, para estimular novos investimentos e empregos.<\/p>\n<p>&nbsp;<\/p>\n<p><strong>Presentes \u00e0 solenidade<\/strong><\/p>\n<p><img decoding=\"async\" class=\" wp-image-17265 alignright\" src=\"https:\/\/fieam.org.br\/fieam\/wp-content\/uploads\/sites\/9\/2025\/05\/Sessao-solene-aconteceu-na-ALEAM-na-Plenaria-Ruy-Araujo-300x225.jpg\" alt=\"\" width=\"541\" height=\"406\" srcset=\"https:\/\/fieam.org.br\/fieam\/wp-content\/uploads\/sites\/9\/2025\/05\/Sessao-solene-aconteceu-na-ALEAM-na-Plenaria-Ruy-Araujo-300x225.jpg 300w, https:\/\/fieam.org.br\/fieam\/wp-content\/uploads\/sites\/9\/2025\/05\/Sessao-solene-aconteceu-na-ALEAM-na-Plenaria-Ruy-Araujo-1024x768.jpg 1024w, https:\/\/fieam.org.br\/fieam\/wp-content\/uploads\/sites\/9\/2025\/05\/Sessao-solene-aconteceu-na-ALEAM-na-Plenaria-Ruy-Araujo-768x576.jpg 768w, https:\/\/fieam.org.br\/fieam\/wp-content\/uploads\/sites\/9\/2025\/05\/Sessao-solene-aconteceu-na-ALEAM-na-Plenaria-Ruy-Araujo-1536x1152.jpg 1536w, https:\/\/fieam.org.br\/fieam\/wp-content\/uploads\/sites\/9\/2025\/05\/Sessao-solene-aconteceu-na-ALEAM-na-Plenaria-Ruy-Araujo-2048x1536.jpg 2048w\" sizes=\"(max-width: 541px) 100vw, 541px\" \/>A mesa da sess\u00e3o especial foi composta pelo presidente da FIEAM, Antonio Silva; presidente executivo do CIEAM, L\u00facio Fl\u00e1vio Moraes; secret\u00e1rio de Estado de Planejamento, Ci\u00eancia, Tecnologia e Inova\u00e7\u00e3o (Sedecti), Gustavo Igrejas, representando o governador Wilson Lima; deputado Adjuto Afonso; superintendente adjunto da Suframa, Luiz Frederico Aguiar; vice-presidente da Federa\u00e7\u00e3o das Ind\u00fastrias do Par\u00e1 (FIEPA), Priscilla Vieira; o diretor Laemanuel Mustaffa Paes Lemos, da Federa\u00e7\u00e3o do Comercio de Bens, Servi\u00e7os e Turismo do Amazonas do Estado do Amazonas (Fecom\u00e9rcio-AM); Jorge Luiz Rodrigues, diretor de rela\u00e7\u00f5es empresariais e institucional da Associa\u00e7\u00e3o Comercial do Amazonas (ACA); e Rodrigo Dur\u00e3es Fugii, presidente da Comiss\u00e3o de Rela\u00e7\u00f5es Institucionais da C\u00e2mara de Com\u00e9rcio e Ind\u00fastria Nipo-Brasileira do Amazonas.<\/p>\n<p>A plen\u00e1ria contou ainda com a presen\u00e7a da diretoria da FIEAM; Kamila Lima, coordenadora de Assuntos Institucionais da Associa\u00e7\u00e3o Brasileira da Ind\u00fastria de Alimentos (Abia); e Mariah Sampaio, gerente de Rela\u00e7\u00f5es Institucionais da Associa\u00e7\u00e3o Brasileira das Ind\u00fastrias de Refrigerantes e de Bebidas N\u00e3o Alco\u00f3licas (Abir).<\/p>\n<p>Entre os parlamentares presentes, tamb\u00e9m estavam, os deputados Abdala Fraxe (Avante), Alessandra Campelo (MDB) e Sin\u00e9sio Campos (PT), que refor\u00e7aram o compromisso da Casa com a defesa do modelo ZFM.<\/p>\n","protected":false},"excerpt":{"rendered":"<p>Foto de capa &#8211; Ney Xavier Pela primeira vez, a Agenda Legislativa da Ind\u00fastria do Amazonas foi lan\u00e7ada no plen\u00e1rio Ruy Ara\u00fajo da Assembleia Legislativa do Estado do Amazonas (Aleam), nesta sexta-feira (16). Em sua 6\u00aa edi\u00e7\u00e3o, a publica\u00e7\u00e3o apresenta 135 proposi\u00e7\u00f5es legislativas priorit\u00e1rias, 90 de interesse geral e 45 setoriais, e tem como objetivo [&hellip;]<\/p>\n","protected":false},"author":9,"featured_media":17266,"comment_status":"open","ping_status":"open","sticky":false,"template":"","format":"standard","meta":{"footnotes":""},"categories":[28,29,30],"tags":[],"class_list":["post-17262","post","type-post","status-publish","format-standard","has-post-thumbnail","hentry","category-banner-destaque","category-news","category-news_destaque"],"yoast_head":"<!-- This site is optimized with the Yoast SEO plugin v26.8 - https:\/\/yoast.com\/product\/yoast-seo-wordpress\/ -->\n<title>Ind\u00fastria lan\u00e7a Agenda Legislativa 2025 na Aleam e refor\u00e7a compromisso com o futuro do PIM - FIEAM<\/title>\n<meta name=\"robots\" content=\"index, follow, max-snippet:-1, max-image-preview:large, max-video-preview:-1\" \/>\n<link rel=\"canonical\" href=\"https:\/\/fieam.org.br\/fieam\/industria-lanca-agenda-legislativa-2025-na-aleam-e-reforca-compromisso-com-o-futuro-do-pim\/\" \/>\n<meta property=\"og:locale\" content=\"pt_BR\" \/>\n<meta property=\"og:type\" content=\"article\" \/>\n<meta property=\"og:title\" content=\"Ind\u00fastria lan\u00e7a Agenda Legislativa 2025 na Aleam e refor\u00e7a compromisso com o futuro do PIM - FIEAM\" \/>\n<meta property=\"og:description\" content=\"Foto de capa &#8211; Ney Xavier Pela primeira vez, a Agenda Legislativa da Ind\u00fastria do Amazonas foi lan\u00e7ada no plen\u00e1rio Ruy Ara\u00fajo da Assembleia Legislativa do Estado do Amazonas (Aleam), nesta sexta-feira (16). Em sua 6\u00aa edi\u00e7\u00e3o, a publica\u00e7\u00e3o apresenta 135 proposi\u00e7\u00f5es legislativas priorit\u00e1rias, 90 de interesse geral e 45 setoriais, e tem como objetivo [&hellip;]\" \/>\n<meta property=\"og:url\" content=\"https:\/\/fieam.org.br\/fieam\/industria-lanca-agenda-legislativa-2025-na-aleam-e-reforca-compromisso-com-o-futuro-do-pim\/\" \/>\n<meta property=\"og:site_name\" content=\"FIEAM\" \/>\n<meta property=\"article:published_time\" content=\"2025-05-16T19:51:52+00:00\" \/>\n<meta property=\"og:image\" content=\"https:\/\/fieam.org.br\/fieam\/wp-content\/uploads\/sites\/9\/2025\/05\/Lancamento-Agenda-Legislativa-2025_Credito-Ney-Xavier.jpeg\" \/>\n\t<meta property=\"og:image:width\" content=\"1600\" \/>\n\t<meta property=\"og:image:height\" content=\"1066\" \/>\n\t<meta property=\"og:image:type\" content=\"image\/jpeg\" \/>\n<meta name=\"author\" content=\"cris\" \/>\n<meta name=\"twitter:card\" content=\"summary_large_image\" \/>\n<meta name=\"twitter:creator\" content=\"@tour-virtual@fieam.org.br\" \/>\n<meta name=\"twitter:label1\" content=\"Escrito por\" \/>\n\t<meta name=\"twitter:data1\" content=\"cris\" \/>\n\t<meta name=\"twitter:label2\" content=\"Est. tempo de leitura\" \/>\n\t<meta name=\"twitter:data2\" content=\"4 minutos\" \/>\n<script type=\"application\/ld+json\" class=\"yoast-schema-graph\">{\"@context\":\"https:\/\/schema.org\",\"@graph\":[{\"@type\":\"Article\",\"@id\":\"https:\/\/fieam.org.br\/fieam\/industria-lanca-agenda-legislativa-2025-na-aleam-e-reforca-compromisso-com-o-futuro-do-pim\/#article\",\"isPartOf\":{\"@id\":\"https:\/\/fieam.org.br\/fieam\/industria-lanca-agenda-legislativa-2025-na-aleam-e-reforca-compromisso-com-o-futuro-do-pim\/\"},\"author\":{\"name\":\"cris\",\"@id\":\"https:\/\/fieam.org.br\/fieam\/#\/schema\/person\/ff86678b986855fb9f8d2e599eab31ae\"},\"headline\":\"Ind\u00fastria lan\u00e7a Agenda Legislativa 2025 na Aleam e refor\u00e7a compromisso com o futuro do PIM\",\"datePublished\":\"2025-05-16T19:51:52+00:00\",\"mainEntityOfPage\":{\"@id\":\"https:\/\/fieam.org.br\/fieam\/industria-lanca-agenda-legislativa-2025-na-aleam-e-reforca-compromisso-com-o-futuro-do-pim\/\"},\"wordCount\":827,\"commentCount\":0,\"publisher\":{\"@id\":\"https:\/\/fieam.org.br\/fieam\/#organization\"},\"image\":{\"@id\":\"https:\/\/fieam.org.br\/fieam\/industria-lanca-agenda-legislativa-2025-na-aleam-e-reforca-compromisso-com-o-futuro-do-pim\/#primaryimage\"},\"thumbnailUrl\":\"https:\/\/fieam.org.br\/fieam\/wp-content\/uploads\/sites\/9\/2025\/05\/Lancamento-Agenda-Legislativa-2025_Credito-Ney-Xavier.jpeg\",\"articleSection\":[\"Banner Destaque\",\"News\",\"News Destaque\"],\"inLanguage\":\"pt-BR\",\"potentialAction\":[{\"@type\":\"CommentAction\",\"name\":\"Comment\",\"target\":[\"https:\/\/fieam.org.br\/fieam\/industria-lanca-agenda-legislativa-2025-na-aleam-e-reforca-compromisso-com-o-futuro-do-pim\/#respond\"]}]},{\"@type\":\"WebPage\",\"@id\":\"https:\/\/fieam.org.br\/fieam\/industria-lanca-agenda-legislativa-2025-na-aleam-e-reforca-compromisso-com-o-futuro-do-pim\/\",\"url\":\"https:\/\/fieam.org.br\/fieam\/industria-lanca-agenda-legislativa-2025-na-aleam-e-reforca-compromisso-com-o-futuro-do-pim\/\",\"name\":\"Ind\u00fastria lan\u00e7a Agenda Legislativa 2025 na Aleam e refor\u00e7a compromisso com o futuro do PIM - FIEAM\",\"isPartOf\":{\"@id\":\"https:\/\/fieam.org.br\/fieam\/#website\"},\"primaryImageOfPage\":{\"@id\":\"https:\/\/fieam.org.br\/fieam\/industria-lanca-agenda-legislativa-2025-na-aleam-e-reforca-compromisso-com-o-futuro-do-pim\/#primaryimage\"},\"image\":{\"@id\":\"https:\/\/fieam.org.br\/fieam\/industria-lanca-agenda-legislativa-2025-na-aleam-e-reforca-compromisso-com-o-futuro-do-pim\/#primaryimage\"},\"thumbnailUrl\":\"https:\/\/fieam.org.br\/fieam\/wp-content\/uploads\/sites\/9\/2025\/05\/Lancamento-Agenda-Legislativa-2025_Credito-Ney-Xavier.jpeg\",\"datePublished\":\"2025-05-16T19:51:52+00:00\",\"breadcrumb\":{\"@id\":\"https:\/\/fieam.org.br\/fieam\/industria-lanca-agenda-legislativa-2025-na-aleam-e-reforca-compromisso-com-o-futuro-do-pim\/#breadcrumb\"},\"inLanguage\":\"pt-BR\",\"potentialAction\":[{\"@type\":\"ReadAction\",\"target\":[\"https:\/\/fieam.org.br\/fieam\/industria-lanca-agenda-legislativa-2025-na-aleam-e-reforca-compromisso-com-o-futuro-do-pim\/\"]}]},{\"@type\":\"ImageObject\",\"inLanguage\":\"pt-BR\",\"@id\":\"https:\/\/fieam.org.br\/fieam\/industria-lanca-agenda-legislativa-2025-na-aleam-e-reforca-compromisso-com-o-futuro-do-pim\/#primaryimage\",\"url\":\"https:\/\/fieam.org.br\/fieam\/wp-content\/uploads\/sites\/9\/2025\/05\/Lancamento-Agenda-Legislativa-2025_Credito-Ney-Xavier.jpeg\",\"contentUrl\":\"https:\/\/fieam.org.br\/fieam\/wp-content\/uploads\/sites\/9\/2025\/05\/Lancamento-Agenda-Legislativa-2025_Credito-Ney-Xavier.jpeg\",\"width\":1600,\"height\":1066},{\"@type\":\"BreadcrumbList\",\"@id\":\"https:\/\/fieam.org.br\/fieam\/industria-lanca-agenda-legislativa-2025-na-aleam-e-reforca-compromisso-com-o-futuro-do-pim\/#breadcrumb\",\"itemListElement\":[{\"@type\":\"ListItem\",\"position\":1,\"name\":\"In\u00edcio\",\"item\":\"https:\/\/fieam.org.br\/fieam\/\"},{\"@type\":\"ListItem\",\"position\":2,\"name\":\"Ind\u00fastria lan\u00e7a Agenda Legislativa 2025 na Aleam e refor\u00e7a compromisso com o futuro do PIM\"}]},{\"@type\":\"WebSite\",\"@id\":\"https:\/\/fieam.org.br\/fieam\/#website\",\"url\":\"https:\/\/fieam.org.br\/fieam\/\",\"name\":\"FIEAM\",\"description\":\"Site Oficial!\",\"publisher\":{\"@id\":\"https:\/\/fieam.org.br\/fieam\/#organization\"},\"potentialAction\":[{\"@type\":\"SearchAction\",\"target\":{\"@type\":\"EntryPoint\",\"urlTemplate\":\"https:\/\/fieam.org.br\/fieam\/?s={search_term_string}\"},\"query-input\":{\"@type\":\"PropertyValueSpecification\",\"valueRequired\":true,\"valueName\":\"search_term_string\"}}],\"inLanguage\":\"pt-BR\"},{\"@type\":\"Organization\",\"@id\":\"https:\/\/fieam.org.br\/fieam\/#organization\",\"name\":\"FIEAM\",\"url\":\"https:\/\/fieam.org.br\/fieam\/\",\"logo\":{\"@type\":\"ImageObject\",\"inLanguage\":\"pt-BR\",\"@id\":\"https:\/\/fieam.org.br\/fieam\/#\/schema\/logo\/image\/\",\"url\":\"https:\/\/fieam.org.br\/fieam\/wp-content\/uploads\/sites\/9\/2024\/03\/cropped-fav.png\",\"contentUrl\":\"https:\/\/fieam.org.br\/fieam\/wp-content\/uploads\/sites\/9\/2024\/03\/cropped-fav.png\",\"width\":597,\"height\":598,\"caption\":\"FIEAM\"},\"image\":{\"@id\":\"https:\/\/fieam.org.br\/fieam\/#\/schema\/logo\/image\/\"}},{\"@type\":\"Person\",\"@id\":\"https:\/\/fieam.org.br\/fieam\/#\/schema\/person\/ff86678b986855fb9f8d2e599eab31ae\",\"name\":\"cris\",\"image\":{\"@type\":\"ImageObject\",\"inLanguage\":\"pt-BR\",\"@id\":\"https:\/\/fieam.org.br\/fieam\/#\/schema\/person\/image\/\",\"url\":\"https:\/\/secure.gravatar.com\/avatar\/e66688f9186abb74f11662d64a816c0971765b5f3721fc721afe90af108548a3?s=96&d=mm&r=g\",\"contentUrl\":\"https:\/\/secure.gravatar.com\/avatar\/e66688f9186abb74f11662d64a816c0971765b5f3721fc721afe90af108548a3?s=96&d=mm&r=g\",\"caption\":\"cris\"},\"sameAs\":[\"https:\/\/x.com\/tour-virtual@fieam.org.br\"],\"url\":\"https:\/\/fieam.org.br\/fieam\/author\/cris\/\"}]}<\/script>\n<!-- \/ Yoast SEO plugin. -->","yoast_head_json":{"title":"Ind\u00fastria lan\u00e7a Agenda Legislativa 2025 na Aleam e refor\u00e7a compromisso com o futuro do PIM - FIEAM","robots":{"index":"index","follow":"follow","max-snippet":"max-snippet:-1","max-image-preview":"max-image-preview:large","max-video-preview":"max-video-preview:-1"},"canonical":"https:\/\/fieam.org.br\/fieam\/industria-lanca-agenda-legislativa-2025-na-aleam-e-reforca-compromisso-com-o-futuro-do-pim\/","og_locale":"pt_BR","og_type":"article","og_title":"Ind\u00fastria lan\u00e7a Agenda Legislativa 2025 na Aleam e refor\u00e7a compromisso com o futuro do PIM - FIEAM","og_description":"Foto de capa &#8211; Ney Xavier Pela primeira vez, a Agenda Legislativa da Ind\u00fastria do Amazonas foi lan\u00e7ada no plen\u00e1rio Ruy Ara\u00fajo da Assembleia Legislativa do Estado do Amazonas (Aleam), nesta sexta-feira (16). Em sua 6\u00aa edi\u00e7\u00e3o, a publica\u00e7\u00e3o apresenta 135 proposi\u00e7\u00f5es legislativas priorit\u00e1rias, 90 de interesse geral e 45 setoriais, e tem como objetivo [&hellip;]","og_url":"https:\/\/fieam.org.br\/fieam\/industria-lanca-agenda-legislativa-2025-na-aleam-e-reforca-compromisso-com-o-futuro-do-pim\/","og_site_name":"FIEAM","article_published_time":"2025-05-16T19:51:52+00:00","og_image":[{"width":1600,"height":1066,"url":"https:\/\/fieam.org.br\/fieam\/wp-content\/uploads\/sites\/9\/2025\/05\/Lancamento-Agenda-Legislativa-2025_Credito-Ney-Xavier.jpeg","type":"image\/jpeg"}],"author":"cris","twitter_card":"summary_large_image","twitter_creator":"@tour-virtual@fieam.org.br","twitter_misc":{"Escrito por":"cris","Est. tempo de leitura":"4 minutos"},"schema":{"@context":"https:\/\/schema.org","@graph":[{"@type":"Article","@id":"https:\/\/fieam.org.br\/fieam\/industria-lanca-agenda-legislativa-2025-na-aleam-e-reforca-compromisso-com-o-futuro-do-pim\/#article","isPartOf":{"@id":"https:\/\/fieam.org.br\/fieam\/industria-lanca-agenda-legislativa-2025-na-aleam-e-reforca-compromisso-com-o-futuro-do-pim\/"},"author":{"name":"cris","@id":"https:\/\/fieam.org.br\/fieam\/#\/schema\/person\/ff86678b986855fb9f8d2e599eab31ae"},"headline":"Ind\u00fastria lan\u00e7a Agenda Legislativa 2025 na Aleam e refor\u00e7a compromisso com o futuro do PIM","datePublished":"2025-05-16T19:51:52+00:00","mainEntityOfPage":{"@id":"https:\/\/fieam.org.br\/fieam\/industria-lanca-agenda-legislativa-2025-na-aleam-e-reforca-compromisso-com-o-futuro-do-pim\/"},"wordCount":827,"commentCount":0,"publisher":{"@id":"https:\/\/fieam.org.br\/fieam\/#organization"},"image":{"@id":"https:\/\/fieam.org.br\/fieam\/industria-lanca-agenda-legislativa-2025-na-aleam-e-reforca-compromisso-com-o-futuro-do-pim\/#primaryimage"},"thumbnailUrl":"https:\/\/fieam.org.br\/fieam\/wp-content\/uploads\/sites\/9\/2025\/05\/Lancamento-Agenda-Legislativa-2025_Credito-Ney-Xavier.jpeg","articleSection":["Banner Destaque","News","News Destaque"],"inLanguage":"pt-BR","potentialAction":[{"@type":"CommentAction","name":"Comment","target":["https:\/\/fieam.org.br\/fieam\/industria-lanca-agenda-legislativa-2025-na-aleam-e-reforca-compromisso-com-o-futuro-do-pim\/#respond"]}]},{"@type":"WebPage","@id":"https:\/\/fieam.org.br\/fieam\/industria-lanca-agenda-legislativa-2025-na-aleam-e-reforca-compromisso-com-o-futuro-do-pim\/","url":"https:\/\/fieam.org.br\/fieam\/industria-lanca-agenda-legislativa-2025-na-aleam-e-reforca-compromisso-com-o-futuro-do-pim\/","name":"Ind\u00fastria lan\u00e7a Agenda Legislativa 2025 na Aleam e refor\u00e7a compromisso com o futuro do PIM - FIEAM","isPartOf":{"@id":"https:\/\/fieam.org.br\/fieam\/#website"},"primaryImageOfPage":{"@id":"https:\/\/fieam.org.br\/fieam\/industria-lanca-agenda-legislativa-2025-na-aleam-e-reforca-compromisso-com-o-futuro-do-pim\/#primaryimage"},"image":{"@id":"https:\/\/fieam.org.br\/fieam\/industria-lanca-agenda-legislativa-2025-na-aleam-e-reforca-compromisso-com-o-futuro-do-pim\/#primaryimage"},"thumbnailUrl":"https:\/\/fieam.org.br\/fieam\/wp-content\/uploads\/sites\/9\/2025\/05\/Lancamento-Agenda-Legislativa-2025_Credito-Ney-Xavier.jpeg","datePublished":"2025-05-16T19:51:52+00:00","breadcrumb":{"@id":"https:\/\/fieam.org.br\/fieam\/industria-lanca-agenda-legislativa-2025-na-aleam-e-reforca-compromisso-com-o-futuro-do-pim\/#breadcrumb"},"inLanguage":"pt-BR","potentialAction":[{"@type":"ReadAction","target":["https:\/\/fieam.org.br\/fieam\/industria-lanca-agenda-legislativa-2025-na-aleam-e-reforca-compromisso-com-o-futuro-do-pim\/"]}]},{"@type":"ImageObject","inLanguage":"pt-BR","@id":"https:\/\/fieam.org.br\/fieam\/industria-lanca-agenda-legislativa-2025-na-aleam-e-reforca-compromisso-com-o-futuro-do-pim\/#primaryimage","url":"https:\/\/fieam.org.br\/fieam\/wp-content\/uploads\/sites\/9\/2025\/05\/Lancamento-Agenda-Legislativa-2025_Credito-Ney-Xavier.jpeg","contentUrl":"https:\/\/fieam.org.br\/fieam\/wp-content\/uploads\/sites\/9\/2025\/05\/Lancamento-Agenda-Legislativa-2025_Credito-Ney-Xavier.jpeg","width":1600,"height":1066},{"@type":"BreadcrumbList","@id":"https:\/\/fieam.org.br\/fieam\/industria-lanca-agenda-legislativa-2025-na-aleam-e-reforca-compromisso-com-o-futuro-do-pim\/#breadcrumb","itemListElement":[{"@type":"ListItem","position":1,"name":"In\u00edcio","item":"https:\/\/fieam.org.br\/fieam\/"},{"@type":"ListItem","position":2,"name":"Ind\u00fastria lan\u00e7a Agenda Legislativa 2025 na Aleam e refor\u00e7a compromisso com o futuro do PIM"}]},{"@type":"WebSite","@id":"https:\/\/fieam.org.br\/fieam\/#website","url":"https:\/\/fieam.org.br\/fieam\/","name":"FIEAM","description":"Site Oficial!","publisher":{"@id":"https:\/\/fieam.org.br\/fieam\/#organization"},"potentialAction":[{"@type":"SearchAction","target":{"@type":"EntryPoint","urlTemplate":"https:\/\/fieam.org.br\/fieam\/?s={search_term_string}"},"query-input":{"@type":"PropertyValueSpecification","valueRequired":true,"valueName":"search_term_string"}}],"inLanguage":"pt-BR"},{"@type":"Organization","@id":"https:\/\/fieam.org.br\/fieam\/#organization","name":"FIEAM","url":"https:\/\/fieam.org.br\/fieam\/","logo":{"@type":"ImageObject","inLanguage":"pt-BR","@id":"https:\/\/fieam.org.br\/fieam\/#\/schema\/logo\/image\/","url":"https:\/\/fieam.org.br\/fieam\/wp-content\/uploads\/sites\/9\/2024\/03\/cropped-fav.png","contentUrl":"https:\/\/fieam.org.br\/fieam\/wp-content\/uploads\/sites\/9\/2024\/03\/cropped-fav.png","width":597,"height":598,"caption":"FIEAM"},"image":{"@id":"https:\/\/fieam.org.br\/fieam\/#\/schema\/logo\/image\/"}},{"@type":"Person","@id":"https:\/\/fieam.org.br\/fieam\/#\/schema\/person\/ff86678b986855fb9f8d2e599eab31ae","name":"cris","image":{"@type":"ImageObject","inLanguage":"pt-BR","@id":"https:\/\/fieam.org.br\/fieam\/#\/schema\/person\/image\/","url":"https:\/\/secure.gravatar.com\/avatar\/e66688f9186abb74f11662d64a816c0971765b5f3721fc721afe90af108548a3?s=96&d=mm&r=g","contentUrl":"https:\/\/secure.gravatar.com\/avatar\/e66688f9186abb74f11662d64a816c0971765b5f3721fc721afe90af108548a3?s=96&d=mm&r=g","caption":"cris"},"sameAs":["https:\/\/x.com\/tour-virtual@fieam.org.br"],"url":"https:\/\/fieam.org.br\/fieam\/author\/cris\/"}]}},"_links":{"self":[{"href":"https:\/\/fieam.org.br\/fieam\/wp-json\/wp\/v2\/posts\/17262","targetHints":{"allow":["GET"]}}],"collection":[{"href":"https:\/\/fieam.org.br\/fieam\/wp-json\/wp\/v2\/posts"}],"about":[{"href":"https:\/\/fieam.org.br\/fieam\/wp-json\/wp\/v2\/types\/post"}],"author":[{"embeddable":true,"href":"https:\/\/fieam.org.br\/fieam\/wp-json\/wp\/v2\/users\/9"}],"replies":[{"embeddable":true,"href":"https:\/\/fieam.org.br\/fieam\/wp-json\/wp\/v2\/comments?post=17262"}],"version-history":[{"count":1,"href":"https:\/\/fieam.org.br\/fieam\/wp-json\/wp\/v2\/posts\/17262\/revisions"}],"predecessor-version":[{"id":17267,"href":"https:\/\/fieam.org.br\/fieam\/wp-json\/wp\/v2\/posts\/17262\/revisions\/17267"}],"wp:featuredmedia":[{"embeddable":true,"href":"https:\/\/fieam.org.br\/fieam\/wp-json\/wp\/v2\/media\/17266"}],"wp:attachment":[{"href":"https:\/\/fieam.org.br\/fieam\/wp-json\/wp\/v2\/media?parent=17262"}],"wp:term":[{"taxonomy":"category","embeddable":true,"href":"https:\/\/fieam.org.br\/fieam\/wp-json\/wp\/v2\/categories?post=17262"},{"taxonomy":"post_tag","embeddable":true,"href":"https:\/\/fieam.org.br\/fieam\/wp-json\/wp\/v2\/tags?post=17262"}],"curies":[{"name":"wp","href":"https:\/\/api.w.org\/{rel}","templated":true}]}}