{"id":17242,"date":"2025-05-09T20:14:53","date_gmt":"2025-05-09T20:14:53","guid":{"rendered":"https:\/\/fieam.org.br\/fieam\/?p=17242"},"modified":"2025-05-09T20:25:40","modified_gmt":"2025-05-09T20:25:40","slug":"microindustrial-do-ano-2025glauco-luzeiro-valoriza-os-sabores-da-amazonia","status":"publish","type":"post","link":"https:\/\/fieam.org.br\/fieam\/microindustrial-do-ano-2025glauco-luzeiro-valoriza-os-sabores-da-amazonia\/","title":{"rendered":"Microindustrial do Ano 2025"},"content":{"rendered":"<p><strong>Glauco Luzeiro valoriza os sabores da Amaz\u00f4nia<\/strong><\/p>\n<p>A startup Kar\u00fa Amazon Food, que produz alimentos com base na culin\u00e1ria regional, tendo como diferencial pitadas de inova\u00e7\u00e3o da bioeconomia, levou o fundador da empresa e CEO Glauco Francesco Souza Luzeiro a conquistar o pr\u00eamio de \u201cMicroindustrial do Ano 2025\u201d, concedido pela Federa\u00e7\u00e3o das Ind\u00fastrias do Estado do Amazonas (FIEAM), que ser\u00e1 entregue no dia 23, \u00e0s 19h30, no SESI Clube do Trabalhador.<\/p>\n<p>O empreendedor destaca que o neg\u00f3cio parte da valoriza\u00e7\u00e3o do mercado regional e da gastronomia amazonense, com a rica variedade da principal mat\u00e9ria-prima, o pescado, al\u00e9m da possibilidade de inserir tecnologia para o seu amplo aproveitamento.<\/p>\n<p>Esse processo industrial inovador aproveita tudo do pescado para a produ\u00e7\u00e3o de pat\u00eas, nuggets e conservas, explica Luzeiro, que junto com o s\u00f3cio Lu\u00eds Fabian Barbosa j\u00e1 investiu R$ 3 milh\u00f5es no neg\u00f3cio que emprega sete pessoas, entre as quais uma respons\u00e1vel t\u00e9cnica (RT) e um chef de cozinha, e atualmente, possui capacidade instalada para produzir de 10 a 15 toneladas de produtos\/m\u00eas.<\/p>\n<p>A startup est\u00e1 instalada no Centro de Incuba\u00e7\u00e3o e Desenvolvimento Empresarial (CIDE), desde 2019, mas no final de 2022, a unidade deu parada de um ano para adequar seus processos \u00e0s novas tecnologias. \u201cPara concretizarmos nosso plano de crescimento e levar o sabor do Amazonas para outros estados foi necess\u00e1rio estender a vida \u00fatil dos nossos produtos, otimizar a log\u00edstica, melhorar a apresenta\u00e7\u00e3o visual e destacar as caracter\u00edsticas visuais da matura\u00e7\u00e3o artesanal, e a embalagem que assegura esses benef\u00edcios\u201d, explica Luzeiro.<\/p>\n<p>O come\u00e7o foi em 2018, com pesquisas de frutas amaz\u00f4nicas, com o emprego do a\u00e7a\u00ed e do cupua\u00e7u, mas foi no pescado que o neg\u00f3cio se desenvolveu. Apesar desses nichos, a Kar\u00fa possui uma linha variada de produtos, que inclui molhos de especiarias e am\u00eandoas, entre outros.<\/p>\n<p>\u201cMe chamou aten\u00e7\u00e3o, por um diferencial, dentro dessas tecnologias o moqueado e o defumado, processos parecidos. Das experi\u00eancias com v\u00e1rios pescados, escolhemos os dois peixes, pirarucu e tambaqui\u201d, revela o empres\u00e1rio.<\/p>\n<p>Na linha do pirarucu os produtos t\u00eam cortes defumados congelados de ventrecha, medalh\u00e3o e carpaccio. H\u00e1 tamb\u00e9m o presunto maturado de ventrecha e bresaola de lombo, um tipo de fino presunto, al\u00e9m de tiras in natura e escalopes congelados.<\/p>\n<p>J\u00e1 o tambaqui \u00e9 fornecido com fil\u00e9, costelas com lombo e costela defumada.<\/p>\n<p>A ind\u00fastria aliment\u00edcia utiliza a mat\u00e9ria-prima regional para produzir molhos defumados de pimenta de cheiro, pimenta murupi, alho crocante, molho de pesto de jambu, castanha filetada, entre outros.<\/p>\n<p>Atualmente, a Kar\u00fa opera em tr\u00eas linhas, no congelado, defumado e maturado, este \u00faltimo um produto de alta gastronomia, um dos nichos explorados, com o fornecimento para restaurantes e supermercados locais.<\/p>\n<p>Designer Industrial de forma\u00e7\u00e3o, Luzeiro destaca que o mercado local \u00e9 um referencial, especialmente nos segmentos A e B, pois a empresa fornece para as redes P\u00e1tio Gourmet, Supermercados Yroyak, Emp\u00f3rio Rodrigues e Emp\u00f3rio DB.<\/p>\n<p>Mas o horizonte pode se expandir para demanda nacional e internacional. A Kar\u00fa est\u00e1 fechando neg\u00f3cio com a rede Carrefour, para testes em lojas de S\u00e3o Paulo por 6 meses, al\u00e9m de tratativas para entrar no portf\u00f3lio das redes P\u00e3o de A\u00e7\u00facar, Nordest\u00e3o e Assa\u00ed.<\/p>\n<p>Para atingir esse mercado, a Kar\u00fa investe na qualidade das suas embalagens, como a parceria com a Cryovac, empresa americana detentora deste tipo de tecnologia. Os peixes s\u00e3o embalados a v\u00e1cuo, com selagem de alta barreira que evita oxida\u00e7\u00e3o, viabilizando o aumento de tempo de vida \u00fatil de 4 meses para 1 ano. A tecnologia tamb\u00e9m reduz o espa\u00e7o ocupado por cada produto, o que possibilita otimizar em 44% o transporte por caminh\u00e3o e em at\u00e9 90% o espa\u00e7o nas g\u00f4ndolas de supermercados devido \u00e0 possibilidade de exposi\u00e7\u00e3o vertical.\u00a0\u00a0 A ind\u00fastria aliment\u00edcia tamb\u00e9m j\u00e1 conquistou trof\u00e9us no Pr\u00eamio ABRE de Embalagem Brasileira 2024. Tamb\u00e9m venceu um Pr\u00eamio de Inova\u00e7\u00e3o na SEA Food.<\/p>\n<p>\u201cTemos que agregar valor ao produto local, com menos impacto ambiental\u201d, explica o empres\u00e1rio, como forma de facilitar a aceita\u00e7\u00e3o dos produtos que cada vez mais devem apresentar esses diferenciais, especialmente se t\u00eam origem na Amaz\u00f4nia.<\/p>\n<p>Um dos principais fornecedores da empresa \u00e9 a Associa\u00e7\u00e3o de Produtores Rurais de Carauari (ASPROC) para os itens de alimentos. J\u00e1 para o processo de defuma\u00e7\u00e3o, a empresa adquire a madeira Cumaru de uma madeireira certificada, a Mil Madeireiras.<\/p>\n<p>A amplia\u00e7\u00e3o da cadeia produtiva com inova\u00e7\u00e3o para fortalecer o segmento \u00e9 uma das estrat\u00e9gias para expans\u00e3o dos neg\u00f3cios na \u00e1rea de alimenta\u00e7\u00e3o industrial baseada na mat\u00e9ria-prima regional, explica o empres\u00e1rio.<\/p>\n<p>\u201cN\u00e3o temos aqui uma ind\u00fastria de pescado, temos frigor\u00edficos, precisamos estruturar um mercado, fomentar a pesquisa, a produ\u00e7\u00e3o; estruturar a cadeia produtiva, partindo da iniciativa privada\u201d, defende Luzeiro.<\/p>\n","protected":false},"excerpt":{"rendered":"<p>Glauco Luzeiro valoriza os sabores da Amaz\u00f4nia A startup Kar\u00fa Amazon Food, que produz alimentos com base na culin\u00e1ria regional, tendo como diferencial pitadas de inova\u00e7\u00e3o da bioeconomia, levou o fundador da empresa e CEO Glauco Francesco Souza Luzeiro a conquistar o pr\u00eamio de \u201cMicroindustrial do Ano 2025\u201d, concedido pela Federa\u00e7\u00e3o das Ind\u00fastrias do Estado [&hellip;]<\/p>\n","protected":false},"author":9,"featured_media":17244,"comment_status":"open","ping_status":"open","sticky":false,"template":"","format":"standard","meta":{"footnotes":""},"categories":[28,1,29,30],"tags":[],"class_list":["post-17242","post","type-post","status-publish","format-standard","has-post-thumbnail","hentry","category-banner-destaque","category-geral","category-news","category-news_destaque"],"yoast_head":"<!-- This site is optimized with the Yoast SEO plugin v26.8 - https:\/\/yoast.com\/product\/yoast-seo-wordpress\/ -->\n<title>Microindustrial do Ano 2025 - FIEAM<\/title>\n<meta name=\"robots\" content=\"index, follow, max-snippet:-1, max-image-preview:large, max-video-preview:-1\" \/>\n<link rel=\"canonical\" href=\"https:\/\/fieam.org.br\/fieam\/microindustrial-do-ano-2025glauco-luzeiro-valoriza-os-sabores-da-amazonia\/\" \/>\n<meta property=\"og:locale\" content=\"pt_BR\" \/>\n<meta property=\"og:type\" content=\"article\" \/>\n<meta property=\"og:title\" content=\"Microindustrial do Ano 2025 - FIEAM\" \/>\n<meta property=\"og:description\" content=\"Glauco Luzeiro valoriza os sabores da Amaz\u00f4nia A startup Kar\u00fa Amazon Food, que produz alimentos com base na culin\u00e1ria regional, tendo como diferencial pitadas de inova\u00e7\u00e3o da bioeconomia, levou o fundador da empresa e CEO Glauco Francesco Souza Luzeiro a conquistar o pr\u00eamio de \u201cMicroindustrial do Ano 2025\u201d, concedido pela Federa\u00e7\u00e3o das Ind\u00fastrias do Estado [&hellip;]\" \/>\n<meta property=\"og:url\" content=\"https:\/\/fieam.org.br\/fieam\/microindustrial-do-ano-2025glauco-luzeiro-valoriza-os-sabores-da-amazonia\/\" \/>\n<meta property=\"og:site_name\" content=\"FIEAM\" \/>\n<meta property=\"article:published_time\" content=\"2025-05-09T20:14:53+00:00\" \/>\n<meta property=\"article:modified_time\" content=\"2025-05-09T20:25:40+00:00\" \/>\n<meta property=\"og:image\" content=\"https:\/\/fieam.org.br\/fieam\/wp-content\/uploads\/sites\/9\/2025\/05\/Equipe-de-trabalho-da-Karu-Amazon-Food_Creditos-FIEAM-scaled.jpg\" \/>\n\t<meta property=\"og:image:width\" content=\"2560\" \/>\n\t<meta property=\"og:image:height\" content=\"1706\" \/>\n\t<meta property=\"og:image:type\" content=\"image\/jpeg\" \/>\n<meta name=\"author\" content=\"cris\" \/>\n<meta name=\"twitter:card\" content=\"summary_large_image\" \/>\n<meta name=\"twitter:creator\" content=\"@tour-virtual@fieam.org.br\" \/>\n<meta name=\"twitter:label1\" content=\"Escrito por\" \/>\n\t<meta name=\"twitter:data1\" content=\"cris\" \/>\n\t<meta name=\"twitter:label2\" content=\"Est. tempo de leitura\" \/>\n\t<meta name=\"twitter:data2\" content=\"4 minutos\" \/>\n<script type=\"application\/ld+json\" class=\"yoast-schema-graph\">{\"@context\":\"https:\/\/schema.org\",\"@graph\":[{\"@type\":\"Article\",\"@id\":\"https:\/\/fieam.org.br\/fieam\/microindustrial-do-ano-2025glauco-luzeiro-valoriza-os-sabores-da-amazonia\/#article\",\"isPartOf\":{\"@id\":\"https:\/\/fieam.org.br\/fieam\/microindustrial-do-ano-2025glauco-luzeiro-valoriza-os-sabores-da-amazonia\/\"},\"author\":{\"name\":\"cris\",\"@id\":\"https:\/\/fieam.org.br\/fieam\/#\/schema\/person\/ff86678b986855fb9f8d2e599eab31ae\"},\"headline\":\"Microindustrial do Ano 2025\",\"datePublished\":\"2025-05-09T20:14:53+00:00\",\"dateModified\":\"2025-05-09T20:25:40+00:00\",\"mainEntityOfPage\":{\"@id\":\"https:\/\/fieam.org.br\/fieam\/microindustrial-do-ano-2025glauco-luzeiro-valoriza-os-sabores-da-amazonia\/\"},\"wordCount\":841,\"commentCount\":0,\"publisher\":{\"@id\":\"https:\/\/fieam.org.br\/fieam\/#organization\"},\"image\":{\"@id\":\"https:\/\/fieam.org.br\/fieam\/microindustrial-do-ano-2025glauco-luzeiro-valoriza-os-sabores-da-amazonia\/#primaryimage\"},\"thumbnailUrl\":\"https:\/\/fieam.org.br\/fieam\/wp-content\/uploads\/sites\/9\/2025\/05\/Equipe-de-trabalho-da-Karu-Amazon-Food_Creditos-FIEAM-scaled.jpg\",\"articleSection\":[\"Banner Destaque\",\"Geral\",\"News\",\"News Destaque\"],\"inLanguage\":\"pt-BR\",\"potentialAction\":[{\"@type\":\"CommentAction\",\"name\":\"Comment\",\"target\":[\"https:\/\/fieam.org.br\/fieam\/microindustrial-do-ano-2025glauco-luzeiro-valoriza-os-sabores-da-amazonia\/#respond\"]}]},{\"@type\":\"WebPage\",\"@id\":\"https:\/\/fieam.org.br\/fieam\/microindustrial-do-ano-2025glauco-luzeiro-valoriza-os-sabores-da-amazonia\/\",\"url\":\"https:\/\/fieam.org.br\/fieam\/microindustrial-do-ano-2025glauco-luzeiro-valoriza-os-sabores-da-amazonia\/\",\"name\":\"Microindustrial do Ano 2025 - FIEAM\",\"isPartOf\":{\"@id\":\"https:\/\/fieam.org.br\/fieam\/#website\"},\"primaryImageOfPage\":{\"@id\":\"https:\/\/fieam.org.br\/fieam\/microindustrial-do-ano-2025glauco-luzeiro-valoriza-os-sabores-da-amazonia\/#primaryimage\"},\"image\":{\"@id\":\"https:\/\/fieam.org.br\/fieam\/microindustrial-do-ano-2025glauco-luzeiro-valoriza-os-sabores-da-amazonia\/#primaryimage\"},\"thumbnailUrl\":\"https:\/\/fieam.org.br\/fieam\/wp-content\/uploads\/sites\/9\/2025\/05\/Equipe-de-trabalho-da-Karu-Amazon-Food_Creditos-FIEAM-scaled.jpg\",\"datePublished\":\"2025-05-09T20:14:53+00:00\",\"dateModified\":\"2025-05-09T20:25:40+00:00\",\"breadcrumb\":{\"@id\":\"https:\/\/fieam.org.br\/fieam\/microindustrial-do-ano-2025glauco-luzeiro-valoriza-os-sabores-da-amazonia\/#breadcrumb\"},\"inLanguage\":\"pt-BR\",\"potentialAction\":[{\"@type\":\"ReadAction\",\"target\":[\"https:\/\/fieam.org.br\/fieam\/microindustrial-do-ano-2025glauco-luzeiro-valoriza-os-sabores-da-amazonia\/\"]}]},{\"@type\":\"ImageObject\",\"inLanguage\":\"pt-BR\",\"@id\":\"https:\/\/fieam.org.br\/fieam\/microindustrial-do-ano-2025glauco-luzeiro-valoriza-os-sabores-da-amazonia\/#primaryimage\",\"url\":\"https:\/\/fieam.org.br\/fieam\/wp-content\/uploads\/sites\/9\/2025\/05\/Equipe-de-trabalho-da-Karu-Amazon-Food_Creditos-FIEAM-scaled.jpg\",\"contentUrl\":\"https:\/\/fieam.org.br\/fieam\/wp-content\/uploads\/sites\/9\/2025\/05\/Equipe-de-trabalho-da-Karu-Amazon-Food_Creditos-FIEAM-scaled.jpg\",\"width\":2560,\"height\":1706},{\"@type\":\"BreadcrumbList\",\"@id\":\"https:\/\/fieam.org.br\/fieam\/microindustrial-do-ano-2025glauco-luzeiro-valoriza-os-sabores-da-amazonia\/#breadcrumb\",\"itemListElement\":[{\"@type\":\"ListItem\",\"position\":1,\"name\":\"In\u00edcio\",\"item\":\"https:\/\/fieam.org.br\/fieam\/\"},{\"@type\":\"ListItem\",\"position\":2,\"name\":\"Microindustrial do Ano 2025\"}]},{\"@type\":\"WebSite\",\"@id\":\"https:\/\/fieam.org.br\/fieam\/#website\",\"url\":\"https:\/\/fieam.org.br\/fieam\/\",\"name\":\"FIEAM\",\"description\":\"Site Oficial!\",\"publisher\":{\"@id\":\"https:\/\/fieam.org.br\/fieam\/#organization\"},\"potentialAction\":[{\"@type\":\"SearchAction\",\"target\":{\"@type\":\"EntryPoint\",\"urlTemplate\":\"https:\/\/fieam.org.br\/fieam\/?s={search_term_string}\"},\"query-input\":{\"@type\":\"PropertyValueSpecification\",\"valueRequired\":true,\"valueName\":\"search_term_string\"}}],\"inLanguage\":\"pt-BR\"},{\"@type\":\"Organization\",\"@id\":\"https:\/\/fieam.org.br\/fieam\/#organization\",\"name\":\"FIEAM\",\"url\":\"https:\/\/fieam.org.br\/fieam\/\",\"logo\":{\"@type\":\"ImageObject\",\"inLanguage\":\"pt-BR\",\"@id\":\"https:\/\/fieam.org.br\/fieam\/#\/schema\/logo\/image\/\",\"url\":\"https:\/\/fieam.org.br\/fieam\/wp-content\/uploads\/sites\/9\/2024\/03\/cropped-fav.png\",\"contentUrl\":\"https:\/\/fieam.org.br\/fieam\/wp-content\/uploads\/sites\/9\/2024\/03\/cropped-fav.png\",\"width\":597,\"height\":598,\"caption\":\"FIEAM\"},\"image\":{\"@id\":\"https:\/\/fieam.org.br\/fieam\/#\/schema\/logo\/image\/\"}},{\"@type\":\"Person\",\"@id\":\"https:\/\/fieam.org.br\/fieam\/#\/schema\/person\/ff86678b986855fb9f8d2e599eab31ae\",\"name\":\"cris\",\"image\":{\"@type\":\"ImageObject\",\"inLanguage\":\"pt-BR\",\"@id\":\"https:\/\/fieam.org.br\/fieam\/#\/schema\/person\/image\/\",\"url\":\"https:\/\/secure.gravatar.com\/avatar\/e66688f9186abb74f11662d64a816c0971765b5f3721fc721afe90af108548a3?s=96&d=mm&r=g\",\"contentUrl\":\"https:\/\/secure.gravatar.com\/avatar\/e66688f9186abb74f11662d64a816c0971765b5f3721fc721afe90af108548a3?s=96&d=mm&r=g\",\"caption\":\"cris\"},\"sameAs\":[\"https:\/\/x.com\/tour-virtual@fieam.org.br\"],\"url\":\"https:\/\/fieam.org.br\/fieam\/author\/cris\/\"}]}<\/script>\n<!-- \/ Yoast SEO plugin. -->","yoast_head_json":{"title":"Microindustrial do Ano 2025 - FIEAM","robots":{"index":"index","follow":"follow","max-snippet":"max-snippet:-1","max-image-preview":"max-image-preview:large","max-video-preview":"max-video-preview:-1"},"canonical":"https:\/\/fieam.org.br\/fieam\/microindustrial-do-ano-2025glauco-luzeiro-valoriza-os-sabores-da-amazonia\/","og_locale":"pt_BR","og_type":"article","og_title":"Microindustrial do Ano 2025 - FIEAM","og_description":"Glauco Luzeiro valoriza os sabores da Amaz\u00f4nia A startup Kar\u00fa Amazon Food, que produz alimentos com base na culin\u00e1ria regional, tendo como diferencial pitadas de inova\u00e7\u00e3o da bioeconomia, levou o fundador da empresa e CEO Glauco Francesco Souza Luzeiro a conquistar o pr\u00eamio de \u201cMicroindustrial do Ano 2025\u201d, concedido pela Federa\u00e7\u00e3o das Ind\u00fastrias do Estado [&hellip;]","og_url":"https:\/\/fieam.org.br\/fieam\/microindustrial-do-ano-2025glauco-luzeiro-valoriza-os-sabores-da-amazonia\/","og_site_name":"FIEAM","article_published_time":"2025-05-09T20:14:53+00:00","article_modified_time":"2025-05-09T20:25:40+00:00","og_image":[{"width":2560,"height":1706,"url":"https:\/\/fieam.org.br\/fieam\/wp-content\/uploads\/sites\/9\/2025\/05\/Equipe-de-trabalho-da-Karu-Amazon-Food_Creditos-FIEAM-scaled.jpg","type":"image\/jpeg"}],"author":"cris","twitter_card":"summary_large_image","twitter_creator":"@tour-virtual@fieam.org.br","twitter_misc":{"Escrito por":"cris","Est. tempo de leitura":"4 minutos"},"schema":{"@context":"https:\/\/schema.org","@graph":[{"@type":"Article","@id":"https:\/\/fieam.org.br\/fieam\/microindustrial-do-ano-2025glauco-luzeiro-valoriza-os-sabores-da-amazonia\/#article","isPartOf":{"@id":"https:\/\/fieam.org.br\/fieam\/microindustrial-do-ano-2025glauco-luzeiro-valoriza-os-sabores-da-amazonia\/"},"author":{"name":"cris","@id":"https:\/\/fieam.org.br\/fieam\/#\/schema\/person\/ff86678b986855fb9f8d2e599eab31ae"},"headline":"Microindustrial do Ano 2025","datePublished":"2025-05-09T20:14:53+00:00","dateModified":"2025-05-09T20:25:40+00:00","mainEntityOfPage":{"@id":"https:\/\/fieam.org.br\/fieam\/microindustrial-do-ano-2025glauco-luzeiro-valoriza-os-sabores-da-amazonia\/"},"wordCount":841,"commentCount":0,"publisher":{"@id":"https:\/\/fieam.org.br\/fieam\/#organization"},"image":{"@id":"https:\/\/fieam.org.br\/fieam\/microindustrial-do-ano-2025glauco-luzeiro-valoriza-os-sabores-da-amazonia\/#primaryimage"},"thumbnailUrl":"https:\/\/fieam.org.br\/fieam\/wp-content\/uploads\/sites\/9\/2025\/05\/Equipe-de-trabalho-da-Karu-Amazon-Food_Creditos-FIEAM-scaled.jpg","articleSection":["Banner Destaque","Geral","News","News Destaque"],"inLanguage":"pt-BR","potentialAction":[{"@type":"CommentAction","name":"Comment","target":["https:\/\/fieam.org.br\/fieam\/microindustrial-do-ano-2025glauco-luzeiro-valoriza-os-sabores-da-amazonia\/#respond"]}]},{"@type":"WebPage","@id":"https:\/\/fieam.org.br\/fieam\/microindustrial-do-ano-2025glauco-luzeiro-valoriza-os-sabores-da-amazonia\/","url":"https:\/\/fieam.org.br\/fieam\/microindustrial-do-ano-2025glauco-luzeiro-valoriza-os-sabores-da-amazonia\/","name":"Microindustrial do Ano 2025 - FIEAM","isPartOf":{"@id":"https:\/\/fieam.org.br\/fieam\/#website"},"primaryImageOfPage":{"@id":"https:\/\/fieam.org.br\/fieam\/microindustrial-do-ano-2025glauco-luzeiro-valoriza-os-sabores-da-amazonia\/#primaryimage"},"image":{"@id":"https:\/\/fieam.org.br\/fieam\/microindustrial-do-ano-2025glauco-luzeiro-valoriza-os-sabores-da-amazonia\/#primaryimage"},"thumbnailUrl":"https:\/\/fieam.org.br\/fieam\/wp-content\/uploads\/sites\/9\/2025\/05\/Equipe-de-trabalho-da-Karu-Amazon-Food_Creditos-FIEAM-scaled.jpg","datePublished":"2025-05-09T20:14:53+00:00","dateModified":"2025-05-09T20:25:40+00:00","breadcrumb":{"@id":"https:\/\/fieam.org.br\/fieam\/microindustrial-do-ano-2025glauco-luzeiro-valoriza-os-sabores-da-amazonia\/#breadcrumb"},"inLanguage":"pt-BR","potentialAction":[{"@type":"ReadAction","target":["https:\/\/fieam.org.br\/fieam\/microindustrial-do-ano-2025glauco-luzeiro-valoriza-os-sabores-da-amazonia\/"]}]},{"@type":"ImageObject","inLanguage":"pt-BR","@id":"https:\/\/fieam.org.br\/fieam\/microindustrial-do-ano-2025glauco-luzeiro-valoriza-os-sabores-da-amazonia\/#primaryimage","url":"https:\/\/fieam.org.br\/fieam\/wp-content\/uploads\/sites\/9\/2025\/05\/Equipe-de-trabalho-da-Karu-Amazon-Food_Creditos-FIEAM-scaled.jpg","contentUrl":"https:\/\/fieam.org.br\/fieam\/wp-content\/uploads\/sites\/9\/2025\/05\/Equipe-de-trabalho-da-Karu-Amazon-Food_Creditos-FIEAM-scaled.jpg","width":2560,"height":1706},{"@type":"BreadcrumbList","@id":"https:\/\/fieam.org.br\/fieam\/microindustrial-do-ano-2025glauco-luzeiro-valoriza-os-sabores-da-amazonia\/#breadcrumb","itemListElement":[{"@type":"ListItem","position":1,"name":"In\u00edcio","item":"https:\/\/fieam.org.br\/fieam\/"},{"@type":"ListItem","position":2,"name":"Microindustrial do Ano 2025"}]},{"@type":"WebSite","@id":"https:\/\/fieam.org.br\/fieam\/#website","url":"https:\/\/fieam.org.br\/fieam\/","name":"FIEAM","description":"Site Oficial!","publisher":{"@id":"https:\/\/fieam.org.br\/fieam\/#organization"},"potentialAction":[{"@type":"SearchAction","target":{"@type":"EntryPoint","urlTemplate":"https:\/\/fieam.org.br\/fieam\/?s={search_term_string}"},"query-input":{"@type":"PropertyValueSpecification","valueRequired":true,"valueName":"search_term_string"}}],"inLanguage":"pt-BR"},{"@type":"Organization","@id":"https:\/\/fieam.org.br\/fieam\/#organization","name":"FIEAM","url":"https:\/\/fieam.org.br\/fieam\/","logo":{"@type":"ImageObject","inLanguage":"pt-BR","@id":"https:\/\/fieam.org.br\/fieam\/#\/schema\/logo\/image\/","url":"https:\/\/fieam.org.br\/fieam\/wp-content\/uploads\/sites\/9\/2024\/03\/cropped-fav.png","contentUrl":"https:\/\/fieam.org.br\/fieam\/wp-content\/uploads\/sites\/9\/2024\/03\/cropped-fav.png","width":597,"height":598,"caption":"FIEAM"},"image":{"@id":"https:\/\/fieam.org.br\/fieam\/#\/schema\/logo\/image\/"}},{"@type":"Person","@id":"https:\/\/fieam.org.br\/fieam\/#\/schema\/person\/ff86678b986855fb9f8d2e599eab31ae","name":"cris","image":{"@type":"ImageObject","inLanguage":"pt-BR","@id":"https:\/\/fieam.org.br\/fieam\/#\/schema\/person\/image\/","url":"https:\/\/secure.gravatar.com\/avatar\/e66688f9186abb74f11662d64a816c0971765b5f3721fc721afe90af108548a3?s=96&d=mm&r=g","contentUrl":"https:\/\/secure.gravatar.com\/avatar\/e66688f9186abb74f11662d64a816c0971765b5f3721fc721afe90af108548a3?s=96&d=mm&r=g","caption":"cris"},"sameAs":["https:\/\/x.com\/tour-virtual@fieam.org.br"],"url":"https:\/\/fieam.org.br\/fieam\/author\/cris\/"}]}},"_links":{"self":[{"href":"https:\/\/fieam.org.br\/fieam\/wp-json\/wp\/v2\/posts\/17242","targetHints":{"allow":["GET"]}}],"collection":[{"href":"https:\/\/fieam.org.br\/fieam\/wp-json\/wp\/v2\/posts"}],"about":[{"href":"https:\/\/fieam.org.br\/fieam\/wp-json\/wp\/v2\/types\/post"}],"author":[{"embeddable":true,"href":"https:\/\/fieam.org.br\/fieam\/wp-json\/wp\/v2\/users\/9"}],"replies":[{"embeddable":true,"href":"https:\/\/fieam.org.br\/fieam\/wp-json\/wp\/v2\/comments?post=17242"}],"version-history":[{"count":3,"href":"https:\/\/fieam.org.br\/fieam\/wp-json\/wp\/v2\/posts\/17242\/revisions"}],"predecessor-version":[{"id":17246,"href":"https:\/\/fieam.org.br\/fieam\/wp-json\/wp\/v2\/posts\/17242\/revisions\/17246"}],"wp:featuredmedia":[{"embeddable":true,"href":"https:\/\/fieam.org.br\/fieam\/wp-json\/wp\/v2\/media\/17244"}],"wp:attachment":[{"href":"https:\/\/fieam.org.br\/fieam\/wp-json\/wp\/v2\/media?parent=17242"}],"wp:term":[{"taxonomy":"category","embeddable":true,"href":"https:\/\/fieam.org.br\/fieam\/wp-json\/wp\/v2\/categories?post=17242"},{"taxonomy":"post_tag","embeddable":true,"href":"https:\/\/fieam.org.br\/fieam\/wp-json\/wp\/v2\/tags?post=17242"}],"curies":[{"name":"wp","href":"https:\/\/api.w.org\/{rel}","templated":true}]}}