{"id":17232,"date":"2025-05-08T20:10:25","date_gmt":"2025-05-08T20:10:25","guid":{"rendered":"https:\/\/fieam.org.br\/fieam\/?p=17232"},"modified":"2025-05-08T20:27:10","modified_gmt":"2025-05-08T20:27:10","slug":"fieam-reforca-parceria-com-sindpam","status":"publish","type":"post","link":"https:\/\/fieam.org.br\/fieam\/fieam-reforca-parceria-com-sindpam\/","title":{"rendered":"FIEAM refor\u00e7a parceria com Sindpam"},"content":{"rendered":"<p>O presidente da Federa\u00e7\u00e3o das Ind\u00fastrias do Estado do Amazonas (FIEAM), Antonio Silva, reuniu-se nesta quarta-feira com a empres\u00e1ria Zeina Russo, presidente do Sindicato das Ind\u00fastrias de Panifica\u00e7\u00e3o e Confeitaria do Amazonas (Sindpam), e Ruy Zanardi, presidente do Sindicato das Ind\u00fastrias de Trigo nos estados do Par\u00e1, Maranh\u00e3o, Amazonas e Amap\u00e1, diretor industrial da Ocrim S.A. Produtos Aliment\u00edcios. O encontro teve como objetivo estreitar la\u00e7os entre as entidades sindicais do setor aliment\u00edcio e consolidar parcerias estrat\u00e9gicas para o fortalecimento da ind\u00fastria da panifica\u00e7\u00e3o no Amazonas.<\/p>\n<p>Silva elogiou a iniciativa do Sindpam e refor\u00e7ou o apoio da Federa\u00e7\u00e3o aos pleitos do setor. \u201cA FIEAM est\u00e1 de portas abertas para o Sindpam e para o setor moageiro. Estamos \u00e0 disposi\u00e7\u00e3o para contribuir com todos os tr\u00e2mites necess\u00e1rios para o crescimento dessa cadeia produtiva no Amazonas, especialmente nas quest\u00f5es de regulamenta\u00e7\u00e3o e qualifica\u00e7\u00e3o profissional\u201d, afirmou.<\/p>\n<p>\u201cO presidente Antonio Silva sempre foi pr\u00f3ximo da ind\u00fastria moageira, conhece bem a nossa hist\u00f3ria e a opera\u00e7\u00e3o da Trigolar aqui no estado. Agradecemos todo o empenho da FIEAM em apoiar a ind\u00fastria moageira e, agora, apresentamos oficialmente o nosso sindicato, que representa os estados do Par\u00e1, Amazonas, Maranh\u00e3o e Amap\u00e1\u201d, destacou Ruy Zanardi.<\/p>\n<p><img fetchpriority=\"high\" decoding=\"async\" class=\" wp-image-17235 aligncenter\" src=\"https:\/\/fieam.org.br\/fieam\/wp-content\/uploads\/sites\/9\/2025\/05\/20250508_092425-300x225.jpg\" alt=\"\" width=\"593\" height=\"445\" srcset=\"https:\/\/fieam.org.br\/fieam\/wp-content\/uploads\/sites\/9\/2025\/05\/20250508_092425-300x225.jpg 300w, https:\/\/fieam.org.br\/fieam\/wp-content\/uploads\/sites\/9\/2025\/05\/20250508_092425-1024x768.jpg 1024w, https:\/\/fieam.org.br\/fieam\/wp-content\/uploads\/sites\/9\/2025\/05\/20250508_092425-768x576.jpg 768w, https:\/\/fieam.org.br\/fieam\/wp-content\/uploads\/sites\/9\/2025\/05\/20250508_092425-1536x1152.jpg 1536w, https:\/\/fieam.org.br\/fieam\/wp-content\/uploads\/sites\/9\/2025\/05\/20250508_092425.jpg 2000w\" sizes=\"(max-width: 593px) 100vw, 593px\" \/><\/p>\n<p>Durante a reuni\u00e3o, a presidente do Sindpam enfatizou a import\u00e2ncia da parceria com a FIEAM, especialmente para fomentar a\u00e7\u00f5es de qualifica\u00e7\u00e3o, expans\u00e3o e gera\u00e7\u00e3o de emprego e renda em todo o estado. \u201cA nossa palavra aqui \u00e9 de gratid\u00e3o. Sa\u00edmos com uma parceria ainda mais s\u00f3lida, que j\u00e1 deu certo e ser\u00e1 ainda mais consolidada daqui pra frente\u201d, declarou Zeina Russo.<\/p>\n<p>Ela tamb\u00e9m destacou os avan\u00e7os do sindicato, que atualmente conta com 105 associados panificadores e 14 fornecedores mantenedores. \u201cDesde que assumi, buscamos unir ainda mais a cadeia produtiva, trazendo os fornecedores para dentro do sindicato. Essa aproxima\u00e7\u00e3o est\u00e1 dando muito certo\u201d, completou.<\/p>\n<p>Zeina ressaltou, ainda, a expans\u00e3o do Sindpam para o interior do estado, com associados em munic\u00edpios como Parintins, Itacoatiara, Manacapuru, Tef\u00e9, Manicor\u00e9 e S\u00e3o Gabriel da Cachoeira. \u201cEstamos com um planejamento ambicioso: promover, em outubro, a primeira Feira Internacional da Panifica\u00e7\u00e3o do Amazonas, que ser\u00e1 realizada nos dias 18, 19 e 20, no Vasco Vasques, e contar\u00e1 com representantes de outros estados e at\u00e9 internacionais\u201d, anunciou.<\/p>\n","protected":false},"excerpt":{"rendered":"<p>O presidente da Federa\u00e7\u00e3o das Ind\u00fastrias do Estado do Amazonas (FIEAM), Antonio Silva, reuniu-se nesta quarta-feira com a empres\u00e1ria Zeina Russo, presidente do Sindicato das Ind\u00fastrias de Panifica\u00e7\u00e3o e Confeitaria do Amazonas (Sindpam), e Ruy Zanardi, presidente do Sindicato das Ind\u00fastrias de Trigo nos estados do Par\u00e1, Maranh\u00e3o, Amazonas e Amap\u00e1, diretor industrial da Ocrim [&hellip;]<\/p>\n","protected":false},"author":9,"featured_media":17233,"comment_status":"open","ping_status":"open","sticky":false,"template":"","format":"standard","meta":{"footnotes":""},"categories":[1,29,30],"tags":[],"class_list":["post-17232","post","type-post","status-publish","format-standard","has-post-thumbnail","hentry","category-geral","category-news","category-news_destaque"],"yoast_head":"<!-- This site is optimized with the Yoast SEO plugin v26.8 - https:\/\/yoast.com\/product\/yoast-seo-wordpress\/ -->\n<title>FIEAM refor\u00e7a parceria com Sindpam - FIEAM<\/title>\n<meta name=\"robots\" content=\"index, follow, max-snippet:-1, max-image-preview:large, max-video-preview:-1\" \/>\n<link rel=\"canonical\" href=\"https:\/\/fieam.org.br\/fieam\/fieam-reforca-parceria-com-sindpam\/\" \/>\n<meta property=\"og:locale\" content=\"pt_BR\" \/>\n<meta property=\"og:type\" content=\"article\" \/>\n<meta property=\"og:title\" content=\"FIEAM refor\u00e7a parceria com Sindpam - FIEAM\" \/>\n<meta property=\"og:description\" content=\"O presidente da Federa\u00e7\u00e3o das Ind\u00fastrias do Estado do Amazonas (FIEAM), Antonio Silva, reuniu-se nesta quarta-feira com a empres\u00e1ria Zeina Russo, presidente do Sindicato das Ind\u00fastrias de Panifica\u00e7\u00e3o e Confeitaria do Amazonas (Sindpam), e Ruy Zanardi, presidente do Sindicato das Ind\u00fastrias de Trigo nos estados do Par\u00e1, Maranh\u00e3o, Amazonas e Amap\u00e1, diretor industrial da Ocrim [&hellip;]\" \/>\n<meta property=\"og:url\" content=\"https:\/\/fieam.org.br\/fieam\/fieam-reforca-parceria-com-sindpam\/\" \/>\n<meta property=\"og:site_name\" content=\"FIEAM\" \/>\n<meta property=\"article:published_time\" content=\"2025-05-08T20:10:25+00:00\" \/>\n<meta property=\"article:modified_time\" content=\"2025-05-08T20:27:10+00:00\" \/>\n<meta property=\"og:image\" content=\"https:\/\/fieam.org.br\/fieam\/wp-content\/uploads\/sites\/9\/2025\/05\/IMG_5798.jpg\" \/>\n\t<meta property=\"og:image:width\" content=\"2000\" \/>\n\t<meta property=\"og:image:height\" content=\"1333\" \/>\n\t<meta property=\"og:image:type\" content=\"image\/jpeg\" \/>\n<meta name=\"author\" content=\"cris\" \/>\n<meta name=\"twitter:card\" content=\"summary_large_image\" \/>\n<meta name=\"twitter:creator\" content=\"@tour-virtual@fieam.org.br\" \/>\n<meta name=\"twitter:label1\" content=\"Escrito por\" \/>\n\t<meta name=\"twitter:data1\" content=\"cris\" \/>\n\t<meta name=\"twitter:label2\" content=\"Est. tempo de leitura\" \/>\n\t<meta name=\"twitter:data2\" content=\"2 minutos\" \/>\n<script type=\"application\/ld+json\" class=\"yoast-schema-graph\">{\"@context\":\"https:\/\/schema.org\",\"@graph\":[{\"@type\":\"Article\",\"@id\":\"https:\/\/fieam.org.br\/fieam\/fieam-reforca-parceria-com-sindpam\/#article\",\"isPartOf\":{\"@id\":\"https:\/\/fieam.org.br\/fieam\/fieam-reforca-parceria-com-sindpam\/\"},\"author\":{\"name\":\"cris\",\"@id\":\"https:\/\/fieam.org.br\/fieam\/#\/schema\/person\/ff86678b986855fb9f8d2e599eab31ae\"},\"headline\":\"FIEAM refor\u00e7a parceria com Sindpam\",\"datePublished\":\"2025-05-08T20:10:25+00:00\",\"dateModified\":\"2025-05-08T20:27:10+00:00\",\"mainEntityOfPage\":{\"@id\":\"https:\/\/fieam.org.br\/fieam\/fieam-reforca-parceria-com-sindpam\/\"},\"wordCount\":408,\"commentCount\":0,\"publisher\":{\"@id\":\"https:\/\/fieam.org.br\/fieam\/#organization\"},\"image\":{\"@id\":\"https:\/\/fieam.org.br\/fieam\/fieam-reforca-parceria-com-sindpam\/#primaryimage\"},\"thumbnailUrl\":\"https:\/\/fieam.org.br\/fieam\/wp-content\/uploads\/sites\/9\/2025\/05\/IMG_5798.jpg\",\"articleSection\":[\"Geral\",\"News\",\"News Destaque\"],\"inLanguage\":\"pt-BR\",\"potentialAction\":[{\"@type\":\"CommentAction\",\"name\":\"Comment\",\"target\":[\"https:\/\/fieam.org.br\/fieam\/fieam-reforca-parceria-com-sindpam\/#respond\"]}]},{\"@type\":\"WebPage\",\"@id\":\"https:\/\/fieam.org.br\/fieam\/fieam-reforca-parceria-com-sindpam\/\",\"url\":\"https:\/\/fieam.org.br\/fieam\/fieam-reforca-parceria-com-sindpam\/\",\"name\":\"FIEAM refor\u00e7a parceria com Sindpam - FIEAM\",\"isPartOf\":{\"@id\":\"https:\/\/fieam.org.br\/fieam\/#website\"},\"primaryImageOfPage\":{\"@id\":\"https:\/\/fieam.org.br\/fieam\/fieam-reforca-parceria-com-sindpam\/#primaryimage\"},\"image\":{\"@id\":\"https:\/\/fieam.org.br\/fieam\/fieam-reforca-parceria-com-sindpam\/#primaryimage\"},\"thumbnailUrl\":\"https:\/\/fieam.org.br\/fieam\/wp-content\/uploads\/sites\/9\/2025\/05\/IMG_5798.jpg\",\"datePublished\":\"2025-05-08T20:10:25+00:00\",\"dateModified\":\"2025-05-08T20:27:10+00:00\",\"breadcrumb\":{\"@id\":\"https:\/\/fieam.org.br\/fieam\/fieam-reforca-parceria-com-sindpam\/#breadcrumb\"},\"inLanguage\":\"pt-BR\",\"potentialAction\":[{\"@type\":\"ReadAction\",\"target\":[\"https:\/\/fieam.org.br\/fieam\/fieam-reforca-parceria-com-sindpam\/\"]}]},{\"@type\":\"ImageObject\",\"inLanguage\":\"pt-BR\",\"@id\":\"https:\/\/fieam.org.br\/fieam\/fieam-reforca-parceria-com-sindpam\/#primaryimage\",\"url\":\"https:\/\/fieam.org.br\/fieam\/wp-content\/uploads\/sites\/9\/2025\/05\/IMG_5798.jpg\",\"contentUrl\":\"https:\/\/fieam.org.br\/fieam\/wp-content\/uploads\/sites\/9\/2025\/05\/IMG_5798.jpg\",\"width\":2000,\"height\":1333},{\"@type\":\"BreadcrumbList\",\"@id\":\"https:\/\/fieam.org.br\/fieam\/fieam-reforca-parceria-com-sindpam\/#breadcrumb\",\"itemListElement\":[{\"@type\":\"ListItem\",\"position\":1,\"name\":\"In\u00edcio\",\"item\":\"https:\/\/fieam.org.br\/fieam\/\"},{\"@type\":\"ListItem\",\"position\":2,\"name\":\"FIEAM refor\u00e7a parceria com Sindpam\"}]},{\"@type\":\"WebSite\",\"@id\":\"https:\/\/fieam.org.br\/fieam\/#website\",\"url\":\"https:\/\/fieam.org.br\/fieam\/\",\"name\":\"FIEAM\",\"description\":\"Site Oficial!\",\"publisher\":{\"@id\":\"https:\/\/fieam.org.br\/fieam\/#organization\"},\"potentialAction\":[{\"@type\":\"SearchAction\",\"target\":{\"@type\":\"EntryPoint\",\"urlTemplate\":\"https:\/\/fieam.org.br\/fieam\/?s={search_term_string}\"},\"query-input\":{\"@type\":\"PropertyValueSpecification\",\"valueRequired\":true,\"valueName\":\"search_term_string\"}}],\"inLanguage\":\"pt-BR\"},{\"@type\":\"Organization\",\"@id\":\"https:\/\/fieam.org.br\/fieam\/#organization\",\"name\":\"FIEAM\",\"url\":\"https:\/\/fieam.org.br\/fieam\/\",\"logo\":{\"@type\":\"ImageObject\",\"inLanguage\":\"pt-BR\",\"@id\":\"https:\/\/fieam.org.br\/fieam\/#\/schema\/logo\/image\/\",\"url\":\"https:\/\/fieam.org.br\/fieam\/wp-content\/uploads\/sites\/9\/2024\/03\/cropped-fav.png\",\"contentUrl\":\"https:\/\/fieam.org.br\/fieam\/wp-content\/uploads\/sites\/9\/2024\/03\/cropped-fav.png\",\"width\":597,\"height\":598,\"caption\":\"FIEAM\"},\"image\":{\"@id\":\"https:\/\/fieam.org.br\/fieam\/#\/schema\/logo\/image\/\"}},{\"@type\":\"Person\",\"@id\":\"https:\/\/fieam.org.br\/fieam\/#\/schema\/person\/ff86678b986855fb9f8d2e599eab31ae\",\"name\":\"cris\",\"image\":{\"@type\":\"ImageObject\",\"inLanguage\":\"pt-BR\",\"@id\":\"https:\/\/fieam.org.br\/fieam\/#\/schema\/person\/image\/\",\"url\":\"https:\/\/secure.gravatar.com\/avatar\/e66688f9186abb74f11662d64a816c0971765b5f3721fc721afe90af108548a3?s=96&d=mm&r=g\",\"contentUrl\":\"https:\/\/secure.gravatar.com\/avatar\/e66688f9186abb74f11662d64a816c0971765b5f3721fc721afe90af108548a3?s=96&d=mm&r=g\",\"caption\":\"cris\"},\"sameAs\":[\"https:\/\/x.com\/tour-virtual@fieam.org.br\"],\"url\":\"https:\/\/fieam.org.br\/fieam\/author\/cris\/\"}]}<\/script>\n<!-- \/ Yoast SEO plugin. -->","yoast_head_json":{"title":"FIEAM refor\u00e7a parceria com Sindpam - FIEAM","robots":{"index":"index","follow":"follow","max-snippet":"max-snippet:-1","max-image-preview":"max-image-preview:large","max-video-preview":"max-video-preview:-1"},"canonical":"https:\/\/fieam.org.br\/fieam\/fieam-reforca-parceria-com-sindpam\/","og_locale":"pt_BR","og_type":"article","og_title":"FIEAM refor\u00e7a parceria com Sindpam - FIEAM","og_description":"O presidente da Federa\u00e7\u00e3o das Ind\u00fastrias do Estado do Amazonas (FIEAM), Antonio Silva, reuniu-se nesta quarta-feira com a empres\u00e1ria Zeina Russo, presidente do Sindicato das Ind\u00fastrias de Panifica\u00e7\u00e3o e Confeitaria do Amazonas (Sindpam), e Ruy Zanardi, presidente do Sindicato das Ind\u00fastrias de Trigo nos estados do Par\u00e1, Maranh\u00e3o, Amazonas e Amap\u00e1, diretor industrial da Ocrim [&hellip;]","og_url":"https:\/\/fieam.org.br\/fieam\/fieam-reforca-parceria-com-sindpam\/","og_site_name":"FIEAM","article_published_time":"2025-05-08T20:10:25+00:00","article_modified_time":"2025-05-08T20:27:10+00:00","og_image":[{"width":2000,"height":1333,"url":"https:\/\/fieam.org.br\/fieam\/wp-content\/uploads\/sites\/9\/2025\/05\/IMG_5798.jpg","type":"image\/jpeg"}],"author":"cris","twitter_card":"summary_large_image","twitter_creator":"@tour-virtual@fieam.org.br","twitter_misc":{"Escrito por":"cris","Est. tempo de leitura":"2 minutos"},"schema":{"@context":"https:\/\/schema.org","@graph":[{"@type":"Article","@id":"https:\/\/fieam.org.br\/fieam\/fieam-reforca-parceria-com-sindpam\/#article","isPartOf":{"@id":"https:\/\/fieam.org.br\/fieam\/fieam-reforca-parceria-com-sindpam\/"},"author":{"name":"cris","@id":"https:\/\/fieam.org.br\/fieam\/#\/schema\/person\/ff86678b986855fb9f8d2e599eab31ae"},"headline":"FIEAM refor\u00e7a parceria com Sindpam","datePublished":"2025-05-08T20:10:25+00:00","dateModified":"2025-05-08T20:27:10+00:00","mainEntityOfPage":{"@id":"https:\/\/fieam.org.br\/fieam\/fieam-reforca-parceria-com-sindpam\/"},"wordCount":408,"commentCount":0,"publisher":{"@id":"https:\/\/fieam.org.br\/fieam\/#organization"},"image":{"@id":"https:\/\/fieam.org.br\/fieam\/fieam-reforca-parceria-com-sindpam\/#primaryimage"},"thumbnailUrl":"https:\/\/fieam.org.br\/fieam\/wp-content\/uploads\/sites\/9\/2025\/05\/IMG_5798.jpg","articleSection":["Geral","News","News Destaque"],"inLanguage":"pt-BR","potentialAction":[{"@type":"CommentAction","name":"Comment","target":["https:\/\/fieam.org.br\/fieam\/fieam-reforca-parceria-com-sindpam\/#respond"]}]},{"@type":"WebPage","@id":"https:\/\/fieam.org.br\/fieam\/fieam-reforca-parceria-com-sindpam\/","url":"https:\/\/fieam.org.br\/fieam\/fieam-reforca-parceria-com-sindpam\/","name":"FIEAM refor\u00e7a parceria com Sindpam - FIEAM","isPartOf":{"@id":"https:\/\/fieam.org.br\/fieam\/#website"},"primaryImageOfPage":{"@id":"https:\/\/fieam.org.br\/fieam\/fieam-reforca-parceria-com-sindpam\/#primaryimage"},"image":{"@id":"https:\/\/fieam.org.br\/fieam\/fieam-reforca-parceria-com-sindpam\/#primaryimage"},"thumbnailUrl":"https:\/\/fieam.org.br\/fieam\/wp-content\/uploads\/sites\/9\/2025\/05\/IMG_5798.jpg","datePublished":"2025-05-08T20:10:25+00:00","dateModified":"2025-05-08T20:27:10+00:00","breadcrumb":{"@id":"https:\/\/fieam.org.br\/fieam\/fieam-reforca-parceria-com-sindpam\/#breadcrumb"},"inLanguage":"pt-BR","potentialAction":[{"@type":"ReadAction","target":["https:\/\/fieam.org.br\/fieam\/fieam-reforca-parceria-com-sindpam\/"]}]},{"@type":"ImageObject","inLanguage":"pt-BR","@id":"https:\/\/fieam.org.br\/fieam\/fieam-reforca-parceria-com-sindpam\/#primaryimage","url":"https:\/\/fieam.org.br\/fieam\/wp-content\/uploads\/sites\/9\/2025\/05\/IMG_5798.jpg","contentUrl":"https:\/\/fieam.org.br\/fieam\/wp-content\/uploads\/sites\/9\/2025\/05\/IMG_5798.jpg","width":2000,"height":1333},{"@type":"BreadcrumbList","@id":"https:\/\/fieam.org.br\/fieam\/fieam-reforca-parceria-com-sindpam\/#breadcrumb","itemListElement":[{"@type":"ListItem","position":1,"name":"In\u00edcio","item":"https:\/\/fieam.org.br\/fieam\/"},{"@type":"ListItem","position":2,"name":"FIEAM refor\u00e7a parceria com Sindpam"}]},{"@type":"WebSite","@id":"https:\/\/fieam.org.br\/fieam\/#website","url":"https:\/\/fieam.org.br\/fieam\/","name":"FIEAM","description":"Site Oficial!","publisher":{"@id":"https:\/\/fieam.org.br\/fieam\/#organization"},"potentialAction":[{"@type":"SearchAction","target":{"@type":"EntryPoint","urlTemplate":"https:\/\/fieam.org.br\/fieam\/?s={search_term_string}"},"query-input":{"@type":"PropertyValueSpecification","valueRequired":true,"valueName":"search_term_string"}}],"inLanguage":"pt-BR"},{"@type":"Organization","@id":"https:\/\/fieam.org.br\/fieam\/#organization","name":"FIEAM","url":"https:\/\/fieam.org.br\/fieam\/","logo":{"@type":"ImageObject","inLanguage":"pt-BR","@id":"https:\/\/fieam.org.br\/fieam\/#\/schema\/logo\/image\/","url":"https:\/\/fieam.org.br\/fieam\/wp-content\/uploads\/sites\/9\/2024\/03\/cropped-fav.png","contentUrl":"https:\/\/fieam.org.br\/fieam\/wp-content\/uploads\/sites\/9\/2024\/03\/cropped-fav.png","width":597,"height":598,"caption":"FIEAM"},"image":{"@id":"https:\/\/fieam.org.br\/fieam\/#\/schema\/logo\/image\/"}},{"@type":"Person","@id":"https:\/\/fieam.org.br\/fieam\/#\/schema\/person\/ff86678b986855fb9f8d2e599eab31ae","name":"cris","image":{"@type":"ImageObject","inLanguage":"pt-BR","@id":"https:\/\/fieam.org.br\/fieam\/#\/schema\/person\/image\/","url":"https:\/\/secure.gravatar.com\/avatar\/e66688f9186abb74f11662d64a816c0971765b5f3721fc721afe90af108548a3?s=96&d=mm&r=g","contentUrl":"https:\/\/secure.gravatar.com\/avatar\/e66688f9186abb74f11662d64a816c0971765b5f3721fc721afe90af108548a3?s=96&d=mm&r=g","caption":"cris"},"sameAs":["https:\/\/x.com\/tour-virtual@fieam.org.br"],"url":"https:\/\/fieam.org.br\/fieam\/author\/cris\/"}]}},"_links":{"self":[{"href":"https:\/\/fieam.org.br\/fieam\/wp-json\/wp\/v2\/posts\/17232","targetHints":{"allow":["GET"]}}],"collection":[{"href":"https:\/\/fieam.org.br\/fieam\/wp-json\/wp\/v2\/posts"}],"about":[{"href":"https:\/\/fieam.org.br\/fieam\/wp-json\/wp\/v2\/types\/post"}],"author":[{"embeddable":true,"href":"https:\/\/fieam.org.br\/fieam\/wp-json\/wp\/v2\/users\/9"}],"replies":[{"embeddable":true,"href":"https:\/\/fieam.org.br\/fieam\/wp-json\/wp\/v2\/comments?post=17232"}],"version-history":[{"count":3,"href":"https:\/\/fieam.org.br\/fieam\/wp-json\/wp\/v2\/posts\/17232\/revisions"}],"predecessor-version":[{"id":17237,"href":"https:\/\/fieam.org.br\/fieam\/wp-json\/wp\/v2\/posts\/17232\/revisions\/17237"}],"wp:featuredmedia":[{"embeddable":true,"href":"https:\/\/fieam.org.br\/fieam\/wp-json\/wp\/v2\/media\/17233"}],"wp:attachment":[{"href":"https:\/\/fieam.org.br\/fieam\/wp-json\/wp\/v2\/media?parent=17232"}],"wp:term":[{"taxonomy":"category","embeddable":true,"href":"https:\/\/fieam.org.br\/fieam\/wp-json\/wp\/v2\/categories?post=17232"},{"taxonomy":"post_tag","embeddable":true,"href":"https:\/\/fieam.org.br\/fieam\/wp-json\/wp\/v2\/tags?post=17232"}],"curies":[{"name":"wp","href":"https:\/\/api.w.org\/{rel}","templated":true}]}}