{"id":17168,"date":"2025-02-21T17:24:08","date_gmt":"2025-02-21T17:24:08","guid":{"rendered":"https:\/\/fieam.org.br\/fieam\/?p=17168"},"modified":"2025-02-21T17:24:08","modified_gmt":"2025-02-21T17:24:08","slug":"ministro-da-cgu-propoe-adesao-ao-pacto-brasil-pela-integridade-empresarial","status":"publish","type":"post","link":"https:\/\/fieam.org.br\/fieam\/ministro-da-cgu-propoe-adesao-ao-pacto-brasil-pela-integridade-empresarial\/","title":{"rendered":"Ministro da CGU prop\u00f5e ades\u00e3o ao Pacto Brasil pela Integridade Empresarial"},"content":{"rendered":"<p>O ministro da Controladoria-Geral da Uni\u00e3o (CGU), Vin\u00edcius de Carvalho, apresentou ontem (20) o Pacto Brasil pela Integridade Empresarial na Federa\u00e7\u00e3o das Ind\u00fastrias do Estado do Amazonas (FIEAM). O programa visa fortalecer a cultura de integridade e compliance dentro do setor produtivo, incentivando as empresas a adotarem pr\u00e1ticas transparentes e \u00e9ticas.<br \/>\nO presidente da FIEAM, Antonio Silva, destacou a import\u00e2ncia do programa. \u201cO Pacto representa uma mudan\u00e7a cultural significativa para as empresas. A Federa\u00e7\u00e3o das Ind\u00fastrias de S\u00e3o Paulo j\u00e1 aderiu, e agora tamb\u00e9m estamos dando esse passo, porque entendemos que \u00e9 fundamental para a credibilidade e sustentabilidade do setor\u201d, disse.<br \/>\n<img fetchpriority=\"high\" decoding=\"async\" class=\"wp-image-17171 alignright\" src=\"https:\/\/fieam.org.br\/fieam\/wp-content\/uploads\/sites\/9\/2025\/02\/WhatsApp-Image-2025-02-20-at-17.48.56-3-300x200.jpeg\" alt=\"\" width=\"360\" height=\"240\" srcset=\"https:\/\/fieam.org.br\/fieam\/wp-content\/uploads\/sites\/9\/2025\/02\/WhatsApp-Image-2025-02-20-at-17.48.56-3-300x200.jpeg 300w, https:\/\/fieam.org.br\/fieam\/wp-content\/uploads\/sites\/9\/2025\/02\/WhatsApp-Image-2025-02-20-at-17.48.56-3-1024x683.jpeg 1024w, https:\/\/fieam.org.br\/fieam\/wp-content\/uploads\/sites\/9\/2025\/02\/WhatsApp-Image-2025-02-20-at-17.48.56-3-768x512.jpeg 768w, https:\/\/fieam.org.br\/fieam\/wp-content\/uploads\/sites\/9\/2025\/02\/WhatsApp-Image-2025-02-20-at-17.48.56-3-1536x1024.jpeg 1536w, https:\/\/fieam.org.br\/fieam\/wp-content\/uploads\/sites\/9\/2025\/02\/WhatsApp-Image-2025-02-20-at-17.48.56-3-2048x1365.jpeg 2048w\" sizes=\"(max-width: 360px) 100vw, 360px\" \/>Durante a reuni\u00e3o, o ministro explicou os objetivos e benef\u00edcios do programa. \u201c\u00c9 \u00e9 um modelo de incentivo para que as empresas fa\u00e7am ades\u00e3o a uma agenda de integridade empresarial. Fornecemos mecanismos de autoavalia\u00e7\u00e3o para que possam verificar o qu\u00e3o bem est\u00e3o nessa agenda de compliance, detectando poss\u00edveis il\u00edcitos e implementando medidas para evitar problemas futuros\u201d, destacou Vin\u00edcius de Carvalho.<br \/>\nSegundo ele, a ades\u00e3o ao programa tem sido positiva, com cerca de 300 empresas e institui\u00e7\u00f5es j\u00e1 participando. \u201cA inten\u00e7\u00e3o \u00e9 ampliar ainda mais essa rede e trazer outras federa\u00e7\u00f5es para esse compromisso\u201d, afirmou o ministro, refor\u00e7ando que o Amazonas \u00e9 um dos estados estrat\u00e9gicos para essa expans\u00e3o.A FIEAM planeja levar a proposta do programa para avalia\u00e7\u00e3o nas reuni\u00f5es das entidades do Sistema Ind\u00fastria do Amazonas e do Sebrae-AM. Al\u00e9m disso, uma segunda reuni\u00e3o j\u00e1 est\u00e1 sendo articulada com a presen\u00e7a do prefeito de Manaus, David Almeida, para refor\u00e7ar o compromisso local com a iniciativa.<br \/>\n<img decoding=\"async\" class=\" wp-image-17170 alignleft\" src=\"https:\/\/fieam.org.br\/fieam\/wp-content\/uploads\/sites\/9\/2025\/02\/WhatsApp-Image-2025-02-20-at-17.48.56-2-300x200.jpeg\" alt=\"\" width=\"378\" height=\"252\" srcset=\"https:\/\/fieam.org.br\/fieam\/wp-content\/uploads\/sites\/9\/2025\/02\/WhatsApp-Image-2025-02-20-at-17.48.56-2-300x200.jpeg 300w, https:\/\/fieam.org.br\/fieam\/wp-content\/uploads\/sites\/9\/2025\/02\/WhatsApp-Image-2025-02-20-at-17.48.56-2-1024x683.jpeg 1024w, https:\/\/fieam.org.br\/fieam\/wp-content\/uploads\/sites\/9\/2025\/02\/WhatsApp-Image-2025-02-20-at-17.48.56-2-768x512.jpeg 768w, https:\/\/fieam.org.br\/fieam\/wp-content\/uploads\/sites\/9\/2025\/02\/WhatsApp-Image-2025-02-20-at-17.48.56-2-1536x1024.jpeg 1536w, https:\/\/fieam.org.br\/fieam\/wp-content\/uploads\/sites\/9\/2025\/02\/WhatsApp-Image-2025-02-20-at-17.48.56-2-2048x1365.jpeg 2048w\" sizes=\"(max-width: 378px) 100vw, 378px\" \/>A ades\u00e3o ao Pacto Brasil pela Integridade Empresarial pode ser feita por meio do site da CGU, no qual as empresas t\u00eam acesso a ferramentas de autoavalia\u00e7\u00e3o e orienta\u00e7\u00f5es sobre boas pr\u00e1ticas de compliance. \u00c9 volunt\u00e1ria e realizada pela submiss\u00e3o do Termo de Ades\u00e3o assinado e pela realiza\u00e7\u00e3o da autoavalia\u00e7\u00e3o no prazo de 180 dias.<br \/>\nNa ocasi\u00e3o, participaram da reuni\u00e3o empres\u00e1rios ligados a setores de grande impacto na produ\u00e7\u00e3o da Zona Franca de Manaus (ZFM), como os presidentes do Sindicato das Ind\u00fastrias Metal\u00fargicas, Mec\u00e2nicas e Material El\u00e9trico de Manaus (Simmmem) e vice-presidente da FIEAM, Nelson Azevedo, do Sindicato da Ind\u00fastria de Aparelhos El\u00e9tricos, Eletr\u00f4nicos e Similares de Manaus (Sinaees), Rildo da Silva, e do Sindicato de Panifica\u00e7\u00e3o e Confeitaria do Amazonas (Sindpam), Zeina Russo, al\u00e9m do empres\u00e1rio e tamb\u00e9m vice-presidente da FIEAM, Wilson P\u00e9rico, o presidente da CDL Manaus, Ralph Assayag.<br \/>\nTamb\u00e9m participaram o secret\u00e1rio federal do Controle Interno, Ronald Balbe e representantes do SESI, SENAI, IEL e Sebrae, e da Ag\u00eancia de Desenvolvimento Econ\u00f4mico Social e Ambiental (Aadesam).<\/p>\n","protected":false},"excerpt":{"rendered":"<p>O ministro da Controladoria-Geral da Uni\u00e3o (CGU), Vin\u00edcius de Carvalho, apresentou ontem (20) o Pacto Brasil pela Integridade Empresarial na Federa\u00e7\u00e3o das Ind\u00fastrias do Estado do Amazonas (FIEAM). O programa visa fortalecer a cultura de integridade e compliance dentro do setor produtivo, incentivando as empresas a adotarem pr\u00e1ticas transparentes e \u00e9ticas. O presidente da FIEAM, [&hellip;]<\/p>\n","protected":false},"author":9,"featured_media":17169,"comment_status":"open","ping_status":"open","sticky":false,"template":"","format":"standard","meta":{"footnotes":""},"categories":[28,29,30],"tags":[],"class_list":["post-17168","post","type-post","status-publish","format-standard","has-post-thumbnail","hentry","category-banner-destaque","category-news","category-news_destaque"],"yoast_head":"<!-- This site is optimized with the Yoast SEO plugin v26.8 - https:\/\/yoast.com\/product\/yoast-seo-wordpress\/ -->\n<title>Ministro da CGU prop\u00f5e ades\u00e3o ao Pacto Brasil pela Integridade Empresarial - FIEAM<\/title>\n<meta name=\"robots\" content=\"index, follow, max-snippet:-1, max-image-preview:large, max-video-preview:-1\" \/>\n<link rel=\"canonical\" href=\"https:\/\/fieam.org.br\/fieam\/ministro-da-cgu-propoe-adesao-ao-pacto-brasil-pela-integridade-empresarial\/\" \/>\n<meta property=\"og:locale\" content=\"pt_BR\" \/>\n<meta property=\"og:type\" content=\"article\" \/>\n<meta property=\"og:title\" content=\"Ministro da CGU prop\u00f5e ades\u00e3o ao Pacto Brasil pela Integridade Empresarial - FIEAM\" \/>\n<meta property=\"og:description\" content=\"O ministro da Controladoria-Geral da Uni\u00e3o (CGU), Vin\u00edcius de Carvalho, apresentou ontem (20) o Pacto Brasil pela Integridade Empresarial na Federa\u00e7\u00e3o das Ind\u00fastrias do Estado do Amazonas (FIEAM). O programa visa fortalecer a cultura de integridade e compliance dentro do setor produtivo, incentivando as empresas a adotarem pr\u00e1ticas transparentes e \u00e9ticas. O presidente da FIEAM, [&hellip;]\" \/>\n<meta property=\"og:url\" content=\"https:\/\/fieam.org.br\/fieam\/ministro-da-cgu-propoe-adesao-ao-pacto-brasil-pela-integridade-empresarial\/\" \/>\n<meta property=\"og:site_name\" content=\"FIEAM\" \/>\n<meta property=\"article:published_time\" content=\"2025-02-21T17:24:08+00:00\" \/>\n<meta property=\"og:image\" content=\"https:\/\/fieam.org.br\/fieam\/wp-content\/uploads\/sites\/9\/2025\/02\/Presidente-da-FIEAM-fala-sobre-a-importancia-do-Pacto-Brasil-para-as-empresas.jpeg\" \/>\n\t<meta property=\"og:image:width\" content=\"1600\" \/>\n\t<meta property=\"og:image:height\" content=\"900\" \/>\n\t<meta property=\"og:image:type\" content=\"image\/jpeg\" \/>\n<meta name=\"author\" content=\"cris\" \/>\n<meta name=\"twitter:card\" content=\"summary_large_image\" \/>\n<meta name=\"twitter:creator\" content=\"@tour-virtual@fieam.org.br\" \/>\n<meta name=\"twitter:label1\" content=\"Escrito por\" \/>\n\t<meta name=\"twitter:data1\" content=\"cris\" \/>\n\t<meta name=\"twitter:label2\" content=\"Est. tempo de leitura\" \/>\n\t<meta name=\"twitter:data2\" content=\"2 minutos\" \/>\n<script type=\"application\/ld+json\" class=\"yoast-schema-graph\">{\"@context\":\"https:\/\/schema.org\",\"@graph\":[{\"@type\":\"Article\",\"@id\":\"https:\/\/fieam.org.br\/fieam\/ministro-da-cgu-propoe-adesao-ao-pacto-brasil-pela-integridade-empresarial\/#article\",\"isPartOf\":{\"@id\":\"https:\/\/fieam.org.br\/fieam\/ministro-da-cgu-propoe-adesao-ao-pacto-brasil-pela-integridade-empresarial\/\"},\"author\":{\"name\":\"cris\",\"@id\":\"https:\/\/fieam.org.br\/fieam\/#\/schema\/person\/ff86678b986855fb9f8d2e599eab31ae\"},\"headline\":\"Ministro da CGU prop\u00f5e ades\u00e3o ao Pacto Brasil pela Integridade Empresarial\",\"datePublished\":\"2025-02-21T17:24:08+00:00\",\"mainEntityOfPage\":{\"@id\":\"https:\/\/fieam.org.br\/fieam\/ministro-da-cgu-propoe-adesao-ao-pacto-brasil-pela-integridade-empresarial\/\"},\"wordCount\":495,\"commentCount\":0,\"publisher\":{\"@id\":\"https:\/\/fieam.org.br\/fieam\/#organization\"},\"image\":{\"@id\":\"https:\/\/fieam.org.br\/fieam\/ministro-da-cgu-propoe-adesao-ao-pacto-brasil-pela-integridade-empresarial\/#primaryimage\"},\"thumbnailUrl\":\"https:\/\/fieam.org.br\/fieam\/wp-content\/uploads\/sites\/9\/2025\/02\/Presidente-da-FIEAM-fala-sobre-a-importancia-do-Pacto-Brasil-para-as-empresas.jpeg\",\"articleSection\":[\"Banner Destaque\",\"News\",\"News Destaque\"],\"inLanguage\":\"pt-BR\",\"potentialAction\":[{\"@type\":\"CommentAction\",\"name\":\"Comment\",\"target\":[\"https:\/\/fieam.org.br\/fieam\/ministro-da-cgu-propoe-adesao-ao-pacto-brasil-pela-integridade-empresarial\/#respond\"]}]},{\"@type\":\"WebPage\",\"@id\":\"https:\/\/fieam.org.br\/fieam\/ministro-da-cgu-propoe-adesao-ao-pacto-brasil-pela-integridade-empresarial\/\",\"url\":\"https:\/\/fieam.org.br\/fieam\/ministro-da-cgu-propoe-adesao-ao-pacto-brasil-pela-integridade-empresarial\/\",\"name\":\"Ministro da CGU prop\u00f5e ades\u00e3o ao Pacto Brasil pela Integridade Empresarial - FIEAM\",\"isPartOf\":{\"@id\":\"https:\/\/fieam.org.br\/fieam\/#website\"},\"primaryImageOfPage\":{\"@id\":\"https:\/\/fieam.org.br\/fieam\/ministro-da-cgu-propoe-adesao-ao-pacto-brasil-pela-integridade-empresarial\/#primaryimage\"},\"image\":{\"@id\":\"https:\/\/fieam.org.br\/fieam\/ministro-da-cgu-propoe-adesao-ao-pacto-brasil-pela-integridade-empresarial\/#primaryimage\"},\"thumbnailUrl\":\"https:\/\/fieam.org.br\/fieam\/wp-content\/uploads\/sites\/9\/2025\/02\/Presidente-da-FIEAM-fala-sobre-a-importancia-do-Pacto-Brasil-para-as-empresas.jpeg\",\"datePublished\":\"2025-02-21T17:24:08+00:00\",\"breadcrumb\":{\"@id\":\"https:\/\/fieam.org.br\/fieam\/ministro-da-cgu-propoe-adesao-ao-pacto-brasil-pela-integridade-empresarial\/#breadcrumb\"},\"inLanguage\":\"pt-BR\",\"potentialAction\":[{\"@type\":\"ReadAction\",\"target\":[\"https:\/\/fieam.org.br\/fieam\/ministro-da-cgu-propoe-adesao-ao-pacto-brasil-pela-integridade-empresarial\/\"]}]},{\"@type\":\"ImageObject\",\"inLanguage\":\"pt-BR\",\"@id\":\"https:\/\/fieam.org.br\/fieam\/ministro-da-cgu-propoe-adesao-ao-pacto-brasil-pela-integridade-empresarial\/#primaryimage\",\"url\":\"https:\/\/fieam.org.br\/fieam\/wp-content\/uploads\/sites\/9\/2025\/02\/Presidente-da-FIEAM-fala-sobre-a-importancia-do-Pacto-Brasil-para-as-empresas.jpeg\",\"contentUrl\":\"https:\/\/fieam.org.br\/fieam\/wp-content\/uploads\/sites\/9\/2025\/02\/Presidente-da-FIEAM-fala-sobre-a-importancia-do-Pacto-Brasil-para-as-empresas.jpeg\",\"width\":1600,\"height\":900},{\"@type\":\"BreadcrumbList\",\"@id\":\"https:\/\/fieam.org.br\/fieam\/ministro-da-cgu-propoe-adesao-ao-pacto-brasil-pela-integridade-empresarial\/#breadcrumb\",\"itemListElement\":[{\"@type\":\"ListItem\",\"position\":1,\"name\":\"In\u00edcio\",\"item\":\"https:\/\/fieam.org.br\/fieam\/\"},{\"@type\":\"ListItem\",\"position\":2,\"name\":\"Ministro da CGU prop\u00f5e ades\u00e3o ao Pacto Brasil pela Integridade Empresarial\"}]},{\"@type\":\"WebSite\",\"@id\":\"https:\/\/fieam.org.br\/fieam\/#website\",\"url\":\"https:\/\/fieam.org.br\/fieam\/\",\"name\":\"FIEAM\",\"description\":\"Site Oficial!\",\"publisher\":{\"@id\":\"https:\/\/fieam.org.br\/fieam\/#organization\"},\"potentialAction\":[{\"@type\":\"SearchAction\",\"target\":{\"@type\":\"EntryPoint\",\"urlTemplate\":\"https:\/\/fieam.org.br\/fieam\/?s={search_term_string}\"},\"query-input\":{\"@type\":\"PropertyValueSpecification\",\"valueRequired\":true,\"valueName\":\"search_term_string\"}}],\"inLanguage\":\"pt-BR\"},{\"@type\":\"Organization\",\"@id\":\"https:\/\/fieam.org.br\/fieam\/#organization\",\"name\":\"FIEAM\",\"url\":\"https:\/\/fieam.org.br\/fieam\/\",\"logo\":{\"@type\":\"ImageObject\",\"inLanguage\":\"pt-BR\",\"@id\":\"https:\/\/fieam.org.br\/fieam\/#\/schema\/logo\/image\/\",\"url\":\"https:\/\/fieam.org.br\/fieam\/wp-content\/uploads\/sites\/9\/2024\/03\/cropped-fav.png\",\"contentUrl\":\"https:\/\/fieam.org.br\/fieam\/wp-content\/uploads\/sites\/9\/2024\/03\/cropped-fav.png\",\"width\":597,\"height\":598,\"caption\":\"FIEAM\"},\"image\":{\"@id\":\"https:\/\/fieam.org.br\/fieam\/#\/schema\/logo\/image\/\"}},{\"@type\":\"Person\",\"@id\":\"https:\/\/fieam.org.br\/fieam\/#\/schema\/person\/ff86678b986855fb9f8d2e599eab31ae\",\"name\":\"cris\",\"image\":{\"@type\":\"ImageObject\",\"inLanguage\":\"pt-BR\",\"@id\":\"https:\/\/fieam.org.br\/fieam\/#\/schema\/person\/image\/\",\"url\":\"https:\/\/secure.gravatar.com\/avatar\/e66688f9186abb74f11662d64a816c0971765b5f3721fc721afe90af108548a3?s=96&d=mm&r=g\",\"contentUrl\":\"https:\/\/secure.gravatar.com\/avatar\/e66688f9186abb74f11662d64a816c0971765b5f3721fc721afe90af108548a3?s=96&d=mm&r=g\",\"caption\":\"cris\"},\"sameAs\":[\"https:\/\/x.com\/tour-virtual@fieam.org.br\"],\"url\":\"https:\/\/fieam.org.br\/fieam\/author\/cris\/\"}]}<\/script>\n<!-- \/ Yoast SEO plugin. -->","yoast_head_json":{"title":"Ministro da CGU prop\u00f5e ades\u00e3o ao Pacto Brasil pela Integridade Empresarial - FIEAM","robots":{"index":"index","follow":"follow","max-snippet":"max-snippet:-1","max-image-preview":"max-image-preview:large","max-video-preview":"max-video-preview:-1"},"canonical":"https:\/\/fieam.org.br\/fieam\/ministro-da-cgu-propoe-adesao-ao-pacto-brasil-pela-integridade-empresarial\/","og_locale":"pt_BR","og_type":"article","og_title":"Ministro da CGU prop\u00f5e ades\u00e3o ao Pacto Brasil pela Integridade Empresarial - FIEAM","og_description":"O ministro da Controladoria-Geral da Uni\u00e3o (CGU), Vin\u00edcius de Carvalho, apresentou ontem (20) o Pacto Brasil pela Integridade Empresarial na Federa\u00e7\u00e3o das Ind\u00fastrias do Estado do Amazonas (FIEAM). O programa visa fortalecer a cultura de integridade e compliance dentro do setor produtivo, incentivando as empresas a adotarem pr\u00e1ticas transparentes e \u00e9ticas. O presidente da FIEAM, [&hellip;]","og_url":"https:\/\/fieam.org.br\/fieam\/ministro-da-cgu-propoe-adesao-ao-pacto-brasil-pela-integridade-empresarial\/","og_site_name":"FIEAM","article_published_time":"2025-02-21T17:24:08+00:00","og_image":[{"width":1600,"height":900,"url":"https:\/\/fieam.org.br\/fieam\/wp-content\/uploads\/sites\/9\/2025\/02\/Presidente-da-FIEAM-fala-sobre-a-importancia-do-Pacto-Brasil-para-as-empresas.jpeg","type":"image\/jpeg"}],"author":"cris","twitter_card":"summary_large_image","twitter_creator":"@tour-virtual@fieam.org.br","twitter_misc":{"Escrito por":"cris","Est. tempo de leitura":"2 minutos"},"schema":{"@context":"https:\/\/schema.org","@graph":[{"@type":"Article","@id":"https:\/\/fieam.org.br\/fieam\/ministro-da-cgu-propoe-adesao-ao-pacto-brasil-pela-integridade-empresarial\/#article","isPartOf":{"@id":"https:\/\/fieam.org.br\/fieam\/ministro-da-cgu-propoe-adesao-ao-pacto-brasil-pela-integridade-empresarial\/"},"author":{"name":"cris","@id":"https:\/\/fieam.org.br\/fieam\/#\/schema\/person\/ff86678b986855fb9f8d2e599eab31ae"},"headline":"Ministro da CGU prop\u00f5e ades\u00e3o ao Pacto Brasil pela Integridade Empresarial","datePublished":"2025-02-21T17:24:08+00:00","mainEntityOfPage":{"@id":"https:\/\/fieam.org.br\/fieam\/ministro-da-cgu-propoe-adesao-ao-pacto-brasil-pela-integridade-empresarial\/"},"wordCount":495,"commentCount":0,"publisher":{"@id":"https:\/\/fieam.org.br\/fieam\/#organization"},"image":{"@id":"https:\/\/fieam.org.br\/fieam\/ministro-da-cgu-propoe-adesao-ao-pacto-brasil-pela-integridade-empresarial\/#primaryimage"},"thumbnailUrl":"https:\/\/fieam.org.br\/fieam\/wp-content\/uploads\/sites\/9\/2025\/02\/Presidente-da-FIEAM-fala-sobre-a-importancia-do-Pacto-Brasil-para-as-empresas.jpeg","articleSection":["Banner Destaque","News","News Destaque"],"inLanguage":"pt-BR","potentialAction":[{"@type":"CommentAction","name":"Comment","target":["https:\/\/fieam.org.br\/fieam\/ministro-da-cgu-propoe-adesao-ao-pacto-brasil-pela-integridade-empresarial\/#respond"]}]},{"@type":"WebPage","@id":"https:\/\/fieam.org.br\/fieam\/ministro-da-cgu-propoe-adesao-ao-pacto-brasil-pela-integridade-empresarial\/","url":"https:\/\/fieam.org.br\/fieam\/ministro-da-cgu-propoe-adesao-ao-pacto-brasil-pela-integridade-empresarial\/","name":"Ministro da CGU prop\u00f5e ades\u00e3o ao Pacto Brasil pela Integridade Empresarial - FIEAM","isPartOf":{"@id":"https:\/\/fieam.org.br\/fieam\/#website"},"primaryImageOfPage":{"@id":"https:\/\/fieam.org.br\/fieam\/ministro-da-cgu-propoe-adesao-ao-pacto-brasil-pela-integridade-empresarial\/#primaryimage"},"image":{"@id":"https:\/\/fieam.org.br\/fieam\/ministro-da-cgu-propoe-adesao-ao-pacto-brasil-pela-integridade-empresarial\/#primaryimage"},"thumbnailUrl":"https:\/\/fieam.org.br\/fieam\/wp-content\/uploads\/sites\/9\/2025\/02\/Presidente-da-FIEAM-fala-sobre-a-importancia-do-Pacto-Brasil-para-as-empresas.jpeg","datePublished":"2025-02-21T17:24:08+00:00","breadcrumb":{"@id":"https:\/\/fieam.org.br\/fieam\/ministro-da-cgu-propoe-adesao-ao-pacto-brasil-pela-integridade-empresarial\/#breadcrumb"},"inLanguage":"pt-BR","potentialAction":[{"@type":"ReadAction","target":["https:\/\/fieam.org.br\/fieam\/ministro-da-cgu-propoe-adesao-ao-pacto-brasil-pela-integridade-empresarial\/"]}]},{"@type":"ImageObject","inLanguage":"pt-BR","@id":"https:\/\/fieam.org.br\/fieam\/ministro-da-cgu-propoe-adesao-ao-pacto-brasil-pela-integridade-empresarial\/#primaryimage","url":"https:\/\/fieam.org.br\/fieam\/wp-content\/uploads\/sites\/9\/2025\/02\/Presidente-da-FIEAM-fala-sobre-a-importancia-do-Pacto-Brasil-para-as-empresas.jpeg","contentUrl":"https:\/\/fieam.org.br\/fieam\/wp-content\/uploads\/sites\/9\/2025\/02\/Presidente-da-FIEAM-fala-sobre-a-importancia-do-Pacto-Brasil-para-as-empresas.jpeg","width":1600,"height":900},{"@type":"BreadcrumbList","@id":"https:\/\/fieam.org.br\/fieam\/ministro-da-cgu-propoe-adesao-ao-pacto-brasil-pela-integridade-empresarial\/#breadcrumb","itemListElement":[{"@type":"ListItem","position":1,"name":"In\u00edcio","item":"https:\/\/fieam.org.br\/fieam\/"},{"@type":"ListItem","position":2,"name":"Ministro da CGU prop\u00f5e ades\u00e3o ao Pacto Brasil pela Integridade Empresarial"}]},{"@type":"WebSite","@id":"https:\/\/fieam.org.br\/fieam\/#website","url":"https:\/\/fieam.org.br\/fieam\/","name":"FIEAM","description":"Site Oficial!","publisher":{"@id":"https:\/\/fieam.org.br\/fieam\/#organization"},"potentialAction":[{"@type":"SearchAction","target":{"@type":"EntryPoint","urlTemplate":"https:\/\/fieam.org.br\/fieam\/?s={search_term_string}"},"query-input":{"@type":"PropertyValueSpecification","valueRequired":true,"valueName":"search_term_string"}}],"inLanguage":"pt-BR"},{"@type":"Organization","@id":"https:\/\/fieam.org.br\/fieam\/#organization","name":"FIEAM","url":"https:\/\/fieam.org.br\/fieam\/","logo":{"@type":"ImageObject","inLanguage":"pt-BR","@id":"https:\/\/fieam.org.br\/fieam\/#\/schema\/logo\/image\/","url":"https:\/\/fieam.org.br\/fieam\/wp-content\/uploads\/sites\/9\/2024\/03\/cropped-fav.png","contentUrl":"https:\/\/fieam.org.br\/fieam\/wp-content\/uploads\/sites\/9\/2024\/03\/cropped-fav.png","width":597,"height":598,"caption":"FIEAM"},"image":{"@id":"https:\/\/fieam.org.br\/fieam\/#\/schema\/logo\/image\/"}},{"@type":"Person","@id":"https:\/\/fieam.org.br\/fieam\/#\/schema\/person\/ff86678b986855fb9f8d2e599eab31ae","name":"cris","image":{"@type":"ImageObject","inLanguage":"pt-BR","@id":"https:\/\/fieam.org.br\/fieam\/#\/schema\/person\/image\/","url":"https:\/\/secure.gravatar.com\/avatar\/e66688f9186abb74f11662d64a816c0971765b5f3721fc721afe90af108548a3?s=96&d=mm&r=g","contentUrl":"https:\/\/secure.gravatar.com\/avatar\/e66688f9186abb74f11662d64a816c0971765b5f3721fc721afe90af108548a3?s=96&d=mm&r=g","caption":"cris"},"sameAs":["https:\/\/x.com\/tour-virtual@fieam.org.br"],"url":"https:\/\/fieam.org.br\/fieam\/author\/cris\/"}]}},"_links":{"self":[{"href":"https:\/\/fieam.org.br\/fieam\/wp-json\/wp\/v2\/posts\/17168","targetHints":{"allow":["GET"]}}],"collection":[{"href":"https:\/\/fieam.org.br\/fieam\/wp-json\/wp\/v2\/posts"}],"about":[{"href":"https:\/\/fieam.org.br\/fieam\/wp-json\/wp\/v2\/types\/post"}],"author":[{"embeddable":true,"href":"https:\/\/fieam.org.br\/fieam\/wp-json\/wp\/v2\/users\/9"}],"replies":[{"embeddable":true,"href":"https:\/\/fieam.org.br\/fieam\/wp-json\/wp\/v2\/comments?post=17168"}],"version-history":[{"count":1,"href":"https:\/\/fieam.org.br\/fieam\/wp-json\/wp\/v2\/posts\/17168\/revisions"}],"predecessor-version":[{"id":17172,"href":"https:\/\/fieam.org.br\/fieam\/wp-json\/wp\/v2\/posts\/17168\/revisions\/17172"}],"wp:featuredmedia":[{"embeddable":true,"href":"https:\/\/fieam.org.br\/fieam\/wp-json\/wp\/v2\/media\/17169"}],"wp:attachment":[{"href":"https:\/\/fieam.org.br\/fieam\/wp-json\/wp\/v2\/media?parent=17168"}],"wp:term":[{"taxonomy":"category","embeddable":true,"href":"https:\/\/fieam.org.br\/fieam\/wp-json\/wp\/v2\/categories?post=17168"},{"taxonomy":"post_tag","embeddable":true,"href":"https:\/\/fieam.org.br\/fieam\/wp-json\/wp\/v2\/tags?post=17168"}],"curies":[{"name":"wp","href":"https:\/\/api.w.org\/{rel}","templated":true}]}}