{"id":17028,"date":"2024-11-01T20:25:22","date_gmt":"2024-11-01T20:25:22","guid":{"rendered":"https:\/\/fieam.org.br\/fieam\/?p=17028"},"modified":"2024-11-01T20:25:22","modified_gmt":"2024-11-01T20:25:22","slug":"pim-contabiliza-29-dias-sem-assaltos-a-onibus-nas-rotas-do-distrito-industrial","status":"publish","type":"post","link":"https:\/\/fieam.org.br\/fieam\/pim-contabiliza-29-dias-sem-assaltos-a-onibus-nas-rotas-do-distrito-industrial\/","title":{"rendered":"PIM contabiliza 29 dias sem assaltos a \u00f4nibus nas rotas do Distrito Industrial"},"content":{"rendered":"<p>A Coordenadoria de Seguran\u00e7a P\u00fablica da Federa\u00e7\u00e3o das Ind\u00fastrias do Estado do Amazonas (FIEAM) confirmou e comemorou 29 dias sem assaltos aos \u00f4nibus que fazem rotas ao Distrito Industrial. O resultado foi revelado durante o 1\u00ba Simp\u00f3sio sobre Seguran\u00e7a do Polo Industrial de Manaus ontem (31) no audit\u00f3rio do SENAI Amazonas. Na ocasi\u00e3o, o vice-presidente da FIEAM, Nelson Azevedo, parabenizou as for\u00e7as de Seguran\u00e7a do Estado pela redu\u00e7\u00e3o de ocorr\u00eancias, ressaltando a coopera\u00e7\u00e3o e integra\u00e7\u00e3o entre os entes envolvidos. \u201cCom tecnologia, informa\u00e7\u00e3o e intelig\u00eancia, vamos mudar o cen\u00e1rio de viol\u00eancia e criminalidade, protegendo os funcion\u00e1rios da ind\u00fastria, tanto no trajeto de suas resid\u00eancias quanto no interior dos ve\u00edculos de transporte por fretamento, as nossas conhecidas rotas\u201d, afirmou.<br \/>\nDurante o simp\u00f3sio, o subcomandante tenente-coronel da Pol\u00edcia Militar, Thiago Balbi, citou o policiamento e as abordagens realizadas nos corredores vi\u00e1rios e pontos estrat\u00e9gicos na \u00e1rea do Distrito Industrial, durante a semana, em uma opera\u00e7\u00e3o denominada Rota Segura. \u201cA partir do momento em que come\u00e7amos a envolver a Pol\u00edcia Civil de forma integrada nesse trabalho e passamos a trabalhar com nossos dados de intelig\u00eancia, houve um aumento nos \u00edndices de pris\u00f5es e, junto ao alinhamento operacional, observamos que a curva do gr\u00e1fico de criminalidade est\u00e1 com uma tend\u00eancia de baixa acentuada\u201d, afirmou Balbi.<br \/>\nO delegado Charles Ara\u00fajo, coordenador do N\u00facleo de Repress\u00e3o a Roubos no Transporte Coletivo (NURRC), destacou o trabalho ao relatar a \u00faltima ocorr\u00eancia registrada. \u201cO crime ocorreu por volta das 8 horas da manh\u00e3, e, com o uso de tecnologia e informa\u00e7\u00f5es cruzadas, conseguimos primeiramente identificar a motocicleta utilizada pelo agente. Em seguida, o NURRC rastreou a origem da motocicleta e sua localiza\u00e7\u00e3o. Assim, nos unimos a colegas da Pol\u00edcia Militar e de outras \u00e1reas da zona leste e, em menos de 10 horas, conseguimos realizar a pris\u00e3o de todos os envolvidos, desde os que roubaram at\u00e9 os receptadores dos aparelhos celulares\u201d, relata Ara\u00fajo.<br \/>\n\u201cEst\u00e1 sendo criado um processo com v\u00e1rios bancos de dados, com as informa\u00e7\u00f5es reunidas com fontes abertas e fechadas em um \u00fanico local. Assim, os policiais poder\u00e3o consultar dados do Facebook, Instagram, do sistema penitenci\u00e1rio, do Detran, da identidade biom\u00e9trica digital, entre outros, facilitando as investiga\u00e7\u00f5es\u201d, anunciou o delegado Bruno Hitotuzi, que tamb\u00e9m incentiva a popula\u00e7\u00e3o a registrar boletins de ocorr\u00eancia. Ele ressalta que as equipes do N\u00facleo de Investiga\u00e7\u00e3o e Recupera\u00e7\u00e3o de Celulares (NIRC) j\u00e1 recuperaram mais de 500 aparelhos celulares nos \u00faltimos 40 dias, com o apoio das pol\u00edcias Civil e Militar.<br \/>\nNa ocasi\u00e3o, o supervisor de Seguran\u00e7a da 3M Brasil, Erasmo Cruz, demonstrou o uso de drones do modelo M30-T nas rotas de seguran\u00e7a e no suporte \u00e0 manuten\u00e7\u00e3o das f\u00e1bricas da 3M no Brasil, e destacou que a empresa alcan\u00e7ou uma economia significativa de R$ 25 mil ao m\u00eas. \u201cO voo do drone dura em torno de 25 a 30 minutos, podendo voar tamb\u00e9m durante a chuva e \u00e0 noite, utilizando uma c\u00e2mera infravermelha com detec\u00e7\u00e3o de temperatura. Assim, caso uma pessoa ou animal seja avistado, ele ir\u00e1 calibrar a temperatura e identificar a movimenta\u00e7\u00e3o\u201d, explica Cruz, pontuando que as a\u00e7\u00f5es s\u00e3o realizadas por um time de operadores de drones, formado por militares aposentados da Pol\u00edcia Militar, e que o drone tamb\u00e9m possui fun\u00e7\u00f5es como envio de link e acompanhamento da ronda em tempo real.<br \/>\nO respons\u00e1vel pela gest\u00e3o de seguran\u00e7a e risco corporativo da BIC, Edil Magno, tamb\u00e9m abordou o projeto Rota On-line, que nasceu a partir do cen\u00e1rio enfrentado pela empresa em 2022, com a ocorr\u00eancia de 58 casos de assaltos aos funcion\u00e1rios que aguardavam as rotas. \u201cAssim, criamos e disponibilizamos um aplicativo onde nossos colaboradores podem acompanhar suas respectivas rotas em tempo real, reduzindo a exposi\u00e7\u00e3o ao crime e o tempo de deslocamento e perman\u00eancia no ponto de embarque\u201d, disse Magno, ao explicar outras funcionalidades do aplicativo, como a disponibiliza\u00e7\u00e3o de informa\u00e7\u00f5es detalhadas da rota, avalia\u00e7\u00f5es de viagem, motorista e condi\u00e7\u00f5es do ve\u00edculo, entre outros. O aplicativo tamb\u00e9m permite o compartilhamento de comunicados para os usu\u00e1rios e possui um bot\u00e3o de p\u00e2nico, para casos de ocorr\u00eancia durante o trajeto. A a\u00e7\u00e3o trouxe uma redu\u00e7\u00e3o nos assaltos durante o trajeto de embarque, que passaram de 58 para apenas dois em 2024.<\/p>\n","protected":false},"excerpt":{"rendered":"<p>A Coordenadoria de Seguran\u00e7a P\u00fablica da Federa\u00e7\u00e3o das Ind\u00fastrias do Estado do Amazonas (FIEAM) confirmou e comemorou 29 dias sem assaltos aos \u00f4nibus que fazem rotas ao Distrito Industrial. O resultado foi revelado durante o 1\u00ba Simp\u00f3sio sobre Seguran\u00e7a do Polo Industrial de Manaus ontem (31) no audit\u00f3rio do SENAI Amazonas. Na ocasi\u00e3o, o vice-presidente [&hellip;]<\/p>\n","protected":false},"author":12,"featured_media":17029,"comment_status":"open","ping_status":"open","sticky":false,"template":"","format":"standard","meta":{"footnotes":""},"categories":[1],"tags":[],"class_list":["post-17028","post","type-post","status-publish","format-standard","has-post-thumbnail","hentry","category-geral"],"yoast_head":"<!-- This site is optimized with the Yoast SEO plugin v26.8 - https:\/\/yoast.com\/product\/yoast-seo-wordpress\/ -->\n<title>PIM contabiliza 29 dias sem assaltos a \u00f4nibus nas rotas do Distrito Industrial - FIEAM<\/title>\n<meta name=\"robots\" content=\"index, follow, max-snippet:-1, max-image-preview:large, max-video-preview:-1\" \/>\n<link rel=\"canonical\" href=\"https:\/\/fieam.org.br\/fieam\/pim-contabiliza-29-dias-sem-assaltos-a-onibus-nas-rotas-do-distrito-industrial\/\" \/>\n<meta property=\"og:locale\" content=\"pt_BR\" \/>\n<meta property=\"og:type\" content=\"article\" \/>\n<meta property=\"og:title\" content=\"PIM contabiliza 29 dias sem assaltos a \u00f4nibus nas rotas do Distrito Industrial - FIEAM\" \/>\n<meta property=\"og:description\" content=\"A Coordenadoria de Seguran\u00e7a P\u00fablica da Federa\u00e7\u00e3o das Ind\u00fastrias do Estado do Amazonas (FIEAM) confirmou e comemorou 29 dias sem assaltos aos \u00f4nibus que fazem rotas ao Distrito Industrial. O resultado foi revelado durante o 1\u00ba Simp\u00f3sio sobre Seguran\u00e7a do Polo Industrial de Manaus ontem (31) no audit\u00f3rio do SENAI Amazonas. Na ocasi\u00e3o, o vice-presidente [&hellip;]\" \/>\n<meta property=\"og:url\" content=\"https:\/\/fieam.org.br\/fieam\/pim-contabiliza-29-dias-sem-assaltos-a-onibus-nas-rotas-do-distrito-industrial\/\" \/>\n<meta property=\"og:site_name\" content=\"FIEAM\" \/>\n<meta property=\"article:published_time\" content=\"2024-11-01T20:25:22+00:00\" \/>\n<meta property=\"og:image\" content=\"https:\/\/fieam.org.br\/fieam\/wp-content\/uploads\/sites\/9\/2024\/11\/PIM-contabiliza-29-dias-sem-assaltos-a-onibus-nas-rotas-do-Distrito-Industrial.jpeg\" \/>\n\t<meta property=\"og:image:width\" content=\"1439\" \/>\n\t<meta property=\"og:image:height\" content=\"1066\" \/>\n\t<meta property=\"og:image:type\" content=\"image\/jpeg\" \/>\n<meta name=\"author\" content=\"joania\" \/>\n<meta name=\"twitter:card\" content=\"summary_large_image\" \/>\n<meta name=\"twitter:label1\" content=\"Escrito por\" \/>\n\t<meta name=\"twitter:data1\" content=\"joania\" \/>\n\t<meta name=\"twitter:label2\" content=\"Est. tempo de leitura\" \/>\n\t<meta name=\"twitter:data2\" content=\"4 minutos\" \/>\n<script type=\"application\/ld+json\" class=\"yoast-schema-graph\">{\"@context\":\"https:\/\/schema.org\",\"@graph\":[{\"@type\":\"Article\",\"@id\":\"https:\/\/fieam.org.br\/fieam\/pim-contabiliza-29-dias-sem-assaltos-a-onibus-nas-rotas-do-distrito-industrial\/#article\",\"isPartOf\":{\"@id\":\"https:\/\/fieam.org.br\/fieam\/pim-contabiliza-29-dias-sem-assaltos-a-onibus-nas-rotas-do-distrito-industrial\/\"},\"author\":{\"name\":\"joania\",\"@id\":\"https:\/\/fieam.org.br\/fieam\/#\/schema\/person\/5a4d0cbf4cb90316068853a537ee7b75\"},\"headline\":\"PIM contabiliza 29 dias sem assaltos a \u00f4nibus nas rotas do Distrito Industrial\",\"datePublished\":\"2024-11-01T20:25:22+00:00\",\"mainEntityOfPage\":{\"@id\":\"https:\/\/fieam.org.br\/fieam\/pim-contabiliza-29-dias-sem-assaltos-a-onibus-nas-rotas-do-distrito-industrial\/\"},\"wordCount\":780,\"commentCount\":0,\"publisher\":{\"@id\":\"https:\/\/fieam.org.br\/fieam\/#organization\"},\"image\":{\"@id\":\"https:\/\/fieam.org.br\/fieam\/pim-contabiliza-29-dias-sem-assaltos-a-onibus-nas-rotas-do-distrito-industrial\/#primaryimage\"},\"thumbnailUrl\":\"https:\/\/fieam.org.br\/fieam\/wp-content\/uploads\/sites\/9\/2024\/11\/PIM-contabiliza-29-dias-sem-assaltos-a-onibus-nas-rotas-do-Distrito-Industrial.jpeg\",\"articleSection\":[\"Geral\"],\"inLanguage\":\"pt-BR\",\"potentialAction\":[{\"@type\":\"CommentAction\",\"name\":\"Comment\",\"target\":[\"https:\/\/fieam.org.br\/fieam\/pim-contabiliza-29-dias-sem-assaltos-a-onibus-nas-rotas-do-distrito-industrial\/#respond\"]}]},{\"@type\":\"WebPage\",\"@id\":\"https:\/\/fieam.org.br\/fieam\/pim-contabiliza-29-dias-sem-assaltos-a-onibus-nas-rotas-do-distrito-industrial\/\",\"url\":\"https:\/\/fieam.org.br\/fieam\/pim-contabiliza-29-dias-sem-assaltos-a-onibus-nas-rotas-do-distrito-industrial\/\",\"name\":\"PIM contabiliza 29 dias sem assaltos a \u00f4nibus nas rotas do Distrito Industrial - FIEAM\",\"isPartOf\":{\"@id\":\"https:\/\/fieam.org.br\/fieam\/#website\"},\"primaryImageOfPage\":{\"@id\":\"https:\/\/fieam.org.br\/fieam\/pim-contabiliza-29-dias-sem-assaltos-a-onibus-nas-rotas-do-distrito-industrial\/#primaryimage\"},\"image\":{\"@id\":\"https:\/\/fieam.org.br\/fieam\/pim-contabiliza-29-dias-sem-assaltos-a-onibus-nas-rotas-do-distrito-industrial\/#primaryimage\"},\"thumbnailUrl\":\"https:\/\/fieam.org.br\/fieam\/wp-content\/uploads\/sites\/9\/2024\/11\/PIM-contabiliza-29-dias-sem-assaltos-a-onibus-nas-rotas-do-Distrito-Industrial.jpeg\",\"datePublished\":\"2024-11-01T20:25:22+00:00\",\"breadcrumb\":{\"@id\":\"https:\/\/fieam.org.br\/fieam\/pim-contabiliza-29-dias-sem-assaltos-a-onibus-nas-rotas-do-distrito-industrial\/#breadcrumb\"},\"inLanguage\":\"pt-BR\",\"potentialAction\":[{\"@type\":\"ReadAction\",\"target\":[\"https:\/\/fieam.org.br\/fieam\/pim-contabiliza-29-dias-sem-assaltos-a-onibus-nas-rotas-do-distrito-industrial\/\"]}]},{\"@type\":\"ImageObject\",\"inLanguage\":\"pt-BR\",\"@id\":\"https:\/\/fieam.org.br\/fieam\/pim-contabiliza-29-dias-sem-assaltos-a-onibus-nas-rotas-do-distrito-industrial\/#primaryimage\",\"url\":\"https:\/\/fieam.org.br\/fieam\/wp-content\/uploads\/sites\/9\/2024\/11\/PIM-contabiliza-29-dias-sem-assaltos-a-onibus-nas-rotas-do-Distrito-Industrial.jpeg\",\"contentUrl\":\"https:\/\/fieam.org.br\/fieam\/wp-content\/uploads\/sites\/9\/2024\/11\/PIM-contabiliza-29-dias-sem-assaltos-a-onibus-nas-rotas-do-Distrito-Industrial.jpeg\",\"width\":1439,\"height\":1066},{\"@type\":\"BreadcrumbList\",\"@id\":\"https:\/\/fieam.org.br\/fieam\/pim-contabiliza-29-dias-sem-assaltos-a-onibus-nas-rotas-do-distrito-industrial\/#breadcrumb\",\"itemListElement\":[{\"@type\":\"ListItem\",\"position\":1,\"name\":\"In\u00edcio\",\"item\":\"https:\/\/fieam.org.br\/fieam\/\"},{\"@type\":\"ListItem\",\"position\":2,\"name\":\"PIM contabiliza 29 dias sem assaltos a \u00f4nibus nas rotas do Distrito Industrial\"}]},{\"@type\":\"WebSite\",\"@id\":\"https:\/\/fieam.org.br\/fieam\/#website\",\"url\":\"https:\/\/fieam.org.br\/fieam\/\",\"name\":\"FIEAM\",\"description\":\"Site Oficial!\",\"publisher\":{\"@id\":\"https:\/\/fieam.org.br\/fieam\/#organization\"},\"potentialAction\":[{\"@type\":\"SearchAction\",\"target\":{\"@type\":\"EntryPoint\",\"urlTemplate\":\"https:\/\/fieam.org.br\/fieam\/?s={search_term_string}\"},\"query-input\":{\"@type\":\"PropertyValueSpecification\",\"valueRequired\":true,\"valueName\":\"search_term_string\"}}],\"inLanguage\":\"pt-BR\"},{\"@type\":\"Organization\",\"@id\":\"https:\/\/fieam.org.br\/fieam\/#organization\",\"name\":\"FIEAM\",\"url\":\"https:\/\/fieam.org.br\/fieam\/\",\"logo\":{\"@type\":\"ImageObject\",\"inLanguage\":\"pt-BR\",\"@id\":\"https:\/\/fieam.org.br\/fieam\/#\/schema\/logo\/image\/\",\"url\":\"https:\/\/fieam.org.br\/fieam\/wp-content\/uploads\/sites\/9\/2024\/03\/cropped-fav.png\",\"contentUrl\":\"https:\/\/fieam.org.br\/fieam\/wp-content\/uploads\/sites\/9\/2024\/03\/cropped-fav.png\",\"width\":597,\"height\":598,\"caption\":\"FIEAM\"},\"image\":{\"@id\":\"https:\/\/fieam.org.br\/fieam\/#\/schema\/logo\/image\/\"}},{\"@type\":\"Person\",\"@id\":\"https:\/\/fieam.org.br\/fieam\/#\/schema\/person\/5a4d0cbf4cb90316068853a537ee7b75\",\"name\":\"joania\",\"image\":{\"@type\":\"ImageObject\",\"inLanguage\":\"pt-BR\",\"@id\":\"https:\/\/fieam.org.br\/fieam\/#\/schema\/person\/image\/\",\"url\":\"https:\/\/secure.gravatar.com\/avatar\/cf50cdab9b211eed7bfb47385e62cad09b856cc1b523532170e88b6bb2768e66?s=96&d=mm&r=g\",\"contentUrl\":\"https:\/\/secure.gravatar.com\/avatar\/cf50cdab9b211eed7bfb47385e62cad09b856cc1b523532170e88b6bb2768e66?s=96&d=mm&r=g\",\"caption\":\"joania\"},\"url\":\"https:\/\/fieam.org.br\/fieam\/author\/joania\/\"}]}<\/script>\n<!-- \/ Yoast SEO plugin. -->","yoast_head_json":{"title":"PIM contabiliza 29 dias sem assaltos a \u00f4nibus nas rotas do Distrito Industrial - FIEAM","robots":{"index":"index","follow":"follow","max-snippet":"max-snippet:-1","max-image-preview":"max-image-preview:large","max-video-preview":"max-video-preview:-1"},"canonical":"https:\/\/fieam.org.br\/fieam\/pim-contabiliza-29-dias-sem-assaltos-a-onibus-nas-rotas-do-distrito-industrial\/","og_locale":"pt_BR","og_type":"article","og_title":"PIM contabiliza 29 dias sem assaltos a \u00f4nibus nas rotas do Distrito Industrial - FIEAM","og_description":"A Coordenadoria de Seguran\u00e7a P\u00fablica da Federa\u00e7\u00e3o das Ind\u00fastrias do Estado do Amazonas (FIEAM) confirmou e comemorou 29 dias sem assaltos aos \u00f4nibus que fazem rotas ao Distrito Industrial. O resultado foi revelado durante o 1\u00ba Simp\u00f3sio sobre Seguran\u00e7a do Polo Industrial de Manaus ontem (31) no audit\u00f3rio do SENAI Amazonas. Na ocasi\u00e3o, o vice-presidente [&hellip;]","og_url":"https:\/\/fieam.org.br\/fieam\/pim-contabiliza-29-dias-sem-assaltos-a-onibus-nas-rotas-do-distrito-industrial\/","og_site_name":"FIEAM","article_published_time":"2024-11-01T20:25:22+00:00","og_image":[{"width":1439,"height":1066,"url":"https:\/\/fieam.org.br\/fieam\/wp-content\/uploads\/sites\/9\/2024\/11\/PIM-contabiliza-29-dias-sem-assaltos-a-onibus-nas-rotas-do-Distrito-Industrial.jpeg","type":"image\/jpeg"}],"author":"joania","twitter_card":"summary_large_image","twitter_misc":{"Escrito por":"joania","Est. tempo de leitura":"4 minutos"},"schema":{"@context":"https:\/\/schema.org","@graph":[{"@type":"Article","@id":"https:\/\/fieam.org.br\/fieam\/pim-contabiliza-29-dias-sem-assaltos-a-onibus-nas-rotas-do-distrito-industrial\/#article","isPartOf":{"@id":"https:\/\/fieam.org.br\/fieam\/pim-contabiliza-29-dias-sem-assaltos-a-onibus-nas-rotas-do-distrito-industrial\/"},"author":{"name":"joania","@id":"https:\/\/fieam.org.br\/fieam\/#\/schema\/person\/5a4d0cbf4cb90316068853a537ee7b75"},"headline":"PIM contabiliza 29 dias sem assaltos a \u00f4nibus nas rotas do Distrito Industrial","datePublished":"2024-11-01T20:25:22+00:00","mainEntityOfPage":{"@id":"https:\/\/fieam.org.br\/fieam\/pim-contabiliza-29-dias-sem-assaltos-a-onibus-nas-rotas-do-distrito-industrial\/"},"wordCount":780,"commentCount":0,"publisher":{"@id":"https:\/\/fieam.org.br\/fieam\/#organization"},"image":{"@id":"https:\/\/fieam.org.br\/fieam\/pim-contabiliza-29-dias-sem-assaltos-a-onibus-nas-rotas-do-distrito-industrial\/#primaryimage"},"thumbnailUrl":"https:\/\/fieam.org.br\/fieam\/wp-content\/uploads\/sites\/9\/2024\/11\/PIM-contabiliza-29-dias-sem-assaltos-a-onibus-nas-rotas-do-Distrito-Industrial.jpeg","articleSection":["Geral"],"inLanguage":"pt-BR","potentialAction":[{"@type":"CommentAction","name":"Comment","target":["https:\/\/fieam.org.br\/fieam\/pim-contabiliza-29-dias-sem-assaltos-a-onibus-nas-rotas-do-distrito-industrial\/#respond"]}]},{"@type":"WebPage","@id":"https:\/\/fieam.org.br\/fieam\/pim-contabiliza-29-dias-sem-assaltos-a-onibus-nas-rotas-do-distrito-industrial\/","url":"https:\/\/fieam.org.br\/fieam\/pim-contabiliza-29-dias-sem-assaltos-a-onibus-nas-rotas-do-distrito-industrial\/","name":"PIM contabiliza 29 dias sem assaltos a \u00f4nibus nas rotas do Distrito Industrial - FIEAM","isPartOf":{"@id":"https:\/\/fieam.org.br\/fieam\/#website"},"primaryImageOfPage":{"@id":"https:\/\/fieam.org.br\/fieam\/pim-contabiliza-29-dias-sem-assaltos-a-onibus-nas-rotas-do-distrito-industrial\/#primaryimage"},"image":{"@id":"https:\/\/fieam.org.br\/fieam\/pim-contabiliza-29-dias-sem-assaltos-a-onibus-nas-rotas-do-distrito-industrial\/#primaryimage"},"thumbnailUrl":"https:\/\/fieam.org.br\/fieam\/wp-content\/uploads\/sites\/9\/2024\/11\/PIM-contabiliza-29-dias-sem-assaltos-a-onibus-nas-rotas-do-Distrito-Industrial.jpeg","datePublished":"2024-11-01T20:25:22+00:00","breadcrumb":{"@id":"https:\/\/fieam.org.br\/fieam\/pim-contabiliza-29-dias-sem-assaltos-a-onibus-nas-rotas-do-distrito-industrial\/#breadcrumb"},"inLanguage":"pt-BR","potentialAction":[{"@type":"ReadAction","target":["https:\/\/fieam.org.br\/fieam\/pim-contabiliza-29-dias-sem-assaltos-a-onibus-nas-rotas-do-distrito-industrial\/"]}]},{"@type":"ImageObject","inLanguage":"pt-BR","@id":"https:\/\/fieam.org.br\/fieam\/pim-contabiliza-29-dias-sem-assaltos-a-onibus-nas-rotas-do-distrito-industrial\/#primaryimage","url":"https:\/\/fieam.org.br\/fieam\/wp-content\/uploads\/sites\/9\/2024\/11\/PIM-contabiliza-29-dias-sem-assaltos-a-onibus-nas-rotas-do-Distrito-Industrial.jpeg","contentUrl":"https:\/\/fieam.org.br\/fieam\/wp-content\/uploads\/sites\/9\/2024\/11\/PIM-contabiliza-29-dias-sem-assaltos-a-onibus-nas-rotas-do-Distrito-Industrial.jpeg","width":1439,"height":1066},{"@type":"BreadcrumbList","@id":"https:\/\/fieam.org.br\/fieam\/pim-contabiliza-29-dias-sem-assaltos-a-onibus-nas-rotas-do-distrito-industrial\/#breadcrumb","itemListElement":[{"@type":"ListItem","position":1,"name":"In\u00edcio","item":"https:\/\/fieam.org.br\/fieam\/"},{"@type":"ListItem","position":2,"name":"PIM contabiliza 29 dias sem assaltos a \u00f4nibus nas rotas do Distrito Industrial"}]},{"@type":"WebSite","@id":"https:\/\/fieam.org.br\/fieam\/#website","url":"https:\/\/fieam.org.br\/fieam\/","name":"FIEAM","description":"Site Oficial!","publisher":{"@id":"https:\/\/fieam.org.br\/fieam\/#organization"},"potentialAction":[{"@type":"SearchAction","target":{"@type":"EntryPoint","urlTemplate":"https:\/\/fieam.org.br\/fieam\/?s={search_term_string}"},"query-input":{"@type":"PropertyValueSpecification","valueRequired":true,"valueName":"search_term_string"}}],"inLanguage":"pt-BR"},{"@type":"Organization","@id":"https:\/\/fieam.org.br\/fieam\/#organization","name":"FIEAM","url":"https:\/\/fieam.org.br\/fieam\/","logo":{"@type":"ImageObject","inLanguage":"pt-BR","@id":"https:\/\/fieam.org.br\/fieam\/#\/schema\/logo\/image\/","url":"https:\/\/fieam.org.br\/fieam\/wp-content\/uploads\/sites\/9\/2024\/03\/cropped-fav.png","contentUrl":"https:\/\/fieam.org.br\/fieam\/wp-content\/uploads\/sites\/9\/2024\/03\/cropped-fav.png","width":597,"height":598,"caption":"FIEAM"},"image":{"@id":"https:\/\/fieam.org.br\/fieam\/#\/schema\/logo\/image\/"}},{"@type":"Person","@id":"https:\/\/fieam.org.br\/fieam\/#\/schema\/person\/5a4d0cbf4cb90316068853a537ee7b75","name":"joania","image":{"@type":"ImageObject","inLanguage":"pt-BR","@id":"https:\/\/fieam.org.br\/fieam\/#\/schema\/person\/image\/","url":"https:\/\/secure.gravatar.com\/avatar\/cf50cdab9b211eed7bfb47385e62cad09b856cc1b523532170e88b6bb2768e66?s=96&d=mm&r=g","contentUrl":"https:\/\/secure.gravatar.com\/avatar\/cf50cdab9b211eed7bfb47385e62cad09b856cc1b523532170e88b6bb2768e66?s=96&d=mm&r=g","caption":"joania"},"url":"https:\/\/fieam.org.br\/fieam\/author\/joania\/"}]}},"_links":{"self":[{"href":"https:\/\/fieam.org.br\/fieam\/wp-json\/wp\/v2\/posts\/17028","targetHints":{"allow":["GET"]}}],"collection":[{"href":"https:\/\/fieam.org.br\/fieam\/wp-json\/wp\/v2\/posts"}],"about":[{"href":"https:\/\/fieam.org.br\/fieam\/wp-json\/wp\/v2\/types\/post"}],"author":[{"embeddable":true,"href":"https:\/\/fieam.org.br\/fieam\/wp-json\/wp\/v2\/users\/12"}],"replies":[{"embeddable":true,"href":"https:\/\/fieam.org.br\/fieam\/wp-json\/wp\/v2\/comments?post=17028"}],"version-history":[{"count":1,"href":"https:\/\/fieam.org.br\/fieam\/wp-json\/wp\/v2\/posts\/17028\/revisions"}],"predecessor-version":[{"id":17030,"href":"https:\/\/fieam.org.br\/fieam\/wp-json\/wp\/v2\/posts\/17028\/revisions\/17030"}],"wp:featuredmedia":[{"embeddable":true,"href":"https:\/\/fieam.org.br\/fieam\/wp-json\/wp\/v2\/media\/17029"}],"wp:attachment":[{"href":"https:\/\/fieam.org.br\/fieam\/wp-json\/wp\/v2\/media?parent=17028"}],"wp:term":[{"taxonomy":"category","embeddable":true,"href":"https:\/\/fieam.org.br\/fieam\/wp-json\/wp\/v2\/categories?post=17028"},{"taxonomy":"post_tag","embeddable":true,"href":"https:\/\/fieam.org.br\/fieam\/wp-json\/wp\/v2\/tags?post=17028"}],"curies":[{"name":"wp","href":"https:\/\/api.w.org\/{rel}","templated":true}]}}