{"id":17010,"date":"2024-10-16T18:25:30","date_gmt":"2024-10-16T18:25:30","guid":{"rendered":"https:\/\/fieam.org.br\/fieam\/?p=17010"},"modified":"2024-10-16T18:25:30","modified_gmt":"2024-10-16T18:25:30","slug":"sindpan-produz-x-caboquinho-gigante-em-comemoracao-ao-dia-mundial-do-pao","status":"publish","type":"post","link":"https:\/\/fieam.org.br\/fieam\/sindpan-produz-x-caboquinho-gigante-em-comemoracao-ao-dia-mundial-do-pao\/","title":{"rendered":"Sindpan produz x-caboquinho gigante em comemora\u00e7\u00e3o ao Dia Mundial do P\u00e3o  \u00a0"},"content":{"rendered":"<p>Em comemora\u00e7\u00e3o ao Dia Mundial do P\u00e3o, celebrado hoje (16), o Sindicato das Ind\u00fastrias de Panifica\u00e7\u00e3o e Confeitaria do Amazonas produziu ontem (15) o maior x-caboquinho do mundo, com 10 metros e 30 cent\u00edmetros, composto por 23 quilos de massa, 20 quilos de banana frita, 13 quilos de tucum\u00e3, 13 quilos de queijo coalho e um quilo de manteiga. O sandu\u00edche, s\u00edmbolo da cultura do Norte, foi consumido por 250 pessoas no evento que ocorre, at\u00e9 hoje, na sede do SENAI Amazonas, localizada na Avenida Rodrigo Ot\u00e1vio.<\/p>\n<p>De acordo com a presidente do Sindpan-AM, Zeina Russo, a comemora\u00e7\u00e3o marca a import\u00e2ncia do p\u00e3o na vida das pessoas, e conta com uma exposi\u00e7\u00e3o fotogr\u00e1fica sobre a hist\u00f3ria do alimento, al\u00e9m de palestras, oficinas e uma campanha solid\u00e1ria em prol dos cidad\u00e3os do Rio Grande do Sul, afetados pela enchente, e dos ribeirinhos do Amazonas que sofrem com a seca. A iniciativa ser\u00e1 realizada por meio da venda de p\u00e3es assinados pelo chef premiado Luiz Farias. Os pais est\u00e3o dispon\u00edveis no evento e nas panificadoras parceiras presentes em toda Manaus.<\/p>\n<p>\u201cO p\u00e3o \u00e9 o alimento b\u00e1sico da humanidade, presente na mesa de todas as pessoas. Seja jovem, adulto ou idoso, todo mundo come p\u00e3o, e n\u00f3s, do setor da panifica\u00e7\u00e3o, estamos muito felizes de poder celebrar, sempre trabalhando para oferecer o melhor servi\u00e7o\u201d, afirma Russo.<\/p>\n<p><img fetchpriority=\"high\" decoding=\"async\" class=\" wp-image-17014 alignleft\" src=\"https:\/\/fieam.org.br\/fieam\/wp-content\/uploads\/sites\/9\/2024\/10\/Nutricionista-do-SESI-Saude-Noemi-Tamborini-300x200.jpeg\" alt=\"\" width=\"374\" height=\"249\" srcset=\"https:\/\/fieam.org.br\/fieam\/wp-content\/uploads\/sites\/9\/2024\/10\/Nutricionista-do-SESI-Saude-Noemi-Tamborini-300x200.jpeg 300w, https:\/\/fieam.org.br\/fieam\/wp-content\/uploads\/sites\/9\/2024\/10\/Nutricionista-do-SESI-Saude-Noemi-Tamborini-1024x682.jpeg 1024w, https:\/\/fieam.org.br\/fieam\/wp-content\/uploads\/sites\/9\/2024\/10\/Nutricionista-do-SESI-Saude-Noemi-Tamborini-768x512.jpeg 768w, https:\/\/fieam.org.br\/fieam\/wp-content\/uploads\/sites\/9\/2024\/10\/Nutricionista-do-SESI-Saude-Noemi-Tamborini-1536x1023.jpeg 1536w, https:\/\/fieam.org.br\/fieam\/wp-content\/uploads\/sites\/9\/2024\/10\/Nutricionista-do-SESI-Saude-Noemi-Tamborini.jpeg 1600w\" sizes=\"(max-width: 374px) 100vw, 374px\" \/>Tratando dos benef\u00edcios do p\u00e3o para a sa\u00fade, a nutricionista do SESI Sa\u00fade, Noemi Tamborini, especialista em obesidade e emagrecimento, seguran\u00e7a alimentar e nutri\u00e7\u00e3o no autismo, compartilhou em sua palestra que o p\u00e3o \u00e9 uma \u00f3tima fonte de energia para realizar tarefas di\u00e1rias. O carboidrato presente no alimento contribui para a forma\u00e7\u00e3o de serotonina, neurotransmissor respons\u00e1vel pela sensa\u00e7\u00e3o de bom humor e bem-estar.<\/p>\n<p>\u201cO p\u00e3o tamb\u00e9m \u00e9 excelente para lanches de pr\u00e9 e p\u00f3s-atividade f\u00edsica, conferindo disposi\u00e7\u00e3o e favorecendo a recupera\u00e7\u00e3o muscular. Al\u00e9m de ser fonte de minerais como f\u00f3sforo, magn\u00e9sio, sel\u00eanio e pot\u00e1ssio, essenciais ao organismo, ele tamb\u00e9m auxilia no funcionamento do c\u00e9rebro, dos \u00f3rg\u00e3os e das fun\u00e7\u00f5es vitais, al\u00e9m de promover a boa sa\u00fade muscular\u201d, garante Tamborini, que desmistifica a ideia de que o p\u00e3o \u00e9 engordativo e prejudicial \u00e0 sa\u00fade.<\/p>\n<p>\u201cUm p\u00e3o franc\u00eas possui 135 calorias, enquanto uma tapioca, vista como um alimento de dieta, cont\u00e9m 182 calorias. Da mesma forma, seis unidades de bolacha cream cracker possuem 141 calorias\u201d, analisa a nutricionista, que de<\/p>\n<p><img decoding=\"async\" class=\" wp-image-17013 alignright\" src=\"https:\/\/fieam.org.br\/fieam\/wp-content\/uploads\/sites\/9\/2024\/10\/Chef-de-panificacao-da-Casa-dos-Panificadores-Wagner-Soares-300x200.jpeg\" alt=\"\" width=\"449\" height=\"299\" srcset=\"https:\/\/fieam.org.br\/fieam\/wp-content\/uploads\/sites\/9\/2024\/10\/Chef-de-panificacao-da-Casa-dos-Panificadores-Wagner-Soares-300x200.jpeg 300w, https:\/\/fieam.org.br\/fieam\/wp-content\/uploads\/sites\/9\/2024\/10\/Chef-de-panificacao-da-Casa-dos-Panificadores-Wagner-Soares-1024x682.jpeg 1024w, https:\/\/fieam.org.br\/fieam\/wp-content\/uploads\/sites\/9\/2024\/10\/Chef-de-panificacao-da-Casa-dos-Panificadores-Wagner-Soares-768x512.jpeg 768w, https:\/\/fieam.org.br\/fieam\/wp-content\/uploads\/sites\/9\/2024\/10\/Chef-de-panificacao-da-Casa-dos-Panificadores-Wagner-Soares-1536x1023.jpeg 1536w, https:\/\/fieam.org.br\/fieam\/wp-content\/uploads\/sites\/9\/2024\/10\/Chef-de-panificacao-da-Casa-dos-Panificadores-Wagner-Soares.jpeg 1600w\" sizes=\"(max-width: 449px) 100vw, 449px\" \/><\/p>\n<p>fende o consumo di\u00e1rio de p\u00e3o, especialmente se associado a prote\u00ednas, como ovo, frango, queijo, entre outros.<\/p>\n<p>Durante a oficina de panetone, chocotone e rosca natalina, o chef de panifica\u00e7\u00e3o da Casa dos Panificadores, Wagner Soares, al\u00e9m de detalhar a receita, falou sobre a oportunidade de neg\u00f3cios que surge com as festas de final de ano. \u201cHoje, existem diversas tecnologias em pr\u00e9-misturas e misturas que auxiliam no processo e produ\u00e7\u00e3o de panetones, e isso n\u00e3o s\u00f3 para panificadoras grandes, mas tamb\u00e9m para microempreendedores\u201d, explica o chef.<\/p>\n<p>Confira abaixo a programa\u00e7\u00e3o de hoje, que vai at\u00e9 \u00e0s 17h:<\/p>\n<ul>\n<li><strong>Oficina<\/strong>: Bolo de Andar Desregulado<\/li>\n<li><strong>Aula Show<\/strong>: Fermenta\u00e7\u00e3o Controlada<\/li>\n<li><strong>Oficina<\/strong>: A Praticidade na Finaliza\u00e7\u00e3o do Produto Congelado<\/li>\n<li><strong>Workshop<\/strong>: A Lideran\u00e7a como Chave para o Sucesso Empresarial<\/li>\n<\/ul>\n","protected":false},"excerpt":{"rendered":"<p>Em comemora\u00e7\u00e3o ao Dia Mundial do P\u00e3o, celebrado hoje (16), o Sindicato das Ind\u00fastrias de Panifica\u00e7\u00e3o e Confeitaria do Amazonas produziu ontem (15) o maior x-caboquinho do mundo, com 10 metros e 30 cent\u00edmetros, composto por 23 quilos de massa, 20 quilos de banana frita, 13 quilos de tucum\u00e3, 13 quilos de queijo coalho e [&hellip;]<\/p>\n","protected":false},"author":12,"featured_media":17012,"comment_status":"open","ping_status":"open","sticky":false,"template":"","format":"standard","meta":{"footnotes":""},"categories":[1],"tags":[],"class_list":["post-17010","post","type-post","status-publish","format-standard","has-post-thumbnail","hentry","category-geral"],"yoast_head":"<!-- This site is optimized with the Yoast SEO plugin v26.8 - https:\/\/yoast.com\/product\/yoast-seo-wordpress\/ -->\n<title>Sindpan produz x-caboquinho gigante em comemora\u00e7\u00e3o ao Dia Mundial do P\u00e3o \u00a0 - FIEAM<\/title>\n<meta name=\"robots\" content=\"index, follow, max-snippet:-1, max-image-preview:large, max-video-preview:-1\" \/>\n<link rel=\"canonical\" href=\"https:\/\/fieam.org.br\/fieam\/sindpan-produz-x-caboquinho-gigante-em-comemoracao-ao-dia-mundial-do-pao\/\" \/>\n<meta property=\"og:locale\" content=\"pt_BR\" \/>\n<meta property=\"og:type\" content=\"article\" \/>\n<meta property=\"og:title\" content=\"Sindpan produz x-caboquinho gigante em comemora\u00e7\u00e3o ao Dia Mundial do P\u00e3o \u00a0 - FIEAM\" \/>\n<meta property=\"og:description\" content=\"Em comemora\u00e7\u00e3o ao Dia Mundial do P\u00e3o, celebrado hoje (16), o Sindicato das Ind\u00fastrias de Panifica\u00e7\u00e3o e Confeitaria do Amazonas produziu ontem (15) o maior x-caboquinho do mundo, com 10 metros e 30 cent\u00edmetros, composto por 23 quilos de massa, 20 quilos de banana frita, 13 quilos de tucum\u00e3, 13 quilos de queijo coalho e [&hellip;]\" \/>\n<meta property=\"og:url\" content=\"https:\/\/fieam.org.br\/fieam\/sindpan-produz-x-caboquinho-gigante-em-comemoracao-ao-dia-mundial-do-pao\/\" \/>\n<meta property=\"og:site_name\" content=\"FIEAM\" \/>\n<meta property=\"article:published_time\" content=\"2024-10-16T18:25:30+00:00\" \/>\n<meta property=\"og:image\" content=\"https:\/\/fieam.org.br\/fieam\/wp-content\/uploads\/sites\/9\/2024\/10\/Sindpan-produz-x-caboquinho-gigante-em-comemoracao-ao-Dia-Mundial-do-Pao.jpeg\" \/>\n\t<meta property=\"og:image:width\" content=\"1600\" \/>\n\t<meta property=\"og:image:height\" content=\"1066\" \/>\n\t<meta property=\"og:image:type\" content=\"image\/jpeg\" \/>\n<meta name=\"author\" content=\"joania\" \/>\n<meta name=\"twitter:card\" content=\"summary_large_image\" \/>\n<meta name=\"twitter:label1\" content=\"Escrito por\" \/>\n\t<meta name=\"twitter:data1\" content=\"joania\" \/>\n\t<meta name=\"twitter:label2\" content=\"Est. tempo de leitura\" \/>\n\t<meta name=\"twitter:data2\" content=\"3 minutos\" \/>\n<script type=\"application\/ld+json\" class=\"yoast-schema-graph\">{\"@context\":\"https:\/\/schema.org\",\"@graph\":[{\"@type\":\"Article\",\"@id\":\"https:\/\/fieam.org.br\/fieam\/sindpan-produz-x-caboquinho-gigante-em-comemoracao-ao-dia-mundial-do-pao\/#article\",\"isPartOf\":{\"@id\":\"https:\/\/fieam.org.br\/fieam\/sindpan-produz-x-caboquinho-gigante-em-comemoracao-ao-dia-mundial-do-pao\/\"},\"author\":{\"name\":\"joania\",\"@id\":\"https:\/\/fieam.org.br\/fieam\/#\/schema\/person\/5a4d0cbf4cb90316068853a537ee7b75\"},\"headline\":\"Sindpan produz x-caboquinho gigante em comemora\u00e7\u00e3o ao Dia Mundial do P\u00e3o \u00a0\",\"datePublished\":\"2024-10-16T18:25:30+00:00\",\"mainEntityOfPage\":{\"@id\":\"https:\/\/fieam.org.br\/fieam\/sindpan-produz-x-caboquinho-gigante-em-comemoracao-ao-dia-mundial-do-pao\/\"},\"wordCount\":583,\"commentCount\":0,\"publisher\":{\"@id\":\"https:\/\/fieam.org.br\/fieam\/#organization\"},\"image\":{\"@id\":\"https:\/\/fieam.org.br\/fieam\/sindpan-produz-x-caboquinho-gigante-em-comemoracao-ao-dia-mundial-do-pao\/#primaryimage\"},\"thumbnailUrl\":\"https:\/\/fieam.org.br\/fieam\/wp-content\/uploads\/sites\/9\/2024\/10\/Sindpan-produz-x-caboquinho-gigante-em-comemoracao-ao-Dia-Mundial-do-Pao.jpeg\",\"articleSection\":[\"Geral\"],\"inLanguage\":\"pt-BR\",\"potentialAction\":[{\"@type\":\"CommentAction\",\"name\":\"Comment\",\"target\":[\"https:\/\/fieam.org.br\/fieam\/sindpan-produz-x-caboquinho-gigante-em-comemoracao-ao-dia-mundial-do-pao\/#respond\"]}]},{\"@type\":\"WebPage\",\"@id\":\"https:\/\/fieam.org.br\/fieam\/sindpan-produz-x-caboquinho-gigante-em-comemoracao-ao-dia-mundial-do-pao\/\",\"url\":\"https:\/\/fieam.org.br\/fieam\/sindpan-produz-x-caboquinho-gigante-em-comemoracao-ao-dia-mundial-do-pao\/\",\"name\":\"Sindpan produz x-caboquinho gigante em comemora\u00e7\u00e3o ao Dia Mundial do P\u00e3o \u00a0 - FIEAM\",\"isPartOf\":{\"@id\":\"https:\/\/fieam.org.br\/fieam\/#website\"},\"primaryImageOfPage\":{\"@id\":\"https:\/\/fieam.org.br\/fieam\/sindpan-produz-x-caboquinho-gigante-em-comemoracao-ao-dia-mundial-do-pao\/#primaryimage\"},\"image\":{\"@id\":\"https:\/\/fieam.org.br\/fieam\/sindpan-produz-x-caboquinho-gigante-em-comemoracao-ao-dia-mundial-do-pao\/#primaryimage\"},\"thumbnailUrl\":\"https:\/\/fieam.org.br\/fieam\/wp-content\/uploads\/sites\/9\/2024\/10\/Sindpan-produz-x-caboquinho-gigante-em-comemoracao-ao-Dia-Mundial-do-Pao.jpeg\",\"datePublished\":\"2024-10-16T18:25:30+00:00\",\"breadcrumb\":{\"@id\":\"https:\/\/fieam.org.br\/fieam\/sindpan-produz-x-caboquinho-gigante-em-comemoracao-ao-dia-mundial-do-pao\/#breadcrumb\"},\"inLanguage\":\"pt-BR\",\"potentialAction\":[{\"@type\":\"ReadAction\",\"target\":[\"https:\/\/fieam.org.br\/fieam\/sindpan-produz-x-caboquinho-gigante-em-comemoracao-ao-dia-mundial-do-pao\/\"]}]},{\"@type\":\"ImageObject\",\"inLanguage\":\"pt-BR\",\"@id\":\"https:\/\/fieam.org.br\/fieam\/sindpan-produz-x-caboquinho-gigante-em-comemoracao-ao-dia-mundial-do-pao\/#primaryimage\",\"url\":\"https:\/\/fieam.org.br\/fieam\/wp-content\/uploads\/sites\/9\/2024\/10\/Sindpan-produz-x-caboquinho-gigante-em-comemoracao-ao-Dia-Mundial-do-Pao.jpeg\",\"contentUrl\":\"https:\/\/fieam.org.br\/fieam\/wp-content\/uploads\/sites\/9\/2024\/10\/Sindpan-produz-x-caboquinho-gigante-em-comemoracao-ao-Dia-Mundial-do-Pao.jpeg\",\"width\":1600,\"height\":1066},{\"@type\":\"BreadcrumbList\",\"@id\":\"https:\/\/fieam.org.br\/fieam\/sindpan-produz-x-caboquinho-gigante-em-comemoracao-ao-dia-mundial-do-pao\/#breadcrumb\",\"itemListElement\":[{\"@type\":\"ListItem\",\"position\":1,\"name\":\"In\u00edcio\",\"item\":\"https:\/\/fieam.org.br\/fieam\/\"},{\"@type\":\"ListItem\",\"position\":2,\"name\":\"Sindpan produz x-caboquinho gigante em comemora\u00e7\u00e3o ao Dia Mundial do P\u00e3o \u00a0\"}]},{\"@type\":\"WebSite\",\"@id\":\"https:\/\/fieam.org.br\/fieam\/#website\",\"url\":\"https:\/\/fieam.org.br\/fieam\/\",\"name\":\"FIEAM\",\"description\":\"Site Oficial!\",\"publisher\":{\"@id\":\"https:\/\/fieam.org.br\/fieam\/#organization\"},\"potentialAction\":[{\"@type\":\"SearchAction\",\"target\":{\"@type\":\"EntryPoint\",\"urlTemplate\":\"https:\/\/fieam.org.br\/fieam\/?s={search_term_string}\"},\"query-input\":{\"@type\":\"PropertyValueSpecification\",\"valueRequired\":true,\"valueName\":\"search_term_string\"}}],\"inLanguage\":\"pt-BR\"},{\"@type\":\"Organization\",\"@id\":\"https:\/\/fieam.org.br\/fieam\/#organization\",\"name\":\"FIEAM\",\"url\":\"https:\/\/fieam.org.br\/fieam\/\",\"logo\":{\"@type\":\"ImageObject\",\"inLanguage\":\"pt-BR\",\"@id\":\"https:\/\/fieam.org.br\/fieam\/#\/schema\/logo\/image\/\",\"url\":\"https:\/\/fieam.org.br\/fieam\/wp-content\/uploads\/sites\/9\/2024\/03\/cropped-fav.png\",\"contentUrl\":\"https:\/\/fieam.org.br\/fieam\/wp-content\/uploads\/sites\/9\/2024\/03\/cropped-fav.png\",\"width\":597,\"height\":598,\"caption\":\"FIEAM\"},\"image\":{\"@id\":\"https:\/\/fieam.org.br\/fieam\/#\/schema\/logo\/image\/\"}},{\"@type\":\"Person\",\"@id\":\"https:\/\/fieam.org.br\/fieam\/#\/schema\/person\/5a4d0cbf4cb90316068853a537ee7b75\",\"name\":\"joania\",\"image\":{\"@type\":\"ImageObject\",\"inLanguage\":\"pt-BR\",\"@id\":\"https:\/\/fieam.org.br\/fieam\/#\/schema\/person\/image\/\",\"url\":\"https:\/\/secure.gravatar.com\/avatar\/cf50cdab9b211eed7bfb47385e62cad09b856cc1b523532170e88b6bb2768e66?s=96&d=mm&r=g\",\"contentUrl\":\"https:\/\/secure.gravatar.com\/avatar\/cf50cdab9b211eed7bfb47385e62cad09b856cc1b523532170e88b6bb2768e66?s=96&d=mm&r=g\",\"caption\":\"joania\"},\"url\":\"https:\/\/fieam.org.br\/fieam\/author\/joania\/\"}]}<\/script>\n<!-- \/ Yoast SEO plugin. -->","yoast_head_json":{"title":"Sindpan produz x-caboquinho gigante em comemora\u00e7\u00e3o ao Dia Mundial do P\u00e3o \u00a0 - FIEAM","robots":{"index":"index","follow":"follow","max-snippet":"max-snippet:-1","max-image-preview":"max-image-preview:large","max-video-preview":"max-video-preview:-1"},"canonical":"https:\/\/fieam.org.br\/fieam\/sindpan-produz-x-caboquinho-gigante-em-comemoracao-ao-dia-mundial-do-pao\/","og_locale":"pt_BR","og_type":"article","og_title":"Sindpan produz x-caboquinho gigante em comemora\u00e7\u00e3o ao Dia Mundial do P\u00e3o \u00a0 - FIEAM","og_description":"Em comemora\u00e7\u00e3o ao Dia Mundial do P\u00e3o, celebrado hoje (16), o Sindicato das Ind\u00fastrias de Panifica\u00e7\u00e3o e Confeitaria do Amazonas produziu ontem (15) o maior x-caboquinho do mundo, com 10 metros e 30 cent\u00edmetros, composto por 23 quilos de massa, 20 quilos de banana frita, 13 quilos de tucum\u00e3, 13 quilos de queijo coalho e [&hellip;]","og_url":"https:\/\/fieam.org.br\/fieam\/sindpan-produz-x-caboquinho-gigante-em-comemoracao-ao-dia-mundial-do-pao\/","og_site_name":"FIEAM","article_published_time":"2024-10-16T18:25:30+00:00","og_image":[{"width":1600,"height":1066,"url":"https:\/\/fieam.org.br\/fieam\/wp-content\/uploads\/sites\/9\/2024\/10\/Sindpan-produz-x-caboquinho-gigante-em-comemoracao-ao-Dia-Mundial-do-Pao.jpeg","type":"image\/jpeg"}],"author":"joania","twitter_card":"summary_large_image","twitter_misc":{"Escrito por":"joania","Est. tempo de leitura":"3 minutos"},"schema":{"@context":"https:\/\/schema.org","@graph":[{"@type":"Article","@id":"https:\/\/fieam.org.br\/fieam\/sindpan-produz-x-caboquinho-gigante-em-comemoracao-ao-dia-mundial-do-pao\/#article","isPartOf":{"@id":"https:\/\/fieam.org.br\/fieam\/sindpan-produz-x-caboquinho-gigante-em-comemoracao-ao-dia-mundial-do-pao\/"},"author":{"name":"joania","@id":"https:\/\/fieam.org.br\/fieam\/#\/schema\/person\/5a4d0cbf4cb90316068853a537ee7b75"},"headline":"Sindpan produz x-caboquinho gigante em comemora\u00e7\u00e3o ao Dia Mundial do P\u00e3o \u00a0","datePublished":"2024-10-16T18:25:30+00:00","mainEntityOfPage":{"@id":"https:\/\/fieam.org.br\/fieam\/sindpan-produz-x-caboquinho-gigante-em-comemoracao-ao-dia-mundial-do-pao\/"},"wordCount":583,"commentCount":0,"publisher":{"@id":"https:\/\/fieam.org.br\/fieam\/#organization"},"image":{"@id":"https:\/\/fieam.org.br\/fieam\/sindpan-produz-x-caboquinho-gigante-em-comemoracao-ao-dia-mundial-do-pao\/#primaryimage"},"thumbnailUrl":"https:\/\/fieam.org.br\/fieam\/wp-content\/uploads\/sites\/9\/2024\/10\/Sindpan-produz-x-caboquinho-gigante-em-comemoracao-ao-Dia-Mundial-do-Pao.jpeg","articleSection":["Geral"],"inLanguage":"pt-BR","potentialAction":[{"@type":"CommentAction","name":"Comment","target":["https:\/\/fieam.org.br\/fieam\/sindpan-produz-x-caboquinho-gigante-em-comemoracao-ao-dia-mundial-do-pao\/#respond"]}]},{"@type":"WebPage","@id":"https:\/\/fieam.org.br\/fieam\/sindpan-produz-x-caboquinho-gigante-em-comemoracao-ao-dia-mundial-do-pao\/","url":"https:\/\/fieam.org.br\/fieam\/sindpan-produz-x-caboquinho-gigante-em-comemoracao-ao-dia-mundial-do-pao\/","name":"Sindpan produz x-caboquinho gigante em comemora\u00e7\u00e3o ao Dia Mundial do P\u00e3o \u00a0 - FIEAM","isPartOf":{"@id":"https:\/\/fieam.org.br\/fieam\/#website"},"primaryImageOfPage":{"@id":"https:\/\/fieam.org.br\/fieam\/sindpan-produz-x-caboquinho-gigante-em-comemoracao-ao-dia-mundial-do-pao\/#primaryimage"},"image":{"@id":"https:\/\/fieam.org.br\/fieam\/sindpan-produz-x-caboquinho-gigante-em-comemoracao-ao-dia-mundial-do-pao\/#primaryimage"},"thumbnailUrl":"https:\/\/fieam.org.br\/fieam\/wp-content\/uploads\/sites\/9\/2024\/10\/Sindpan-produz-x-caboquinho-gigante-em-comemoracao-ao-Dia-Mundial-do-Pao.jpeg","datePublished":"2024-10-16T18:25:30+00:00","breadcrumb":{"@id":"https:\/\/fieam.org.br\/fieam\/sindpan-produz-x-caboquinho-gigante-em-comemoracao-ao-dia-mundial-do-pao\/#breadcrumb"},"inLanguage":"pt-BR","potentialAction":[{"@type":"ReadAction","target":["https:\/\/fieam.org.br\/fieam\/sindpan-produz-x-caboquinho-gigante-em-comemoracao-ao-dia-mundial-do-pao\/"]}]},{"@type":"ImageObject","inLanguage":"pt-BR","@id":"https:\/\/fieam.org.br\/fieam\/sindpan-produz-x-caboquinho-gigante-em-comemoracao-ao-dia-mundial-do-pao\/#primaryimage","url":"https:\/\/fieam.org.br\/fieam\/wp-content\/uploads\/sites\/9\/2024\/10\/Sindpan-produz-x-caboquinho-gigante-em-comemoracao-ao-Dia-Mundial-do-Pao.jpeg","contentUrl":"https:\/\/fieam.org.br\/fieam\/wp-content\/uploads\/sites\/9\/2024\/10\/Sindpan-produz-x-caboquinho-gigante-em-comemoracao-ao-Dia-Mundial-do-Pao.jpeg","width":1600,"height":1066},{"@type":"BreadcrumbList","@id":"https:\/\/fieam.org.br\/fieam\/sindpan-produz-x-caboquinho-gigante-em-comemoracao-ao-dia-mundial-do-pao\/#breadcrumb","itemListElement":[{"@type":"ListItem","position":1,"name":"In\u00edcio","item":"https:\/\/fieam.org.br\/fieam\/"},{"@type":"ListItem","position":2,"name":"Sindpan produz x-caboquinho gigante em comemora\u00e7\u00e3o ao Dia Mundial do P\u00e3o \u00a0"}]},{"@type":"WebSite","@id":"https:\/\/fieam.org.br\/fieam\/#website","url":"https:\/\/fieam.org.br\/fieam\/","name":"FIEAM","description":"Site Oficial!","publisher":{"@id":"https:\/\/fieam.org.br\/fieam\/#organization"},"potentialAction":[{"@type":"SearchAction","target":{"@type":"EntryPoint","urlTemplate":"https:\/\/fieam.org.br\/fieam\/?s={search_term_string}"},"query-input":{"@type":"PropertyValueSpecification","valueRequired":true,"valueName":"search_term_string"}}],"inLanguage":"pt-BR"},{"@type":"Organization","@id":"https:\/\/fieam.org.br\/fieam\/#organization","name":"FIEAM","url":"https:\/\/fieam.org.br\/fieam\/","logo":{"@type":"ImageObject","inLanguage":"pt-BR","@id":"https:\/\/fieam.org.br\/fieam\/#\/schema\/logo\/image\/","url":"https:\/\/fieam.org.br\/fieam\/wp-content\/uploads\/sites\/9\/2024\/03\/cropped-fav.png","contentUrl":"https:\/\/fieam.org.br\/fieam\/wp-content\/uploads\/sites\/9\/2024\/03\/cropped-fav.png","width":597,"height":598,"caption":"FIEAM"},"image":{"@id":"https:\/\/fieam.org.br\/fieam\/#\/schema\/logo\/image\/"}},{"@type":"Person","@id":"https:\/\/fieam.org.br\/fieam\/#\/schema\/person\/5a4d0cbf4cb90316068853a537ee7b75","name":"joania","image":{"@type":"ImageObject","inLanguage":"pt-BR","@id":"https:\/\/fieam.org.br\/fieam\/#\/schema\/person\/image\/","url":"https:\/\/secure.gravatar.com\/avatar\/cf50cdab9b211eed7bfb47385e62cad09b856cc1b523532170e88b6bb2768e66?s=96&d=mm&r=g","contentUrl":"https:\/\/secure.gravatar.com\/avatar\/cf50cdab9b211eed7bfb47385e62cad09b856cc1b523532170e88b6bb2768e66?s=96&d=mm&r=g","caption":"joania"},"url":"https:\/\/fieam.org.br\/fieam\/author\/joania\/"}]}},"_links":{"self":[{"href":"https:\/\/fieam.org.br\/fieam\/wp-json\/wp\/v2\/posts\/17010","targetHints":{"allow":["GET"]}}],"collection":[{"href":"https:\/\/fieam.org.br\/fieam\/wp-json\/wp\/v2\/posts"}],"about":[{"href":"https:\/\/fieam.org.br\/fieam\/wp-json\/wp\/v2\/types\/post"}],"author":[{"embeddable":true,"href":"https:\/\/fieam.org.br\/fieam\/wp-json\/wp\/v2\/users\/12"}],"replies":[{"embeddable":true,"href":"https:\/\/fieam.org.br\/fieam\/wp-json\/wp\/v2\/comments?post=17010"}],"version-history":[{"count":1,"href":"https:\/\/fieam.org.br\/fieam\/wp-json\/wp\/v2\/posts\/17010\/revisions"}],"predecessor-version":[{"id":17015,"href":"https:\/\/fieam.org.br\/fieam\/wp-json\/wp\/v2\/posts\/17010\/revisions\/17015"}],"wp:featuredmedia":[{"embeddable":true,"href":"https:\/\/fieam.org.br\/fieam\/wp-json\/wp\/v2\/media\/17012"}],"wp:attachment":[{"href":"https:\/\/fieam.org.br\/fieam\/wp-json\/wp\/v2\/media?parent=17010"}],"wp:term":[{"taxonomy":"category","embeddable":true,"href":"https:\/\/fieam.org.br\/fieam\/wp-json\/wp\/v2\/categories?post=17010"},{"taxonomy":"post_tag","embeddable":true,"href":"https:\/\/fieam.org.br\/fieam\/wp-json\/wp\/v2\/tags?post=17010"}],"curies":[{"name":"wp","href":"https:\/\/api.w.org\/{rel}","templated":true}]}}