{"id":16965,"date":"2024-09-18T17:56:51","date_gmt":"2024-09-18T17:56:51","guid":{"rendered":"https:\/\/fieam.org.br\/fieam\/?p=16965"},"modified":"2024-09-18T17:58:57","modified_gmt":"2024-09-18T17:58:57","slug":"16965-2","status":"publish","type":"post","link":"https:\/\/fieam.org.br\/fieam\/16965-2\/","title":{"rendered":"FIEAM \u00e9 sede do 1\u00ba F\u00f3rum sobre Prote\u00e7\u00e3o Integrada de Fronteiras no arco Norte-Nordeste"},"content":{"rendered":"<p>A Federa\u00e7\u00e3o das Ind\u00fastrias do Estado do Amazonas (FIEAM) recebe at\u00e9 amanh\u00e3 (19) o 1\u00ba F\u00f3rum sobre Prote\u00e7\u00e3o Integrada de Fronteiras no arco Norte-Nordeste, realizado pelo Gabinete de Seguran\u00e7a Institucional da Presid\u00eancia da Rep\u00fablica (GSI\/PR), no Audit\u00f3rio Gilberto Mendes de Azevedo. O evento debate os il\u00edcitos transfronteiri\u00e7os na regi\u00e3o pan-amaz\u00f4nica, com \u00eanfase no tr\u00e1fico de drogas, crimes ambientais e demais crimes no cen\u00e1rio nacional e entorno regional, al\u00e9m de tratar de articula\u00e7\u00e3o federativa para a atua\u00e7\u00e3o integrada nas fronteiras.<\/p>\n<p>O presidente da FIEAM, Antonio Silva, foi o anfitri\u00e3o do evento, que tem como objetivo, por meio dos f\u00f3runs, colher insumos para um diagn\u00f3stico estrat\u00e9gico sobre os il\u00edcitos transfronteiri\u00e7os e ambientais na regi\u00e3o amaz\u00f4nica; fortalecer a atua\u00e7\u00e3o dos gabinetes de Gest\u00e3o Integrada de Fronteiras e estimular a cria\u00e7\u00e3o de estruturas an\u00e1logas na fronteira mar\u00edtima; fortalecer seguran\u00e7a e desenvolvimento sustent\u00e1vel nas fronteiras; e incentivar a articula\u00e7\u00e3o entre os gestores de seguran\u00e7a nas fronteiras do arco Norte-Nordeste.<\/p>\n<p>A abertura oficial foi feita pelo ministro-chefe do Gabinete de Seguran\u00e7a Institucional da Presid\u00eancia da Rep\u00fablica, Marcos Antonio dos Santos, e do governador Wilson Lima. Tamb\u00e9m estavam presentes o comandante militar da Amaz\u00f4nia, general Ricardo Augusto Costa Neves, ministro Marcelo Della Nina, comandante do 7\u00ba Comar, major-brigadeiro do Ar Ramiro Kirsch Pinheiro, comandante do 9\u00ba Distrito Naval, vice-almirante Jo\u00e3o Alberto Lampert, secret\u00e1ria de Pol\u00edtica sobre Drogas e Gest\u00e3o de Ativos, Marta Pinheiro e a secret\u00e1ria nacional de Pol\u00edticas de Desenvolvimento Regional e Territorial, Adriana Alves.<\/p>\n","protected":false},"excerpt":{"rendered":"<p>A Federa\u00e7\u00e3o das Ind\u00fastrias do Estado do Amazonas (FIEAM) recebe at\u00e9 amanh\u00e3 (19) o 1\u00ba F\u00f3rum sobre Prote\u00e7\u00e3o Integrada de Fronteiras no arco Norte-Nordeste, realizado pelo Gabinete de Seguran\u00e7a Institucional da Presid\u00eancia da Rep\u00fablica (GSI\/PR), no Audit\u00f3rio Gilberto Mendes de Azevedo. O evento debate os il\u00edcitos transfronteiri\u00e7os na regi\u00e3o pan-amaz\u00f4nica, com \u00eanfase no tr\u00e1fico de [&hellip;]<\/p>\n","protected":false},"author":9,"featured_media":16966,"comment_status":"open","ping_status":"open","sticky":false,"template":"","format":"standard","meta":{"footnotes":""},"categories":[28,29,30],"tags":[],"class_list":["post-16965","post","type-post","status-publish","format-standard","has-post-thumbnail","hentry","category-banner-destaque","category-news","category-news_destaque"],"yoast_head":"<!-- This site is optimized with the Yoast SEO plugin v26.8 - https:\/\/yoast.com\/product\/yoast-seo-wordpress\/ -->\n<title>FIEAM \u00e9 sede do 1\u00ba F\u00f3rum sobre Prote\u00e7\u00e3o Integrada de Fronteiras no arco Norte-Nordeste - FIEAM<\/title>\n<meta name=\"robots\" content=\"index, follow, max-snippet:-1, max-image-preview:large, max-video-preview:-1\" \/>\n<link rel=\"canonical\" href=\"https:\/\/fieam.org.br\/fieam\/16965-2\/\" \/>\n<meta property=\"og:locale\" content=\"pt_BR\" \/>\n<meta property=\"og:type\" content=\"article\" \/>\n<meta property=\"og:title\" content=\"FIEAM \u00e9 sede do 1\u00ba F\u00f3rum sobre Prote\u00e7\u00e3o Integrada de Fronteiras no arco Norte-Nordeste - FIEAM\" \/>\n<meta property=\"og:description\" content=\"A Federa\u00e7\u00e3o das Ind\u00fastrias do Estado do Amazonas (FIEAM) recebe at\u00e9 amanh\u00e3 (19) o 1\u00ba F\u00f3rum sobre Prote\u00e7\u00e3o Integrada de Fronteiras no arco Norte-Nordeste, realizado pelo Gabinete de Seguran\u00e7a Institucional da Presid\u00eancia da Rep\u00fablica (GSI\/PR), no Audit\u00f3rio Gilberto Mendes de Azevedo. O evento debate os il\u00edcitos transfronteiri\u00e7os na regi\u00e3o pan-amaz\u00f4nica, com \u00eanfase no tr\u00e1fico de [&hellip;]\" \/>\n<meta property=\"og:url\" content=\"https:\/\/fieam.org.br\/fieam\/16965-2\/\" \/>\n<meta property=\"og:site_name\" content=\"FIEAM\" \/>\n<meta property=\"article:published_time\" content=\"2024-09-18T17:56:51+00:00\" \/>\n<meta property=\"article:modified_time\" content=\"2024-09-18T17:58:57+00:00\" \/>\n<meta property=\"og:image\" content=\"https:\/\/fieam.org.br\/fieam\/wp-content\/uploads\/sites\/9\/2024\/09\/IMG_6499.jpg\" \/>\n\t<meta property=\"og:image:width\" content=\"1500\" \/>\n\t<meta property=\"og:image:height\" content=\"1000\" \/>\n\t<meta property=\"og:image:type\" content=\"image\/jpeg\" \/>\n<meta name=\"author\" content=\"cris\" \/>\n<meta name=\"twitter:card\" content=\"summary_large_image\" \/>\n<meta name=\"twitter:creator\" content=\"@tour-virtual@fieam.org.br\" \/>\n<meta name=\"twitter:label1\" content=\"Escrito por\" \/>\n\t<meta name=\"twitter:data1\" content=\"cris\" \/>\n\t<meta name=\"twitter:label2\" content=\"Est. tempo de leitura\" \/>\n\t<meta name=\"twitter:data2\" content=\"1 minuto\" \/>\n<script type=\"application\/ld+json\" class=\"yoast-schema-graph\">{\"@context\":\"https:\/\/schema.org\",\"@graph\":[{\"@type\":\"Article\",\"@id\":\"https:\/\/fieam.org.br\/fieam\/16965-2\/#article\",\"isPartOf\":{\"@id\":\"https:\/\/fieam.org.br\/fieam\/16965-2\/\"},\"author\":{\"name\":\"cris\",\"@id\":\"https:\/\/fieam.org.br\/fieam\/#\/schema\/person\/ff86678b986855fb9f8d2e599eab31ae\"},\"headline\":\"FIEAM \u00e9 sede do 1\u00ba F\u00f3rum sobre Prote\u00e7\u00e3o Integrada de Fronteiras no arco Norte-Nordeste\",\"datePublished\":\"2024-09-18T17:56:51+00:00\",\"dateModified\":\"2024-09-18T17:58:57+00:00\",\"mainEntityOfPage\":{\"@id\":\"https:\/\/fieam.org.br\/fieam\/16965-2\/\"},\"wordCount\":295,\"commentCount\":0,\"publisher\":{\"@id\":\"https:\/\/fieam.org.br\/fieam\/#organization\"},\"image\":{\"@id\":\"https:\/\/fieam.org.br\/fieam\/16965-2\/#primaryimage\"},\"thumbnailUrl\":\"https:\/\/fieam.org.br\/fieam\/wp-content\/uploads\/sites\/9\/2024\/09\/IMG_6499.jpg\",\"articleSection\":[\"Banner Destaque\",\"News\",\"News Destaque\"],\"inLanguage\":\"pt-BR\",\"potentialAction\":[{\"@type\":\"CommentAction\",\"name\":\"Comment\",\"target\":[\"https:\/\/fieam.org.br\/fieam\/16965-2\/#respond\"]}]},{\"@type\":\"WebPage\",\"@id\":\"https:\/\/fieam.org.br\/fieam\/16965-2\/\",\"url\":\"https:\/\/fieam.org.br\/fieam\/16965-2\/\",\"name\":\"FIEAM \u00e9 sede do 1\u00ba F\u00f3rum sobre Prote\u00e7\u00e3o Integrada de Fronteiras no arco Norte-Nordeste - FIEAM\",\"isPartOf\":{\"@id\":\"https:\/\/fieam.org.br\/fieam\/#website\"},\"primaryImageOfPage\":{\"@id\":\"https:\/\/fieam.org.br\/fieam\/16965-2\/#primaryimage\"},\"image\":{\"@id\":\"https:\/\/fieam.org.br\/fieam\/16965-2\/#primaryimage\"},\"thumbnailUrl\":\"https:\/\/fieam.org.br\/fieam\/wp-content\/uploads\/sites\/9\/2024\/09\/IMG_6499.jpg\",\"datePublished\":\"2024-09-18T17:56:51+00:00\",\"dateModified\":\"2024-09-18T17:58:57+00:00\",\"breadcrumb\":{\"@id\":\"https:\/\/fieam.org.br\/fieam\/16965-2\/#breadcrumb\"},\"inLanguage\":\"pt-BR\",\"potentialAction\":[{\"@type\":\"ReadAction\",\"target\":[\"https:\/\/fieam.org.br\/fieam\/16965-2\/\"]}]},{\"@type\":\"ImageObject\",\"inLanguage\":\"pt-BR\",\"@id\":\"https:\/\/fieam.org.br\/fieam\/16965-2\/#primaryimage\",\"url\":\"https:\/\/fieam.org.br\/fieam\/wp-content\/uploads\/sites\/9\/2024\/09\/IMG_6499.jpg\",\"contentUrl\":\"https:\/\/fieam.org.br\/fieam\/wp-content\/uploads\/sites\/9\/2024\/09\/IMG_6499.jpg\",\"width\":1500,\"height\":1000},{\"@type\":\"BreadcrumbList\",\"@id\":\"https:\/\/fieam.org.br\/fieam\/16965-2\/#breadcrumb\",\"itemListElement\":[{\"@type\":\"ListItem\",\"position\":1,\"name\":\"In\u00edcio\",\"item\":\"https:\/\/fieam.org.br\/fieam\/\"},{\"@type\":\"ListItem\",\"position\":2,\"name\":\"FIEAM \u00e9 sede do 1\u00ba F\u00f3rum sobre Prote\u00e7\u00e3o Integrada de Fronteiras no arco Norte-Nordeste\"}]},{\"@type\":\"WebSite\",\"@id\":\"https:\/\/fieam.org.br\/fieam\/#website\",\"url\":\"https:\/\/fieam.org.br\/fieam\/\",\"name\":\"FIEAM\",\"description\":\"Site Oficial!\",\"publisher\":{\"@id\":\"https:\/\/fieam.org.br\/fieam\/#organization\"},\"potentialAction\":[{\"@type\":\"SearchAction\",\"target\":{\"@type\":\"EntryPoint\",\"urlTemplate\":\"https:\/\/fieam.org.br\/fieam\/?s={search_term_string}\"},\"query-input\":{\"@type\":\"PropertyValueSpecification\",\"valueRequired\":true,\"valueName\":\"search_term_string\"}}],\"inLanguage\":\"pt-BR\"},{\"@type\":\"Organization\",\"@id\":\"https:\/\/fieam.org.br\/fieam\/#organization\",\"name\":\"FIEAM\",\"url\":\"https:\/\/fieam.org.br\/fieam\/\",\"logo\":{\"@type\":\"ImageObject\",\"inLanguage\":\"pt-BR\",\"@id\":\"https:\/\/fieam.org.br\/fieam\/#\/schema\/logo\/image\/\",\"url\":\"https:\/\/fieam.org.br\/fieam\/wp-content\/uploads\/sites\/9\/2024\/03\/cropped-fav.png\",\"contentUrl\":\"https:\/\/fieam.org.br\/fieam\/wp-content\/uploads\/sites\/9\/2024\/03\/cropped-fav.png\",\"width\":597,\"height\":598,\"caption\":\"FIEAM\"},\"image\":{\"@id\":\"https:\/\/fieam.org.br\/fieam\/#\/schema\/logo\/image\/\"}},{\"@type\":\"Person\",\"@id\":\"https:\/\/fieam.org.br\/fieam\/#\/schema\/person\/ff86678b986855fb9f8d2e599eab31ae\",\"name\":\"cris\",\"image\":{\"@type\":\"ImageObject\",\"inLanguage\":\"pt-BR\",\"@id\":\"https:\/\/fieam.org.br\/fieam\/#\/schema\/person\/image\/\",\"url\":\"https:\/\/secure.gravatar.com\/avatar\/e66688f9186abb74f11662d64a816c0971765b5f3721fc721afe90af108548a3?s=96&d=mm&r=g\",\"contentUrl\":\"https:\/\/secure.gravatar.com\/avatar\/e66688f9186abb74f11662d64a816c0971765b5f3721fc721afe90af108548a3?s=96&d=mm&r=g\",\"caption\":\"cris\"},\"sameAs\":[\"https:\/\/x.com\/tour-virtual@fieam.org.br\"],\"url\":\"https:\/\/fieam.org.br\/fieam\/author\/cris\/\"}]}<\/script>\n<!-- \/ Yoast SEO plugin. -->","yoast_head_json":{"title":"FIEAM \u00e9 sede do 1\u00ba F\u00f3rum sobre Prote\u00e7\u00e3o Integrada de Fronteiras no arco Norte-Nordeste - FIEAM","robots":{"index":"index","follow":"follow","max-snippet":"max-snippet:-1","max-image-preview":"max-image-preview:large","max-video-preview":"max-video-preview:-1"},"canonical":"https:\/\/fieam.org.br\/fieam\/16965-2\/","og_locale":"pt_BR","og_type":"article","og_title":"FIEAM \u00e9 sede do 1\u00ba F\u00f3rum sobre Prote\u00e7\u00e3o Integrada de Fronteiras no arco Norte-Nordeste - FIEAM","og_description":"A Federa\u00e7\u00e3o das Ind\u00fastrias do Estado do Amazonas (FIEAM) recebe at\u00e9 amanh\u00e3 (19) o 1\u00ba F\u00f3rum sobre Prote\u00e7\u00e3o Integrada de Fronteiras no arco Norte-Nordeste, realizado pelo Gabinete de Seguran\u00e7a Institucional da Presid\u00eancia da Rep\u00fablica (GSI\/PR), no Audit\u00f3rio Gilberto Mendes de Azevedo. O evento debate os il\u00edcitos transfronteiri\u00e7os na regi\u00e3o pan-amaz\u00f4nica, com \u00eanfase no tr\u00e1fico de [&hellip;]","og_url":"https:\/\/fieam.org.br\/fieam\/16965-2\/","og_site_name":"FIEAM","article_published_time":"2024-09-18T17:56:51+00:00","article_modified_time":"2024-09-18T17:58:57+00:00","og_image":[{"width":1500,"height":1000,"url":"https:\/\/fieam.org.br\/fieam\/wp-content\/uploads\/sites\/9\/2024\/09\/IMG_6499.jpg","type":"image\/jpeg"}],"author":"cris","twitter_card":"summary_large_image","twitter_creator":"@tour-virtual@fieam.org.br","twitter_misc":{"Escrito por":"cris","Est. tempo de leitura":"1 minuto"},"schema":{"@context":"https:\/\/schema.org","@graph":[{"@type":"Article","@id":"https:\/\/fieam.org.br\/fieam\/16965-2\/#article","isPartOf":{"@id":"https:\/\/fieam.org.br\/fieam\/16965-2\/"},"author":{"name":"cris","@id":"https:\/\/fieam.org.br\/fieam\/#\/schema\/person\/ff86678b986855fb9f8d2e599eab31ae"},"headline":"FIEAM \u00e9 sede do 1\u00ba F\u00f3rum sobre Prote\u00e7\u00e3o Integrada de Fronteiras no arco Norte-Nordeste","datePublished":"2024-09-18T17:56:51+00:00","dateModified":"2024-09-18T17:58:57+00:00","mainEntityOfPage":{"@id":"https:\/\/fieam.org.br\/fieam\/16965-2\/"},"wordCount":295,"commentCount":0,"publisher":{"@id":"https:\/\/fieam.org.br\/fieam\/#organization"},"image":{"@id":"https:\/\/fieam.org.br\/fieam\/16965-2\/#primaryimage"},"thumbnailUrl":"https:\/\/fieam.org.br\/fieam\/wp-content\/uploads\/sites\/9\/2024\/09\/IMG_6499.jpg","articleSection":["Banner Destaque","News","News Destaque"],"inLanguage":"pt-BR","potentialAction":[{"@type":"CommentAction","name":"Comment","target":["https:\/\/fieam.org.br\/fieam\/16965-2\/#respond"]}]},{"@type":"WebPage","@id":"https:\/\/fieam.org.br\/fieam\/16965-2\/","url":"https:\/\/fieam.org.br\/fieam\/16965-2\/","name":"FIEAM \u00e9 sede do 1\u00ba F\u00f3rum sobre Prote\u00e7\u00e3o Integrada de Fronteiras no arco Norte-Nordeste - FIEAM","isPartOf":{"@id":"https:\/\/fieam.org.br\/fieam\/#website"},"primaryImageOfPage":{"@id":"https:\/\/fieam.org.br\/fieam\/16965-2\/#primaryimage"},"image":{"@id":"https:\/\/fieam.org.br\/fieam\/16965-2\/#primaryimage"},"thumbnailUrl":"https:\/\/fieam.org.br\/fieam\/wp-content\/uploads\/sites\/9\/2024\/09\/IMG_6499.jpg","datePublished":"2024-09-18T17:56:51+00:00","dateModified":"2024-09-18T17:58:57+00:00","breadcrumb":{"@id":"https:\/\/fieam.org.br\/fieam\/16965-2\/#breadcrumb"},"inLanguage":"pt-BR","potentialAction":[{"@type":"ReadAction","target":["https:\/\/fieam.org.br\/fieam\/16965-2\/"]}]},{"@type":"ImageObject","inLanguage":"pt-BR","@id":"https:\/\/fieam.org.br\/fieam\/16965-2\/#primaryimage","url":"https:\/\/fieam.org.br\/fieam\/wp-content\/uploads\/sites\/9\/2024\/09\/IMG_6499.jpg","contentUrl":"https:\/\/fieam.org.br\/fieam\/wp-content\/uploads\/sites\/9\/2024\/09\/IMG_6499.jpg","width":1500,"height":1000},{"@type":"BreadcrumbList","@id":"https:\/\/fieam.org.br\/fieam\/16965-2\/#breadcrumb","itemListElement":[{"@type":"ListItem","position":1,"name":"In\u00edcio","item":"https:\/\/fieam.org.br\/fieam\/"},{"@type":"ListItem","position":2,"name":"FIEAM \u00e9 sede do 1\u00ba F\u00f3rum sobre Prote\u00e7\u00e3o Integrada de Fronteiras no arco Norte-Nordeste"}]},{"@type":"WebSite","@id":"https:\/\/fieam.org.br\/fieam\/#website","url":"https:\/\/fieam.org.br\/fieam\/","name":"FIEAM","description":"Site Oficial!","publisher":{"@id":"https:\/\/fieam.org.br\/fieam\/#organization"},"potentialAction":[{"@type":"SearchAction","target":{"@type":"EntryPoint","urlTemplate":"https:\/\/fieam.org.br\/fieam\/?s={search_term_string}"},"query-input":{"@type":"PropertyValueSpecification","valueRequired":true,"valueName":"search_term_string"}}],"inLanguage":"pt-BR"},{"@type":"Organization","@id":"https:\/\/fieam.org.br\/fieam\/#organization","name":"FIEAM","url":"https:\/\/fieam.org.br\/fieam\/","logo":{"@type":"ImageObject","inLanguage":"pt-BR","@id":"https:\/\/fieam.org.br\/fieam\/#\/schema\/logo\/image\/","url":"https:\/\/fieam.org.br\/fieam\/wp-content\/uploads\/sites\/9\/2024\/03\/cropped-fav.png","contentUrl":"https:\/\/fieam.org.br\/fieam\/wp-content\/uploads\/sites\/9\/2024\/03\/cropped-fav.png","width":597,"height":598,"caption":"FIEAM"},"image":{"@id":"https:\/\/fieam.org.br\/fieam\/#\/schema\/logo\/image\/"}},{"@type":"Person","@id":"https:\/\/fieam.org.br\/fieam\/#\/schema\/person\/ff86678b986855fb9f8d2e599eab31ae","name":"cris","image":{"@type":"ImageObject","inLanguage":"pt-BR","@id":"https:\/\/fieam.org.br\/fieam\/#\/schema\/person\/image\/","url":"https:\/\/secure.gravatar.com\/avatar\/e66688f9186abb74f11662d64a816c0971765b5f3721fc721afe90af108548a3?s=96&d=mm&r=g","contentUrl":"https:\/\/secure.gravatar.com\/avatar\/e66688f9186abb74f11662d64a816c0971765b5f3721fc721afe90af108548a3?s=96&d=mm&r=g","caption":"cris"},"sameAs":["https:\/\/x.com\/tour-virtual@fieam.org.br"],"url":"https:\/\/fieam.org.br\/fieam\/author\/cris\/"}]}},"_links":{"self":[{"href":"https:\/\/fieam.org.br\/fieam\/wp-json\/wp\/v2\/posts\/16965","targetHints":{"allow":["GET"]}}],"collection":[{"href":"https:\/\/fieam.org.br\/fieam\/wp-json\/wp\/v2\/posts"}],"about":[{"href":"https:\/\/fieam.org.br\/fieam\/wp-json\/wp\/v2\/types\/post"}],"author":[{"embeddable":true,"href":"https:\/\/fieam.org.br\/fieam\/wp-json\/wp\/v2\/users\/9"}],"replies":[{"embeddable":true,"href":"https:\/\/fieam.org.br\/fieam\/wp-json\/wp\/v2\/comments?post=16965"}],"version-history":[{"count":3,"href":"https:\/\/fieam.org.br\/fieam\/wp-json\/wp\/v2\/posts\/16965\/revisions"}],"predecessor-version":[{"id":16969,"href":"https:\/\/fieam.org.br\/fieam\/wp-json\/wp\/v2\/posts\/16965\/revisions\/16969"}],"wp:featuredmedia":[{"embeddable":true,"href":"https:\/\/fieam.org.br\/fieam\/wp-json\/wp\/v2\/media\/16966"}],"wp:attachment":[{"href":"https:\/\/fieam.org.br\/fieam\/wp-json\/wp\/v2\/media?parent=16965"}],"wp:term":[{"taxonomy":"category","embeddable":true,"href":"https:\/\/fieam.org.br\/fieam\/wp-json\/wp\/v2\/categories?post=16965"},{"taxonomy":"post_tag","embeddable":true,"href":"https:\/\/fieam.org.br\/fieam\/wp-json\/wp\/v2\/tags?post=16965"}],"curies":[{"name":"wp","href":"https:\/\/api.w.org\/{rel}","templated":true}]}}