{"id":16904,"date":"2024-07-18T15:36:37","date_gmt":"2024-07-18T15:36:37","guid":{"rendered":"https:\/\/fieam.org.br\/fieam\/?p=16904"},"modified":"2024-07-18T15:52:53","modified_gmt":"2024-07-18T15:52:53","slug":"16904-2","status":"publish","type":"post","link":"https:\/\/fieam.org.br\/fieam\/16904-2\/","title":{"rendered":"Feira da Qualidade 2024 promete programa\u00e7\u00e3o vasta e diversificada"},"content":{"rendered":"<p>De 24 a 27 de setembro, os visitantes do Centro de Conven\u00e7\u00f5es Vasco Vasques ter\u00e3o uma programa\u00e7\u00e3o diversa com a participa\u00e7\u00e3o de mais de 50 marcas expositoras e a oferta de 150 horas de conte\u00fado.<\/p>\n<p>A terceira edi\u00e7\u00e3o da Feira do Programa Qualidade Amazonas promete uma programa\u00e7\u00e3o vasta e diversificada. A edi\u00e7\u00e3o deste ano j\u00e1 conta com mais de 50 marcas expositoras, 20 mil participantes e 150 horas de conte\u00fado programado. Para as empresas, esta \u00e9 a oportunidade para fazer conex\u00f5es poderosas, fechar neg\u00f3cios e celebrar a qualidade de seus produtos e servi\u00e7os, na maior Feira da Qualidade da regi\u00e3o Norte, em quatro dias de oportunidades.<\/p>\n<p>O evento ocorrer\u00e1 entre 24 e 27 de setembro, no Centro de Conven\u00e7\u00f5es Vasco Vasques, situado no bairro Flores, zona Centro-Sul de Manaus. A iniciativa \u00e9 da Fieam (Federa\u00e7\u00e3o das Ind\u00fastrias do Estado do Amazonas), por meio do Dampi (Departamento de Assist\u00eancia \u00e0 M\u00e9dia e Pequena Ind\u00fastria), com apoio do Sebrae-AM (Servi\u00e7o Brasileiro de Apoio \u00e0 Micro e Pequena Empresa \u2013 Se\u00e7\u00e3o Amazonas), Governo do Amazonas e Suframa (Superintend\u00eancia da Zona Franca de Manaus).<\/p>\n<p>Os visitantes poder\u00e3o conferir os espa\u00e7os das organiza\u00e7\u00f5es participantes do PQA, que incluem empresas do PIM (Polo Industrial de Manaus) e tamb\u00e9m estabelecimentos de servi\u00e7os e \u00f3rg\u00e3os p\u00fablicos.<\/p>\n<p>Entre os expositores confirmados est\u00e3o a APTA Consultoria e Treinamento Empresarial; a APTA Tecnologia e Solu\u00e7\u00f5es Industriais; Mahr; e J\u00falia Herrera Hospital de Olhos. A feira contar\u00e1 tamb\u00e9m com palestras e workshops, com uma mostra das mais de 80 empresas que concorrem ao Pr\u00eamio PQA (Pr\u00eamio Qualidade Amazonas) 2024.<\/p>\n<p>A coordenadora do Programa Qualidade Amazonas, gestora do Dampi\/Fieam e organizadora do evento, Erlen L\u00facia Oliveira Montefusco, avalia que o evento \u00e9 uma oportunidade \u00fanica da ind\u00fastria amazonense mostrar n\u00e3o s\u00f3 os seus produtos, mas todo o processo de qualidade que existe por tr\u00e1s dos manufaturados da Zona Franca de Manaus.<\/p>\n<p>\u201cTemos como nosso maior foco as grandes e m\u00e9dias ind\u00fastrias. Mas, tamb\u00e9m vamos ter exposi\u00e7\u00f5es de organiza\u00e7\u00f5es micro e pequenas, que participam do PQA\u201d, pontuou.<\/p>\n<p><strong>Pr\u00eamio e conscientiza\u00e7\u00e3o<\/strong><\/p>\n<p>A Feira do Programa Qualidade Amazonas \u00e9 uma oportunidade da organiza\u00e7\u00e3o fortalecer a import\u00e2ncia da qualidade e expor sua marca, produtos e servi\u00e7os a um p\u00fablico qualificado, abrindo portas para novos neg\u00f3cios.<\/p>\n<p>O evento est\u00e1 integrado ao PQA (Programa Qualidade Amazonas), que visa disponibilizar metodologias e ferramentas para a melhoria da qualidade de produtos e processos do PIM e, posteriormente, de organiza\u00e7\u00f5es p\u00fablicas e privadas de todos os segmentos.<\/p>\n<p>O pr\u00eamio, que tem a mesma sigla como nome, \u00e9 concedido desde 1994 e, neste ano, teve um aumento de 30% no n\u00famero inscri\u00e7\u00f5es, com mais de 80 organiza\u00e7\u00f5es no p\u00e1reo.<\/p>\n<p>Erlen Montefusco destaca, no entanto, que a feira n\u00e3o \u00e9 s\u00f3 para quem est\u00e1 escrito no processo de premia\u00e7\u00e3o do PQA.<\/p>\n<p>\u201cO evento \u00e9 destinado tamb\u00e9m para organiza\u00e7\u00f5es que, nesse momento, por algum motivo, n\u00e3o quiseram apresentar projetos, mas que desejam expor o seu processo de qualidade. Assim como as academias. Este \u00e9 um momento \u00fanico de trazer os estudantes mais perto da realidade da ind\u00fastria. At\u00e9 para que eles possam definir, entre todas as \u00e1reas, as suas necessidades, al\u00e9m de conhecer um pouco mais como funcionam as empresas do Polo Industrial de Manaus\u201d, salientou.<\/p>\n<p>A gestora do Dampi\/Fieam destaca que a feira foi criada com o objetivo de fazer um trabalho de conscientiza\u00e7\u00e3o com o consumidor final, que n\u00e3o \u00e9 o primeiro contato da ind\u00fastria, embora seus produtos sejam voltados para ele.<\/p>\n<p>\u201cPorque, a partir do momento em que voc\u00ea conhece todo esse processo por tr\u00e1s do desenvolvimento de um produto, certamente vai fazer uso dele de forma diferenciada. Antes de cortar o escapamento de uma moto que voc\u00ea compre, por exemplo, vai ter a oportunidade de conhecer o processo de qualidade por tr\u00e1s disso e o motivo pelo qual ele deve ser desse jeito\u201d, finalizou.<\/p>\n<p>&nbsp;<\/p>\n<p><strong>Servi\u00e7o:<\/strong> SAVE THE DATE<\/p>\n<p><strong>O que?<\/strong> Terceira Feira da Qualidade<\/p>\n<p><strong>Quando?<\/strong> 24 a 27 de setembro<\/p>\n<p><strong>Onde?<\/strong> Centro de Conven\u00e7\u00f5es Vasco Vasques<\/p>\n<p><strong>Endere\u00e7o:<\/strong> Av. Constantino Nery, 5001 &#8211; Flores &#8211; Manaus &#8211; AM<\/p>\n<p>&nbsp;<\/p>\n<p>Contatos para agendar espa\u00e7o: (92) 3186-6640 \/ 3186-6641 \/ 98212-0016 (WhatsApp\/telefone)<\/p>\n<p>Fotos: Antonia Coelho<\/p>\n","protected":false},"excerpt":{"rendered":"<p>De 24 a 27 de setembro, os visitantes do Centro de Conven\u00e7\u00f5es Vasco Vasques ter\u00e3o uma programa\u00e7\u00e3o diversa com a participa\u00e7\u00e3o de mais de 50 marcas expositoras e a oferta de 150 horas de conte\u00fado. A terceira edi\u00e7\u00e3o da Feira do Programa Qualidade Amazonas promete uma programa\u00e7\u00e3o vasta e diversificada. A edi\u00e7\u00e3o deste ano j\u00e1 [&hellip;]<\/p>\n","protected":false},"author":9,"featured_media":16905,"comment_status":"open","ping_status":"open","sticky":false,"template":"","format":"standard","meta":{"footnotes":""},"categories":[28,1,29,30],"tags":[],"class_list":["post-16904","post","type-post","status-publish","format-standard","has-post-thumbnail","hentry","category-banner-destaque","category-geral","category-news","category-news_destaque"],"yoast_head":"<!-- This site is optimized with the Yoast SEO plugin v26.8 - https:\/\/yoast.com\/product\/yoast-seo-wordpress\/ -->\n<title>Feira da Qualidade 2024 promete programa\u00e7\u00e3o vasta e diversificada - FIEAM<\/title>\n<meta name=\"robots\" content=\"index, follow, max-snippet:-1, max-image-preview:large, max-video-preview:-1\" \/>\n<link rel=\"canonical\" href=\"https:\/\/fieam.org.br\/fieam\/16904-2\/\" \/>\n<meta property=\"og:locale\" content=\"pt_BR\" \/>\n<meta property=\"og:type\" content=\"article\" \/>\n<meta property=\"og:title\" content=\"Feira da Qualidade 2024 promete programa\u00e7\u00e3o vasta e diversificada - FIEAM\" \/>\n<meta property=\"og:description\" content=\"De 24 a 27 de setembro, os visitantes do Centro de Conven\u00e7\u00f5es Vasco Vasques ter\u00e3o uma programa\u00e7\u00e3o diversa com a participa\u00e7\u00e3o de mais de 50 marcas expositoras e a oferta de 150 horas de conte\u00fado. A terceira edi\u00e7\u00e3o da Feira do Programa Qualidade Amazonas promete uma programa\u00e7\u00e3o vasta e diversificada. A edi\u00e7\u00e3o deste ano j\u00e1 [&hellip;]\" \/>\n<meta property=\"og:url\" content=\"https:\/\/fieam.org.br\/fieam\/16904-2\/\" \/>\n<meta property=\"og:site_name\" content=\"FIEAM\" \/>\n<meta property=\"article:published_time\" content=\"2024-07-18T15:36:37+00:00\" \/>\n<meta property=\"article:modified_time\" content=\"2024-07-18T15:52:53+00:00\" \/>\n<meta property=\"og:image\" content=\"https:\/\/fieam.org.br\/fieam\/wp-content\/uploads\/sites\/9\/2024\/07\/WhatsApp-Image-2024-07-11-at-11.04.40.jpeg\" \/>\n\t<meta property=\"og:image:width\" content=\"1600\" \/>\n\t<meta property=\"og:image:height\" content=\"1066\" \/>\n\t<meta property=\"og:image:type\" content=\"image\/jpeg\" \/>\n<meta name=\"author\" content=\"cris\" \/>\n<meta name=\"twitter:card\" content=\"summary_large_image\" \/>\n<meta name=\"twitter:creator\" content=\"@tour-virtual@fieam.org.br\" \/>\n<meta name=\"twitter:label1\" content=\"Escrito por\" \/>\n\t<meta name=\"twitter:data1\" content=\"cris\" \/>\n\t<meta name=\"twitter:label2\" content=\"Est. tempo de leitura\" \/>\n\t<meta name=\"twitter:data2\" content=\"4 minutos\" \/>\n<script type=\"application\/ld+json\" class=\"yoast-schema-graph\">{\"@context\":\"https:\/\/schema.org\",\"@graph\":[{\"@type\":\"Article\",\"@id\":\"https:\/\/fieam.org.br\/fieam\/16904-2\/#article\",\"isPartOf\":{\"@id\":\"https:\/\/fieam.org.br\/fieam\/16904-2\/\"},\"author\":{\"name\":\"cris\",\"@id\":\"https:\/\/fieam.org.br\/fieam\/#\/schema\/person\/ff86678b986855fb9f8d2e599eab31ae\"},\"headline\":\"Feira da Qualidade 2024 promete programa\u00e7\u00e3o vasta e diversificada\",\"datePublished\":\"2024-07-18T15:36:37+00:00\",\"dateModified\":\"2024-07-18T15:52:53+00:00\",\"mainEntityOfPage\":{\"@id\":\"https:\/\/fieam.org.br\/fieam\/16904-2\/\"},\"wordCount\":736,\"commentCount\":0,\"publisher\":{\"@id\":\"https:\/\/fieam.org.br\/fieam\/#organization\"},\"image\":{\"@id\":\"https:\/\/fieam.org.br\/fieam\/16904-2\/#primaryimage\"},\"thumbnailUrl\":\"https:\/\/fieam.org.br\/fieam\/wp-content\/uploads\/sites\/9\/2024\/07\/WhatsApp-Image-2024-07-11-at-11.04.40.jpeg\",\"articleSection\":[\"Banner Destaque\",\"Geral\",\"News\",\"News Destaque\"],\"inLanguage\":\"pt-BR\",\"potentialAction\":[{\"@type\":\"CommentAction\",\"name\":\"Comment\",\"target\":[\"https:\/\/fieam.org.br\/fieam\/16904-2\/#respond\"]}]},{\"@type\":\"WebPage\",\"@id\":\"https:\/\/fieam.org.br\/fieam\/16904-2\/\",\"url\":\"https:\/\/fieam.org.br\/fieam\/16904-2\/\",\"name\":\"Feira da Qualidade 2024 promete programa\u00e7\u00e3o vasta e diversificada - FIEAM\",\"isPartOf\":{\"@id\":\"https:\/\/fieam.org.br\/fieam\/#website\"},\"primaryImageOfPage\":{\"@id\":\"https:\/\/fieam.org.br\/fieam\/16904-2\/#primaryimage\"},\"image\":{\"@id\":\"https:\/\/fieam.org.br\/fieam\/16904-2\/#primaryimage\"},\"thumbnailUrl\":\"https:\/\/fieam.org.br\/fieam\/wp-content\/uploads\/sites\/9\/2024\/07\/WhatsApp-Image-2024-07-11-at-11.04.40.jpeg\",\"datePublished\":\"2024-07-18T15:36:37+00:00\",\"dateModified\":\"2024-07-18T15:52:53+00:00\",\"breadcrumb\":{\"@id\":\"https:\/\/fieam.org.br\/fieam\/16904-2\/#breadcrumb\"},\"inLanguage\":\"pt-BR\",\"potentialAction\":[{\"@type\":\"ReadAction\",\"target\":[\"https:\/\/fieam.org.br\/fieam\/16904-2\/\"]}]},{\"@type\":\"ImageObject\",\"inLanguage\":\"pt-BR\",\"@id\":\"https:\/\/fieam.org.br\/fieam\/16904-2\/#primaryimage\",\"url\":\"https:\/\/fieam.org.br\/fieam\/wp-content\/uploads\/sites\/9\/2024\/07\/WhatsApp-Image-2024-07-11-at-11.04.40.jpeg\",\"contentUrl\":\"https:\/\/fieam.org.br\/fieam\/wp-content\/uploads\/sites\/9\/2024\/07\/WhatsApp-Image-2024-07-11-at-11.04.40.jpeg\",\"width\":1600,\"height\":1066},{\"@type\":\"BreadcrumbList\",\"@id\":\"https:\/\/fieam.org.br\/fieam\/16904-2\/#breadcrumb\",\"itemListElement\":[{\"@type\":\"ListItem\",\"position\":1,\"name\":\"In\u00edcio\",\"item\":\"https:\/\/fieam.org.br\/fieam\/\"},{\"@type\":\"ListItem\",\"position\":2,\"name\":\"Feira da Qualidade 2024 promete programa\u00e7\u00e3o vasta e diversificada\"}]},{\"@type\":\"WebSite\",\"@id\":\"https:\/\/fieam.org.br\/fieam\/#website\",\"url\":\"https:\/\/fieam.org.br\/fieam\/\",\"name\":\"FIEAM\",\"description\":\"Site Oficial!\",\"publisher\":{\"@id\":\"https:\/\/fieam.org.br\/fieam\/#organization\"},\"potentialAction\":[{\"@type\":\"SearchAction\",\"target\":{\"@type\":\"EntryPoint\",\"urlTemplate\":\"https:\/\/fieam.org.br\/fieam\/?s={search_term_string}\"},\"query-input\":{\"@type\":\"PropertyValueSpecification\",\"valueRequired\":true,\"valueName\":\"search_term_string\"}}],\"inLanguage\":\"pt-BR\"},{\"@type\":\"Organization\",\"@id\":\"https:\/\/fieam.org.br\/fieam\/#organization\",\"name\":\"FIEAM\",\"url\":\"https:\/\/fieam.org.br\/fieam\/\",\"logo\":{\"@type\":\"ImageObject\",\"inLanguage\":\"pt-BR\",\"@id\":\"https:\/\/fieam.org.br\/fieam\/#\/schema\/logo\/image\/\",\"url\":\"https:\/\/fieam.org.br\/fieam\/wp-content\/uploads\/sites\/9\/2024\/03\/cropped-fav.png\",\"contentUrl\":\"https:\/\/fieam.org.br\/fieam\/wp-content\/uploads\/sites\/9\/2024\/03\/cropped-fav.png\",\"width\":597,\"height\":598,\"caption\":\"FIEAM\"},\"image\":{\"@id\":\"https:\/\/fieam.org.br\/fieam\/#\/schema\/logo\/image\/\"}},{\"@type\":\"Person\",\"@id\":\"https:\/\/fieam.org.br\/fieam\/#\/schema\/person\/ff86678b986855fb9f8d2e599eab31ae\",\"name\":\"cris\",\"image\":{\"@type\":\"ImageObject\",\"inLanguage\":\"pt-BR\",\"@id\":\"https:\/\/fieam.org.br\/fieam\/#\/schema\/person\/image\/\",\"url\":\"https:\/\/secure.gravatar.com\/avatar\/e66688f9186abb74f11662d64a816c0971765b5f3721fc721afe90af108548a3?s=96&d=mm&r=g\",\"contentUrl\":\"https:\/\/secure.gravatar.com\/avatar\/e66688f9186abb74f11662d64a816c0971765b5f3721fc721afe90af108548a3?s=96&d=mm&r=g\",\"caption\":\"cris\"},\"sameAs\":[\"https:\/\/x.com\/tour-virtual@fieam.org.br\"],\"url\":\"https:\/\/fieam.org.br\/fieam\/author\/cris\/\"}]}<\/script>\n<!-- \/ Yoast SEO plugin. -->","yoast_head_json":{"title":"Feira da Qualidade 2024 promete programa\u00e7\u00e3o vasta e diversificada - FIEAM","robots":{"index":"index","follow":"follow","max-snippet":"max-snippet:-1","max-image-preview":"max-image-preview:large","max-video-preview":"max-video-preview:-1"},"canonical":"https:\/\/fieam.org.br\/fieam\/16904-2\/","og_locale":"pt_BR","og_type":"article","og_title":"Feira da Qualidade 2024 promete programa\u00e7\u00e3o vasta e diversificada - FIEAM","og_description":"De 24 a 27 de setembro, os visitantes do Centro de Conven\u00e7\u00f5es Vasco Vasques ter\u00e3o uma programa\u00e7\u00e3o diversa com a participa\u00e7\u00e3o de mais de 50 marcas expositoras e a oferta de 150 horas de conte\u00fado. A terceira edi\u00e7\u00e3o da Feira do Programa Qualidade Amazonas promete uma programa\u00e7\u00e3o vasta e diversificada. A edi\u00e7\u00e3o deste ano j\u00e1 [&hellip;]","og_url":"https:\/\/fieam.org.br\/fieam\/16904-2\/","og_site_name":"FIEAM","article_published_time":"2024-07-18T15:36:37+00:00","article_modified_time":"2024-07-18T15:52:53+00:00","og_image":[{"width":1600,"height":1066,"url":"https:\/\/fieam.org.br\/fieam\/wp-content\/uploads\/sites\/9\/2024\/07\/WhatsApp-Image-2024-07-11-at-11.04.40.jpeg","type":"image\/jpeg"}],"author":"cris","twitter_card":"summary_large_image","twitter_creator":"@tour-virtual@fieam.org.br","twitter_misc":{"Escrito por":"cris","Est. tempo de leitura":"4 minutos"},"schema":{"@context":"https:\/\/schema.org","@graph":[{"@type":"Article","@id":"https:\/\/fieam.org.br\/fieam\/16904-2\/#article","isPartOf":{"@id":"https:\/\/fieam.org.br\/fieam\/16904-2\/"},"author":{"name":"cris","@id":"https:\/\/fieam.org.br\/fieam\/#\/schema\/person\/ff86678b986855fb9f8d2e599eab31ae"},"headline":"Feira da Qualidade 2024 promete programa\u00e7\u00e3o vasta e diversificada","datePublished":"2024-07-18T15:36:37+00:00","dateModified":"2024-07-18T15:52:53+00:00","mainEntityOfPage":{"@id":"https:\/\/fieam.org.br\/fieam\/16904-2\/"},"wordCount":736,"commentCount":0,"publisher":{"@id":"https:\/\/fieam.org.br\/fieam\/#organization"},"image":{"@id":"https:\/\/fieam.org.br\/fieam\/16904-2\/#primaryimage"},"thumbnailUrl":"https:\/\/fieam.org.br\/fieam\/wp-content\/uploads\/sites\/9\/2024\/07\/WhatsApp-Image-2024-07-11-at-11.04.40.jpeg","articleSection":["Banner Destaque","Geral","News","News Destaque"],"inLanguage":"pt-BR","potentialAction":[{"@type":"CommentAction","name":"Comment","target":["https:\/\/fieam.org.br\/fieam\/16904-2\/#respond"]}]},{"@type":"WebPage","@id":"https:\/\/fieam.org.br\/fieam\/16904-2\/","url":"https:\/\/fieam.org.br\/fieam\/16904-2\/","name":"Feira da Qualidade 2024 promete programa\u00e7\u00e3o vasta e diversificada - FIEAM","isPartOf":{"@id":"https:\/\/fieam.org.br\/fieam\/#website"},"primaryImageOfPage":{"@id":"https:\/\/fieam.org.br\/fieam\/16904-2\/#primaryimage"},"image":{"@id":"https:\/\/fieam.org.br\/fieam\/16904-2\/#primaryimage"},"thumbnailUrl":"https:\/\/fieam.org.br\/fieam\/wp-content\/uploads\/sites\/9\/2024\/07\/WhatsApp-Image-2024-07-11-at-11.04.40.jpeg","datePublished":"2024-07-18T15:36:37+00:00","dateModified":"2024-07-18T15:52:53+00:00","breadcrumb":{"@id":"https:\/\/fieam.org.br\/fieam\/16904-2\/#breadcrumb"},"inLanguage":"pt-BR","potentialAction":[{"@type":"ReadAction","target":["https:\/\/fieam.org.br\/fieam\/16904-2\/"]}]},{"@type":"ImageObject","inLanguage":"pt-BR","@id":"https:\/\/fieam.org.br\/fieam\/16904-2\/#primaryimage","url":"https:\/\/fieam.org.br\/fieam\/wp-content\/uploads\/sites\/9\/2024\/07\/WhatsApp-Image-2024-07-11-at-11.04.40.jpeg","contentUrl":"https:\/\/fieam.org.br\/fieam\/wp-content\/uploads\/sites\/9\/2024\/07\/WhatsApp-Image-2024-07-11-at-11.04.40.jpeg","width":1600,"height":1066},{"@type":"BreadcrumbList","@id":"https:\/\/fieam.org.br\/fieam\/16904-2\/#breadcrumb","itemListElement":[{"@type":"ListItem","position":1,"name":"In\u00edcio","item":"https:\/\/fieam.org.br\/fieam\/"},{"@type":"ListItem","position":2,"name":"Feira da Qualidade 2024 promete programa\u00e7\u00e3o vasta e diversificada"}]},{"@type":"WebSite","@id":"https:\/\/fieam.org.br\/fieam\/#website","url":"https:\/\/fieam.org.br\/fieam\/","name":"FIEAM","description":"Site Oficial!","publisher":{"@id":"https:\/\/fieam.org.br\/fieam\/#organization"},"potentialAction":[{"@type":"SearchAction","target":{"@type":"EntryPoint","urlTemplate":"https:\/\/fieam.org.br\/fieam\/?s={search_term_string}"},"query-input":{"@type":"PropertyValueSpecification","valueRequired":true,"valueName":"search_term_string"}}],"inLanguage":"pt-BR"},{"@type":"Organization","@id":"https:\/\/fieam.org.br\/fieam\/#organization","name":"FIEAM","url":"https:\/\/fieam.org.br\/fieam\/","logo":{"@type":"ImageObject","inLanguage":"pt-BR","@id":"https:\/\/fieam.org.br\/fieam\/#\/schema\/logo\/image\/","url":"https:\/\/fieam.org.br\/fieam\/wp-content\/uploads\/sites\/9\/2024\/03\/cropped-fav.png","contentUrl":"https:\/\/fieam.org.br\/fieam\/wp-content\/uploads\/sites\/9\/2024\/03\/cropped-fav.png","width":597,"height":598,"caption":"FIEAM"},"image":{"@id":"https:\/\/fieam.org.br\/fieam\/#\/schema\/logo\/image\/"}},{"@type":"Person","@id":"https:\/\/fieam.org.br\/fieam\/#\/schema\/person\/ff86678b986855fb9f8d2e599eab31ae","name":"cris","image":{"@type":"ImageObject","inLanguage":"pt-BR","@id":"https:\/\/fieam.org.br\/fieam\/#\/schema\/person\/image\/","url":"https:\/\/secure.gravatar.com\/avatar\/e66688f9186abb74f11662d64a816c0971765b5f3721fc721afe90af108548a3?s=96&d=mm&r=g","contentUrl":"https:\/\/secure.gravatar.com\/avatar\/e66688f9186abb74f11662d64a816c0971765b5f3721fc721afe90af108548a3?s=96&d=mm&r=g","caption":"cris"},"sameAs":["https:\/\/x.com\/tour-virtual@fieam.org.br"],"url":"https:\/\/fieam.org.br\/fieam\/author\/cris\/"}]}},"_links":{"self":[{"href":"https:\/\/fieam.org.br\/fieam\/wp-json\/wp\/v2\/posts\/16904","targetHints":{"allow":["GET"]}}],"collection":[{"href":"https:\/\/fieam.org.br\/fieam\/wp-json\/wp\/v2\/posts"}],"about":[{"href":"https:\/\/fieam.org.br\/fieam\/wp-json\/wp\/v2\/types\/post"}],"author":[{"embeddable":true,"href":"https:\/\/fieam.org.br\/fieam\/wp-json\/wp\/v2\/users\/9"}],"replies":[{"embeddable":true,"href":"https:\/\/fieam.org.br\/fieam\/wp-json\/wp\/v2\/comments?post=16904"}],"version-history":[{"count":2,"href":"https:\/\/fieam.org.br\/fieam\/wp-json\/wp\/v2\/posts\/16904\/revisions"}],"predecessor-version":[{"id":16907,"href":"https:\/\/fieam.org.br\/fieam\/wp-json\/wp\/v2\/posts\/16904\/revisions\/16907"}],"wp:featuredmedia":[{"embeddable":true,"href":"https:\/\/fieam.org.br\/fieam\/wp-json\/wp\/v2\/media\/16905"}],"wp:attachment":[{"href":"https:\/\/fieam.org.br\/fieam\/wp-json\/wp\/v2\/media?parent=16904"}],"wp:term":[{"taxonomy":"category","embeddable":true,"href":"https:\/\/fieam.org.br\/fieam\/wp-json\/wp\/v2\/categories?post=16904"},{"taxonomy":"post_tag","embeddable":true,"href":"https:\/\/fieam.org.br\/fieam\/wp-json\/wp\/v2\/tags?post=16904"}],"curies":[{"name":"wp","href":"https:\/\/api.w.org\/{rel}","templated":true}]}}