{"id":16887,"date":"2024-07-03T13:22:35","date_gmt":"2024-07-03T13:22:35","guid":{"rendered":"https:\/\/fieam.org.br\/fieam\/?p=16887"},"modified":"2024-07-03T13:22:35","modified_gmt":"2024-07-03T13:22:35","slug":"fieam-oferece-evento-gratuito-sobre-transformacao-digital-para-micro-e-pequenos-empreendedores","status":"publish","type":"post","link":"https:\/\/fieam.org.br\/fieam\/fieam-oferece-evento-gratuito-sobre-transformacao-digital-para-micro-e-pequenos-empreendedores\/","title":{"rendered":"FIEAM oferece evento gratuito sobre transforma\u00e7\u00e3o digital para micro e pequenos empreendedores"},"content":{"rendered":"<p>Os desafios e import\u00e2ncia da transforma\u00e7\u00e3o digital para pequenos e micro empreendimento ser\u00e1 tema de evento gratuito com o palestrante Matheus Pedrosa, CEO da Fral\u00eda Cacau Brasil, nesta quinta-feira, 4, \u00e0s 15h30, no Audit\u00f3rio da Federa\u00e7\u00e3o das Ind\u00fastrias do Estado do Amazonas, na Avenida Joaquim Nabuco, 1919, Centro. O evento \u00e9 uma promo\u00e7\u00e3o da Federa\u00e7\u00e3o das Ind\u00fastrias do Estado do Amazonas (FIEAM), por meio do Departamento de Assist\u00eancia a M\u00e9dias e Pequenas Ind\u00fastria (DAMPI), em parceria com o Servi\u00e7o de Apoio \u00e0s Micro e Pequenas Empresas (Sebrae) e Confedera\u00e7\u00e3o Nacional da Ind\u00fastria (CNI).<\/p>\n<p>Pedrosa atua como presidente do Conselho de Tecnologia e Inova\u00e7\u00e3o da Ind\u00fastria na Federa\u00e7\u00e3o das Ind\u00fastrias do Estado de Minas Gerais (FIEMG), onde tamb\u00e9m \u00e9 conselheiro estrat\u00e9gico h\u00e1 mais de dois anos. A Fral\u00eda, empresa da qual \u00e9 diretor acionista, valoriza o di\u00e1logo, a inova\u00e7\u00e3o e a competitividade como caminho para o sucesso. \u201cA Fral\u00eda entende o cacau de forma global, valorizando a produ\u00e7\u00e3o regional sem esquecer de pensar e representar o Brasil em todo o mundo\u201d, afirma o CEO.<\/p>\n<p>O evento \u00e9 viabilizado por meio do Programa de Apoio \u00e0 Competitividade das Micro e Pequenas Ind\u00fastrias (Procomp), com o apoio do Sebrae. De acordo com a institui\u00e7\u00e3o, a transforma\u00e7\u00e3o digital tornou-se um diferencial competitivo, aquilo que faz com que um cliente possa escolher uma determinada empresa para suas transa\u00e7\u00f5es em rela\u00e7\u00e3o \u00e0s outras que est\u00e3o no mercado. Nesse sentido, \u00e9 fundamental que a empresa se mantenha competitiva. \u00c9 importante ressaltar que os custos financeiros para implanta\u00e7\u00e3o de tecnologias digitais est\u00e3o bastante acess\u00edveis para os pequenos neg\u00f3cios.<\/p>\n<p>Para se inscrever no evento o interessado deve entrar em contato pelos n\u00fameros (92) 3186-6644, pelo WhatsApp (92) 99178-7170 ou pelo e-mail <a href=\"mailto:regina.marques@fieam.org.br\">regina.marques@fieam.org.br<\/a>.<\/p>\n","protected":false},"excerpt":{"rendered":"<p>Os desafios e import\u00e2ncia da transforma\u00e7\u00e3o digital para pequenos e micro empreendimento ser\u00e1 tema de evento gratuito com o palestrante Matheus Pedrosa, CEO da Fral\u00eda Cacau Brasil, nesta quinta-feira, 4, \u00e0s 15h30, no Audit\u00f3rio da Federa\u00e7\u00e3o das Ind\u00fastrias do Estado do Amazonas, na Avenida Joaquim Nabuco, 1919, Centro. O evento \u00e9 uma promo\u00e7\u00e3o da Federa\u00e7\u00e3o [&hellip;]<\/p>\n","protected":false},"author":9,"featured_media":16888,"comment_status":"open","ping_status":"open","sticky":false,"template":"","format":"standard","meta":{"footnotes":""},"categories":[28,1,29,30],"tags":[],"class_list":["post-16887","post","type-post","status-publish","format-standard","has-post-thumbnail","hentry","category-banner-destaque","category-geral","category-news","category-news_destaque"],"yoast_head":"<!-- This site is optimized with the Yoast SEO plugin v26.8 - https:\/\/yoast.com\/product\/yoast-seo-wordpress\/ -->\n<title>FIEAM oferece evento gratuito sobre transforma\u00e7\u00e3o digital para micro e pequenos empreendedores - FIEAM<\/title>\n<meta name=\"robots\" content=\"index, follow, max-snippet:-1, max-image-preview:large, max-video-preview:-1\" \/>\n<link rel=\"canonical\" href=\"https:\/\/fieam.org.br\/fieam\/fieam-oferece-evento-gratuito-sobre-transformacao-digital-para-micro-e-pequenos-empreendedores\/\" \/>\n<meta property=\"og:locale\" content=\"pt_BR\" \/>\n<meta property=\"og:type\" content=\"article\" \/>\n<meta property=\"og:title\" content=\"FIEAM oferece evento gratuito sobre transforma\u00e7\u00e3o digital para micro e pequenos empreendedores - FIEAM\" \/>\n<meta property=\"og:description\" content=\"Os desafios e import\u00e2ncia da transforma\u00e7\u00e3o digital para pequenos e micro empreendimento ser\u00e1 tema de evento gratuito com o palestrante Matheus Pedrosa, CEO da Fral\u00eda Cacau Brasil, nesta quinta-feira, 4, \u00e0s 15h30, no Audit\u00f3rio da Federa\u00e7\u00e3o das Ind\u00fastrias do Estado do Amazonas, na Avenida Joaquim Nabuco, 1919, Centro. O evento \u00e9 uma promo\u00e7\u00e3o da Federa\u00e7\u00e3o [&hellip;]\" \/>\n<meta property=\"og:url\" content=\"https:\/\/fieam.org.br\/fieam\/fieam-oferece-evento-gratuito-sobre-transformacao-digital-para-micro-e-pequenos-empreendedores\/\" \/>\n<meta property=\"og:site_name\" content=\"FIEAM\" \/>\n<meta property=\"article:published_time\" content=\"2024-07-03T13:22:35+00:00\" \/>\n<meta property=\"og:image\" content=\"https:\/\/fieam.org.br\/fieam\/wp-content\/uploads\/sites\/9\/2024\/07\/DAMPI-PALESTRA-PROJETO-PROCOMPI.jpg\" \/>\n\t<meta property=\"og:image:width\" content=\"1083\" \/>\n\t<meta property=\"og:image:height\" content=\"1353\" \/>\n\t<meta property=\"og:image:type\" content=\"image\/jpeg\" \/>\n<meta name=\"author\" content=\"cris\" \/>\n<meta name=\"twitter:card\" content=\"summary_large_image\" \/>\n<meta name=\"twitter:creator\" content=\"@tour-virtual@fieam.org.br\" \/>\n<meta name=\"twitter:label1\" content=\"Escrito por\" \/>\n\t<meta name=\"twitter:data1\" content=\"cris\" \/>\n\t<meta name=\"twitter:label2\" content=\"Est. tempo de leitura\" \/>\n\t<meta name=\"twitter:data2\" content=\"2 minutos\" \/>\n<script type=\"application\/ld+json\" class=\"yoast-schema-graph\">{\"@context\":\"https:\/\/schema.org\",\"@graph\":[{\"@type\":\"Article\",\"@id\":\"https:\/\/fieam.org.br\/fieam\/fieam-oferece-evento-gratuito-sobre-transformacao-digital-para-micro-e-pequenos-empreendedores\/#article\",\"isPartOf\":{\"@id\":\"https:\/\/fieam.org.br\/fieam\/fieam-oferece-evento-gratuito-sobre-transformacao-digital-para-micro-e-pequenos-empreendedores\/\"},\"author\":{\"name\":\"cris\",\"@id\":\"https:\/\/fieam.org.br\/fieam\/#\/schema\/person\/ff86678b986855fb9f8d2e599eab31ae\"},\"headline\":\"FIEAM oferece evento gratuito sobre transforma\u00e7\u00e3o digital para micro e pequenos empreendedores\",\"datePublished\":\"2024-07-03T13:22:35+00:00\",\"mainEntityOfPage\":{\"@id\":\"https:\/\/fieam.org.br\/fieam\/fieam-oferece-evento-gratuito-sobre-transformacao-digital-para-micro-e-pequenos-empreendedores\/\"},\"wordCount\":326,\"commentCount\":0,\"publisher\":{\"@id\":\"https:\/\/fieam.org.br\/fieam\/#organization\"},\"image\":{\"@id\":\"https:\/\/fieam.org.br\/fieam\/fieam-oferece-evento-gratuito-sobre-transformacao-digital-para-micro-e-pequenos-empreendedores\/#primaryimage\"},\"thumbnailUrl\":\"https:\/\/fieam.org.br\/fieam\/wp-content\/uploads\/sites\/9\/2024\/07\/DAMPI-PALESTRA-PROJETO-PROCOMPI.jpg\",\"articleSection\":[\"Banner Destaque\",\"Geral\",\"News\",\"News Destaque\"],\"inLanguage\":\"pt-BR\",\"potentialAction\":[{\"@type\":\"CommentAction\",\"name\":\"Comment\",\"target\":[\"https:\/\/fieam.org.br\/fieam\/fieam-oferece-evento-gratuito-sobre-transformacao-digital-para-micro-e-pequenos-empreendedores\/#respond\"]}]},{\"@type\":\"WebPage\",\"@id\":\"https:\/\/fieam.org.br\/fieam\/fieam-oferece-evento-gratuito-sobre-transformacao-digital-para-micro-e-pequenos-empreendedores\/\",\"url\":\"https:\/\/fieam.org.br\/fieam\/fieam-oferece-evento-gratuito-sobre-transformacao-digital-para-micro-e-pequenos-empreendedores\/\",\"name\":\"FIEAM oferece evento gratuito sobre transforma\u00e7\u00e3o digital para micro e pequenos empreendedores - FIEAM\",\"isPartOf\":{\"@id\":\"https:\/\/fieam.org.br\/fieam\/#website\"},\"primaryImageOfPage\":{\"@id\":\"https:\/\/fieam.org.br\/fieam\/fieam-oferece-evento-gratuito-sobre-transformacao-digital-para-micro-e-pequenos-empreendedores\/#primaryimage\"},\"image\":{\"@id\":\"https:\/\/fieam.org.br\/fieam\/fieam-oferece-evento-gratuito-sobre-transformacao-digital-para-micro-e-pequenos-empreendedores\/#primaryimage\"},\"thumbnailUrl\":\"https:\/\/fieam.org.br\/fieam\/wp-content\/uploads\/sites\/9\/2024\/07\/DAMPI-PALESTRA-PROJETO-PROCOMPI.jpg\",\"datePublished\":\"2024-07-03T13:22:35+00:00\",\"breadcrumb\":{\"@id\":\"https:\/\/fieam.org.br\/fieam\/fieam-oferece-evento-gratuito-sobre-transformacao-digital-para-micro-e-pequenos-empreendedores\/#breadcrumb\"},\"inLanguage\":\"pt-BR\",\"potentialAction\":[{\"@type\":\"ReadAction\",\"target\":[\"https:\/\/fieam.org.br\/fieam\/fieam-oferece-evento-gratuito-sobre-transformacao-digital-para-micro-e-pequenos-empreendedores\/\"]}]},{\"@type\":\"ImageObject\",\"inLanguage\":\"pt-BR\",\"@id\":\"https:\/\/fieam.org.br\/fieam\/fieam-oferece-evento-gratuito-sobre-transformacao-digital-para-micro-e-pequenos-empreendedores\/#primaryimage\",\"url\":\"https:\/\/fieam.org.br\/fieam\/wp-content\/uploads\/sites\/9\/2024\/07\/DAMPI-PALESTRA-PROJETO-PROCOMPI.jpg\",\"contentUrl\":\"https:\/\/fieam.org.br\/fieam\/wp-content\/uploads\/sites\/9\/2024\/07\/DAMPI-PALESTRA-PROJETO-PROCOMPI.jpg\",\"width\":1083,\"height\":1353},{\"@type\":\"BreadcrumbList\",\"@id\":\"https:\/\/fieam.org.br\/fieam\/fieam-oferece-evento-gratuito-sobre-transformacao-digital-para-micro-e-pequenos-empreendedores\/#breadcrumb\",\"itemListElement\":[{\"@type\":\"ListItem\",\"position\":1,\"name\":\"In\u00edcio\",\"item\":\"https:\/\/fieam.org.br\/fieam\/\"},{\"@type\":\"ListItem\",\"position\":2,\"name\":\"FIEAM oferece evento gratuito sobre transforma\u00e7\u00e3o digital para micro e pequenos empreendedores\"}]},{\"@type\":\"WebSite\",\"@id\":\"https:\/\/fieam.org.br\/fieam\/#website\",\"url\":\"https:\/\/fieam.org.br\/fieam\/\",\"name\":\"FIEAM\",\"description\":\"Site Oficial!\",\"publisher\":{\"@id\":\"https:\/\/fieam.org.br\/fieam\/#organization\"},\"potentialAction\":[{\"@type\":\"SearchAction\",\"target\":{\"@type\":\"EntryPoint\",\"urlTemplate\":\"https:\/\/fieam.org.br\/fieam\/?s={search_term_string}\"},\"query-input\":{\"@type\":\"PropertyValueSpecification\",\"valueRequired\":true,\"valueName\":\"search_term_string\"}}],\"inLanguage\":\"pt-BR\"},{\"@type\":\"Organization\",\"@id\":\"https:\/\/fieam.org.br\/fieam\/#organization\",\"name\":\"FIEAM\",\"url\":\"https:\/\/fieam.org.br\/fieam\/\",\"logo\":{\"@type\":\"ImageObject\",\"inLanguage\":\"pt-BR\",\"@id\":\"https:\/\/fieam.org.br\/fieam\/#\/schema\/logo\/image\/\",\"url\":\"https:\/\/fieam.org.br\/fieam\/wp-content\/uploads\/sites\/9\/2024\/03\/cropped-fav.png\",\"contentUrl\":\"https:\/\/fieam.org.br\/fieam\/wp-content\/uploads\/sites\/9\/2024\/03\/cropped-fav.png\",\"width\":597,\"height\":598,\"caption\":\"FIEAM\"},\"image\":{\"@id\":\"https:\/\/fieam.org.br\/fieam\/#\/schema\/logo\/image\/\"}},{\"@type\":\"Person\",\"@id\":\"https:\/\/fieam.org.br\/fieam\/#\/schema\/person\/ff86678b986855fb9f8d2e599eab31ae\",\"name\":\"cris\",\"image\":{\"@type\":\"ImageObject\",\"inLanguage\":\"pt-BR\",\"@id\":\"https:\/\/fieam.org.br\/fieam\/#\/schema\/person\/image\/\",\"url\":\"https:\/\/secure.gravatar.com\/avatar\/e66688f9186abb74f11662d64a816c0971765b5f3721fc721afe90af108548a3?s=96&d=mm&r=g\",\"contentUrl\":\"https:\/\/secure.gravatar.com\/avatar\/e66688f9186abb74f11662d64a816c0971765b5f3721fc721afe90af108548a3?s=96&d=mm&r=g\",\"caption\":\"cris\"},\"sameAs\":[\"https:\/\/x.com\/tour-virtual@fieam.org.br\"],\"url\":\"https:\/\/fieam.org.br\/fieam\/author\/cris\/\"}]}<\/script>\n<!-- \/ Yoast SEO plugin. -->","yoast_head_json":{"title":"FIEAM oferece evento gratuito sobre transforma\u00e7\u00e3o digital para micro e pequenos empreendedores - FIEAM","robots":{"index":"index","follow":"follow","max-snippet":"max-snippet:-1","max-image-preview":"max-image-preview:large","max-video-preview":"max-video-preview:-1"},"canonical":"https:\/\/fieam.org.br\/fieam\/fieam-oferece-evento-gratuito-sobre-transformacao-digital-para-micro-e-pequenos-empreendedores\/","og_locale":"pt_BR","og_type":"article","og_title":"FIEAM oferece evento gratuito sobre transforma\u00e7\u00e3o digital para micro e pequenos empreendedores - FIEAM","og_description":"Os desafios e import\u00e2ncia da transforma\u00e7\u00e3o digital para pequenos e micro empreendimento ser\u00e1 tema de evento gratuito com o palestrante Matheus Pedrosa, CEO da Fral\u00eda Cacau Brasil, nesta quinta-feira, 4, \u00e0s 15h30, no Audit\u00f3rio da Federa\u00e7\u00e3o das Ind\u00fastrias do Estado do Amazonas, na Avenida Joaquim Nabuco, 1919, Centro. O evento \u00e9 uma promo\u00e7\u00e3o da Federa\u00e7\u00e3o [&hellip;]","og_url":"https:\/\/fieam.org.br\/fieam\/fieam-oferece-evento-gratuito-sobre-transformacao-digital-para-micro-e-pequenos-empreendedores\/","og_site_name":"FIEAM","article_published_time":"2024-07-03T13:22:35+00:00","og_image":[{"width":1083,"height":1353,"url":"https:\/\/fieam.org.br\/fieam\/wp-content\/uploads\/sites\/9\/2024\/07\/DAMPI-PALESTRA-PROJETO-PROCOMPI.jpg","type":"image\/jpeg"}],"author":"cris","twitter_card":"summary_large_image","twitter_creator":"@tour-virtual@fieam.org.br","twitter_misc":{"Escrito por":"cris","Est. tempo de leitura":"2 minutos"},"schema":{"@context":"https:\/\/schema.org","@graph":[{"@type":"Article","@id":"https:\/\/fieam.org.br\/fieam\/fieam-oferece-evento-gratuito-sobre-transformacao-digital-para-micro-e-pequenos-empreendedores\/#article","isPartOf":{"@id":"https:\/\/fieam.org.br\/fieam\/fieam-oferece-evento-gratuito-sobre-transformacao-digital-para-micro-e-pequenos-empreendedores\/"},"author":{"name":"cris","@id":"https:\/\/fieam.org.br\/fieam\/#\/schema\/person\/ff86678b986855fb9f8d2e599eab31ae"},"headline":"FIEAM oferece evento gratuito sobre transforma\u00e7\u00e3o digital para micro e pequenos empreendedores","datePublished":"2024-07-03T13:22:35+00:00","mainEntityOfPage":{"@id":"https:\/\/fieam.org.br\/fieam\/fieam-oferece-evento-gratuito-sobre-transformacao-digital-para-micro-e-pequenos-empreendedores\/"},"wordCount":326,"commentCount":0,"publisher":{"@id":"https:\/\/fieam.org.br\/fieam\/#organization"},"image":{"@id":"https:\/\/fieam.org.br\/fieam\/fieam-oferece-evento-gratuito-sobre-transformacao-digital-para-micro-e-pequenos-empreendedores\/#primaryimage"},"thumbnailUrl":"https:\/\/fieam.org.br\/fieam\/wp-content\/uploads\/sites\/9\/2024\/07\/DAMPI-PALESTRA-PROJETO-PROCOMPI.jpg","articleSection":["Banner Destaque","Geral","News","News Destaque"],"inLanguage":"pt-BR","potentialAction":[{"@type":"CommentAction","name":"Comment","target":["https:\/\/fieam.org.br\/fieam\/fieam-oferece-evento-gratuito-sobre-transformacao-digital-para-micro-e-pequenos-empreendedores\/#respond"]}]},{"@type":"WebPage","@id":"https:\/\/fieam.org.br\/fieam\/fieam-oferece-evento-gratuito-sobre-transformacao-digital-para-micro-e-pequenos-empreendedores\/","url":"https:\/\/fieam.org.br\/fieam\/fieam-oferece-evento-gratuito-sobre-transformacao-digital-para-micro-e-pequenos-empreendedores\/","name":"FIEAM oferece evento gratuito sobre transforma\u00e7\u00e3o digital para micro e pequenos empreendedores - FIEAM","isPartOf":{"@id":"https:\/\/fieam.org.br\/fieam\/#website"},"primaryImageOfPage":{"@id":"https:\/\/fieam.org.br\/fieam\/fieam-oferece-evento-gratuito-sobre-transformacao-digital-para-micro-e-pequenos-empreendedores\/#primaryimage"},"image":{"@id":"https:\/\/fieam.org.br\/fieam\/fieam-oferece-evento-gratuito-sobre-transformacao-digital-para-micro-e-pequenos-empreendedores\/#primaryimage"},"thumbnailUrl":"https:\/\/fieam.org.br\/fieam\/wp-content\/uploads\/sites\/9\/2024\/07\/DAMPI-PALESTRA-PROJETO-PROCOMPI.jpg","datePublished":"2024-07-03T13:22:35+00:00","breadcrumb":{"@id":"https:\/\/fieam.org.br\/fieam\/fieam-oferece-evento-gratuito-sobre-transformacao-digital-para-micro-e-pequenos-empreendedores\/#breadcrumb"},"inLanguage":"pt-BR","potentialAction":[{"@type":"ReadAction","target":["https:\/\/fieam.org.br\/fieam\/fieam-oferece-evento-gratuito-sobre-transformacao-digital-para-micro-e-pequenos-empreendedores\/"]}]},{"@type":"ImageObject","inLanguage":"pt-BR","@id":"https:\/\/fieam.org.br\/fieam\/fieam-oferece-evento-gratuito-sobre-transformacao-digital-para-micro-e-pequenos-empreendedores\/#primaryimage","url":"https:\/\/fieam.org.br\/fieam\/wp-content\/uploads\/sites\/9\/2024\/07\/DAMPI-PALESTRA-PROJETO-PROCOMPI.jpg","contentUrl":"https:\/\/fieam.org.br\/fieam\/wp-content\/uploads\/sites\/9\/2024\/07\/DAMPI-PALESTRA-PROJETO-PROCOMPI.jpg","width":1083,"height":1353},{"@type":"BreadcrumbList","@id":"https:\/\/fieam.org.br\/fieam\/fieam-oferece-evento-gratuito-sobre-transformacao-digital-para-micro-e-pequenos-empreendedores\/#breadcrumb","itemListElement":[{"@type":"ListItem","position":1,"name":"In\u00edcio","item":"https:\/\/fieam.org.br\/fieam\/"},{"@type":"ListItem","position":2,"name":"FIEAM oferece evento gratuito sobre transforma\u00e7\u00e3o digital para micro e pequenos empreendedores"}]},{"@type":"WebSite","@id":"https:\/\/fieam.org.br\/fieam\/#website","url":"https:\/\/fieam.org.br\/fieam\/","name":"FIEAM","description":"Site Oficial!","publisher":{"@id":"https:\/\/fieam.org.br\/fieam\/#organization"},"potentialAction":[{"@type":"SearchAction","target":{"@type":"EntryPoint","urlTemplate":"https:\/\/fieam.org.br\/fieam\/?s={search_term_string}"},"query-input":{"@type":"PropertyValueSpecification","valueRequired":true,"valueName":"search_term_string"}}],"inLanguage":"pt-BR"},{"@type":"Organization","@id":"https:\/\/fieam.org.br\/fieam\/#organization","name":"FIEAM","url":"https:\/\/fieam.org.br\/fieam\/","logo":{"@type":"ImageObject","inLanguage":"pt-BR","@id":"https:\/\/fieam.org.br\/fieam\/#\/schema\/logo\/image\/","url":"https:\/\/fieam.org.br\/fieam\/wp-content\/uploads\/sites\/9\/2024\/03\/cropped-fav.png","contentUrl":"https:\/\/fieam.org.br\/fieam\/wp-content\/uploads\/sites\/9\/2024\/03\/cropped-fav.png","width":597,"height":598,"caption":"FIEAM"},"image":{"@id":"https:\/\/fieam.org.br\/fieam\/#\/schema\/logo\/image\/"}},{"@type":"Person","@id":"https:\/\/fieam.org.br\/fieam\/#\/schema\/person\/ff86678b986855fb9f8d2e599eab31ae","name":"cris","image":{"@type":"ImageObject","inLanguage":"pt-BR","@id":"https:\/\/fieam.org.br\/fieam\/#\/schema\/person\/image\/","url":"https:\/\/secure.gravatar.com\/avatar\/e66688f9186abb74f11662d64a816c0971765b5f3721fc721afe90af108548a3?s=96&d=mm&r=g","contentUrl":"https:\/\/secure.gravatar.com\/avatar\/e66688f9186abb74f11662d64a816c0971765b5f3721fc721afe90af108548a3?s=96&d=mm&r=g","caption":"cris"},"sameAs":["https:\/\/x.com\/tour-virtual@fieam.org.br"],"url":"https:\/\/fieam.org.br\/fieam\/author\/cris\/"}]}},"_links":{"self":[{"href":"https:\/\/fieam.org.br\/fieam\/wp-json\/wp\/v2\/posts\/16887","targetHints":{"allow":["GET"]}}],"collection":[{"href":"https:\/\/fieam.org.br\/fieam\/wp-json\/wp\/v2\/posts"}],"about":[{"href":"https:\/\/fieam.org.br\/fieam\/wp-json\/wp\/v2\/types\/post"}],"author":[{"embeddable":true,"href":"https:\/\/fieam.org.br\/fieam\/wp-json\/wp\/v2\/users\/9"}],"replies":[{"embeddable":true,"href":"https:\/\/fieam.org.br\/fieam\/wp-json\/wp\/v2\/comments?post=16887"}],"version-history":[{"count":1,"href":"https:\/\/fieam.org.br\/fieam\/wp-json\/wp\/v2\/posts\/16887\/revisions"}],"predecessor-version":[{"id":16889,"href":"https:\/\/fieam.org.br\/fieam\/wp-json\/wp\/v2\/posts\/16887\/revisions\/16889"}],"wp:featuredmedia":[{"embeddable":true,"href":"https:\/\/fieam.org.br\/fieam\/wp-json\/wp\/v2\/media\/16888"}],"wp:attachment":[{"href":"https:\/\/fieam.org.br\/fieam\/wp-json\/wp\/v2\/media?parent=16887"}],"wp:term":[{"taxonomy":"category","embeddable":true,"href":"https:\/\/fieam.org.br\/fieam\/wp-json\/wp\/v2\/categories?post=16887"},{"taxonomy":"post_tag","embeddable":true,"href":"https:\/\/fieam.org.br\/fieam\/wp-json\/wp\/v2\/tags?post=16887"}],"curies":[{"name":"wp","href":"https:\/\/api.w.org\/{rel}","templated":true}]}}