{"id":16872,"date":"2024-06-18T20:09:21","date_gmt":"2024-06-18T20:09:21","guid":{"rendered":"https:\/\/fieam.org.br\/fieam\/?p=16872"},"modified":"2024-06-18T20:09:21","modified_gmt":"2024-06-18T20:09:21","slug":"iel-e-sebrae-realizam-programa-conselheiros-master","status":"publish","type":"post","link":"https:\/\/fieam.org.br\/fieam\/iel-e-sebrae-realizam-programa-conselheiros-master\/","title":{"rendered":"IEL e SEBRAE realizam Programa Conselheiros Master"},"content":{"rendered":"<p><strong>Onde:<\/strong> IEL Amazonas, Av. Joaquim Nabuco, 1919, Centro<\/p>\n<p><strong>Quando:<\/strong> 19.06.2024 (quarta-feira)<\/p>\n<p><strong>Hora:<\/strong> 13h30 \u00e0s 18h<\/p>\n<p>&nbsp;<\/p>\n<p>O Instituto Euvaldo Lodi (IEL Amazonas) em parceria com Servi\u00e7o Brasileiro de Apoio \u00e0s Micros e Pequenas Empresas (Sebrae Amazonas) realizam nesta quarta-feira, 19, o Programa Conselheiros Master, com oficina de lideran\u00e7a, ministrada por Francisco Carlos, e palestra com o empres\u00e1rio e vice-presidente da Federa\u00e7\u00e3o das Ind\u00fastrias do Estado do Amazonas (FIEAM), Nelson Azevedo, que abordar\u00e1 sobre sua trajet\u00f3ria e experi\u00eancia profissional na ind\u00fastria amazonense. O evento ser\u00e1 das 13h30 \u00e0s 18h, na sede da institui\u00e7\u00e3o.<\/p>\n<p>O Programa Conselheiros Master tem por objetivo transmitir aos gestores e empregados de Micro e Pequenas Empresas o conhecimento e a experi\u00eancia de empres\u00e1rios e administradores conceituados, que obtiveram sucesso em seus pr\u00f3prios neg\u00f3cios ou na gest\u00e3o de outras empresas.<\/p>\n<p>Tudo isso, por meio de palestras, workshops e aconselhamentos, fornecendo conhecimento, habilidades e orienta\u00e7\u00f5es necess\u00e1rias para melhorar o desempenho, a efici\u00eancia e a sustentabilidade de suas empresas.<\/p>\n<p>\u201cO programa busca empoderar os participantes com informa\u00e7\u00f5es pr\u00e1ticas e estrat\u00e9gicas que possam ser aplicadas diretamente em suas atividades di\u00e1rias de neg\u00f3cios\u201d, disse a superintendente do IEL Amazonas, Andrea Guerra.<\/p>\n","protected":false},"excerpt":{"rendered":"<p>Onde: IEL Amazonas, Av. Joaquim Nabuco, 1919, Centro Quando: 19.06.2024 (quarta-feira) Hora: 13h30 \u00e0s 18h &nbsp; O Instituto Euvaldo Lodi (IEL Amazonas) em parceria com Servi\u00e7o Brasileiro de Apoio \u00e0s Micros e Pequenas Empresas (Sebrae Amazonas) realizam nesta quarta-feira, 19, o Programa Conselheiros Master, com oficina de lideran\u00e7a, ministrada por Francisco Carlos, e palestra com [&hellip;]<\/p>\n","protected":false},"author":9,"featured_media":16873,"comment_status":"open","ping_status":"open","sticky":false,"template":"","format":"standard","meta":{"footnotes":""},"categories":[28,29,30,33],"tags":[],"class_list":["post-16872","post","type-post","status-publish","format-standard","has-post-thumbnail","hentry","category-banner-destaque","category-news","category-news_destaque","category-sistema-fieam"],"yoast_head":"<!-- This site is optimized with the Yoast SEO plugin v26.8 - https:\/\/yoast.com\/product\/yoast-seo-wordpress\/ -->\n<title>IEL e SEBRAE realizam Programa Conselheiros Master - FIEAM<\/title>\n<meta name=\"robots\" content=\"index, follow, max-snippet:-1, max-image-preview:large, max-video-preview:-1\" \/>\n<link rel=\"canonical\" href=\"https:\/\/fieam.org.br\/fieam\/iel-e-sebrae-realizam-programa-conselheiros-master\/\" \/>\n<meta property=\"og:locale\" content=\"pt_BR\" \/>\n<meta property=\"og:type\" content=\"article\" \/>\n<meta property=\"og:title\" content=\"IEL e SEBRAE realizam Programa Conselheiros Master - FIEAM\" \/>\n<meta property=\"og:description\" content=\"Onde: IEL Amazonas, Av. Joaquim Nabuco, 1919, Centro Quando: 19.06.2024 (quarta-feira) Hora: 13h30 \u00e0s 18h &nbsp; O Instituto Euvaldo Lodi (IEL Amazonas) em parceria com Servi\u00e7o Brasileiro de Apoio \u00e0s Micros e Pequenas Empresas (Sebrae Amazonas) realizam nesta quarta-feira, 19, o Programa Conselheiros Master, com oficina de lideran\u00e7a, ministrada por Francisco Carlos, e palestra com [&hellip;]\" \/>\n<meta property=\"og:url\" content=\"https:\/\/fieam.org.br\/fieam\/iel-e-sebrae-realizam-programa-conselheiros-master\/\" \/>\n<meta property=\"og:site_name\" content=\"FIEAM\" \/>\n<meta property=\"article:published_time\" content=\"2024-06-18T20:09:21+00:00\" \/>\n<meta property=\"og:image\" content=\"https:\/\/fieam.org.br\/fieam\/wp-content\/uploads\/sites\/9\/2024\/06\/IMG_1747.jpg\" \/>\n\t<meta property=\"og:image:width\" content=\"1500\" \/>\n\t<meta property=\"og:image:height\" content=\"1000\" \/>\n\t<meta property=\"og:image:type\" content=\"image\/jpeg\" \/>\n<meta name=\"author\" content=\"cris\" \/>\n<meta name=\"twitter:card\" content=\"summary_large_image\" \/>\n<meta name=\"twitter:creator\" content=\"@tour-virtual@fieam.org.br\" \/>\n<meta name=\"twitter:label1\" content=\"Escrito por\" \/>\n\t<meta name=\"twitter:data1\" content=\"cris\" \/>\n\t<meta name=\"twitter:label2\" content=\"Est. tempo de leitura\" \/>\n\t<meta name=\"twitter:data2\" content=\"1 minuto\" \/>\n<script type=\"application\/ld+json\" class=\"yoast-schema-graph\">{\"@context\":\"https:\/\/schema.org\",\"@graph\":[{\"@type\":\"Article\",\"@id\":\"https:\/\/fieam.org.br\/fieam\/iel-e-sebrae-realizam-programa-conselheiros-master\/#article\",\"isPartOf\":{\"@id\":\"https:\/\/fieam.org.br\/fieam\/iel-e-sebrae-realizam-programa-conselheiros-master\/\"},\"author\":{\"name\":\"cris\",\"@id\":\"https:\/\/fieam.org.br\/fieam\/#\/schema\/person\/ff86678b986855fb9f8d2e599eab31ae\"},\"headline\":\"IEL e SEBRAE realizam Programa Conselheiros Master\",\"datePublished\":\"2024-06-18T20:09:21+00:00\",\"mainEntityOfPage\":{\"@id\":\"https:\/\/fieam.org.br\/fieam\/iel-e-sebrae-realizam-programa-conselheiros-master\/\"},\"wordCount\":215,\"commentCount\":0,\"publisher\":{\"@id\":\"https:\/\/fieam.org.br\/fieam\/#organization\"},\"image\":{\"@id\":\"https:\/\/fieam.org.br\/fieam\/iel-e-sebrae-realizam-programa-conselheiros-master\/#primaryimage\"},\"thumbnailUrl\":\"https:\/\/fieam.org.br\/fieam\/wp-content\/uploads\/sites\/9\/2024\/06\/IMG_1747.jpg\",\"articleSection\":[\"Banner Destaque\",\"News\",\"News Destaque\",\"Sistema FIEAM\"],\"inLanguage\":\"pt-BR\",\"potentialAction\":[{\"@type\":\"CommentAction\",\"name\":\"Comment\",\"target\":[\"https:\/\/fieam.org.br\/fieam\/iel-e-sebrae-realizam-programa-conselheiros-master\/#respond\"]}]},{\"@type\":\"WebPage\",\"@id\":\"https:\/\/fieam.org.br\/fieam\/iel-e-sebrae-realizam-programa-conselheiros-master\/\",\"url\":\"https:\/\/fieam.org.br\/fieam\/iel-e-sebrae-realizam-programa-conselheiros-master\/\",\"name\":\"IEL e SEBRAE realizam Programa Conselheiros Master - FIEAM\",\"isPartOf\":{\"@id\":\"https:\/\/fieam.org.br\/fieam\/#website\"},\"primaryImageOfPage\":{\"@id\":\"https:\/\/fieam.org.br\/fieam\/iel-e-sebrae-realizam-programa-conselheiros-master\/#primaryimage\"},\"image\":{\"@id\":\"https:\/\/fieam.org.br\/fieam\/iel-e-sebrae-realizam-programa-conselheiros-master\/#primaryimage\"},\"thumbnailUrl\":\"https:\/\/fieam.org.br\/fieam\/wp-content\/uploads\/sites\/9\/2024\/06\/IMG_1747.jpg\",\"datePublished\":\"2024-06-18T20:09:21+00:00\",\"breadcrumb\":{\"@id\":\"https:\/\/fieam.org.br\/fieam\/iel-e-sebrae-realizam-programa-conselheiros-master\/#breadcrumb\"},\"inLanguage\":\"pt-BR\",\"potentialAction\":[{\"@type\":\"ReadAction\",\"target\":[\"https:\/\/fieam.org.br\/fieam\/iel-e-sebrae-realizam-programa-conselheiros-master\/\"]}]},{\"@type\":\"ImageObject\",\"inLanguage\":\"pt-BR\",\"@id\":\"https:\/\/fieam.org.br\/fieam\/iel-e-sebrae-realizam-programa-conselheiros-master\/#primaryimage\",\"url\":\"https:\/\/fieam.org.br\/fieam\/wp-content\/uploads\/sites\/9\/2024\/06\/IMG_1747.jpg\",\"contentUrl\":\"https:\/\/fieam.org.br\/fieam\/wp-content\/uploads\/sites\/9\/2024\/06\/IMG_1747.jpg\",\"width\":1500,\"height\":1000},{\"@type\":\"BreadcrumbList\",\"@id\":\"https:\/\/fieam.org.br\/fieam\/iel-e-sebrae-realizam-programa-conselheiros-master\/#breadcrumb\",\"itemListElement\":[{\"@type\":\"ListItem\",\"position\":1,\"name\":\"In\u00edcio\",\"item\":\"https:\/\/fieam.org.br\/fieam\/\"},{\"@type\":\"ListItem\",\"position\":2,\"name\":\"IEL e SEBRAE realizam Programa Conselheiros Master\"}]},{\"@type\":\"WebSite\",\"@id\":\"https:\/\/fieam.org.br\/fieam\/#website\",\"url\":\"https:\/\/fieam.org.br\/fieam\/\",\"name\":\"FIEAM\",\"description\":\"Site Oficial!\",\"publisher\":{\"@id\":\"https:\/\/fieam.org.br\/fieam\/#organization\"},\"potentialAction\":[{\"@type\":\"SearchAction\",\"target\":{\"@type\":\"EntryPoint\",\"urlTemplate\":\"https:\/\/fieam.org.br\/fieam\/?s={search_term_string}\"},\"query-input\":{\"@type\":\"PropertyValueSpecification\",\"valueRequired\":true,\"valueName\":\"search_term_string\"}}],\"inLanguage\":\"pt-BR\"},{\"@type\":\"Organization\",\"@id\":\"https:\/\/fieam.org.br\/fieam\/#organization\",\"name\":\"FIEAM\",\"url\":\"https:\/\/fieam.org.br\/fieam\/\",\"logo\":{\"@type\":\"ImageObject\",\"inLanguage\":\"pt-BR\",\"@id\":\"https:\/\/fieam.org.br\/fieam\/#\/schema\/logo\/image\/\",\"url\":\"https:\/\/fieam.org.br\/fieam\/wp-content\/uploads\/sites\/9\/2024\/03\/cropped-fav.png\",\"contentUrl\":\"https:\/\/fieam.org.br\/fieam\/wp-content\/uploads\/sites\/9\/2024\/03\/cropped-fav.png\",\"width\":597,\"height\":598,\"caption\":\"FIEAM\"},\"image\":{\"@id\":\"https:\/\/fieam.org.br\/fieam\/#\/schema\/logo\/image\/\"}},{\"@type\":\"Person\",\"@id\":\"https:\/\/fieam.org.br\/fieam\/#\/schema\/person\/ff86678b986855fb9f8d2e599eab31ae\",\"name\":\"cris\",\"image\":{\"@type\":\"ImageObject\",\"inLanguage\":\"pt-BR\",\"@id\":\"https:\/\/fieam.org.br\/fieam\/#\/schema\/person\/image\/\",\"url\":\"https:\/\/secure.gravatar.com\/avatar\/e66688f9186abb74f11662d64a816c0971765b5f3721fc721afe90af108548a3?s=96&d=mm&r=g\",\"contentUrl\":\"https:\/\/secure.gravatar.com\/avatar\/e66688f9186abb74f11662d64a816c0971765b5f3721fc721afe90af108548a3?s=96&d=mm&r=g\",\"caption\":\"cris\"},\"sameAs\":[\"https:\/\/x.com\/tour-virtual@fieam.org.br\"],\"url\":\"https:\/\/fieam.org.br\/fieam\/author\/cris\/\"}]}<\/script>\n<!-- \/ Yoast SEO plugin. -->","yoast_head_json":{"title":"IEL e SEBRAE realizam Programa Conselheiros Master - FIEAM","robots":{"index":"index","follow":"follow","max-snippet":"max-snippet:-1","max-image-preview":"max-image-preview:large","max-video-preview":"max-video-preview:-1"},"canonical":"https:\/\/fieam.org.br\/fieam\/iel-e-sebrae-realizam-programa-conselheiros-master\/","og_locale":"pt_BR","og_type":"article","og_title":"IEL e SEBRAE realizam Programa Conselheiros Master - FIEAM","og_description":"Onde: IEL Amazonas, Av. Joaquim Nabuco, 1919, Centro Quando: 19.06.2024 (quarta-feira) Hora: 13h30 \u00e0s 18h &nbsp; O Instituto Euvaldo Lodi (IEL Amazonas) em parceria com Servi\u00e7o Brasileiro de Apoio \u00e0s Micros e Pequenas Empresas (Sebrae Amazonas) realizam nesta quarta-feira, 19, o Programa Conselheiros Master, com oficina de lideran\u00e7a, ministrada por Francisco Carlos, e palestra com [&hellip;]","og_url":"https:\/\/fieam.org.br\/fieam\/iel-e-sebrae-realizam-programa-conselheiros-master\/","og_site_name":"FIEAM","article_published_time":"2024-06-18T20:09:21+00:00","og_image":[{"width":1500,"height":1000,"url":"https:\/\/fieam.org.br\/fieam\/wp-content\/uploads\/sites\/9\/2024\/06\/IMG_1747.jpg","type":"image\/jpeg"}],"author":"cris","twitter_card":"summary_large_image","twitter_creator":"@tour-virtual@fieam.org.br","twitter_misc":{"Escrito por":"cris","Est. tempo de leitura":"1 minuto"},"schema":{"@context":"https:\/\/schema.org","@graph":[{"@type":"Article","@id":"https:\/\/fieam.org.br\/fieam\/iel-e-sebrae-realizam-programa-conselheiros-master\/#article","isPartOf":{"@id":"https:\/\/fieam.org.br\/fieam\/iel-e-sebrae-realizam-programa-conselheiros-master\/"},"author":{"name":"cris","@id":"https:\/\/fieam.org.br\/fieam\/#\/schema\/person\/ff86678b986855fb9f8d2e599eab31ae"},"headline":"IEL e SEBRAE realizam Programa Conselheiros Master","datePublished":"2024-06-18T20:09:21+00:00","mainEntityOfPage":{"@id":"https:\/\/fieam.org.br\/fieam\/iel-e-sebrae-realizam-programa-conselheiros-master\/"},"wordCount":215,"commentCount":0,"publisher":{"@id":"https:\/\/fieam.org.br\/fieam\/#organization"},"image":{"@id":"https:\/\/fieam.org.br\/fieam\/iel-e-sebrae-realizam-programa-conselheiros-master\/#primaryimage"},"thumbnailUrl":"https:\/\/fieam.org.br\/fieam\/wp-content\/uploads\/sites\/9\/2024\/06\/IMG_1747.jpg","articleSection":["Banner Destaque","News","News Destaque","Sistema FIEAM"],"inLanguage":"pt-BR","potentialAction":[{"@type":"CommentAction","name":"Comment","target":["https:\/\/fieam.org.br\/fieam\/iel-e-sebrae-realizam-programa-conselheiros-master\/#respond"]}]},{"@type":"WebPage","@id":"https:\/\/fieam.org.br\/fieam\/iel-e-sebrae-realizam-programa-conselheiros-master\/","url":"https:\/\/fieam.org.br\/fieam\/iel-e-sebrae-realizam-programa-conselheiros-master\/","name":"IEL e SEBRAE realizam Programa Conselheiros Master - FIEAM","isPartOf":{"@id":"https:\/\/fieam.org.br\/fieam\/#website"},"primaryImageOfPage":{"@id":"https:\/\/fieam.org.br\/fieam\/iel-e-sebrae-realizam-programa-conselheiros-master\/#primaryimage"},"image":{"@id":"https:\/\/fieam.org.br\/fieam\/iel-e-sebrae-realizam-programa-conselheiros-master\/#primaryimage"},"thumbnailUrl":"https:\/\/fieam.org.br\/fieam\/wp-content\/uploads\/sites\/9\/2024\/06\/IMG_1747.jpg","datePublished":"2024-06-18T20:09:21+00:00","breadcrumb":{"@id":"https:\/\/fieam.org.br\/fieam\/iel-e-sebrae-realizam-programa-conselheiros-master\/#breadcrumb"},"inLanguage":"pt-BR","potentialAction":[{"@type":"ReadAction","target":["https:\/\/fieam.org.br\/fieam\/iel-e-sebrae-realizam-programa-conselheiros-master\/"]}]},{"@type":"ImageObject","inLanguage":"pt-BR","@id":"https:\/\/fieam.org.br\/fieam\/iel-e-sebrae-realizam-programa-conselheiros-master\/#primaryimage","url":"https:\/\/fieam.org.br\/fieam\/wp-content\/uploads\/sites\/9\/2024\/06\/IMG_1747.jpg","contentUrl":"https:\/\/fieam.org.br\/fieam\/wp-content\/uploads\/sites\/9\/2024\/06\/IMG_1747.jpg","width":1500,"height":1000},{"@type":"BreadcrumbList","@id":"https:\/\/fieam.org.br\/fieam\/iel-e-sebrae-realizam-programa-conselheiros-master\/#breadcrumb","itemListElement":[{"@type":"ListItem","position":1,"name":"In\u00edcio","item":"https:\/\/fieam.org.br\/fieam\/"},{"@type":"ListItem","position":2,"name":"IEL e SEBRAE realizam Programa Conselheiros Master"}]},{"@type":"WebSite","@id":"https:\/\/fieam.org.br\/fieam\/#website","url":"https:\/\/fieam.org.br\/fieam\/","name":"FIEAM","description":"Site Oficial!","publisher":{"@id":"https:\/\/fieam.org.br\/fieam\/#organization"},"potentialAction":[{"@type":"SearchAction","target":{"@type":"EntryPoint","urlTemplate":"https:\/\/fieam.org.br\/fieam\/?s={search_term_string}"},"query-input":{"@type":"PropertyValueSpecification","valueRequired":true,"valueName":"search_term_string"}}],"inLanguage":"pt-BR"},{"@type":"Organization","@id":"https:\/\/fieam.org.br\/fieam\/#organization","name":"FIEAM","url":"https:\/\/fieam.org.br\/fieam\/","logo":{"@type":"ImageObject","inLanguage":"pt-BR","@id":"https:\/\/fieam.org.br\/fieam\/#\/schema\/logo\/image\/","url":"https:\/\/fieam.org.br\/fieam\/wp-content\/uploads\/sites\/9\/2024\/03\/cropped-fav.png","contentUrl":"https:\/\/fieam.org.br\/fieam\/wp-content\/uploads\/sites\/9\/2024\/03\/cropped-fav.png","width":597,"height":598,"caption":"FIEAM"},"image":{"@id":"https:\/\/fieam.org.br\/fieam\/#\/schema\/logo\/image\/"}},{"@type":"Person","@id":"https:\/\/fieam.org.br\/fieam\/#\/schema\/person\/ff86678b986855fb9f8d2e599eab31ae","name":"cris","image":{"@type":"ImageObject","inLanguage":"pt-BR","@id":"https:\/\/fieam.org.br\/fieam\/#\/schema\/person\/image\/","url":"https:\/\/secure.gravatar.com\/avatar\/e66688f9186abb74f11662d64a816c0971765b5f3721fc721afe90af108548a3?s=96&d=mm&r=g","contentUrl":"https:\/\/secure.gravatar.com\/avatar\/e66688f9186abb74f11662d64a816c0971765b5f3721fc721afe90af108548a3?s=96&d=mm&r=g","caption":"cris"},"sameAs":["https:\/\/x.com\/tour-virtual@fieam.org.br"],"url":"https:\/\/fieam.org.br\/fieam\/author\/cris\/"}]}},"_links":{"self":[{"href":"https:\/\/fieam.org.br\/fieam\/wp-json\/wp\/v2\/posts\/16872","targetHints":{"allow":["GET"]}}],"collection":[{"href":"https:\/\/fieam.org.br\/fieam\/wp-json\/wp\/v2\/posts"}],"about":[{"href":"https:\/\/fieam.org.br\/fieam\/wp-json\/wp\/v2\/types\/post"}],"author":[{"embeddable":true,"href":"https:\/\/fieam.org.br\/fieam\/wp-json\/wp\/v2\/users\/9"}],"replies":[{"embeddable":true,"href":"https:\/\/fieam.org.br\/fieam\/wp-json\/wp\/v2\/comments?post=16872"}],"version-history":[{"count":1,"href":"https:\/\/fieam.org.br\/fieam\/wp-json\/wp\/v2\/posts\/16872\/revisions"}],"predecessor-version":[{"id":16874,"href":"https:\/\/fieam.org.br\/fieam\/wp-json\/wp\/v2\/posts\/16872\/revisions\/16874"}],"wp:featuredmedia":[{"embeddable":true,"href":"https:\/\/fieam.org.br\/fieam\/wp-json\/wp\/v2\/media\/16873"}],"wp:attachment":[{"href":"https:\/\/fieam.org.br\/fieam\/wp-json\/wp\/v2\/media?parent=16872"}],"wp:term":[{"taxonomy":"category","embeddable":true,"href":"https:\/\/fieam.org.br\/fieam\/wp-json\/wp\/v2\/categories?post=16872"},{"taxonomy":"post_tag","embeddable":true,"href":"https:\/\/fieam.org.br\/fieam\/wp-json\/wp\/v2\/tags?post=16872"}],"curies":[{"name":"wp","href":"https:\/\/api.w.org\/{rel}","templated":true}]}}