{"id":16732,"date":"2024-04-09T20:12:07","date_gmt":"2024-04-09T20:12:07","guid":{"rendered":"https:\/\/fieam.org.br\/fieam\/?p=16732"},"modified":"2024-04-09T20:12:07","modified_gmt":"2024-04-09T20:12:07","slug":"fieam-avalia-que-desempenho-de-janeiro-revela-solidez-do-pim","status":"publish","type":"post","link":"https:\/\/fieam.org.br\/fieam\/fieam-avalia-que-desempenho-de-janeiro-revela-solidez-do-pim\/","title":{"rendered":"FIEAM avalia que desempenho de janeiro revela solidez do PIM"},"content":{"rendered":"<p>O presidente da Federa\u00e7\u00e3o das Ind\u00fastrias do Estado do Amazonas (FIEAM) Antonio Silva, com base nos Indicadores de Desempenho\u00a0 \u00a0do Polo Industrial de Manaus (PIM), divulgado ontem, 8, disse que com a for\u00e7a do mercado interno e com a implementa\u00e7\u00e3o de uma pol\u00edtica agressiva de com\u00e9rcio externo, a ind\u00fastria incentivada conseguiu iniciar o ano de 2024 com faturamento de R$ 15,34 bilh\u00f5es, o que \u00e9 superior a dezembro de 2023 em 23,2%. Na compara\u00e7\u00e3o com o faturamento de janeiro de 2023 o aumento \u00e9 de 12,3%.<\/p>\n<p>\u201cVerificamos que o percentual de faturamento no m\u00eas de janeiro, desde 2016, vem aumentando progressivamente, alcan\u00e7ando este ano o patamar de aumento superior a 205,11% em 9 anos\u201d, disse ele.<\/p>\n<p>Os quatro subsetores que lideram no faturamento em percentual com rela\u00e7\u00e3o ao total em janeiro, s\u00e3o: bens de inform\u00e1tica com 22,25%; duas rodas com 18,49%; eletroeletr\u00f4nico com 17,03% e qu\u00edmico com 11,26%.<\/p>\n<p>\u201cN\u00e3o podemos deixar de destacar o crescimento da m\u00e3o de obra em janeiro em rela\u00e7\u00e3o ao m\u00eas anterior, de 1,77% e de 3,36% em rela\u00e7\u00e3o ao mesmo m\u00eas de 2023\u201d, ressalta Silva.<\/p>\n<p>Segundo o levantamento, as exporta\u00e7\u00f5es tamb\u00e9m mostraram crescimento de 113,56% em janeiro em rela\u00e7\u00e3o ao m\u00eas anterior atingindo o valor de US$ 66,90 milh\u00f5es e de 35,63% em rela\u00e7\u00e3o ao mesmo m\u00eas de 2023.<\/p>\n<p>De acordo o empres\u00e1rio, os n\u00fameros, mais uma vez, demonstram a solidez do PIM. \u201cTivemos um in\u00edcio de ano promissor e que corrobora com nossas expectativas de que o PIM mantenha uma tend\u00eancia de crescimento ao longo de 2024, por\u00e9m em ritmo mais lento. A estiagem e crise log\u00edstica do final de 2023 resultaram em um panorama de demanda represada que pode ter se refletido ainda no elevado crescimento registrado em janeiro. As perspectivas econ\u00f4micas positivas tamb\u00e9m criam um cen\u00e1rio econ\u00f4mico que propicia a produ\u00e7\u00e3o e refor\u00e7am nosso otimismo\u201d, avaliou.<\/p>\n","protected":false},"excerpt":{"rendered":"<p>O presidente da Federa\u00e7\u00e3o das Ind\u00fastrias do Estado do Amazonas (FIEAM) Antonio Silva, com base nos Indicadores de Desempenho\u00a0 \u00a0do Polo Industrial de Manaus (PIM), divulgado ontem, 8, disse que com a for\u00e7a do mercado interno e com a implementa\u00e7\u00e3o de uma pol\u00edtica agressiva de com\u00e9rcio externo, a ind\u00fastria incentivada conseguiu iniciar o ano de [&hellip;]<\/p>\n","protected":false},"author":9,"featured_media":16733,"comment_status":"open","ping_status":"open","sticky":false,"template":"","format":"standard","meta":{"footnotes":""},"categories":[28,1,29,30],"tags":[],"class_list":["post-16732","post","type-post","status-publish","format-standard","has-post-thumbnail","hentry","category-banner-destaque","category-geral","category-news","category-news_destaque"],"yoast_head":"<!-- This site is optimized with the Yoast SEO plugin v26.8 - https:\/\/yoast.com\/product\/yoast-seo-wordpress\/ -->\n<title>FIEAM avalia que desempenho de janeiro revela solidez do PIM - FIEAM<\/title>\n<meta name=\"robots\" content=\"index, follow, max-snippet:-1, max-image-preview:large, max-video-preview:-1\" \/>\n<link rel=\"canonical\" href=\"https:\/\/fieam.org.br\/fieam\/fieam-avalia-que-desempenho-de-janeiro-revela-solidez-do-pim\/\" \/>\n<meta property=\"og:locale\" content=\"pt_BR\" \/>\n<meta property=\"og:type\" content=\"article\" \/>\n<meta property=\"og:title\" content=\"FIEAM avalia que desempenho de janeiro revela solidez do PIM - FIEAM\" \/>\n<meta property=\"og:description\" content=\"O presidente da Federa\u00e7\u00e3o das Ind\u00fastrias do Estado do Amazonas (FIEAM) Antonio Silva, com base nos Indicadores de Desempenho\u00a0 \u00a0do Polo Industrial de Manaus (PIM), divulgado ontem, 8, disse que com a for\u00e7a do mercado interno e com a implementa\u00e7\u00e3o de uma pol\u00edtica agressiva de com\u00e9rcio externo, a ind\u00fastria incentivada conseguiu iniciar o ano de [&hellip;]\" \/>\n<meta property=\"og:url\" content=\"https:\/\/fieam.org.br\/fieam\/fieam-avalia-que-desempenho-de-janeiro-revela-solidez-do-pim\/\" \/>\n<meta property=\"og:site_name\" content=\"FIEAM\" \/>\n<meta property=\"article:published_time\" content=\"2024-04-09T20:12:07+00:00\" \/>\n<meta property=\"og:image\" content=\"https:\/\/fieam.org.br\/fieam\/wp-content\/uploads\/sites\/9\/2024\/04\/IMG_2633-Antonio-Silva.jpeg\" \/>\n\t<meta property=\"og:image:width\" content=\"1500\" \/>\n\t<meta property=\"og:image:height\" content=\"1000\" \/>\n\t<meta property=\"og:image:type\" content=\"image\/jpeg\" \/>\n<meta name=\"author\" content=\"cris\" \/>\n<meta name=\"twitter:card\" content=\"summary_large_image\" \/>\n<meta name=\"twitter:creator\" content=\"@tour-virtual@fieam.org.br\" \/>\n<meta name=\"twitter:label1\" content=\"Escrito por\" \/>\n\t<meta name=\"twitter:data1\" content=\"cris\" \/>\n\t<meta name=\"twitter:label2\" content=\"Est. tempo de leitura\" \/>\n\t<meta name=\"twitter:data2\" content=\"2 minutos\" \/>\n<script type=\"application\/ld+json\" class=\"yoast-schema-graph\">{\"@context\":\"https:\/\/schema.org\",\"@graph\":[{\"@type\":\"Article\",\"@id\":\"https:\/\/fieam.org.br\/fieam\/fieam-avalia-que-desempenho-de-janeiro-revela-solidez-do-pim\/#article\",\"isPartOf\":{\"@id\":\"https:\/\/fieam.org.br\/fieam\/fieam-avalia-que-desempenho-de-janeiro-revela-solidez-do-pim\/\"},\"author\":{\"name\":\"cris\",\"@id\":\"https:\/\/fieam.org.br\/fieam\/#\/schema\/person\/ff86678b986855fb9f8d2e599eab31ae\"},\"headline\":\"FIEAM avalia que desempenho de janeiro revela solidez do PIM\",\"datePublished\":\"2024-04-09T20:12:07+00:00\",\"mainEntityOfPage\":{\"@id\":\"https:\/\/fieam.org.br\/fieam\/fieam-avalia-que-desempenho-de-janeiro-revela-solidez-do-pim\/\"},\"wordCount\":330,\"commentCount\":0,\"publisher\":{\"@id\":\"https:\/\/fieam.org.br\/fieam\/#organization\"},\"image\":{\"@id\":\"https:\/\/fieam.org.br\/fieam\/fieam-avalia-que-desempenho-de-janeiro-revela-solidez-do-pim\/#primaryimage\"},\"thumbnailUrl\":\"https:\/\/fieam.org.br\/fieam\/wp-content\/uploads\/sites\/9\/2024\/04\/IMG_2633-Antonio-Silva.jpeg\",\"articleSection\":[\"Banner Destaque\",\"Geral\",\"News\",\"News Destaque\"],\"inLanguage\":\"pt-BR\",\"potentialAction\":[{\"@type\":\"CommentAction\",\"name\":\"Comment\",\"target\":[\"https:\/\/fieam.org.br\/fieam\/fieam-avalia-que-desempenho-de-janeiro-revela-solidez-do-pim\/#respond\"]}]},{\"@type\":\"WebPage\",\"@id\":\"https:\/\/fieam.org.br\/fieam\/fieam-avalia-que-desempenho-de-janeiro-revela-solidez-do-pim\/\",\"url\":\"https:\/\/fieam.org.br\/fieam\/fieam-avalia-que-desempenho-de-janeiro-revela-solidez-do-pim\/\",\"name\":\"FIEAM avalia que desempenho de janeiro revela solidez do PIM - FIEAM\",\"isPartOf\":{\"@id\":\"https:\/\/fieam.org.br\/fieam\/#website\"},\"primaryImageOfPage\":{\"@id\":\"https:\/\/fieam.org.br\/fieam\/fieam-avalia-que-desempenho-de-janeiro-revela-solidez-do-pim\/#primaryimage\"},\"image\":{\"@id\":\"https:\/\/fieam.org.br\/fieam\/fieam-avalia-que-desempenho-de-janeiro-revela-solidez-do-pim\/#primaryimage\"},\"thumbnailUrl\":\"https:\/\/fieam.org.br\/fieam\/wp-content\/uploads\/sites\/9\/2024\/04\/IMG_2633-Antonio-Silva.jpeg\",\"datePublished\":\"2024-04-09T20:12:07+00:00\",\"breadcrumb\":{\"@id\":\"https:\/\/fieam.org.br\/fieam\/fieam-avalia-que-desempenho-de-janeiro-revela-solidez-do-pim\/#breadcrumb\"},\"inLanguage\":\"pt-BR\",\"potentialAction\":[{\"@type\":\"ReadAction\",\"target\":[\"https:\/\/fieam.org.br\/fieam\/fieam-avalia-que-desempenho-de-janeiro-revela-solidez-do-pim\/\"]}]},{\"@type\":\"ImageObject\",\"inLanguage\":\"pt-BR\",\"@id\":\"https:\/\/fieam.org.br\/fieam\/fieam-avalia-que-desempenho-de-janeiro-revela-solidez-do-pim\/#primaryimage\",\"url\":\"https:\/\/fieam.org.br\/fieam\/wp-content\/uploads\/sites\/9\/2024\/04\/IMG_2633-Antonio-Silva.jpeg\",\"contentUrl\":\"https:\/\/fieam.org.br\/fieam\/wp-content\/uploads\/sites\/9\/2024\/04\/IMG_2633-Antonio-Silva.jpeg\",\"width\":1500,\"height\":1000},{\"@type\":\"BreadcrumbList\",\"@id\":\"https:\/\/fieam.org.br\/fieam\/fieam-avalia-que-desempenho-de-janeiro-revela-solidez-do-pim\/#breadcrumb\",\"itemListElement\":[{\"@type\":\"ListItem\",\"position\":1,\"name\":\"In\u00edcio\",\"item\":\"https:\/\/fieam.org.br\/fieam\/\"},{\"@type\":\"ListItem\",\"position\":2,\"name\":\"FIEAM avalia que desempenho de janeiro revela solidez do PIM\"}]},{\"@type\":\"WebSite\",\"@id\":\"https:\/\/fieam.org.br\/fieam\/#website\",\"url\":\"https:\/\/fieam.org.br\/fieam\/\",\"name\":\"FIEAM\",\"description\":\"Site Oficial!\",\"publisher\":{\"@id\":\"https:\/\/fieam.org.br\/fieam\/#organization\"},\"potentialAction\":[{\"@type\":\"SearchAction\",\"target\":{\"@type\":\"EntryPoint\",\"urlTemplate\":\"https:\/\/fieam.org.br\/fieam\/?s={search_term_string}\"},\"query-input\":{\"@type\":\"PropertyValueSpecification\",\"valueRequired\":true,\"valueName\":\"search_term_string\"}}],\"inLanguage\":\"pt-BR\"},{\"@type\":\"Organization\",\"@id\":\"https:\/\/fieam.org.br\/fieam\/#organization\",\"name\":\"FIEAM\",\"url\":\"https:\/\/fieam.org.br\/fieam\/\",\"logo\":{\"@type\":\"ImageObject\",\"inLanguage\":\"pt-BR\",\"@id\":\"https:\/\/fieam.org.br\/fieam\/#\/schema\/logo\/image\/\",\"url\":\"https:\/\/fieam.org.br\/fieam\/wp-content\/uploads\/sites\/9\/2024\/03\/cropped-fav.png\",\"contentUrl\":\"https:\/\/fieam.org.br\/fieam\/wp-content\/uploads\/sites\/9\/2024\/03\/cropped-fav.png\",\"width\":597,\"height\":598,\"caption\":\"FIEAM\"},\"image\":{\"@id\":\"https:\/\/fieam.org.br\/fieam\/#\/schema\/logo\/image\/\"}},{\"@type\":\"Person\",\"@id\":\"https:\/\/fieam.org.br\/fieam\/#\/schema\/person\/ff86678b986855fb9f8d2e599eab31ae\",\"name\":\"cris\",\"image\":{\"@type\":\"ImageObject\",\"inLanguage\":\"pt-BR\",\"@id\":\"https:\/\/fieam.org.br\/fieam\/#\/schema\/person\/image\/\",\"url\":\"https:\/\/secure.gravatar.com\/avatar\/e66688f9186abb74f11662d64a816c0971765b5f3721fc721afe90af108548a3?s=96&d=mm&r=g\",\"contentUrl\":\"https:\/\/secure.gravatar.com\/avatar\/e66688f9186abb74f11662d64a816c0971765b5f3721fc721afe90af108548a3?s=96&d=mm&r=g\",\"caption\":\"cris\"},\"sameAs\":[\"https:\/\/x.com\/tour-virtual@fieam.org.br\"],\"url\":\"https:\/\/fieam.org.br\/fieam\/author\/cris\/\"}]}<\/script>\n<!-- \/ Yoast SEO plugin. -->","yoast_head_json":{"title":"FIEAM avalia que desempenho de janeiro revela solidez do PIM - FIEAM","robots":{"index":"index","follow":"follow","max-snippet":"max-snippet:-1","max-image-preview":"max-image-preview:large","max-video-preview":"max-video-preview:-1"},"canonical":"https:\/\/fieam.org.br\/fieam\/fieam-avalia-que-desempenho-de-janeiro-revela-solidez-do-pim\/","og_locale":"pt_BR","og_type":"article","og_title":"FIEAM avalia que desempenho de janeiro revela solidez do PIM - FIEAM","og_description":"O presidente da Federa\u00e7\u00e3o das Ind\u00fastrias do Estado do Amazonas (FIEAM) Antonio Silva, com base nos Indicadores de Desempenho\u00a0 \u00a0do Polo Industrial de Manaus (PIM), divulgado ontem, 8, disse que com a for\u00e7a do mercado interno e com a implementa\u00e7\u00e3o de uma pol\u00edtica agressiva de com\u00e9rcio externo, a ind\u00fastria incentivada conseguiu iniciar o ano de [&hellip;]","og_url":"https:\/\/fieam.org.br\/fieam\/fieam-avalia-que-desempenho-de-janeiro-revela-solidez-do-pim\/","og_site_name":"FIEAM","article_published_time":"2024-04-09T20:12:07+00:00","og_image":[{"width":1500,"height":1000,"url":"https:\/\/fieam.org.br\/fieam\/wp-content\/uploads\/sites\/9\/2024\/04\/IMG_2633-Antonio-Silva.jpeg","type":"image\/jpeg"}],"author":"cris","twitter_card":"summary_large_image","twitter_creator":"@tour-virtual@fieam.org.br","twitter_misc":{"Escrito por":"cris","Est. tempo de leitura":"2 minutos"},"schema":{"@context":"https:\/\/schema.org","@graph":[{"@type":"Article","@id":"https:\/\/fieam.org.br\/fieam\/fieam-avalia-que-desempenho-de-janeiro-revela-solidez-do-pim\/#article","isPartOf":{"@id":"https:\/\/fieam.org.br\/fieam\/fieam-avalia-que-desempenho-de-janeiro-revela-solidez-do-pim\/"},"author":{"name":"cris","@id":"https:\/\/fieam.org.br\/fieam\/#\/schema\/person\/ff86678b986855fb9f8d2e599eab31ae"},"headline":"FIEAM avalia que desempenho de janeiro revela solidez do PIM","datePublished":"2024-04-09T20:12:07+00:00","mainEntityOfPage":{"@id":"https:\/\/fieam.org.br\/fieam\/fieam-avalia-que-desempenho-de-janeiro-revela-solidez-do-pim\/"},"wordCount":330,"commentCount":0,"publisher":{"@id":"https:\/\/fieam.org.br\/fieam\/#organization"},"image":{"@id":"https:\/\/fieam.org.br\/fieam\/fieam-avalia-que-desempenho-de-janeiro-revela-solidez-do-pim\/#primaryimage"},"thumbnailUrl":"https:\/\/fieam.org.br\/fieam\/wp-content\/uploads\/sites\/9\/2024\/04\/IMG_2633-Antonio-Silva.jpeg","articleSection":["Banner Destaque","Geral","News","News Destaque"],"inLanguage":"pt-BR","potentialAction":[{"@type":"CommentAction","name":"Comment","target":["https:\/\/fieam.org.br\/fieam\/fieam-avalia-que-desempenho-de-janeiro-revela-solidez-do-pim\/#respond"]}]},{"@type":"WebPage","@id":"https:\/\/fieam.org.br\/fieam\/fieam-avalia-que-desempenho-de-janeiro-revela-solidez-do-pim\/","url":"https:\/\/fieam.org.br\/fieam\/fieam-avalia-que-desempenho-de-janeiro-revela-solidez-do-pim\/","name":"FIEAM avalia que desempenho de janeiro revela solidez do PIM - FIEAM","isPartOf":{"@id":"https:\/\/fieam.org.br\/fieam\/#website"},"primaryImageOfPage":{"@id":"https:\/\/fieam.org.br\/fieam\/fieam-avalia-que-desempenho-de-janeiro-revela-solidez-do-pim\/#primaryimage"},"image":{"@id":"https:\/\/fieam.org.br\/fieam\/fieam-avalia-que-desempenho-de-janeiro-revela-solidez-do-pim\/#primaryimage"},"thumbnailUrl":"https:\/\/fieam.org.br\/fieam\/wp-content\/uploads\/sites\/9\/2024\/04\/IMG_2633-Antonio-Silva.jpeg","datePublished":"2024-04-09T20:12:07+00:00","breadcrumb":{"@id":"https:\/\/fieam.org.br\/fieam\/fieam-avalia-que-desempenho-de-janeiro-revela-solidez-do-pim\/#breadcrumb"},"inLanguage":"pt-BR","potentialAction":[{"@type":"ReadAction","target":["https:\/\/fieam.org.br\/fieam\/fieam-avalia-que-desempenho-de-janeiro-revela-solidez-do-pim\/"]}]},{"@type":"ImageObject","inLanguage":"pt-BR","@id":"https:\/\/fieam.org.br\/fieam\/fieam-avalia-que-desempenho-de-janeiro-revela-solidez-do-pim\/#primaryimage","url":"https:\/\/fieam.org.br\/fieam\/wp-content\/uploads\/sites\/9\/2024\/04\/IMG_2633-Antonio-Silva.jpeg","contentUrl":"https:\/\/fieam.org.br\/fieam\/wp-content\/uploads\/sites\/9\/2024\/04\/IMG_2633-Antonio-Silva.jpeg","width":1500,"height":1000},{"@type":"BreadcrumbList","@id":"https:\/\/fieam.org.br\/fieam\/fieam-avalia-que-desempenho-de-janeiro-revela-solidez-do-pim\/#breadcrumb","itemListElement":[{"@type":"ListItem","position":1,"name":"In\u00edcio","item":"https:\/\/fieam.org.br\/fieam\/"},{"@type":"ListItem","position":2,"name":"FIEAM avalia que desempenho de janeiro revela solidez do PIM"}]},{"@type":"WebSite","@id":"https:\/\/fieam.org.br\/fieam\/#website","url":"https:\/\/fieam.org.br\/fieam\/","name":"FIEAM","description":"Site Oficial!","publisher":{"@id":"https:\/\/fieam.org.br\/fieam\/#organization"},"potentialAction":[{"@type":"SearchAction","target":{"@type":"EntryPoint","urlTemplate":"https:\/\/fieam.org.br\/fieam\/?s={search_term_string}"},"query-input":{"@type":"PropertyValueSpecification","valueRequired":true,"valueName":"search_term_string"}}],"inLanguage":"pt-BR"},{"@type":"Organization","@id":"https:\/\/fieam.org.br\/fieam\/#organization","name":"FIEAM","url":"https:\/\/fieam.org.br\/fieam\/","logo":{"@type":"ImageObject","inLanguage":"pt-BR","@id":"https:\/\/fieam.org.br\/fieam\/#\/schema\/logo\/image\/","url":"https:\/\/fieam.org.br\/fieam\/wp-content\/uploads\/sites\/9\/2024\/03\/cropped-fav.png","contentUrl":"https:\/\/fieam.org.br\/fieam\/wp-content\/uploads\/sites\/9\/2024\/03\/cropped-fav.png","width":597,"height":598,"caption":"FIEAM"},"image":{"@id":"https:\/\/fieam.org.br\/fieam\/#\/schema\/logo\/image\/"}},{"@type":"Person","@id":"https:\/\/fieam.org.br\/fieam\/#\/schema\/person\/ff86678b986855fb9f8d2e599eab31ae","name":"cris","image":{"@type":"ImageObject","inLanguage":"pt-BR","@id":"https:\/\/fieam.org.br\/fieam\/#\/schema\/person\/image\/","url":"https:\/\/secure.gravatar.com\/avatar\/e66688f9186abb74f11662d64a816c0971765b5f3721fc721afe90af108548a3?s=96&d=mm&r=g","contentUrl":"https:\/\/secure.gravatar.com\/avatar\/e66688f9186abb74f11662d64a816c0971765b5f3721fc721afe90af108548a3?s=96&d=mm&r=g","caption":"cris"},"sameAs":["https:\/\/x.com\/tour-virtual@fieam.org.br"],"url":"https:\/\/fieam.org.br\/fieam\/author\/cris\/"}]}},"_links":{"self":[{"href":"https:\/\/fieam.org.br\/fieam\/wp-json\/wp\/v2\/posts\/16732","targetHints":{"allow":["GET"]}}],"collection":[{"href":"https:\/\/fieam.org.br\/fieam\/wp-json\/wp\/v2\/posts"}],"about":[{"href":"https:\/\/fieam.org.br\/fieam\/wp-json\/wp\/v2\/types\/post"}],"author":[{"embeddable":true,"href":"https:\/\/fieam.org.br\/fieam\/wp-json\/wp\/v2\/users\/9"}],"replies":[{"embeddable":true,"href":"https:\/\/fieam.org.br\/fieam\/wp-json\/wp\/v2\/comments?post=16732"}],"version-history":[{"count":1,"href":"https:\/\/fieam.org.br\/fieam\/wp-json\/wp\/v2\/posts\/16732\/revisions"}],"predecessor-version":[{"id":16734,"href":"https:\/\/fieam.org.br\/fieam\/wp-json\/wp\/v2\/posts\/16732\/revisions\/16734"}],"wp:featuredmedia":[{"embeddable":true,"href":"https:\/\/fieam.org.br\/fieam\/wp-json\/wp\/v2\/media\/16733"}],"wp:attachment":[{"href":"https:\/\/fieam.org.br\/fieam\/wp-json\/wp\/v2\/media?parent=16732"}],"wp:term":[{"taxonomy":"category","embeddable":true,"href":"https:\/\/fieam.org.br\/fieam\/wp-json\/wp\/v2\/categories?post=16732"},{"taxonomy":"post_tag","embeddable":true,"href":"https:\/\/fieam.org.br\/fieam\/wp-json\/wp\/v2\/tags?post=16732"}],"curies":[{"name":"wp","href":"https:\/\/api.w.org\/{rel}","templated":true}]}}