{"id":15790,"date":"2022-07-18T18:00:44","date_gmt":"2022-07-18T22:00:44","guid":{"rendered":"http:\/\/www.fieam.org.br\/fieam\/?p=15790"},"modified":"2022-07-18T18:00:44","modified_gmt":"2022-07-18T22:00:44","slug":"wilson-lima-anuncia-prorrogacao-da-lei-de-incentivos-para-bens-com-processo-produtivo-elementar-em-reuniao-na-fieam","status":"publish","type":"post","link":"https:\/\/fieam.org.br\/fieam\/wilson-lima-anuncia-prorrogacao-da-lei-de-incentivos-para-bens-com-processo-produtivo-elementar-em-reuniao-na-fieam\/","title":{"rendered":"Wilson Lima torna sem efeito decreto de incentivos para bens com processo produtivo elementar, an\u00fancio foi feito em reuni\u00e3o na FIEAM"},"content":{"rendered":"<p><a href=\"http:\/\/www.fieam.org.br\/fieam\/wp-content\/uploads\/sites\/5\/2022\/07\/Modificacao-na-Lei-no-2.826-e-promulgada-apos-reivindicacao-da-industria.jpg\"><img fetchpriority=\"high\" decoding=\"async\" class=\" wp-image-15792 alignleft\" src=\"http:\/\/www.fieam.org.br\/fieam\/wp-content\/uploads\/sites\/5\/2022\/07\/Modificacao-na-Lei-no-2.826-e-promulgada-apos-reivindicacao-da-industria-1024x683.jpg\" alt=\"\" width=\"553\" height=\"369\" \/><\/a>A diretoria da Federa\u00e7\u00e3o das Ind\u00fastrias do Estado do Amazonas (FIEAM) reuniu-se nesta segunda-feira, 18, na sede da institui\u00e7\u00e3o com o governador do Estado do Amazonas, Wilson Lima. Na ocasi\u00e3o, o presidente da FIEAM, Antonio Silva, destacou os bens com processo produtivo elementar, assunto que se arrasta desde 2013, quando o conceito foi introduzido na legisla\u00e7\u00e3o de incentivos fiscais. \u201cAssim como o governo, entendemos que essa quest\u00e3o precisa de uma regulamenta\u00e7\u00e3o urgente e clara, a fim de evitarmos problemas de interpreta\u00e7\u00e3o e enquadramento\u201d, assinalou o representante da ind\u00fastria.<\/p>\n<p>Silva disse que os empres\u00e1rios da ind\u00fastria t\u00eam plena convic\u00e7\u00e3o de que a atitude do governo estadual foi a mais correta poss\u00edvel ao promulgar o Decreto n\u00ba 45.899, de 23 de junho de 2022, mas gostariam de ter uma melhor compreens\u00e3o sobre os crit\u00e9rios que balizaram os conceitos normativos. \u201cNossa inten\u00e7\u00e3o \u00e9 de que possamos colaborar nesse arcabou\u00e7o t\u00e9cnico para melhor definirmos essa conceitua\u00e7\u00e3o do que se configura como processo produtivo elementar\u201d, argumentou.<\/p>\n<p>Ao falar da prorroga\u00e7\u00e3o da lei 2.826\/2003, que expiraria em 2023, o governador Wilson Lima anunciou que torna sem efeito o decreto que disciplinava os bens com processo produtivo elementar, ou seja, vai retornar ao status anterior, mantendo os incentivos fiscais a esses produtos. Lima acrescentou que as empresas j\u00e1 notificadas n\u00e3o ser\u00e3o penalizadas com a redu\u00e7\u00e3o \u00e0 raz\u00e3o de cinco pontos percentuais ao m\u00eas, at\u00e9 conclusiva extin\u00e7\u00e3o do incentivo fiscal.<\/p>\n<p>O governador comprometeu-se em designar t\u00e9cnicos do governo at\u00e9 as empresas do Polo Industrial de Manaus (PIM) para que seja feita uma classifica\u00e7\u00e3o mais atenta desses produtos e assim n\u00e3o ocorra nenhum ru\u00eddo.<\/p>\n<p><strong>Como est\u00e1 funcionando a Lei n\u00ba 2.826 hoje<\/strong><\/p>\n<p>De acordo com o art. 79-B da Lei n\u00ba 2.826, os incentivos fiscais concedidos \u00e0s\u00a0ind\u00fastrias fabricantes de produtos cujo processo produtivo seja considerado elementar, conforme definido no inciso XVIII do caput do art. 10, cuja vig\u00eancia encerre no dia 5 de outubro de 2023, ter\u00e3o os n\u00edveis de cr\u00e9dito\u00a0est\u00edmulo reduzidos nos \u00faltimos meses de sua vig\u00eancia,\u00a0pro rata\u00a0tempore, \u00e0 raz\u00e3o de 05 (cinco) pontos percentuais ao m\u00eas, de forma que o benef\u00edcio se extinga ao termo final de sua vig\u00eancia, incluindo-se neste momento qualquer res\u00edduo remanescente.<\/p>\n<p>Participaram da reuni\u00e3o representantes de entidades de classe, como o presidente da Federa\u00e7\u00e3o da Agricultura e Pecu\u00e1ria do Estado do Amazonas (<a href=\"https:\/\/sistemafaeasenar.org.br\/\">Faea<\/a>), Muni Louren\u00e7o, presidente da C\u00e2mara de Dirigentes Lojistas de Manaus (<a href=\"https:\/\/www.cdlmanaus.org.br\/\">CDL-Manaus<\/a>), Ralph Assayag e, presidentes de sindicatos como de Instala\u00e7\u00f5es El\u00e9tricas, G\u00e1s, Hidr\u00e1ulicas e Sanit\u00e1rias de Manaus, Agostinho Freitas Junior, de Aparelhos El\u00e9tricos, Eletr\u00f4nicos e Similares de Manaus (Sinaees), Wilson P\u00e9rico, entre outros.<\/p>\n","protected":false},"excerpt":{"rendered":"<p>A diretoria da Federa\u00e7\u00e3o das Ind\u00fastrias do Estado do Amazonas (FIEAM) reuniu-se nesta segunda-feira, 18, na sede da institui\u00e7\u00e3o com o governador do Estado do Amazonas, Wilson Lima. Na ocasi\u00e3o, o presidente da FIEAM, Antonio Silva, destacou os bens com processo produtivo elementar, assunto que se arrasta desde 2013, quando o conceito foi introduzido na [&hellip;]<\/p>\n","protected":false},"author":1,"featured_media":15791,"comment_status":"closed","ping_status":"open","sticky":false,"template":"","format":"standard","meta":{"footnotes":""},"categories":[28,29,30],"tags":[],"class_list":["post-15790","post","type-post","status-publish","format-standard","has-post-thumbnail","hentry","category-banner-destaque","category-news","category-news_destaque"],"yoast_head":"<!-- This site is optimized with the Yoast SEO plugin v26.8 - https:\/\/yoast.com\/product\/yoast-seo-wordpress\/ -->\n<title>Wilson Lima torna sem efeito decreto de incentivos para bens com processo produtivo elementar, an\u00fancio foi feito em reuni\u00e3o na FIEAM - FIEAM<\/title>\n<meta name=\"robots\" content=\"index, follow, max-snippet:-1, max-image-preview:large, max-video-preview:-1\" \/>\n<link rel=\"canonical\" href=\"https:\/\/fieam.org.br\/fieam\/wilson-lima-anuncia-prorrogacao-da-lei-de-incentivos-para-bens-com-processo-produtivo-elementar-em-reuniao-na-fieam\/\" \/>\n<meta property=\"og:locale\" content=\"pt_BR\" \/>\n<meta property=\"og:type\" content=\"article\" \/>\n<meta property=\"og:title\" content=\"Wilson Lima torna sem efeito decreto de incentivos para bens com processo produtivo elementar, an\u00fancio foi feito em reuni\u00e3o na FIEAM - FIEAM\" \/>\n<meta property=\"og:description\" content=\"A diretoria da Federa\u00e7\u00e3o das Ind\u00fastrias do Estado do Amazonas (FIEAM) reuniu-se nesta segunda-feira, 18, na sede da institui\u00e7\u00e3o com o governador do Estado do Amazonas, Wilson Lima. Na ocasi\u00e3o, o presidente da FIEAM, Antonio Silva, destacou os bens com processo produtivo elementar, assunto que se arrasta desde 2013, quando o conceito foi introduzido na [&hellip;]\" \/>\n<meta property=\"og:url\" content=\"https:\/\/fieam.org.br\/fieam\/wilson-lima-anuncia-prorrogacao-da-lei-de-incentivos-para-bens-com-processo-produtivo-elementar-em-reuniao-na-fieam\/\" \/>\n<meta property=\"og:site_name\" content=\"FIEAM\" \/>\n<meta property=\"article:published_time\" content=\"2022-07-18T22:00:44+00:00\" \/>\n<meta name=\"author\" content=\"Autor\" \/>\n<meta name=\"twitter:card\" content=\"summary_large_image\" \/>\n<meta name=\"twitter:label1\" content=\"Escrito por\" \/>\n\t<meta name=\"twitter:data1\" content=\"Autor\" \/>\n\t<meta name=\"twitter:label2\" content=\"Est. tempo de leitura\" \/>\n\t<meta name=\"twitter:data2\" content=\"2 minutos\" \/>\n<script type=\"application\/ld+json\" class=\"yoast-schema-graph\">{\"@context\":\"https:\/\/schema.org\",\"@graph\":[{\"@type\":\"Article\",\"@id\":\"https:\/\/fieam.org.br\/fieam\/wilson-lima-anuncia-prorrogacao-da-lei-de-incentivos-para-bens-com-processo-produtivo-elementar-em-reuniao-na-fieam\/#article\",\"isPartOf\":{\"@id\":\"https:\/\/fieam.org.br\/fieam\/wilson-lima-anuncia-prorrogacao-da-lei-de-incentivos-para-bens-com-processo-produtivo-elementar-em-reuniao-na-fieam\/\"},\"author\":{\"name\":\"Autor\",\"@id\":\"https:\/\/fieam.org.br\/fieam\/#\/schema\/person\/c1ceda8321521b291cee22da0a7d34be\"},\"headline\":\"Wilson Lima torna sem efeito decreto de incentivos para bens com processo produtivo elementar, an\u00fancio foi feito em reuni\u00e3o na FIEAM\",\"datePublished\":\"2022-07-18T22:00:44+00:00\",\"mainEntityOfPage\":{\"@id\":\"https:\/\/fieam.org.br\/fieam\/wilson-lima-anuncia-prorrogacao-da-lei-de-incentivos-para-bens-com-processo-produtivo-elementar-em-reuniao-na-fieam\/\"},\"wordCount\":490,\"publisher\":{\"@id\":\"https:\/\/fieam.org.br\/fieam\/#organization\"},\"image\":{\"@id\":\"https:\/\/fieam.org.br\/fieam\/wilson-lima-anuncia-prorrogacao-da-lei-de-incentivos-para-bens-com-processo-produtivo-elementar-em-reuniao-na-fieam\/#primaryimage\"},\"thumbnailUrl\":\"\",\"articleSection\":[\"Banner Destaque\",\"News\",\"News Destaque\"],\"inLanguage\":\"pt-BR\"},{\"@type\":\"WebPage\",\"@id\":\"https:\/\/fieam.org.br\/fieam\/wilson-lima-anuncia-prorrogacao-da-lei-de-incentivos-para-bens-com-processo-produtivo-elementar-em-reuniao-na-fieam\/\",\"url\":\"https:\/\/fieam.org.br\/fieam\/wilson-lima-anuncia-prorrogacao-da-lei-de-incentivos-para-bens-com-processo-produtivo-elementar-em-reuniao-na-fieam\/\",\"name\":\"Wilson Lima torna sem efeito decreto de incentivos para bens com processo produtivo elementar, an\u00fancio foi feito em reuni\u00e3o na FIEAM - FIEAM\",\"isPartOf\":{\"@id\":\"https:\/\/fieam.org.br\/fieam\/#website\"},\"primaryImageOfPage\":{\"@id\":\"https:\/\/fieam.org.br\/fieam\/wilson-lima-anuncia-prorrogacao-da-lei-de-incentivos-para-bens-com-processo-produtivo-elementar-em-reuniao-na-fieam\/#primaryimage\"},\"image\":{\"@id\":\"https:\/\/fieam.org.br\/fieam\/wilson-lima-anuncia-prorrogacao-da-lei-de-incentivos-para-bens-com-processo-produtivo-elementar-em-reuniao-na-fieam\/#primaryimage\"},\"thumbnailUrl\":\"\",\"datePublished\":\"2022-07-18T22:00:44+00:00\",\"breadcrumb\":{\"@id\":\"https:\/\/fieam.org.br\/fieam\/wilson-lima-anuncia-prorrogacao-da-lei-de-incentivos-para-bens-com-processo-produtivo-elementar-em-reuniao-na-fieam\/#breadcrumb\"},\"inLanguage\":\"pt-BR\",\"potentialAction\":[{\"@type\":\"ReadAction\",\"target\":[\"https:\/\/fieam.org.br\/fieam\/wilson-lima-anuncia-prorrogacao-da-lei-de-incentivos-para-bens-com-processo-produtivo-elementar-em-reuniao-na-fieam\/\"]}]},{\"@type\":\"ImageObject\",\"inLanguage\":\"pt-BR\",\"@id\":\"https:\/\/fieam.org.br\/fieam\/wilson-lima-anuncia-prorrogacao-da-lei-de-incentivos-para-bens-com-processo-produtivo-elementar-em-reuniao-na-fieam\/#primaryimage\",\"url\":\"\",\"contentUrl\":\"\"},{\"@type\":\"BreadcrumbList\",\"@id\":\"https:\/\/fieam.org.br\/fieam\/wilson-lima-anuncia-prorrogacao-da-lei-de-incentivos-para-bens-com-processo-produtivo-elementar-em-reuniao-na-fieam\/#breadcrumb\",\"itemListElement\":[{\"@type\":\"ListItem\",\"position\":1,\"name\":\"In\u00edcio\",\"item\":\"https:\/\/fieam.org.br\/fieam\/\"},{\"@type\":\"ListItem\",\"position\":2,\"name\":\"Wilson Lima torna sem efeito decreto de incentivos para bens com processo produtivo elementar, an\u00fancio foi feito em reuni\u00e3o na FIEAM\"}]},{\"@type\":\"WebSite\",\"@id\":\"https:\/\/fieam.org.br\/fieam\/#website\",\"url\":\"https:\/\/fieam.org.br\/fieam\/\",\"name\":\"FIEAM\",\"description\":\"Site Oficial!\",\"publisher\":{\"@id\":\"https:\/\/fieam.org.br\/fieam\/#organization\"},\"potentialAction\":[{\"@type\":\"SearchAction\",\"target\":{\"@type\":\"EntryPoint\",\"urlTemplate\":\"https:\/\/fieam.org.br\/fieam\/?s={search_term_string}\"},\"query-input\":{\"@type\":\"PropertyValueSpecification\",\"valueRequired\":true,\"valueName\":\"search_term_string\"}}],\"inLanguage\":\"pt-BR\"},{\"@type\":\"Organization\",\"@id\":\"https:\/\/fieam.org.br\/fieam\/#organization\",\"name\":\"FIEAM\",\"url\":\"https:\/\/fieam.org.br\/fieam\/\",\"logo\":{\"@type\":\"ImageObject\",\"inLanguage\":\"pt-BR\",\"@id\":\"https:\/\/fieam.org.br\/fieam\/#\/schema\/logo\/image\/\",\"url\":\"https:\/\/fieam.org.br\/fieam\/wp-content\/uploads\/sites\/9\/2024\/03\/cropped-fav.png\",\"contentUrl\":\"https:\/\/fieam.org.br\/fieam\/wp-content\/uploads\/sites\/9\/2024\/03\/cropped-fav.png\",\"width\":597,\"height\":598,\"caption\":\"FIEAM\"},\"image\":{\"@id\":\"https:\/\/fieam.org.br\/fieam\/#\/schema\/logo\/image\/\"}},{\"@type\":\"Person\",\"@id\":\"https:\/\/fieam.org.br\/fieam\/#\/schema\/person\/c1ceda8321521b291cee22da0a7d34be\",\"name\":\"Autor\",\"image\":{\"@type\":\"ImageObject\",\"inLanguage\":\"pt-BR\",\"@id\":\"https:\/\/fieam.org.br\/fieam\/#\/schema\/person\/image\/\",\"url\":\"https:\/\/secure.gravatar.com\/avatar\/3732c223e0e1fad69062a8f770955c9068d37b055204f310a0be18d4069fe380?s=96&d=mm&r=g\",\"contentUrl\":\"https:\/\/secure.gravatar.com\/avatar\/3732c223e0e1fad69062a8f770955c9068d37b055204f310a0be18d4069fe380?s=96&d=mm&r=g\",\"caption\":\"Autor\"},\"sameAs\":[\"https:\/\/marketingmassivo.com.br\"],\"url\":\"https:\/\/fieam.org.br\/fieam\/author\/admin\/\"}]}<\/script>\n<!-- \/ Yoast SEO plugin. -->","yoast_head_json":{"title":"Wilson Lima torna sem efeito decreto de incentivos para bens com processo produtivo elementar, an\u00fancio foi feito em reuni\u00e3o na FIEAM - FIEAM","robots":{"index":"index","follow":"follow","max-snippet":"max-snippet:-1","max-image-preview":"max-image-preview:large","max-video-preview":"max-video-preview:-1"},"canonical":"https:\/\/fieam.org.br\/fieam\/wilson-lima-anuncia-prorrogacao-da-lei-de-incentivos-para-bens-com-processo-produtivo-elementar-em-reuniao-na-fieam\/","og_locale":"pt_BR","og_type":"article","og_title":"Wilson Lima torna sem efeito decreto de incentivos para bens com processo produtivo elementar, an\u00fancio foi feito em reuni\u00e3o na FIEAM - FIEAM","og_description":"A diretoria da Federa\u00e7\u00e3o das Ind\u00fastrias do Estado do Amazonas (FIEAM) reuniu-se nesta segunda-feira, 18, na sede da institui\u00e7\u00e3o com o governador do Estado do Amazonas, Wilson Lima. Na ocasi\u00e3o, o presidente da FIEAM, Antonio Silva, destacou os bens com processo produtivo elementar, assunto que se arrasta desde 2013, quando o conceito foi introduzido na [&hellip;]","og_url":"https:\/\/fieam.org.br\/fieam\/wilson-lima-anuncia-prorrogacao-da-lei-de-incentivos-para-bens-com-processo-produtivo-elementar-em-reuniao-na-fieam\/","og_site_name":"FIEAM","article_published_time":"2022-07-18T22:00:44+00:00","author":"Autor","twitter_card":"summary_large_image","twitter_misc":{"Escrito por":"Autor","Est. tempo de leitura":"2 minutos"},"schema":{"@context":"https:\/\/schema.org","@graph":[{"@type":"Article","@id":"https:\/\/fieam.org.br\/fieam\/wilson-lima-anuncia-prorrogacao-da-lei-de-incentivos-para-bens-com-processo-produtivo-elementar-em-reuniao-na-fieam\/#article","isPartOf":{"@id":"https:\/\/fieam.org.br\/fieam\/wilson-lima-anuncia-prorrogacao-da-lei-de-incentivos-para-bens-com-processo-produtivo-elementar-em-reuniao-na-fieam\/"},"author":{"name":"Autor","@id":"https:\/\/fieam.org.br\/fieam\/#\/schema\/person\/c1ceda8321521b291cee22da0a7d34be"},"headline":"Wilson Lima torna sem efeito decreto de incentivos para bens com processo produtivo elementar, an\u00fancio foi feito em reuni\u00e3o na FIEAM","datePublished":"2022-07-18T22:00:44+00:00","mainEntityOfPage":{"@id":"https:\/\/fieam.org.br\/fieam\/wilson-lima-anuncia-prorrogacao-da-lei-de-incentivos-para-bens-com-processo-produtivo-elementar-em-reuniao-na-fieam\/"},"wordCount":490,"publisher":{"@id":"https:\/\/fieam.org.br\/fieam\/#organization"},"image":{"@id":"https:\/\/fieam.org.br\/fieam\/wilson-lima-anuncia-prorrogacao-da-lei-de-incentivos-para-bens-com-processo-produtivo-elementar-em-reuniao-na-fieam\/#primaryimage"},"thumbnailUrl":"","articleSection":["Banner Destaque","News","News Destaque"],"inLanguage":"pt-BR"},{"@type":"WebPage","@id":"https:\/\/fieam.org.br\/fieam\/wilson-lima-anuncia-prorrogacao-da-lei-de-incentivos-para-bens-com-processo-produtivo-elementar-em-reuniao-na-fieam\/","url":"https:\/\/fieam.org.br\/fieam\/wilson-lima-anuncia-prorrogacao-da-lei-de-incentivos-para-bens-com-processo-produtivo-elementar-em-reuniao-na-fieam\/","name":"Wilson Lima torna sem efeito decreto de incentivos para bens com processo produtivo elementar, an\u00fancio foi feito em reuni\u00e3o na FIEAM - FIEAM","isPartOf":{"@id":"https:\/\/fieam.org.br\/fieam\/#website"},"primaryImageOfPage":{"@id":"https:\/\/fieam.org.br\/fieam\/wilson-lima-anuncia-prorrogacao-da-lei-de-incentivos-para-bens-com-processo-produtivo-elementar-em-reuniao-na-fieam\/#primaryimage"},"image":{"@id":"https:\/\/fieam.org.br\/fieam\/wilson-lima-anuncia-prorrogacao-da-lei-de-incentivos-para-bens-com-processo-produtivo-elementar-em-reuniao-na-fieam\/#primaryimage"},"thumbnailUrl":"","datePublished":"2022-07-18T22:00:44+00:00","breadcrumb":{"@id":"https:\/\/fieam.org.br\/fieam\/wilson-lima-anuncia-prorrogacao-da-lei-de-incentivos-para-bens-com-processo-produtivo-elementar-em-reuniao-na-fieam\/#breadcrumb"},"inLanguage":"pt-BR","potentialAction":[{"@type":"ReadAction","target":["https:\/\/fieam.org.br\/fieam\/wilson-lima-anuncia-prorrogacao-da-lei-de-incentivos-para-bens-com-processo-produtivo-elementar-em-reuniao-na-fieam\/"]}]},{"@type":"ImageObject","inLanguage":"pt-BR","@id":"https:\/\/fieam.org.br\/fieam\/wilson-lima-anuncia-prorrogacao-da-lei-de-incentivos-para-bens-com-processo-produtivo-elementar-em-reuniao-na-fieam\/#primaryimage","url":"","contentUrl":""},{"@type":"BreadcrumbList","@id":"https:\/\/fieam.org.br\/fieam\/wilson-lima-anuncia-prorrogacao-da-lei-de-incentivos-para-bens-com-processo-produtivo-elementar-em-reuniao-na-fieam\/#breadcrumb","itemListElement":[{"@type":"ListItem","position":1,"name":"In\u00edcio","item":"https:\/\/fieam.org.br\/fieam\/"},{"@type":"ListItem","position":2,"name":"Wilson Lima torna sem efeito decreto de incentivos para bens com processo produtivo elementar, an\u00fancio foi feito em reuni\u00e3o na FIEAM"}]},{"@type":"WebSite","@id":"https:\/\/fieam.org.br\/fieam\/#website","url":"https:\/\/fieam.org.br\/fieam\/","name":"FIEAM","description":"Site Oficial!","publisher":{"@id":"https:\/\/fieam.org.br\/fieam\/#organization"},"potentialAction":[{"@type":"SearchAction","target":{"@type":"EntryPoint","urlTemplate":"https:\/\/fieam.org.br\/fieam\/?s={search_term_string}"},"query-input":{"@type":"PropertyValueSpecification","valueRequired":true,"valueName":"search_term_string"}}],"inLanguage":"pt-BR"},{"@type":"Organization","@id":"https:\/\/fieam.org.br\/fieam\/#organization","name":"FIEAM","url":"https:\/\/fieam.org.br\/fieam\/","logo":{"@type":"ImageObject","inLanguage":"pt-BR","@id":"https:\/\/fieam.org.br\/fieam\/#\/schema\/logo\/image\/","url":"https:\/\/fieam.org.br\/fieam\/wp-content\/uploads\/sites\/9\/2024\/03\/cropped-fav.png","contentUrl":"https:\/\/fieam.org.br\/fieam\/wp-content\/uploads\/sites\/9\/2024\/03\/cropped-fav.png","width":597,"height":598,"caption":"FIEAM"},"image":{"@id":"https:\/\/fieam.org.br\/fieam\/#\/schema\/logo\/image\/"}},{"@type":"Person","@id":"https:\/\/fieam.org.br\/fieam\/#\/schema\/person\/c1ceda8321521b291cee22da0a7d34be","name":"Autor","image":{"@type":"ImageObject","inLanguage":"pt-BR","@id":"https:\/\/fieam.org.br\/fieam\/#\/schema\/person\/image\/","url":"https:\/\/secure.gravatar.com\/avatar\/3732c223e0e1fad69062a8f770955c9068d37b055204f310a0be18d4069fe380?s=96&d=mm&r=g","contentUrl":"https:\/\/secure.gravatar.com\/avatar\/3732c223e0e1fad69062a8f770955c9068d37b055204f310a0be18d4069fe380?s=96&d=mm&r=g","caption":"Autor"},"sameAs":["https:\/\/marketingmassivo.com.br"],"url":"https:\/\/fieam.org.br\/fieam\/author\/admin\/"}]}},"_links":{"self":[{"href":"https:\/\/fieam.org.br\/fieam\/wp-json\/wp\/v2\/posts\/15790","targetHints":{"allow":["GET"]}}],"collection":[{"href":"https:\/\/fieam.org.br\/fieam\/wp-json\/wp\/v2\/posts"}],"about":[{"href":"https:\/\/fieam.org.br\/fieam\/wp-json\/wp\/v2\/types\/post"}],"author":[{"embeddable":true,"href":"https:\/\/fieam.org.br\/fieam\/wp-json\/wp\/v2\/users\/1"}],"replies":[{"embeddable":true,"href":"https:\/\/fieam.org.br\/fieam\/wp-json\/wp\/v2\/comments?post=15790"}],"version-history":[{"count":0,"href":"https:\/\/fieam.org.br\/fieam\/wp-json\/wp\/v2\/posts\/15790\/revisions"}],"wp:featuredmedia":[{"embeddable":true,"href":"https:\/\/fieam.org.br\/fieam\/wp-json\/"}],"wp:attachment":[{"href":"https:\/\/fieam.org.br\/fieam\/wp-json\/wp\/v2\/media?parent=15790"}],"wp:term":[{"taxonomy":"category","embeddable":true,"href":"https:\/\/fieam.org.br\/fieam\/wp-json\/wp\/v2\/categories?post=15790"},{"taxonomy":"post_tag","embeddable":true,"href":"https:\/\/fieam.org.br\/fieam\/wp-json\/wp\/v2\/tags?post=15790"}],"curies":[{"name":"wp","href":"https:\/\/api.w.org\/{rel}","templated":true}]}}