{"id":15741,"date":"2022-06-21T13:34:05","date_gmt":"2022-06-21T17:34:05","guid":{"rendered":"http:\/\/www.fieam.org.br\/fieam\/?p=15741"},"modified":"2022-06-21T13:34:05","modified_gmt":"2022-06-21T17:34:05","slug":"amazonia-sem-lei-sem-eira-nem-beira","status":"publish","type":"post","link":"https:\/\/fieam.org.br\/fieam\/amazonia-sem-lei-sem-eira-nem-beira\/","title":{"rendered":"Amaz\u00f4nia sem lei, sem eira nem beira"},"content":{"rendered":"<p><a href=\"http:\/\/www.fieam.org.br\/fieam\/wp-content\/uploads\/sites\/5\/2022\/06\/Foto-do-Dr-Nelson-oficial.jpeg\"><img fetchpriority=\"high\" decoding=\"async\" class=\" wp-image-15711 alignright\" src=\"http:\/\/www.fieam.org.br\/fieam\/wp-content\/uploads\/sites\/5\/2022\/06\/Foto-do-Dr-Nelson-oficial.jpeg\" alt=\"\" width=\"402\" height=\"468\"><\/a><strong>&#8220;Com a lei, pela lei e dentro da lei; porque fora da lei n\u00e3o h\u00e1 salva\u00e7\u00e3o.&#8221;<\/strong><\/p>\n<p>Esta senten\u00e7a prof\u00e9tica de Rui Barbosa, pronunciada em discurso na Suprema Corte h\u00e1 130 anos, se deu num momento muito delicado do estado de direito na Rep\u00fablica do Brasil. Ela permanece atual e preocupante em nossos dias, em nossa Amaz\u00f4nia e no Brasil onde as leis costumam ser editadas em profus\u00e3o e com frequente descaso. Como podemos pensar no futuro se estamos sempre pendurados na inseguran\u00e7a jur\u00eddica de nossos empreendimentos e na crescente intromiss\u00e3o\/ diversifica\u00e7\u00e3o\/expans\u00e3o da ilegalidade? Pois bem: este \u00e9 o nosso desafio e \u00e9 de nossa responsabilidade enfrentar.<\/p>\n<p><strong>Cumplicidade, colabora\u00e7\u00e3o e unidade.<\/strong><br \/>\no que est\u00e1 acontecendo na Amaz\u00f4nia? Um dos imperativos desse desafio \u00e9 se curvar com intelig\u00eancia na interpreta\u00e7\u00e3o dos problemas a equacionar. \u00c9 olhar com objetividade e realismo os problemas que nos cercam. Sem otimismo ing\u00eanuo nem pessimismo derrotista. Estamos nesta embarca\u00e7\u00e3o chamada Zona Franca de Manaus h\u00e1 55 anos e temos os instrumentos e muita disposi\u00e7\u00e3o para consolidar e aperfei\u00e7oar este programa. Depende s\u00f3&nbsp;de n\u00f3s. Por isso, a hora exige cumplicidade, colabora\u00e7\u00e3o e unidade. Os fundamentos hist\u00f3ricos da Zona Franca sup\u00f5e integrar a regi\u00e3o ao Brasil para n\u00e3o entregar ela a cobi\u00e7a internacional, ao crime organizado e a explora\u00e7\u00e3o predat\u00f3ria de nossos recursos naturais.<\/p>\n<p><strong>Desenvolvimento sustent\u00e1vel<\/strong><br \/>\nFalamos muito de sustentabilidade e poucas vezes paramos para meditar em conjunto sobre o significado deste conceito no cotidiano de nossa atividade fabril. invocando nosso mestre Samuel Benchimol, aprendemos que sustentabilidade \u00e9 todo modo de produ\u00e7\u00e3o economicamente vi\u00e1vel, politicamente correto, socialmente justo e ambientalmente equilibrado. Esta tem sido nossa vis\u00e3o de capitalismo desde que foi decretada a instala\u00e7\u00e3o da Zona Franca de Manaus, pelo marechal Castelo Branco dez anos depois de sua homologa\u00e7\u00e3o em 1957, governo JK.<\/p>\n<p><strong>Premissa de perenidade produtiva<\/strong><br \/>\nConscientes ou n\u00e3o do imperativo ambiental dos anos subsequentes, sempre respeitamos o Meio Ambiente, pautando nossa atividade comercial, agr\u00edcola e fabril, como refer\u00eancia de zelo daquilo que dever\u00edamos integrar para n\u00e3o integrar\u00e1 cobi\u00e7a internacional:&nbsp;a floresta amaz\u00f4nica. Hoje, al\u00e9m de ter-se transformado no maior ativo e melhor instrumento de legitimidade nossa exist\u00eancia, a Amaz\u00f4nia, doravante, sua conserva\u00e7\u00e3o e aproveitamento sustent\u00e1vel, ser\u00e1 a garantia de nossa perenidade produtiva. E aqui estou pontuando uma refer\u00eancia de luta: a defesa da ZFM, seu polo industrial e seu entorno florestal amaz\u00f4nico \u00e9 nosso ponto de partida, o \u00e2mago de nossa luta e o esteio sustent\u00e1vel de nossa sobreviv\u00eancia e expans\u00e3o produtiva.<\/p>\n<p><strong>E por falar em expans\u00e3o<\/strong><br \/>\nGostaria de compartilhar minha satisfa\u00e7\u00e3o pessoal com a iniciativa Expo-Amazonia, Bio&amp;TiC, 2022. E digo porqu\u00ea. Trata-se de um movimento coletivo dos entes privados e p\u00fablicos, conectados no desenvolvimento cient\u00edfico tecnol\u00f3gico e Biotecnol\u00f3gico da Amaz\u00f4nia. Certamente muitos de n\u00f3s teremos gratas surpresas ao participarmos deste evento e a convic\u00e7\u00e3o de que o caminho j\u00e1 est\u00e1 tra\u00e7ado. As iniciativas que levaram aos produtos, empreendimentos e resultados, nasceram a partir desta economia desencadeada a partir do p\u00f3lo industrial de Manaus. Nada poder\u00e1 substituir no curto, m\u00e9dio e longo prazo este programa exitoso, no desafio da redu\u00e7\u00e3o das desigualdades inaceit\u00e1veis&nbsp;entre o Norte e o Sul do Brasil.<\/p>\n<p><strong>Encrencas a eliminar<\/strong><br \/>\nTemos, entretanto, que consolidar algumas frentes inadi\u00e1veis de trabalho, como reduzir a burocracia, exigir infraestrutura competitiva, financiadas pelas montanhas de recursos recolhidos aos cofres federais, temos tamb\u00e9m necessidade de expandir a cadeia de suprimentos das ind\u00fastrias locais. Temos capacidade instalada pra isso, provamos que sabemos fazer muito mais do que supomos, \u00e9 isso ficou demonstrado com a quebra do fornecimento de insumos por parte da cadeia produtiva asi\u00e1tica, durante a pandemia. Temos apenas 0,6% dos estabelecimentos industriais do Brasil. Dobrar esta perfomance, n\u00e3o implica em amea\u00e7ar o contexto socioambiental em que operamos. Pelo contr\u00e1rio: Sabemos gerar riqueza para impedir que a floresta se transforme em mecanismo de sobreviv\u00eancia social.<\/p>\n<p><strong>Matrizes da diversifica\u00e7\u00e3o<\/strong><br \/>\nisso n\u00e3o nos impedir\u00e1, por\u00e9m, de apostar em diversifica\u00e7\u00e3o da matriz econ\u00f4mica. Em investir na economia da diversidade biol\u00f3gica, em aproveitar os insumos minerais que a natureza nos deu com extrema generosidade.investir no turismo sustent\u00e1vel, na explora\u00e7\u00e3o inteligente e salutar do manejo dos ativos florestais. A ci\u00eancia recomenda que assim o fa\u00e7amos para fortalecer a qualidade e o vigor de nossa floresta. E por falar em ci\u00eancia, este \u00e9 o caminho e no rol de sa\u00eddas, diria priorit\u00e1rio, para expans\u00e3o de nossa economia sustent\u00e1vel.<\/p>\n<p><strong>Bandeira da Floresta em p\u00e9<\/strong><br \/>\nNa Amaz\u00f4nia, a economia, esteve sempre conectada com a ecologia e vai se consolidar na medida em que n\u00e3o apartar dos par\u00e2metros ambientais. Esta deve ser tamb\u00e9m a bandeira de nossa representa\u00e7\u00e3o parlamentar federal. Bandeira da Floresta em p\u00e9. N\u00e3o apenas a bancada do Amazonas, reduzida e guerreira, mas resta-nos o desafio de expandir essa representa\u00e7\u00e3o parlamentar de toda a Amaz\u00f4nia pois temos interesses problemas e demandas em comum. \u00c9 chegada a hora da uni\u00e3o diuturna, permeada da cumplicidade de prop\u00f3sitos na partilha de ideias e dos recursos de que dispomos. \u00c9 imperativa a ado\u00e7\u00e3o de uma linguagem e argumenta\u00e7\u00e3o compartilhada que assegure a conquista dos resultados que sonhamos, dentro da Lei e da Civilidade, um novo tempo para a Amaz\u00f4nia, sem destrui\u00e7\u00e3o nem barb\u00e1rie!<\/p>\n<p>&nbsp;<\/p>\n<p><strong>NELSON AZEVEDO<\/strong><br \/>\n<em>Economista, empres\u00e1rio e presidente do Sindicato da Ind\u00fastria Metal\u00fargica,<\/em><br \/>\n<em>Metalomec\u00e2nica e de Materiais El\u00e9tricos de Manaus e vice-presidente da FIEAM.<\/em><\/p>\n","protected":false},"excerpt":{"rendered":"<p>&#8220;Com a lei, pela lei e dentro da lei; porque fora da lei n\u00e3o h\u00e1 salva\u00e7\u00e3o.&#8221; Esta senten\u00e7a prof\u00e9tica de Rui Barbosa, pronunciada em discurso na Suprema Corte h\u00e1 130 anos, se deu num momento muito delicado do estado de direito na Rep\u00fablica do Brasil. Ela permanece atual e preocupante em nossos dias, em nossa [&hellip;]<\/p>\n","protected":false},"author":1,"featured_media":15742,"comment_status":"closed","ping_status":"open","sticky":false,"template":"","format":"standard","meta":{"footnotes":""},"categories":[28,29],"tags":[],"class_list":["post-15741","post","type-post","status-publish","format-standard","has-post-thumbnail","hentry","category-banner-destaque","category-news"],"yoast_head":"<!-- This site is optimized with the Yoast SEO plugin v26.8 - https:\/\/yoast.com\/product\/yoast-seo-wordpress\/ -->\n<title>Amaz\u00f4nia sem lei, sem eira nem beira - FIEAM<\/title>\n<meta name=\"robots\" content=\"index, follow, max-snippet:-1, max-image-preview:large, max-video-preview:-1\" \/>\n<link rel=\"canonical\" href=\"https:\/\/fieam.org.br\/fieam\/amazonia-sem-lei-sem-eira-nem-beira\/\" \/>\n<meta property=\"og:locale\" content=\"pt_BR\" \/>\n<meta property=\"og:type\" content=\"article\" \/>\n<meta property=\"og:title\" content=\"Amaz\u00f4nia sem lei, sem eira nem beira - FIEAM\" \/>\n<meta property=\"og:description\" content=\"&#8220;Com a lei, pela lei e dentro da lei; porque fora da lei n\u00e3o h\u00e1 salva\u00e7\u00e3o.&#8221; Esta senten\u00e7a prof\u00e9tica de Rui Barbosa, pronunciada em discurso na Suprema Corte h\u00e1 130 anos, se deu num momento muito delicado do estado de direito na Rep\u00fablica do Brasil. Ela permanece atual e preocupante em nossos dias, em nossa [&hellip;]\" \/>\n<meta property=\"og:url\" content=\"https:\/\/fieam.org.br\/fieam\/amazonia-sem-lei-sem-eira-nem-beira\/\" \/>\n<meta property=\"og:site_name\" content=\"FIEAM\" \/>\n<meta property=\"article:published_time\" content=\"2022-06-21T17:34:05+00:00\" \/>\n<meta name=\"author\" content=\"Autor\" \/>\n<meta name=\"twitter:card\" content=\"summary_large_image\" \/>\n<meta name=\"twitter:label1\" content=\"Escrito por\" \/>\n\t<meta name=\"twitter:data1\" content=\"Autor\" \/>\n\t<meta name=\"twitter:label2\" content=\"Est. tempo de leitura\" \/>\n\t<meta name=\"twitter:data2\" content=\"5 minutos\" \/>\n<script type=\"application\/ld+json\" class=\"yoast-schema-graph\">{\"@context\":\"https:\/\/schema.org\",\"@graph\":[{\"@type\":\"Article\",\"@id\":\"https:\/\/fieam.org.br\/fieam\/amazonia-sem-lei-sem-eira-nem-beira\/#article\",\"isPartOf\":{\"@id\":\"https:\/\/fieam.org.br\/fieam\/amazonia-sem-lei-sem-eira-nem-beira\/\"},\"author\":{\"name\":\"Autor\",\"@id\":\"https:\/\/fieam.org.br\/fieam\/#\/schema\/person\/c1ceda8321521b291cee22da0a7d34be\"},\"headline\":\"Amaz\u00f4nia sem lei, sem eira nem beira\",\"datePublished\":\"2022-06-21T17:34:05+00:00\",\"mainEntityOfPage\":{\"@id\":\"https:\/\/fieam.org.br\/fieam\/amazonia-sem-lei-sem-eira-nem-beira\/\"},\"wordCount\":976,\"publisher\":{\"@id\":\"https:\/\/fieam.org.br\/fieam\/#organization\"},\"image\":{\"@id\":\"https:\/\/fieam.org.br\/fieam\/amazonia-sem-lei-sem-eira-nem-beira\/#primaryimage\"},\"thumbnailUrl\":\"\",\"articleSection\":[\"Banner Destaque\",\"News\"],\"inLanguage\":\"pt-BR\"},{\"@type\":\"WebPage\",\"@id\":\"https:\/\/fieam.org.br\/fieam\/amazonia-sem-lei-sem-eira-nem-beira\/\",\"url\":\"https:\/\/fieam.org.br\/fieam\/amazonia-sem-lei-sem-eira-nem-beira\/\",\"name\":\"Amaz\u00f4nia sem lei, sem eira nem beira - FIEAM\",\"isPartOf\":{\"@id\":\"https:\/\/fieam.org.br\/fieam\/#website\"},\"primaryImageOfPage\":{\"@id\":\"https:\/\/fieam.org.br\/fieam\/amazonia-sem-lei-sem-eira-nem-beira\/#primaryimage\"},\"image\":{\"@id\":\"https:\/\/fieam.org.br\/fieam\/amazonia-sem-lei-sem-eira-nem-beira\/#primaryimage\"},\"thumbnailUrl\":\"\",\"datePublished\":\"2022-06-21T17:34:05+00:00\",\"breadcrumb\":{\"@id\":\"https:\/\/fieam.org.br\/fieam\/amazonia-sem-lei-sem-eira-nem-beira\/#breadcrumb\"},\"inLanguage\":\"pt-BR\",\"potentialAction\":[{\"@type\":\"ReadAction\",\"target\":[\"https:\/\/fieam.org.br\/fieam\/amazonia-sem-lei-sem-eira-nem-beira\/\"]}]},{\"@type\":\"ImageObject\",\"inLanguage\":\"pt-BR\",\"@id\":\"https:\/\/fieam.org.br\/fieam\/amazonia-sem-lei-sem-eira-nem-beira\/#primaryimage\",\"url\":\"\",\"contentUrl\":\"\"},{\"@type\":\"BreadcrumbList\",\"@id\":\"https:\/\/fieam.org.br\/fieam\/amazonia-sem-lei-sem-eira-nem-beira\/#breadcrumb\",\"itemListElement\":[{\"@type\":\"ListItem\",\"position\":1,\"name\":\"In\u00edcio\",\"item\":\"https:\/\/fieam.org.br\/fieam\/\"},{\"@type\":\"ListItem\",\"position\":2,\"name\":\"Amaz\u00f4nia sem lei, sem eira nem beira\"}]},{\"@type\":\"WebSite\",\"@id\":\"https:\/\/fieam.org.br\/fieam\/#website\",\"url\":\"https:\/\/fieam.org.br\/fieam\/\",\"name\":\"FIEAM\",\"description\":\"Site Oficial!\",\"publisher\":{\"@id\":\"https:\/\/fieam.org.br\/fieam\/#organization\"},\"potentialAction\":[{\"@type\":\"SearchAction\",\"target\":{\"@type\":\"EntryPoint\",\"urlTemplate\":\"https:\/\/fieam.org.br\/fieam\/?s={search_term_string}\"},\"query-input\":{\"@type\":\"PropertyValueSpecification\",\"valueRequired\":true,\"valueName\":\"search_term_string\"}}],\"inLanguage\":\"pt-BR\"},{\"@type\":\"Organization\",\"@id\":\"https:\/\/fieam.org.br\/fieam\/#organization\",\"name\":\"FIEAM\",\"url\":\"https:\/\/fieam.org.br\/fieam\/\",\"logo\":{\"@type\":\"ImageObject\",\"inLanguage\":\"pt-BR\",\"@id\":\"https:\/\/fieam.org.br\/fieam\/#\/schema\/logo\/image\/\",\"url\":\"https:\/\/fieam.org.br\/fieam\/wp-content\/uploads\/sites\/9\/2024\/03\/cropped-fav.png\",\"contentUrl\":\"https:\/\/fieam.org.br\/fieam\/wp-content\/uploads\/sites\/9\/2024\/03\/cropped-fav.png\",\"width\":597,\"height\":598,\"caption\":\"FIEAM\"},\"image\":{\"@id\":\"https:\/\/fieam.org.br\/fieam\/#\/schema\/logo\/image\/\"}},{\"@type\":\"Person\",\"@id\":\"https:\/\/fieam.org.br\/fieam\/#\/schema\/person\/c1ceda8321521b291cee22da0a7d34be\",\"name\":\"Autor\",\"image\":{\"@type\":\"ImageObject\",\"inLanguage\":\"pt-BR\",\"@id\":\"https:\/\/fieam.org.br\/fieam\/#\/schema\/person\/image\/\",\"url\":\"https:\/\/secure.gravatar.com\/avatar\/3732c223e0e1fad69062a8f770955c9068d37b055204f310a0be18d4069fe380?s=96&d=mm&r=g\",\"contentUrl\":\"https:\/\/secure.gravatar.com\/avatar\/3732c223e0e1fad69062a8f770955c9068d37b055204f310a0be18d4069fe380?s=96&d=mm&r=g\",\"caption\":\"Autor\"},\"sameAs\":[\"https:\/\/marketingmassivo.com.br\"],\"url\":\"https:\/\/fieam.org.br\/fieam\/author\/admin\/\"}]}<\/script>\n<!-- \/ Yoast SEO plugin. -->","yoast_head_json":{"title":"Amaz\u00f4nia sem lei, sem eira nem beira - FIEAM","robots":{"index":"index","follow":"follow","max-snippet":"max-snippet:-1","max-image-preview":"max-image-preview:large","max-video-preview":"max-video-preview:-1"},"canonical":"https:\/\/fieam.org.br\/fieam\/amazonia-sem-lei-sem-eira-nem-beira\/","og_locale":"pt_BR","og_type":"article","og_title":"Amaz\u00f4nia sem lei, sem eira nem beira - FIEAM","og_description":"&#8220;Com a lei, pela lei e dentro da lei; porque fora da lei n\u00e3o h\u00e1 salva\u00e7\u00e3o.&#8221; Esta senten\u00e7a prof\u00e9tica de Rui Barbosa, pronunciada em discurso na Suprema Corte h\u00e1 130 anos, se deu num momento muito delicado do estado de direito na Rep\u00fablica do Brasil. Ela permanece atual e preocupante em nossos dias, em nossa [&hellip;]","og_url":"https:\/\/fieam.org.br\/fieam\/amazonia-sem-lei-sem-eira-nem-beira\/","og_site_name":"FIEAM","article_published_time":"2022-06-21T17:34:05+00:00","author":"Autor","twitter_card":"summary_large_image","twitter_misc":{"Escrito por":"Autor","Est. tempo de leitura":"5 minutos"},"schema":{"@context":"https:\/\/schema.org","@graph":[{"@type":"Article","@id":"https:\/\/fieam.org.br\/fieam\/amazonia-sem-lei-sem-eira-nem-beira\/#article","isPartOf":{"@id":"https:\/\/fieam.org.br\/fieam\/amazonia-sem-lei-sem-eira-nem-beira\/"},"author":{"name":"Autor","@id":"https:\/\/fieam.org.br\/fieam\/#\/schema\/person\/c1ceda8321521b291cee22da0a7d34be"},"headline":"Amaz\u00f4nia sem lei, sem eira nem beira","datePublished":"2022-06-21T17:34:05+00:00","mainEntityOfPage":{"@id":"https:\/\/fieam.org.br\/fieam\/amazonia-sem-lei-sem-eira-nem-beira\/"},"wordCount":976,"publisher":{"@id":"https:\/\/fieam.org.br\/fieam\/#organization"},"image":{"@id":"https:\/\/fieam.org.br\/fieam\/amazonia-sem-lei-sem-eira-nem-beira\/#primaryimage"},"thumbnailUrl":"","articleSection":["Banner Destaque","News"],"inLanguage":"pt-BR"},{"@type":"WebPage","@id":"https:\/\/fieam.org.br\/fieam\/amazonia-sem-lei-sem-eira-nem-beira\/","url":"https:\/\/fieam.org.br\/fieam\/amazonia-sem-lei-sem-eira-nem-beira\/","name":"Amaz\u00f4nia sem lei, sem eira nem beira - FIEAM","isPartOf":{"@id":"https:\/\/fieam.org.br\/fieam\/#website"},"primaryImageOfPage":{"@id":"https:\/\/fieam.org.br\/fieam\/amazonia-sem-lei-sem-eira-nem-beira\/#primaryimage"},"image":{"@id":"https:\/\/fieam.org.br\/fieam\/amazonia-sem-lei-sem-eira-nem-beira\/#primaryimage"},"thumbnailUrl":"","datePublished":"2022-06-21T17:34:05+00:00","breadcrumb":{"@id":"https:\/\/fieam.org.br\/fieam\/amazonia-sem-lei-sem-eira-nem-beira\/#breadcrumb"},"inLanguage":"pt-BR","potentialAction":[{"@type":"ReadAction","target":["https:\/\/fieam.org.br\/fieam\/amazonia-sem-lei-sem-eira-nem-beira\/"]}]},{"@type":"ImageObject","inLanguage":"pt-BR","@id":"https:\/\/fieam.org.br\/fieam\/amazonia-sem-lei-sem-eira-nem-beira\/#primaryimage","url":"","contentUrl":""},{"@type":"BreadcrumbList","@id":"https:\/\/fieam.org.br\/fieam\/amazonia-sem-lei-sem-eira-nem-beira\/#breadcrumb","itemListElement":[{"@type":"ListItem","position":1,"name":"In\u00edcio","item":"https:\/\/fieam.org.br\/fieam\/"},{"@type":"ListItem","position":2,"name":"Amaz\u00f4nia sem lei, sem eira nem beira"}]},{"@type":"WebSite","@id":"https:\/\/fieam.org.br\/fieam\/#website","url":"https:\/\/fieam.org.br\/fieam\/","name":"FIEAM","description":"Site Oficial!","publisher":{"@id":"https:\/\/fieam.org.br\/fieam\/#organization"},"potentialAction":[{"@type":"SearchAction","target":{"@type":"EntryPoint","urlTemplate":"https:\/\/fieam.org.br\/fieam\/?s={search_term_string}"},"query-input":{"@type":"PropertyValueSpecification","valueRequired":true,"valueName":"search_term_string"}}],"inLanguage":"pt-BR"},{"@type":"Organization","@id":"https:\/\/fieam.org.br\/fieam\/#organization","name":"FIEAM","url":"https:\/\/fieam.org.br\/fieam\/","logo":{"@type":"ImageObject","inLanguage":"pt-BR","@id":"https:\/\/fieam.org.br\/fieam\/#\/schema\/logo\/image\/","url":"https:\/\/fieam.org.br\/fieam\/wp-content\/uploads\/sites\/9\/2024\/03\/cropped-fav.png","contentUrl":"https:\/\/fieam.org.br\/fieam\/wp-content\/uploads\/sites\/9\/2024\/03\/cropped-fav.png","width":597,"height":598,"caption":"FIEAM"},"image":{"@id":"https:\/\/fieam.org.br\/fieam\/#\/schema\/logo\/image\/"}},{"@type":"Person","@id":"https:\/\/fieam.org.br\/fieam\/#\/schema\/person\/c1ceda8321521b291cee22da0a7d34be","name":"Autor","image":{"@type":"ImageObject","inLanguage":"pt-BR","@id":"https:\/\/fieam.org.br\/fieam\/#\/schema\/person\/image\/","url":"https:\/\/secure.gravatar.com\/avatar\/3732c223e0e1fad69062a8f770955c9068d37b055204f310a0be18d4069fe380?s=96&d=mm&r=g","contentUrl":"https:\/\/secure.gravatar.com\/avatar\/3732c223e0e1fad69062a8f770955c9068d37b055204f310a0be18d4069fe380?s=96&d=mm&r=g","caption":"Autor"},"sameAs":["https:\/\/marketingmassivo.com.br"],"url":"https:\/\/fieam.org.br\/fieam\/author\/admin\/"}]}},"_links":{"self":[{"href":"https:\/\/fieam.org.br\/fieam\/wp-json\/wp\/v2\/posts\/15741","targetHints":{"allow":["GET"]}}],"collection":[{"href":"https:\/\/fieam.org.br\/fieam\/wp-json\/wp\/v2\/posts"}],"about":[{"href":"https:\/\/fieam.org.br\/fieam\/wp-json\/wp\/v2\/types\/post"}],"author":[{"embeddable":true,"href":"https:\/\/fieam.org.br\/fieam\/wp-json\/wp\/v2\/users\/1"}],"replies":[{"embeddable":true,"href":"https:\/\/fieam.org.br\/fieam\/wp-json\/wp\/v2\/comments?post=15741"}],"version-history":[{"count":0,"href":"https:\/\/fieam.org.br\/fieam\/wp-json\/wp\/v2\/posts\/15741\/revisions"}],"wp:featuredmedia":[{"embeddable":true,"href":"https:\/\/fieam.org.br\/fieam\/wp-json\/"}],"wp:attachment":[{"href":"https:\/\/fieam.org.br\/fieam\/wp-json\/wp\/v2\/media?parent=15741"}],"wp:term":[{"taxonomy":"category","embeddable":true,"href":"https:\/\/fieam.org.br\/fieam\/wp-json\/wp\/v2\/categories?post=15741"},{"taxonomy":"post_tag","embeddable":true,"href":"https:\/\/fieam.org.br\/fieam\/wp-json\/wp\/v2\/tags?post=15741"}],"curies":[{"name":"wp","href":"https:\/\/api.w.org\/{rel}","templated":true}]}}