{"id":15710,"date":"2022-06-07T11:23:44","date_gmt":"2022-06-07T15:23:44","guid":{"rendered":"http:\/\/www.fieam.org.br\/fieam\/?p=15710"},"modified":"2022-06-07T11:23:44","modified_gmt":"2022-06-07T15:23:44","slug":"15710-2","status":"publish","type":"post","link":"https:\/\/fieam.org.br\/fieam\/15710-2\/","title":{"rendered":"Bio&amp;TIC, a transi\u00e7\u00e3o para a Amaz\u00f4nia 4.0"},"content":{"rendered":"<div class=\"col-12 margin-b\">\n<div class=\"text-center\">\n<h3><a href=\"http:\/\/www.fieam.org.br\/fieam\/wp-content\/uploads\/sites\/5\/2022\/06\/Foto-do-Dr-Nelson-oficial.jpeg\"><img fetchpriority=\"high\" decoding=\"async\" class=\"wp-image-15711 alignright\" src=\"http:\/\/www.fieam.org.br\/fieam\/wp-content\/uploads\/sites\/5\/2022\/06\/Foto-do-Dr-Nelson-oficial.jpeg\" alt=\"\" width=\"335\" height=\"390\"><\/a><\/h3>\n<\/div>\n<\/div>\n<div id=\"divCorpoNoticia\" class=\"text-justify col-12\">\u00c9 hora de avan\u00e7ar, quebrar paradigmas da acomoda\u00e7\u00e3o, descartar os argumentos do conservadorismo que se op\u00f5e ao protagonismo. O programa ZFM est\u00e1 vivo e disp\u00f5e de um portf\u00f3lio pulsante, capaz de integrar para n\u00e3o abrir m\u00e3o da antecipa\u00e7\u00e3o da utopia e suas pedras fundamentais de estrutura\u00e7\u00e3o da brasilidade, de verdade.Longe de esvaziar o Polo industrial de Manaus, como os recentes decretos federais, direta ou indiretamente sinalizaram, est\u00e1 na hora do Brasil acolher, em regime de mutir\u00e3o, a planta industrial da floresta, a segunda em import\u00e2ncia e resultados para a economia brasileira, apesar de representar apenas 0,6% dos estabelecimentos industriais do parque fabril nacional. O convite e o desafio s\u00e3o para compartilhar as contribui\u00e7\u00f5es substantivas regionais para a constru\u00e7\u00e3o coletiva e interinstitucional da Amaz\u00f4nia 4.0. isso significa buscar na floresta, com as ferramentas da inova\u00e7\u00e3o tecnol\u00f3gica, os insumos da biodiversidade para a constru\u00e7\u00e3o da prosperidade. Estamos convencidos que este \u00e9 o sonho dourado dos pa\u00edses desenvolvidos e dos 500 pesquisadores aut\u00f4nomos da USP, UFMG e da UFRJ, que atuam na Amaz\u00f4nia deste Aziz Ab&#8217;Saber e Bertha Becker. H\u00e1 tr\u00eas s\u00e9culos os viajantes europeus tamb\u00e9m sonhavam com essa mesma utopia e sua sedu\u00e7\u00e3o florestal.Tecnologia e recursos humanosEstamos caminhando a passos lentos para implementar um concerto em l\u00e1 maior, o canto da mata, que re\u00fana as demandas e necessidades da estrutura\u00e7\u00e3o tecnol\u00f3gica e qualifica\u00e7\u00e3o de recursos humanos para essa jornada. Estes foram os fatores que geraram a parceria entre USP e UEA &#8211; a \u00fanica institui\u00e7\u00e3o acad\u00eamica do pa\u00eds financiada integralmente pela ind\u00fastria &#8211; para o doutoramento de 22 bolsistas em gest\u00e3o da Amaz\u00f4nia. Esta \u00e9 uma frente de desafios entre tantos a encarar e equacionar \u00e0 luz da Amaz\u00f4nia 4.0. uma frente de inova\u00e7\u00e3o tecnol\u00f3gica para evoluir e diversificar o processo produtivo de Manaus na dire\u00e7\u00e3o de novas modula\u00e7\u00f5es econ\u00f4micas que utilizem, sustentavelmente, os recursos bi\u00f3ticos e mantenha a floresta em p\u00e9.Olhando pelo retrovisorafinal, j\u00e1 iniciamos este processo de transforma\u00e7\u00e3o e qualifica\u00e7\u00e3o dos recursos da diversidade biol\u00f3gica, com a instala\u00e7\u00e3o em 2000 do CBA, ora em movimento de transi\u00e7\u00e3o para se transformar em OS, organiza\u00e7\u00e3o social de direito privado sem fins lucrativos. Foi a ind\u00fastria que financiou a iniciativa, em suas instala\u00e7\u00f5es originais, seus laborat\u00f3rios e seu funcionamento. E, como Centro de Bioneg\u00f3cios da Amaz\u00f4nia, propiciar\u00e1 o polo que nos falta, de biotecnologia e de oportunidades de manejar o banco gen\u00e9tico para expandir o mercado da farmacopeia regional, da alimenta\u00e7\u00e3o integral e funcional e da dermocosm\u00e9tica.ExpoAmazonia Bio&amp;TICO CBA e o Polo Digital de Manaus, a prop\u00f3sito, v\u00e3o realizar no final de junho e come\u00e7o de julho pr\u00f3ximos, a ExpoAmazonia Bio&amp;TiC, para oferecer ao pa\u00eds e ao mundo as alternativas deste encontro cient\u00edfico, tecnol\u00f3gico e biotecnol\u00f3gico que o mundo j\u00e1 intuiu e materializou em produtos e servi\u00e7os que atendem a demanda mundial pela bioinform\u00e1ticah e biologia molecular. Ser\u00e1, tamb\u00e9m, a oportunidade de avaliar a prontid\u00e3o e as lacunas da bioeconomia e da tecnologia da informa\u00e7\u00e3o e comunica\u00e7\u00e3o na floresta.Na transi\u00e7\u00e3o para PIM 4.0E qual \u00e9 o status deste empreendimento chamado Polo industrial da Zona Franca de Manaus? E em que est\u00e1gio se encontram os atores desta aproxima\u00e7\u00e3o nupcial Bio&amp;TiC que resulta de 55 anos de teimosia para redu\u00e7\u00e3o das desigualdades regionais entre o Norte e o Sul do pa\u00eds? Pesquisa feita pela UFAM, sobre o est\u00e1gio dos colaboradores em habilidade na comunica\u00e7\u00e3o digital mostra um terreno onde h\u00e1 quase tudo por fazer. Entretanto, 57% da lideran\u00e7a nas f\u00e1bricas defendem ado\u00e7\u00e3o da ind\u00fastria 4.0 e as empresas entendem que \u00e9 necess\u00e1rio avan\u00e7ar. Na sondagem 14% das empresas se dizem prontas, mas apenas 6% possuem tecnologias aut\u00f4nomas. Entretanto, nas conclus\u00f5es das pesquisas ficou claro que o PIM &#8211; Polo industrial de Manaus est\u00e1 em n\u00edvel de transi\u00e7\u00e3oPlataforma de mensura\u00e7\u00e3oJ\u00e1 dispomos de uma plataforma web, com aplicativo criado para para medir esse est\u00e1gio de transi\u00e7\u00e3o, o PIMM4.0, que inclui a categoria &#8220;Pessoas e Cultura&#8221; para medi\u00e7\u00f5es t\u00e9cnicas e gest\u00e3o do time de colaboradores, mais a cultura organizacional da empresa, sua prontid\u00e3o e maturidade. Nesta mesma dire\u00e7\u00e3o foi criado um programa de TestBeds tecnol\u00f3gicos, com uso da IoT -internet das Coisas &#8211; no processo produtivo e respectiva plataforma para gerenciar produtos, manufatura, estrat\u00e9gias, modelos de neg\u00f3cios, log\u00edstica, interoperabilidade e sustentabilidade. Al\u00e9m de treinamento massivo dos colaboradores, n\u00e3o podemos descuidar das startups e seu potencial inovador para novas solu\u00e7\u00f5es e modula\u00e7\u00f5es de neg\u00f3cios. \u00c9 hora de avan\u00e7ar, quebrar paradigmas da acomoda\u00e7\u00e3o, descartar os argumentos do conservadorismo que se op\u00f5e ao protagonismo. O programa ZFM est\u00e1 vivo e disp\u00f5e de um portf\u00f3lio pulsante, capaz de integrar para n\u00e3o abrir m\u00e3o da antecipa\u00e7\u00e3o da utopia e suas pedras fundamentais de estrutura\u00e7\u00e3o da brasilidade, de verdade.<\/div>\n<div>&nbsp;<\/div>\n<div><strong>NELSON AZEVEDO<\/strong><br \/>\n<em>Economista, empres\u00e1rio e presidente do Sindicato da Ind\u00fastria Metal\u00fargica,<\/em><br \/>\n<em>Metalomec\u00e2nica e de Materiais El\u00e9tricos de Manaus e vice-presidente da FIEAM.<\/em><\/div>\n","protected":false},"excerpt":{"rendered":"<p>\u00c9 hora de avan\u00e7ar, quebrar paradigmas da acomoda\u00e7\u00e3o, descartar os argumentos do conservadorismo que se op\u00f5e ao protagonismo. O programa ZFM est\u00e1 vivo e disp\u00f5e de um portf\u00f3lio pulsante, capaz de integrar para n\u00e3o abrir m\u00e3o da antecipa\u00e7\u00e3o da utopia e suas pedras fundamentais de estrutura\u00e7\u00e3o da brasilidade, de verdade.Longe de esvaziar o Polo industrial [&hellip;]<\/p>\n","protected":false},"author":1,"featured_media":15715,"comment_status":"closed","ping_status":"open","sticky":false,"template":"","format":"standard","meta":{"footnotes":""},"categories":[28,29],"tags":[],"class_list":["post-15710","post","type-post","status-publish","format-standard","has-post-thumbnail","hentry","category-banner-destaque","category-news"],"yoast_head":"<!-- This site is optimized with the Yoast SEO plugin v26.8 - https:\/\/yoast.com\/product\/yoast-seo-wordpress\/ -->\n<title>Bio&amp;TIC, a transi\u00e7\u00e3o para a Amaz\u00f4nia 4.0 - FIEAM<\/title>\n<meta name=\"robots\" content=\"index, follow, max-snippet:-1, max-image-preview:large, max-video-preview:-1\" \/>\n<link rel=\"canonical\" href=\"https:\/\/fieam.org.br\/fieam\/15710-2\/\" \/>\n<meta property=\"og:locale\" content=\"pt_BR\" \/>\n<meta property=\"og:type\" content=\"article\" \/>\n<meta property=\"og:title\" content=\"Bio&amp;TIC, a transi\u00e7\u00e3o para a Amaz\u00f4nia 4.0 - FIEAM\" \/>\n<meta property=\"og:description\" content=\"\u00c9 hora de avan\u00e7ar, quebrar paradigmas da acomoda\u00e7\u00e3o, descartar os argumentos do conservadorismo que se op\u00f5e ao protagonismo. O programa ZFM est\u00e1 vivo e disp\u00f5e de um portf\u00f3lio pulsante, capaz de integrar para n\u00e3o abrir m\u00e3o da antecipa\u00e7\u00e3o da utopia e suas pedras fundamentais de estrutura\u00e7\u00e3o da brasilidade, de verdade.Longe de esvaziar o Polo industrial [&hellip;]\" \/>\n<meta property=\"og:url\" content=\"https:\/\/fieam.org.br\/fieam\/15710-2\/\" \/>\n<meta property=\"og:site_name\" content=\"FIEAM\" \/>\n<meta property=\"article:published_time\" content=\"2022-06-07T15:23:44+00:00\" \/>\n<meta name=\"author\" content=\"Autor\" \/>\n<meta name=\"twitter:card\" content=\"summary_large_image\" \/>\n<meta name=\"twitter:label1\" content=\"Escrito por\" \/>\n\t<meta name=\"twitter:data1\" content=\"Autor\" \/>\n\t<meta name=\"twitter:label2\" content=\"Est. tempo de leitura\" \/>\n\t<meta name=\"twitter:data2\" content=\"4 minutos\" \/>\n<script type=\"application\/ld+json\" class=\"yoast-schema-graph\">{\"@context\":\"https:\/\/schema.org\",\"@graph\":[{\"@type\":\"Article\",\"@id\":\"https:\/\/fieam.org.br\/fieam\/15710-2\/#article\",\"isPartOf\":{\"@id\":\"https:\/\/fieam.org.br\/fieam\/15710-2\/\"},\"author\":{\"name\":\"Autor\",\"@id\":\"https:\/\/fieam.org.br\/fieam\/#\/schema\/person\/c1ceda8321521b291cee22da0a7d34be\"},\"headline\":\"Bio&amp;TIC, a transi\u00e7\u00e3o para a Amaz\u00f4nia 4.0\",\"datePublished\":\"2022-06-07T15:23:44+00:00\",\"mainEntityOfPage\":{\"@id\":\"https:\/\/fieam.org.br\/fieam\/15710-2\/\"},\"wordCount\":910,\"publisher\":{\"@id\":\"https:\/\/fieam.org.br\/fieam\/#organization\"},\"image\":{\"@id\":\"https:\/\/fieam.org.br\/fieam\/15710-2\/#primaryimage\"},\"thumbnailUrl\":\"\",\"articleSection\":[\"Banner Destaque\",\"News\"],\"inLanguage\":\"pt-BR\"},{\"@type\":\"WebPage\",\"@id\":\"https:\/\/fieam.org.br\/fieam\/15710-2\/\",\"url\":\"https:\/\/fieam.org.br\/fieam\/15710-2\/\",\"name\":\"Bio&amp;TIC, a transi\u00e7\u00e3o para a Amaz\u00f4nia 4.0 - FIEAM\",\"isPartOf\":{\"@id\":\"https:\/\/fieam.org.br\/fieam\/#website\"},\"primaryImageOfPage\":{\"@id\":\"https:\/\/fieam.org.br\/fieam\/15710-2\/#primaryimage\"},\"image\":{\"@id\":\"https:\/\/fieam.org.br\/fieam\/15710-2\/#primaryimage\"},\"thumbnailUrl\":\"\",\"datePublished\":\"2022-06-07T15:23:44+00:00\",\"breadcrumb\":{\"@id\":\"https:\/\/fieam.org.br\/fieam\/15710-2\/#breadcrumb\"},\"inLanguage\":\"pt-BR\",\"potentialAction\":[{\"@type\":\"ReadAction\",\"target\":[\"https:\/\/fieam.org.br\/fieam\/15710-2\/\"]}]},{\"@type\":\"ImageObject\",\"inLanguage\":\"pt-BR\",\"@id\":\"https:\/\/fieam.org.br\/fieam\/15710-2\/#primaryimage\",\"url\":\"\",\"contentUrl\":\"\"},{\"@type\":\"BreadcrumbList\",\"@id\":\"https:\/\/fieam.org.br\/fieam\/15710-2\/#breadcrumb\",\"itemListElement\":[{\"@type\":\"ListItem\",\"position\":1,\"name\":\"In\u00edcio\",\"item\":\"https:\/\/fieam.org.br\/fieam\/\"},{\"@type\":\"ListItem\",\"position\":2,\"name\":\"Bio&amp;TIC, a transi\u00e7\u00e3o para a Amaz\u00f4nia 4.0\"}]},{\"@type\":\"WebSite\",\"@id\":\"https:\/\/fieam.org.br\/fieam\/#website\",\"url\":\"https:\/\/fieam.org.br\/fieam\/\",\"name\":\"FIEAM\",\"description\":\"Site Oficial!\",\"publisher\":{\"@id\":\"https:\/\/fieam.org.br\/fieam\/#organization\"},\"potentialAction\":[{\"@type\":\"SearchAction\",\"target\":{\"@type\":\"EntryPoint\",\"urlTemplate\":\"https:\/\/fieam.org.br\/fieam\/?s={search_term_string}\"},\"query-input\":{\"@type\":\"PropertyValueSpecification\",\"valueRequired\":true,\"valueName\":\"search_term_string\"}}],\"inLanguage\":\"pt-BR\"},{\"@type\":\"Organization\",\"@id\":\"https:\/\/fieam.org.br\/fieam\/#organization\",\"name\":\"FIEAM\",\"url\":\"https:\/\/fieam.org.br\/fieam\/\",\"logo\":{\"@type\":\"ImageObject\",\"inLanguage\":\"pt-BR\",\"@id\":\"https:\/\/fieam.org.br\/fieam\/#\/schema\/logo\/image\/\",\"url\":\"https:\/\/fieam.org.br\/fieam\/wp-content\/uploads\/sites\/9\/2024\/03\/cropped-fav.png\",\"contentUrl\":\"https:\/\/fieam.org.br\/fieam\/wp-content\/uploads\/sites\/9\/2024\/03\/cropped-fav.png\",\"width\":597,\"height\":598,\"caption\":\"FIEAM\"},\"image\":{\"@id\":\"https:\/\/fieam.org.br\/fieam\/#\/schema\/logo\/image\/\"}},{\"@type\":\"Person\",\"@id\":\"https:\/\/fieam.org.br\/fieam\/#\/schema\/person\/c1ceda8321521b291cee22da0a7d34be\",\"name\":\"Autor\",\"image\":{\"@type\":\"ImageObject\",\"inLanguage\":\"pt-BR\",\"@id\":\"https:\/\/fieam.org.br\/fieam\/#\/schema\/person\/image\/\",\"url\":\"https:\/\/secure.gravatar.com\/avatar\/3732c223e0e1fad69062a8f770955c9068d37b055204f310a0be18d4069fe380?s=96&d=mm&r=g\",\"contentUrl\":\"https:\/\/secure.gravatar.com\/avatar\/3732c223e0e1fad69062a8f770955c9068d37b055204f310a0be18d4069fe380?s=96&d=mm&r=g\",\"caption\":\"Autor\"},\"sameAs\":[\"https:\/\/marketingmassivo.com.br\"],\"url\":\"https:\/\/fieam.org.br\/fieam\/author\/admin\/\"}]}<\/script>\n<!-- \/ Yoast SEO plugin. -->","yoast_head_json":{"title":"Bio&amp;TIC, a transi\u00e7\u00e3o para a Amaz\u00f4nia 4.0 - FIEAM","robots":{"index":"index","follow":"follow","max-snippet":"max-snippet:-1","max-image-preview":"max-image-preview:large","max-video-preview":"max-video-preview:-1"},"canonical":"https:\/\/fieam.org.br\/fieam\/15710-2\/","og_locale":"pt_BR","og_type":"article","og_title":"Bio&amp;TIC, a transi\u00e7\u00e3o para a Amaz\u00f4nia 4.0 - FIEAM","og_description":"\u00c9 hora de avan\u00e7ar, quebrar paradigmas da acomoda\u00e7\u00e3o, descartar os argumentos do conservadorismo que se op\u00f5e ao protagonismo. O programa ZFM est\u00e1 vivo e disp\u00f5e de um portf\u00f3lio pulsante, capaz de integrar para n\u00e3o abrir m\u00e3o da antecipa\u00e7\u00e3o da utopia e suas pedras fundamentais de estrutura\u00e7\u00e3o da brasilidade, de verdade.Longe de esvaziar o Polo industrial [&hellip;]","og_url":"https:\/\/fieam.org.br\/fieam\/15710-2\/","og_site_name":"FIEAM","article_published_time":"2022-06-07T15:23:44+00:00","author":"Autor","twitter_card":"summary_large_image","twitter_misc":{"Escrito por":"Autor","Est. tempo de leitura":"4 minutos"},"schema":{"@context":"https:\/\/schema.org","@graph":[{"@type":"Article","@id":"https:\/\/fieam.org.br\/fieam\/15710-2\/#article","isPartOf":{"@id":"https:\/\/fieam.org.br\/fieam\/15710-2\/"},"author":{"name":"Autor","@id":"https:\/\/fieam.org.br\/fieam\/#\/schema\/person\/c1ceda8321521b291cee22da0a7d34be"},"headline":"Bio&amp;TIC, a transi\u00e7\u00e3o para a Amaz\u00f4nia 4.0","datePublished":"2022-06-07T15:23:44+00:00","mainEntityOfPage":{"@id":"https:\/\/fieam.org.br\/fieam\/15710-2\/"},"wordCount":910,"publisher":{"@id":"https:\/\/fieam.org.br\/fieam\/#organization"},"image":{"@id":"https:\/\/fieam.org.br\/fieam\/15710-2\/#primaryimage"},"thumbnailUrl":"","articleSection":["Banner Destaque","News"],"inLanguage":"pt-BR"},{"@type":"WebPage","@id":"https:\/\/fieam.org.br\/fieam\/15710-2\/","url":"https:\/\/fieam.org.br\/fieam\/15710-2\/","name":"Bio&amp;TIC, a transi\u00e7\u00e3o para a Amaz\u00f4nia 4.0 - FIEAM","isPartOf":{"@id":"https:\/\/fieam.org.br\/fieam\/#website"},"primaryImageOfPage":{"@id":"https:\/\/fieam.org.br\/fieam\/15710-2\/#primaryimage"},"image":{"@id":"https:\/\/fieam.org.br\/fieam\/15710-2\/#primaryimage"},"thumbnailUrl":"","datePublished":"2022-06-07T15:23:44+00:00","breadcrumb":{"@id":"https:\/\/fieam.org.br\/fieam\/15710-2\/#breadcrumb"},"inLanguage":"pt-BR","potentialAction":[{"@type":"ReadAction","target":["https:\/\/fieam.org.br\/fieam\/15710-2\/"]}]},{"@type":"ImageObject","inLanguage":"pt-BR","@id":"https:\/\/fieam.org.br\/fieam\/15710-2\/#primaryimage","url":"","contentUrl":""},{"@type":"BreadcrumbList","@id":"https:\/\/fieam.org.br\/fieam\/15710-2\/#breadcrumb","itemListElement":[{"@type":"ListItem","position":1,"name":"In\u00edcio","item":"https:\/\/fieam.org.br\/fieam\/"},{"@type":"ListItem","position":2,"name":"Bio&amp;TIC, a transi\u00e7\u00e3o para a Amaz\u00f4nia 4.0"}]},{"@type":"WebSite","@id":"https:\/\/fieam.org.br\/fieam\/#website","url":"https:\/\/fieam.org.br\/fieam\/","name":"FIEAM","description":"Site Oficial!","publisher":{"@id":"https:\/\/fieam.org.br\/fieam\/#organization"},"potentialAction":[{"@type":"SearchAction","target":{"@type":"EntryPoint","urlTemplate":"https:\/\/fieam.org.br\/fieam\/?s={search_term_string}"},"query-input":{"@type":"PropertyValueSpecification","valueRequired":true,"valueName":"search_term_string"}}],"inLanguage":"pt-BR"},{"@type":"Organization","@id":"https:\/\/fieam.org.br\/fieam\/#organization","name":"FIEAM","url":"https:\/\/fieam.org.br\/fieam\/","logo":{"@type":"ImageObject","inLanguage":"pt-BR","@id":"https:\/\/fieam.org.br\/fieam\/#\/schema\/logo\/image\/","url":"https:\/\/fieam.org.br\/fieam\/wp-content\/uploads\/sites\/9\/2024\/03\/cropped-fav.png","contentUrl":"https:\/\/fieam.org.br\/fieam\/wp-content\/uploads\/sites\/9\/2024\/03\/cropped-fav.png","width":597,"height":598,"caption":"FIEAM"},"image":{"@id":"https:\/\/fieam.org.br\/fieam\/#\/schema\/logo\/image\/"}},{"@type":"Person","@id":"https:\/\/fieam.org.br\/fieam\/#\/schema\/person\/c1ceda8321521b291cee22da0a7d34be","name":"Autor","image":{"@type":"ImageObject","inLanguage":"pt-BR","@id":"https:\/\/fieam.org.br\/fieam\/#\/schema\/person\/image\/","url":"https:\/\/secure.gravatar.com\/avatar\/3732c223e0e1fad69062a8f770955c9068d37b055204f310a0be18d4069fe380?s=96&d=mm&r=g","contentUrl":"https:\/\/secure.gravatar.com\/avatar\/3732c223e0e1fad69062a8f770955c9068d37b055204f310a0be18d4069fe380?s=96&d=mm&r=g","caption":"Autor"},"sameAs":["https:\/\/marketingmassivo.com.br"],"url":"https:\/\/fieam.org.br\/fieam\/author\/admin\/"}]}},"_links":{"self":[{"href":"https:\/\/fieam.org.br\/fieam\/wp-json\/wp\/v2\/posts\/15710","targetHints":{"allow":["GET"]}}],"collection":[{"href":"https:\/\/fieam.org.br\/fieam\/wp-json\/wp\/v2\/posts"}],"about":[{"href":"https:\/\/fieam.org.br\/fieam\/wp-json\/wp\/v2\/types\/post"}],"author":[{"embeddable":true,"href":"https:\/\/fieam.org.br\/fieam\/wp-json\/wp\/v2\/users\/1"}],"replies":[{"embeddable":true,"href":"https:\/\/fieam.org.br\/fieam\/wp-json\/wp\/v2\/comments?post=15710"}],"version-history":[{"count":0,"href":"https:\/\/fieam.org.br\/fieam\/wp-json\/wp\/v2\/posts\/15710\/revisions"}],"wp:featuredmedia":[{"embeddable":true,"href":"https:\/\/fieam.org.br\/fieam\/wp-json\/"}],"wp:attachment":[{"href":"https:\/\/fieam.org.br\/fieam\/wp-json\/wp\/v2\/media?parent=15710"}],"wp:term":[{"taxonomy":"category","embeddable":true,"href":"https:\/\/fieam.org.br\/fieam\/wp-json\/wp\/v2\/categories?post=15710"},{"taxonomy":"post_tag","embeddable":true,"href":"https:\/\/fieam.org.br\/fieam\/wp-json\/wp\/v2\/tags?post=15710"}],"curies":[{"name":"wp","href":"https:\/\/api.w.org\/{rel}","templated":true}]}}