{"id":15341,"date":"2021-11-12T18:08:30","date_gmt":"2021-11-12T22:08:30","guid":{"rendered":"http:\/\/www.fieam.org.br\/fieam\/?p=15341"},"modified":"2021-11-12T18:08:30","modified_gmt":"2021-11-12T22:08:30","slug":"sindicato-da-industria-de-olarias-firma-parceria-para-troca-ecologica-de-tijolos","status":"publish","type":"post","link":"https:\/\/fieam.org.br\/fieam\/sindicato-da-industria-de-olarias-firma-parceria-para-troca-ecologica-de-tijolos\/","title":{"rendered":"Sindicato da Ind\u00fastria de Olarias firma parceria para troca ecol\u00f3gica de tijolos"},"content":{"rendered":"<p style=\"font-weight: 400\"><a href=\"http:\/\/www.fieam.org.br\/fieam\/wp-content\/uploads\/sites\/5\/2021\/11\/Presidente-do-Sindicer-AM-Francisco-Belfort-fala-sobre-parceria-com-a-prefeitura.jpg\"><img fetchpriority=\"high\" decoding=\"async\" class=\"wp-image-15342 alignright\" src=\"http:\/\/www.fieam.org.br\/fieam\/wp-content\/uploads\/sites\/5\/2021\/11\/Presidente-do-Sindicer-AM-Francisco-Belfort-fala-sobre-parceria-com-a-prefeitura.jpg\" alt=\"\" width=\"439\" height=\"292\" \/><\/a>Quinhentas toneladas de madeira descartadas por m\u00eas no aterro sanit\u00e1rio agora ser\u00e3o destinadas a ind\u00fastrias do polo oleiro, gra\u00e7as ao termo de coopera\u00e7\u00e3o assinado no dia 10, na Federa\u00e7\u00e3o das Ind\u00fastrias do Estado do Amazonas (FIEAM), pelo Sindicato da Ind\u00fastria de Olaria do Estado do Amazonas (Sindicer\/ AM) e a Secretaria Municipal de Limpeza Urbana (Semulsp). A madeira proveniente da poda das \u00e1rvores em todo o munic\u00edpio ser\u00e1 trocada por tijolos para uso nas constru\u00e7\u00f5es das obras p\u00fablicas de Manaus.<\/p>\n<p style=\"font-weight: 400\">A assinatura do termo de coopera\u00e7\u00e3o\u00a0representa a uni\u00e3o de esfor\u00e7os para a implementa\u00e7\u00e3o de sistema de trocas, objetivando o recolhimento de res\u00edduos de podas de \u00e1rvores realizadas pela Semulsp para entrega \u00e0s empresas associadas ao Sindicer\/Am, que se responsabilizar\u00e3o por sua destina\u00e7\u00e3o final, entregando \u00e0 Secretaria, como contrapartida, produtos cer\u00e2micos produzidos por suas empresas filiadas.<\/p>\n<p style=\"font-weight: 400\">\u201cO termo de coopera\u00e7\u00e3o \u00e9 muito importante para o setor cer\u00e2mico e, principalmente, para o meio ambiente, inclusive j\u00e1 estamos implantando de fato o projeto nas olarias e reduzindo drasticamente o n\u00famero de res\u00edduos que seriam levados para os aterros sanit\u00e1rios\u201d, disse o presidente do Sindicer\/ AM, Francisco Belfort.<\/p>\n<p style=\"font-weight: 400\">Conforme o documento assinado, compete \u00e0 Semulsp, dentre as atribui\u00e7\u00f5es, efetuar o recolhimento e armazenagem tempor\u00e1ria dos res\u00edduos; auxiliar com o procedimento de carga dos caminh\u00f5es que far\u00e3o o transporte dos produtos at\u00e9 a destina\u00e7\u00e3o final; disponibilizar estrutura para acondicionamento tempor\u00e1rio e realizar acompanhamento, para fins de conhecimento, dos processos operacionais do projeto.<\/p>\n<p style=\"font-weight: 400\">O Sindicato da Ind\u00fastria de Olarias dever\u00e1 realizar a retirada do material no local indicado pela Prefeitura Municipal, e proceder o transporte, a segrega\u00e7\u00e3o e a destina\u00e7\u00e3o final ambientalmente adequada, nos termos da legisla\u00e7\u00e3o vigente, al\u00e9m de realizar a opera\u00e7\u00e3o de log\u00edstica dos res\u00edduos, conforme o acordo entre as partes.<a href=\"http:\/\/www.fieam.org.br\/fieam\/wp-content\/uploads\/sites\/5\/2021\/11\/Secreta\u0301rio-da-Semulsp-Saba\u0301-Reis-assina-termo-de-cooperac\u0327a\u0303o-na-FIEAM.jpg\"><img decoding=\"async\" class=\"wp-image-15343 alignleft\" src=\"http:\/\/www.fieam.org.br\/fieam\/wp-content\/uploads\/sites\/5\/2021\/11\/Secreta\u0301rio-da-Semulsp-Saba\u0301-Reis-assina-termo-de-cooperac\u0327a\u0303o-na-FIEAM.jpg\" alt=\"\" width=\"489\" height=\"326\" \/><\/a><\/p>\n<p style=\"font-weight: 400\">Para cada quatro caixas de res\u00edduos de podas, em formato de toras de madeira entregues pela Semulsp, as empresas dever\u00e3o entregar mil tijolos. Quantidade igual de tijolo tamb\u00e9m dever\u00e1 ser entregue em troca de tr\u00eas caixas de res\u00edduos triturados oriundos das podas pelo servi\u00e7o p\u00fablico de limpeza.<\/p>\n<p style=\"font-weight: 400\">\u201cA parceria foi firmada no sentido de dar destina\u00e7\u00e3o aos res\u00edduos advindos das podas da arboriza\u00e7\u00e3o urbana. Antes da parceria, esses res\u00edduos iriam para o aterro, o que, do ponto de vista ambiental, \u00e9 ruim, pois diminui a vida \u00fatil dos mesmos. Por outro lado, o setor cer\u00e2mico necessita desse material para utilizar nos fornos para a produ\u00e7\u00e3o de tijolos e outros produtos, e tem grande dificuldade de conseguir material legalizado e em quantidade suficiente para atender a demanda\u201d, ressaltou\u00a0a gerente e coordenadora de Meio Ambiente, Recursos Naturais e Responsabilidade Social da FIEAM, Ren\u00e9e Veiga.<\/p>\n<p style=\"font-weight: 400\">O secret\u00e1rio da Semulsp, Sab\u00e1 Reis, na ocasi\u00e3o da assinatura do ato, relatou que mais de 500 toneladas mensais de madeira v\u00e3o deixar de ir para os aterros sanit\u00e1rios, contribuindo para a preserva\u00e7\u00e3o do meio ambiente. Agora os troncos e galhos das \u00e1rvores t\u00eam como destina\u00e7\u00e3o final a incinera\u00e7\u00e3o, servindo de combust\u00edvel, alimentando os fornos das empresas de tijolos. \u201cA cidade de Manaus tem muito a ganhar com essa parceria\u201d.<\/p>\n<p style=\"font-weight: 400\">A reuni\u00e3o que homologou a parceria contou com a presen\u00e7a do secret\u00e1rio municipal de Meio Ambiente e Sustentabilidade (Semmas),\u00a0Ademir Stroski, e do vereador M\u00e1rcio Tavares, que na ocasi\u00e3o se colocou \u00e0 disposi\u00e7\u00e3o para voto favor\u00e1vel na CMM no que for preciso sobre o assunto.<\/p>\n","protected":false},"excerpt":{"rendered":"<p>Quinhentas toneladas de madeira descartadas por m\u00eas no aterro sanit\u00e1rio agora ser\u00e3o destinadas a ind\u00fastrias do polo oleiro, gra\u00e7as ao termo de coopera\u00e7\u00e3o assinado no dia 10, na Federa\u00e7\u00e3o das Ind\u00fastrias do Estado do Amazonas (FIEAM), pelo Sindicato da Ind\u00fastria de Olaria do Estado do Amazonas (Sindicer\/ AM) e a Secretaria Municipal de Limpeza Urbana [&hellip;]<\/p>\n","protected":false},"author":1,"featured_media":15342,"comment_status":"closed","ping_status":"open","sticky":false,"template":"","format":"standard","meta":{"footnotes":""},"categories":[28,29,30],"tags":[],"class_list":["post-15341","post","type-post","status-publish","format-standard","has-post-thumbnail","hentry","category-banner-destaque","category-news","category-news_destaque"],"yoast_head":"<!-- This site is optimized with the Yoast SEO plugin v26.8 - https:\/\/yoast.com\/product\/yoast-seo-wordpress\/ -->\n<title>Sindicato da Ind\u00fastria de Olarias firma parceria para troca ecol\u00f3gica de tijolos - FIEAM<\/title>\n<meta name=\"robots\" content=\"index, follow, max-snippet:-1, max-image-preview:large, max-video-preview:-1\" \/>\n<link rel=\"canonical\" href=\"https:\/\/fieam.org.br\/fieam\/sindicato-da-industria-de-olarias-firma-parceria-para-troca-ecologica-de-tijolos\/\" \/>\n<meta property=\"og:locale\" content=\"pt_BR\" \/>\n<meta property=\"og:type\" content=\"article\" \/>\n<meta property=\"og:title\" content=\"Sindicato da Ind\u00fastria de Olarias firma parceria para troca ecol\u00f3gica de tijolos - FIEAM\" \/>\n<meta property=\"og:description\" content=\"Quinhentas toneladas de madeira descartadas por m\u00eas no aterro sanit\u00e1rio agora ser\u00e3o destinadas a ind\u00fastrias do polo oleiro, gra\u00e7as ao termo de coopera\u00e7\u00e3o assinado no dia 10, na Federa\u00e7\u00e3o das Ind\u00fastrias do Estado do Amazonas (FIEAM), pelo Sindicato da Ind\u00fastria de Olaria do Estado do Amazonas (Sindicer\/ AM) e a Secretaria Municipal de Limpeza Urbana [&hellip;]\" \/>\n<meta property=\"og:url\" content=\"https:\/\/fieam.org.br\/fieam\/sindicato-da-industria-de-olarias-firma-parceria-para-troca-ecologica-de-tijolos\/\" \/>\n<meta property=\"og:site_name\" content=\"FIEAM\" \/>\n<meta property=\"article:published_time\" content=\"2021-11-12T22:08:30+00:00\" \/>\n<meta name=\"author\" content=\"Autor\" \/>\n<meta name=\"twitter:card\" content=\"summary_large_image\" \/>\n<meta name=\"twitter:label1\" content=\"Escrito por\" \/>\n\t<meta name=\"twitter:data1\" content=\"Autor\" \/>\n\t<meta name=\"twitter:label2\" content=\"Est. tempo de leitura\" \/>\n\t<meta name=\"twitter:data2\" content=\"3 minutos\" \/>\n<script type=\"application\/ld+json\" class=\"yoast-schema-graph\">{\"@context\":\"https:\/\/schema.org\",\"@graph\":[{\"@type\":\"Article\",\"@id\":\"https:\/\/fieam.org.br\/fieam\/sindicato-da-industria-de-olarias-firma-parceria-para-troca-ecologica-de-tijolos\/#article\",\"isPartOf\":{\"@id\":\"https:\/\/fieam.org.br\/fieam\/sindicato-da-industria-de-olarias-firma-parceria-para-troca-ecologica-de-tijolos\/\"},\"author\":{\"name\":\"Autor\",\"@id\":\"https:\/\/fieam.org.br\/fieam\/#\/schema\/person\/c1ceda8321521b291cee22da0a7d34be\"},\"headline\":\"Sindicato da Ind\u00fastria de Olarias firma parceria para troca ecol\u00f3gica de tijolos\",\"datePublished\":\"2021-11-12T22:08:30+00:00\",\"mainEntityOfPage\":{\"@id\":\"https:\/\/fieam.org.br\/fieam\/sindicato-da-industria-de-olarias-firma-parceria-para-troca-ecologica-de-tijolos\/\"},\"wordCount\":624,\"publisher\":{\"@id\":\"https:\/\/fieam.org.br\/fieam\/#organization\"},\"image\":{\"@id\":\"https:\/\/fieam.org.br\/fieam\/sindicato-da-industria-de-olarias-firma-parceria-para-troca-ecologica-de-tijolos\/#primaryimage\"},\"thumbnailUrl\":\"\",\"articleSection\":[\"Banner Destaque\",\"News\",\"News Destaque\"],\"inLanguage\":\"pt-BR\"},{\"@type\":\"WebPage\",\"@id\":\"https:\/\/fieam.org.br\/fieam\/sindicato-da-industria-de-olarias-firma-parceria-para-troca-ecologica-de-tijolos\/\",\"url\":\"https:\/\/fieam.org.br\/fieam\/sindicato-da-industria-de-olarias-firma-parceria-para-troca-ecologica-de-tijolos\/\",\"name\":\"Sindicato da Ind\u00fastria de Olarias firma parceria para troca ecol\u00f3gica de tijolos - FIEAM\",\"isPartOf\":{\"@id\":\"https:\/\/fieam.org.br\/fieam\/#website\"},\"primaryImageOfPage\":{\"@id\":\"https:\/\/fieam.org.br\/fieam\/sindicato-da-industria-de-olarias-firma-parceria-para-troca-ecologica-de-tijolos\/#primaryimage\"},\"image\":{\"@id\":\"https:\/\/fieam.org.br\/fieam\/sindicato-da-industria-de-olarias-firma-parceria-para-troca-ecologica-de-tijolos\/#primaryimage\"},\"thumbnailUrl\":\"\",\"datePublished\":\"2021-11-12T22:08:30+00:00\",\"breadcrumb\":{\"@id\":\"https:\/\/fieam.org.br\/fieam\/sindicato-da-industria-de-olarias-firma-parceria-para-troca-ecologica-de-tijolos\/#breadcrumb\"},\"inLanguage\":\"pt-BR\",\"potentialAction\":[{\"@type\":\"ReadAction\",\"target\":[\"https:\/\/fieam.org.br\/fieam\/sindicato-da-industria-de-olarias-firma-parceria-para-troca-ecologica-de-tijolos\/\"]}]},{\"@type\":\"ImageObject\",\"inLanguage\":\"pt-BR\",\"@id\":\"https:\/\/fieam.org.br\/fieam\/sindicato-da-industria-de-olarias-firma-parceria-para-troca-ecologica-de-tijolos\/#primaryimage\",\"url\":\"\",\"contentUrl\":\"\"},{\"@type\":\"BreadcrumbList\",\"@id\":\"https:\/\/fieam.org.br\/fieam\/sindicato-da-industria-de-olarias-firma-parceria-para-troca-ecologica-de-tijolos\/#breadcrumb\",\"itemListElement\":[{\"@type\":\"ListItem\",\"position\":1,\"name\":\"In\u00edcio\",\"item\":\"https:\/\/fieam.org.br\/fieam\/\"},{\"@type\":\"ListItem\",\"position\":2,\"name\":\"Sindicato da Ind\u00fastria de Olarias firma parceria para troca ecol\u00f3gica de tijolos\"}]},{\"@type\":\"WebSite\",\"@id\":\"https:\/\/fieam.org.br\/fieam\/#website\",\"url\":\"https:\/\/fieam.org.br\/fieam\/\",\"name\":\"FIEAM\",\"description\":\"Site Oficial!\",\"publisher\":{\"@id\":\"https:\/\/fieam.org.br\/fieam\/#organization\"},\"potentialAction\":[{\"@type\":\"SearchAction\",\"target\":{\"@type\":\"EntryPoint\",\"urlTemplate\":\"https:\/\/fieam.org.br\/fieam\/?s={search_term_string}\"},\"query-input\":{\"@type\":\"PropertyValueSpecification\",\"valueRequired\":true,\"valueName\":\"search_term_string\"}}],\"inLanguage\":\"pt-BR\"},{\"@type\":\"Organization\",\"@id\":\"https:\/\/fieam.org.br\/fieam\/#organization\",\"name\":\"FIEAM\",\"url\":\"https:\/\/fieam.org.br\/fieam\/\",\"logo\":{\"@type\":\"ImageObject\",\"inLanguage\":\"pt-BR\",\"@id\":\"https:\/\/fieam.org.br\/fieam\/#\/schema\/logo\/image\/\",\"url\":\"https:\/\/fieam.org.br\/fieam\/wp-content\/uploads\/sites\/9\/2024\/03\/cropped-fav.png\",\"contentUrl\":\"https:\/\/fieam.org.br\/fieam\/wp-content\/uploads\/sites\/9\/2024\/03\/cropped-fav.png\",\"width\":597,\"height\":598,\"caption\":\"FIEAM\"},\"image\":{\"@id\":\"https:\/\/fieam.org.br\/fieam\/#\/schema\/logo\/image\/\"}},{\"@type\":\"Person\",\"@id\":\"https:\/\/fieam.org.br\/fieam\/#\/schema\/person\/c1ceda8321521b291cee22da0a7d34be\",\"name\":\"Autor\",\"image\":{\"@type\":\"ImageObject\",\"inLanguage\":\"pt-BR\",\"@id\":\"https:\/\/fieam.org.br\/fieam\/#\/schema\/person\/image\/\",\"url\":\"https:\/\/secure.gravatar.com\/avatar\/3732c223e0e1fad69062a8f770955c9068d37b055204f310a0be18d4069fe380?s=96&d=mm&r=g\",\"contentUrl\":\"https:\/\/secure.gravatar.com\/avatar\/3732c223e0e1fad69062a8f770955c9068d37b055204f310a0be18d4069fe380?s=96&d=mm&r=g\",\"caption\":\"Autor\"},\"sameAs\":[\"https:\/\/marketingmassivo.com.br\"],\"url\":\"https:\/\/fieam.org.br\/fieam\/author\/admin\/\"}]}<\/script>\n<!-- \/ Yoast SEO plugin. -->","yoast_head_json":{"title":"Sindicato da Ind\u00fastria de Olarias firma parceria para troca ecol\u00f3gica de tijolos - FIEAM","robots":{"index":"index","follow":"follow","max-snippet":"max-snippet:-1","max-image-preview":"max-image-preview:large","max-video-preview":"max-video-preview:-1"},"canonical":"https:\/\/fieam.org.br\/fieam\/sindicato-da-industria-de-olarias-firma-parceria-para-troca-ecologica-de-tijolos\/","og_locale":"pt_BR","og_type":"article","og_title":"Sindicato da Ind\u00fastria de Olarias firma parceria para troca ecol\u00f3gica de tijolos - FIEAM","og_description":"Quinhentas toneladas de madeira descartadas por m\u00eas no aterro sanit\u00e1rio agora ser\u00e3o destinadas a ind\u00fastrias do polo oleiro, gra\u00e7as ao termo de coopera\u00e7\u00e3o assinado no dia 10, na Federa\u00e7\u00e3o das Ind\u00fastrias do Estado do Amazonas (FIEAM), pelo Sindicato da Ind\u00fastria de Olaria do Estado do Amazonas (Sindicer\/ AM) e a Secretaria Municipal de Limpeza Urbana [&hellip;]","og_url":"https:\/\/fieam.org.br\/fieam\/sindicato-da-industria-de-olarias-firma-parceria-para-troca-ecologica-de-tijolos\/","og_site_name":"FIEAM","article_published_time":"2021-11-12T22:08:30+00:00","author":"Autor","twitter_card":"summary_large_image","twitter_misc":{"Escrito por":"Autor","Est. tempo de leitura":"3 minutos"},"schema":{"@context":"https:\/\/schema.org","@graph":[{"@type":"Article","@id":"https:\/\/fieam.org.br\/fieam\/sindicato-da-industria-de-olarias-firma-parceria-para-troca-ecologica-de-tijolos\/#article","isPartOf":{"@id":"https:\/\/fieam.org.br\/fieam\/sindicato-da-industria-de-olarias-firma-parceria-para-troca-ecologica-de-tijolos\/"},"author":{"name":"Autor","@id":"https:\/\/fieam.org.br\/fieam\/#\/schema\/person\/c1ceda8321521b291cee22da0a7d34be"},"headline":"Sindicato da Ind\u00fastria de Olarias firma parceria para troca ecol\u00f3gica de tijolos","datePublished":"2021-11-12T22:08:30+00:00","mainEntityOfPage":{"@id":"https:\/\/fieam.org.br\/fieam\/sindicato-da-industria-de-olarias-firma-parceria-para-troca-ecologica-de-tijolos\/"},"wordCount":624,"publisher":{"@id":"https:\/\/fieam.org.br\/fieam\/#organization"},"image":{"@id":"https:\/\/fieam.org.br\/fieam\/sindicato-da-industria-de-olarias-firma-parceria-para-troca-ecologica-de-tijolos\/#primaryimage"},"thumbnailUrl":"","articleSection":["Banner Destaque","News","News Destaque"],"inLanguage":"pt-BR"},{"@type":"WebPage","@id":"https:\/\/fieam.org.br\/fieam\/sindicato-da-industria-de-olarias-firma-parceria-para-troca-ecologica-de-tijolos\/","url":"https:\/\/fieam.org.br\/fieam\/sindicato-da-industria-de-olarias-firma-parceria-para-troca-ecologica-de-tijolos\/","name":"Sindicato da Ind\u00fastria de Olarias firma parceria para troca ecol\u00f3gica de tijolos - FIEAM","isPartOf":{"@id":"https:\/\/fieam.org.br\/fieam\/#website"},"primaryImageOfPage":{"@id":"https:\/\/fieam.org.br\/fieam\/sindicato-da-industria-de-olarias-firma-parceria-para-troca-ecologica-de-tijolos\/#primaryimage"},"image":{"@id":"https:\/\/fieam.org.br\/fieam\/sindicato-da-industria-de-olarias-firma-parceria-para-troca-ecologica-de-tijolos\/#primaryimage"},"thumbnailUrl":"","datePublished":"2021-11-12T22:08:30+00:00","breadcrumb":{"@id":"https:\/\/fieam.org.br\/fieam\/sindicato-da-industria-de-olarias-firma-parceria-para-troca-ecologica-de-tijolos\/#breadcrumb"},"inLanguage":"pt-BR","potentialAction":[{"@type":"ReadAction","target":["https:\/\/fieam.org.br\/fieam\/sindicato-da-industria-de-olarias-firma-parceria-para-troca-ecologica-de-tijolos\/"]}]},{"@type":"ImageObject","inLanguage":"pt-BR","@id":"https:\/\/fieam.org.br\/fieam\/sindicato-da-industria-de-olarias-firma-parceria-para-troca-ecologica-de-tijolos\/#primaryimage","url":"","contentUrl":""},{"@type":"BreadcrumbList","@id":"https:\/\/fieam.org.br\/fieam\/sindicato-da-industria-de-olarias-firma-parceria-para-troca-ecologica-de-tijolos\/#breadcrumb","itemListElement":[{"@type":"ListItem","position":1,"name":"In\u00edcio","item":"https:\/\/fieam.org.br\/fieam\/"},{"@type":"ListItem","position":2,"name":"Sindicato da Ind\u00fastria de Olarias firma parceria para troca ecol\u00f3gica de tijolos"}]},{"@type":"WebSite","@id":"https:\/\/fieam.org.br\/fieam\/#website","url":"https:\/\/fieam.org.br\/fieam\/","name":"FIEAM","description":"Site Oficial!","publisher":{"@id":"https:\/\/fieam.org.br\/fieam\/#organization"},"potentialAction":[{"@type":"SearchAction","target":{"@type":"EntryPoint","urlTemplate":"https:\/\/fieam.org.br\/fieam\/?s={search_term_string}"},"query-input":{"@type":"PropertyValueSpecification","valueRequired":true,"valueName":"search_term_string"}}],"inLanguage":"pt-BR"},{"@type":"Organization","@id":"https:\/\/fieam.org.br\/fieam\/#organization","name":"FIEAM","url":"https:\/\/fieam.org.br\/fieam\/","logo":{"@type":"ImageObject","inLanguage":"pt-BR","@id":"https:\/\/fieam.org.br\/fieam\/#\/schema\/logo\/image\/","url":"https:\/\/fieam.org.br\/fieam\/wp-content\/uploads\/sites\/9\/2024\/03\/cropped-fav.png","contentUrl":"https:\/\/fieam.org.br\/fieam\/wp-content\/uploads\/sites\/9\/2024\/03\/cropped-fav.png","width":597,"height":598,"caption":"FIEAM"},"image":{"@id":"https:\/\/fieam.org.br\/fieam\/#\/schema\/logo\/image\/"}},{"@type":"Person","@id":"https:\/\/fieam.org.br\/fieam\/#\/schema\/person\/c1ceda8321521b291cee22da0a7d34be","name":"Autor","image":{"@type":"ImageObject","inLanguage":"pt-BR","@id":"https:\/\/fieam.org.br\/fieam\/#\/schema\/person\/image\/","url":"https:\/\/secure.gravatar.com\/avatar\/3732c223e0e1fad69062a8f770955c9068d37b055204f310a0be18d4069fe380?s=96&d=mm&r=g","contentUrl":"https:\/\/secure.gravatar.com\/avatar\/3732c223e0e1fad69062a8f770955c9068d37b055204f310a0be18d4069fe380?s=96&d=mm&r=g","caption":"Autor"},"sameAs":["https:\/\/marketingmassivo.com.br"],"url":"https:\/\/fieam.org.br\/fieam\/author\/admin\/"}]}},"_links":{"self":[{"href":"https:\/\/fieam.org.br\/fieam\/wp-json\/wp\/v2\/posts\/15341","targetHints":{"allow":["GET"]}}],"collection":[{"href":"https:\/\/fieam.org.br\/fieam\/wp-json\/wp\/v2\/posts"}],"about":[{"href":"https:\/\/fieam.org.br\/fieam\/wp-json\/wp\/v2\/types\/post"}],"author":[{"embeddable":true,"href":"https:\/\/fieam.org.br\/fieam\/wp-json\/wp\/v2\/users\/1"}],"replies":[{"embeddable":true,"href":"https:\/\/fieam.org.br\/fieam\/wp-json\/wp\/v2\/comments?post=15341"}],"version-history":[{"count":0,"href":"https:\/\/fieam.org.br\/fieam\/wp-json\/wp\/v2\/posts\/15341\/revisions"}],"wp:featuredmedia":[{"embeddable":true,"href":"https:\/\/fieam.org.br\/fieam\/wp-json\/"}],"wp:attachment":[{"href":"https:\/\/fieam.org.br\/fieam\/wp-json\/wp\/v2\/media?parent=15341"}],"wp:term":[{"taxonomy":"category","embeddable":true,"href":"https:\/\/fieam.org.br\/fieam\/wp-json\/wp\/v2\/categories?post=15341"},{"taxonomy":"post_tag","embeddable":true,"href":"https:\/\/fieam.org.br\/fieam\/wp-json\/wp\/v2\/tags?post=15341"}],"curies":[{"name":"wp","href":"https:\/\/api.w.org\/{rel}","templated":true}]}}