{"id":15266,"date":"2021-10-05T12:04:53","date_gmt":"2021-10-05T16:04:53","guid":{"rendered":"http:\/\/www.fieam.org.br\/fieam\/?p=15266"},"modified":"2021-10-05T12:04:53","modified_gmt":"2021-10-05T16:04:53","slug":"fieam-lanca-instituto-amazonia21","status":"publish","type":"post","link":"https:\/\/fieam.org.br\/fieam\/fieam-lanca-instituto-amazonia21\/","title":{"rendered":"FIEAM lan\u00e7a Instituto Amaz\u00f4nia+21"},"content":{"rendered":"<p><a href=\"http:\/\/www.fieam.org.br\/fieam\/wp-content\/uploads\/sites\/5\/2021\/10\/Divulgacao_Amazonia-21-1.jpg\"><img fetchpriority=\"high\" decoding=\"async\" class=\"wp-image-15268 alignleft\" src=\"http:\/\/www.fieam.org.br\/fieam\/wp-content\/uploads\/sites\/5\/2021\/10\/Divulgacao_Amazonia-21-1.jpg\" alt=\"\" width=\"270\" height=\"272\" \/><\/a>Na pr\u00f3xima segunda-feira (11) ser\u00e1 lan\u00e7ado, na sede da Federa\u00e7\u00e3o das Ind\u00fastrias do Estado do Amazonas (FIEAM), o Instituto Amaz\u00f4nia +21. O novo instituto tem a miss\u00e3o de promover neg\u00f3cios sustent\u00e1veis e atrair grandes empresas para investir e fazer parcerias na regi\u00e3o, para tornar a Amaz\u00f4nia o principal vetor do desenvolvimento sustent\u00e1vel e da ind\u00fastria verde brasileira. O evento vai ocorrer, \u00e0s 8 horas, em formato hibrido, com transmiss\u00e3o simult\u00e2nea pelo Youtube da FIEAM no link (<a href=\"http:\/\/www.youtube.com\/FIEAM\">www.youtube.com\/FIEAM<\/a>).<\/p>\n<p>Criado para pensar a Amaz\u00f4nia do s\u00e9culo 21, com foco no desenvolvimento sustent\u00e1vel da regi\u00e3o, como desdobramento do F\u00f3rum Amaz\u00f4nia +21, pela Confedera\u00e7\u00e3o Nacional da Ind\u00fastria (CNI) e A\u00e7\u00e3o Pr\u00f3-Amaz\u00f4nia (integrada pelas Federa\u00e7\u00f5es das Ind\u00fastrias dos estados da Amaz\u00f4nia Legal), o instituto tem como seu principal articulador o presidente da Federa\u00e7\u00e3o das Ind\u00fastrias do Estado de Rond\u00f4nia (FIERO), Marcelo Thom\u00e9 de Almeida.<\/p>\n","protected":false},"excerpt":{"rendered":"<p>Na pr\u00f3xima segunda-feira (11) ser\u00e1 lan\u00e7ado, na sede da Federa\u00e7\u00e3o das Ind\u00fastrias do Estado do Amazonas (FIEAM), o Instituto Amaz\u00f4nia +21. O novo instituto tem a miss\u00e3o de promover neg\u00f3cios sustent\u00e1veis e atrair grandes empresas para investir e fazer parcerias na regi\u00e3o, para tornar a Amaz\u00f4nia o principal vetor do desenvolvimento sustent\u00e1vel e da ind\u00fastria [&hellip;]<\/p>\n","protected":false},"author":1,"featured_media":15267,"comment_status":"closed","ping_status":"open","sticky":false,"template":"","format":"standard","meta":{"footnotes":""},"categories":[28,29,30],"tags":[],"class_list":["post-15266","post","type-post","status-publish","format-standard","has-post-thumbnail","hentry","category-banner-destaque","category-news","category-news_destaque"],"yoast_head":"<!-- This site is optimized with the Yoast SEO plugin v26.8 - https:\/\/yoast.com\/product\/yoast-seo-wordpress\/ -->\n<title>FIEAM lan\u00e7a Instituto Amaz\u00f4nia+21 - FIEAM<\/title>\n<meta name=\"robots\" content=\"index, follow, max-snippet:-1, max-image-preview:large, max-video-preview:-1\" \/>\n<link rel=\"canonical\" href=\"https:\/\/fieam.org.br\/fieam\/fieam-lanca-instituto-amazonia21\/\" \/>\n<meta property=\"og:locale\" content=\"pt_BR\" \/>\n<meta property=\"og:type\" content=\"article\" \/>\n<meta property=\"og:title\" content=\"FIEAM lan\u00e7a Instituto Amaz\u00f4nia+21 - FIEAM\" \/>\n<meta property=\"og:description\" content=\"Na pr\u00f3xima segunda-feira (11) ser\u00e1 lan\u00e7ado, na sede da Federa\u00e7\u00e3o das Ind\u00fastrias do Estado do Amazonas (FIEAM), o Instituto Amaz\u00f4nia +21. O novo instituto tem a miss\u00e3o de promover neg\u00f3cios sustent\u00e1veis e atrair grandes empresas para investir e fazer parcerias na regi\u00e3o, para tornar a Amaz\u00f4nia o principal vetor do desenvolvimento sustent\u00e1vel e da ind\u00fastria [&hellip;]\" \/>\n<meta property=\"og:url\" content=\"https:\/\/fieam.org.br\/fieam\/fieam-lanca-instituto-amazonia21\/\" \/>\n<meta property=\"og:site_name\" content=\"FIEAM\" \/>\n<meta property=\"article:published_time\" content=\"2021-10-05T16:04:53+00:00\" \/>\n<meta name=\"author\" content=\"Autor\" \/>\n<meta name=\"twitter:card\" content=\"summary_large_image\" \/>\n<meta name=\"twitter:label1\" content=\"Escrito por\" \/>\n\t<meta name=\"twitter:data1\" content=\"Autor\" \/>\n\t<meta name=\"twitter:label2\" content=\"Est. tempo de leitura\" \/>\n\t<meta name=\"twitter:data2\" content=\"1 minuto\" \/>\n<script type=\"application\/ld+json\" class=\"yoast-schema-graph\">{\"@context\":\"https:\/\/schema.org\",\"@graph\":[{\"@type\":\"Article\",\"@id\":\"https:\/\/fieam.org.br\/fieam\/fieam-lanca-instituto-amazonia21\/#article\",\"isPartOf\":{\"@id\":\"https:\/\/fieam.org.br\/fieam\/fieam-lanca-instituto-amazonia21\/\"},\"author\":{\"name\":\"Autor\",\"@id\":\"https:\/\/fieam.org.br\/fieam\/#\/schema\/person\/c1ceda8321521b291cee22da0a7d34be\"},\"headline\":\"FIEAM lan\u00e7a Instituto Amaz\u00f4nia+21\",\"datePublished\":\"2021-10-05T16:04:53+00:00\",\"mainEntityOfPage\":{\"@id\":\"https:\/\/fieam.org.br\/fieam\/fieam-lanca-instituto-amazonia21\/\"},\"wordCount\":174,\"publisher\":{\"@id\":\"https:\/\/fieam.org.br\/fieam\/#organization\"},\"image\":{\"@id\":\"https:\/\/fieam.org.br\/fieam\/fieam-lanca-instituto-amazonia21\/#primaryimage\"},\"thumbnailUrl\":\"\",\"articleSection\":[\"Banner Destaque\",\"News\",\"News Destaque\"],\"inLanguage\":\"pt-BR\"},{\"@type\":\"WebPage\",\"@id\":\"https:\/\/fieam.org.br\/fieam\/fieam-lanca-instituto-amazonia21\/\",\"url\":\"https:\/\/fieam.org.br\/fieam\/fieam-lanca-instituto-amazonia21\/\",\"name\":\"FIEAM lan\u00e7a Instituto Amaz\u00f4nia+21 - FIEAM\",\"isPartOf\":{\"@id\":\"https:\/\/fieam.org.br\/fieam\/#website\"},\"primaryImageOfPage\":{\"@id\":\"https:\/\/fieam.org.br\/fieam\/fieam-lanca-instituto-amazonia21\/#primaryimage\"},\"image\":{\"@id\":\"https:\/\/fieam.org.br\/fieam\/fieam-lanca-instituto-amazonia21\/#primaryimage\"},\"thumbnailUrl\":\"\",\"datePublished\":\"2021-10-05T16:04:53+00:00\",\"breadcrumb\":{\"@id\":\"https:\/\/fieam.org.br\/fieam\/fieam-lanca-instituto-amazonia21\/#breadcrumb\"},\"inLanguage\":\"pt-BR\",\"potentialAction\":[{\"@type\":\"ReadAction\",\"target\":[\"https:\/\/fieam.org.br\/fieam\/fieam-lanca-instituto-amazonia21\/\"]}]},{\"@type\":\"ImageObject\",\"inLanguage\":\"pt-BR\",\"@id\":\"https:\/\/fieam.org.br\/fieam\/fieam-lanca-instituto-amazonia21\/#primaryimage\",\"url\":\"\",\"contentUrl\":\"\"},{\"@type\":\"BreadcrumbList\",\"@id\":\"https:\/\/fieam.org.br\/fieam\/fieam-lanca-instituto-amazonia21\/#breadcrumb\",\"itemListElement\":[{\"@type\":\"ListItem\",\"position\":1,\"name\":\"In\u00edcio\",\"item\":\"https:\/\/fieam.org.br\/fieam\/\"},{\"@type\":\"ListItem\",\"position\":2,\"name\":\"FIEAM lan\u00e7a Instituto Amaz\u00f4nia+21\"}]},{\"@type\":\"WebSite\",\"@id\":\"https:\/\/fieam.org.br\/fieam\/#website\",\"url\":\"https:\/\/fieam.org.br\/fieam\/\",\"name\":\"FIEAM\",\"description\":\"Site Oficial!\",\"publisher\":{\"@id\":\"https:\/\/fieam.org.br\/fieam\/#organization\"},\"potentialAction\":[{\"@type\":\"SearchAction\",\"target\":{\"@type\":\"EntryPoint\",\"urlTemplate\":\"https:\/\/fieam.org.br\/fieam\/?s={search_term_string}\"},\"query-input\":{\"@type\":\"PropertyValueSpecification\",\"valueRequired\":true,\"valueName\":\"search_term_string\"}}],\"inLanguage\":\"pt-BR\"},{\"@type\":\"Organization\",\"@id\":\"https:\/\/fieam.org.br\/fieam\/#organization\",\"name\":\"FIEAM\",\"url\":\"https:\/\/fieam.org.br\/fieam\/\",\"logo\":{\"@type\":\"ImageObject\",\"inLanguage\":\"pt-BR\",\"@id\":\"https:\/\/fieam.org.br\/fieam\/#\/schema\/logo\/image\/\",\"url\":\"https:\/\/fieam.org.br\/fieam\/wp-content\/uploads\/sites\/9\/2024\/03\/cropped-fav.png\",\"contentUrl\":\"https:\/\/fieam.org.br\/fieam\/wp-content\/uploads\/sites\/9\/2024\/03\/cropped-fav.png\",\"width\":597,\"height\":598,\"caption\":\"FIEAM\"},\"image\":{\"@id\":\"https:\/\/fieam.org.br\/fieam\/#\/schema\/logo\/image\/\"}},{\"@type\":\"Person\",\"@id\":\"https:\/\/fieam.org.br\/fieam\/#\/schema\/person\/c1ceda8321521b291cee22da0a7d34be\",\"name\":\"Autor\",\"image\":{\"@type\":\"ImageObject\",\"inLanguage\":\"pt-BR\",\"@id\":\"https:\/\/fieam.org.br\/fieam\/#\/schema\/person\/image\/\",\"url\":\"https:\/\/secure.gravatar.com\/avatar\/3732c223e0e1fad69062a8f770955c9068d37b055204f310a0be18d4069fe380?s=96&d=mm&r=g\",\"contentUrl\":\"https:\/\/secure.gravatar.com\/avatar\/3732c223e0e1fad69062a8f770955c9068d37b055204f310a0be18d4069fe380?s=96&d=mm&r=g\",\"caption\":\"Autor\"},\"sameAs\":[\"https:\/\/marketingmassivo.com.br\"],\"url\":\"https:\/\/fieam.org.br\/fieam\/author\/admin\/\"}]}<\/script>\n<!-- \/ Yoast SEO plugin. -->","yoast_head_json":{"title":"FIEAM lan\u00e7a Instituto Amaz\u00f4nia+21 - FIEAM","robots":{"index":"index","follow":"follow","max-snippet":"max-snippet:-1","max-image-preview":"max-image-preview:large","max-video-preview":"max-video-preview:-1"},"canonical":"https:\/\/fieam.org.br\/fieam\/fieam-lanca-instituto-amazonia21\/","og_locale":"pt_BR","og_type":"article","og_title":"FIEAM lan\u00e7a Instituto Amaz\u00f4nia+21 - FIEAM","og_description":"Na pr\u00f3xima segunda-feira (11) ser\u00e1 lan\u00e7ado, na sede da Federa\u00e7\u00e3o das Ind\u00fastrias do Estado do Amazonas (FIEAM), o Instituto Amaz\u00f4nia +21. O novo instituto tem a miss\u00e3o de promover neg\u00f3cios sustent\u00e1veis e atrair grandes empresas para investir e fazer parcerias na regi\u00e3o, para tornar a Amaz\u00f4nia o principal vetor do desenvolvimento sustent\u00e1vel e da ind\u00fastria [&hellip;]","og_url":"https:\/\/fieam.org.br\/fieam\/fieam-lanca-instituto-amazonia21\/","og_site_name":"FIEAM","article_published_time":"2021-10-05T16:04:53+00:00","author":"Autor","twitter_card":"summary_large_image","twitter_misc":{"Escrito por":"Autor","Est. tempo de leitura":"1 minuto"},"schema":{"@context":"https:\/\/schema.org","@graph":[{"@type":"Article","@id":"https:\/\/fieam.org.br\/fieam\/fieam-lanca-instituto-amazonia21\/#article","isPartOf":{"@id":"https:\/\/fieam.org.br\/fieam\/fieam-lanca-instituto-amazonia21\/"},"author":{"name":"Autor","@id":"https:\/\/fieam.org.br\/fieam\/#\/schema\/person\/c1ceda8321521b291cee22da0a7d34be"},"headline":"FIEAM lan\u00e7a Instituto Amaz\u00f4nia+21","datePublished":"2021-10-05T16:04:53+00:00","mainEntityOfPage":{"@id":"https:\/\/fieam.org.br\/fieam\/fieam-lanca-instituto-amazonia21\/"},"wordCount":174,"publisher":{"@id":"https:\/\/fieam.org.br\/fieam\/#organization"},"image":{"@id":"https:\/\/fieam.org.br\/fieam\/fieam-lanca-instituto-amazonia21\/#primaryimage"},"thumbnailUrl":"","articleSection":["Banner Destaque","News","News Destaque"],"inLanguage":"pt-BR"},{"@type":"WebPage","@id":"https:\/\/fieam.org.br\/fieam\/fieam-lanca-instituto-amazonia21\/","url":"https:\/\/fieam.org.br\/fieam\/fieam-lanca-instituto-amazonia21\/","name":"FIEAM lan\u00e7a Instituto Amaz\u00f4nia+21 - FIEAM","isPartOf":{"@id":"https:\/\/fieam.org.br\/fieam\/#website"},"primaryImageOfPage":{"@id":"https:\/\/fieam.org.br\/fieam\/fieam-lanca-instituto-amazonia21\/#primaryimage"},"image":{"@id":"https:\/\/fieam.org.br\/fieam\/fieam-lanca-instituto-amazonia21\/#primaryimage"},"thumbnailUrl":"","datePublished":"2021-10-05T16:04:53+00:00","breadcrumb":{"@id":"https:\/\/fieam.org.br\/fieam\/fieam-lanca-instituto-amazonia21\/#breadcrumb"},"inLanguage":"pt-BR","potentialAction":[{"@type":"ReadAction","target":["https:\/\/fieam.org.br\/fieam\/fieam-lanca-instituto-amazonia21\/"]}]},{"@type":"ImageObject","inLanguage":"pt-BR","@id":"https:\/\/fieam.org.br\/fieam\/fieam-lanca-instituto-amazonia21\/#primaryimage","url":"","contentUrl":""},{"@type":"BreadcrumbList","@id":"https:\/\/fieam.org.br\/fieam\/fieam-lanca-instituto-amazonia21\/#breadcrumb","itemListElement":[{"@type":"ListItem","position":1,"name":"In\u00edcio","item":"https:\/\/fieam.org.br\/fieam\/"},{"@type":"ListItem","position":2,"name":"FIEAM lan\u00e7a Instituto Amaz\u00f4nia+21"}]},{"@type":"WebSite","@id":"https:\/\/fieam.org.br\/fieam\/#website","url":"https:\/\/fieam.org.br\/fieam\/","name":"FIEAM","description":"Site Oficial!","publisher":{"@id":"https:\/\/fieam.org.br\/fieam\/#organization"},"potentialAction":[{"@type":"SearchAction","target":{"@type":"EntryPoint","urlTemplate":"https:\/\/fieam.org.br\/fieam\/?s={search_term_string}"},"query-input":{"@type":"PropertyValueSpecification","valueRequired":true,"valueName":"search_term_string"}}],"inLanguage":"pt-BR"},{"@type":"Organization","@id":"https:\/\/fieam.org.br\/fieam\/#organization","name":"FIEAM","url":"https:\/\/fieam.org.br\/fieam\/","logo":{"@type":"ImageObject","inLanguage":"pt-BR","@id":"https:\/\/fieam.org.br\/fieam\/#\/schema\/logo\/image\/","url":"https:\/\/fieam.org.br\/fieam\/wp-content\/uploads\/sites\/9\/2024\/03\/cropped-fav.png","contentUrl":"https:\/\/fieam.org.br\/fieam\/wp-content\/uploads\/sites\/9\/2024\/03\/cropped-fav.png","width":597,"height":598,"caption":"FIEAM"},"image":{"@id":"https:\/\/fieam.org.br\/fieam\/#\/schema\/logo\/image\/"}},{"@type":"Person","@id":"https:\/\/fieam.org.br\/fieam\/#\/schema\/person\/c1ceda8321521b291cee22da0a7d34be","name":"Autor","image":{"@type":"ImageObject","inLanguage":"pt-BR","@id":"https:\/\/fieam.org.br\/fieam\/#\/schema\/person\/image\/","url":"https:\/\/secure.gravatar.com\/avatar\/3732c223e0e1fad69062a8f770955c9068d37b055204f310a0be18d4069fe380?s=96&d=mm&r=g","contentUrl":"https:\/\/secure.gravatar.com\/avatar\/3732c223e0e1fad69062a8f770955c9068d37b055204f310a0be18d4069fe380?s=96&d=mm&r=g","caption":"Autor"},"sameAs":["https:\/\/marketingmassivo.com.br"],"url":"https:\/\/fieam.org.br\/fieam\/author\/admin\/"}]}},"_links":{"self":[{"href":"https:\/\/fieam.org.br\/fieam\/wp-json\/wp\/v2\/posts\/15266","targetHints":{"allow":["GET"]}}],"collection":[{"href":"https:\/\/fieam.org.br\/fieam\/wp-json\/wp\/v2\/posts"}],"about":[{"href":"https:\/\/fieam.org.br\/fieam\/wp-json\/wp\/v2\/types\/post"}],"author":[{"embeddable":true,"href":"https:\/\/fieam.org.br\/fieam\/wp-json\/wp\/v2\/users\/1"}],"replies":[{"embeddable":true,"href":"https:\/\/fieam.org.br\/fieam\/wp-json\/wp\/v2\/comments?post=15266"}],"version-history":[{"count":0,"href":"https:\/\/fieam.org.br\/fieam\/wp-json\/wp\/v2\/posts\/15266\/revisions"}],"wp:featuredmedia":[{"embeddable":true,"href":"https:\/\/fieam.org.br\/fieam\/wp-json\/"}],"wp:attachment":[{"href":"https:\/\/fieam.org.br\/fieam\/wp-json\/wp\/v2\/media?parent=15266"}],"wp:term":[{"taxonomy":"category","embeddable":true,"href":"https:\/\/fieam.org.br\/fieam\/wp-json\/wp\/v2\/categories?post=15266"},{"taxonomy":"post_tag","embeddable":true,"href":"https:\/\/fieam.org.br\/fieam\/wp-json\/wp\/v2\/tags?post=15266"}],"curies":[{"name":"wp","href":"https:\/\/api.w.org\/{rel}","templated":true}]}}