{"id":15244,"date":"2021-09-14T09:47:13","date_gmt":"2021-09-14T13:47:13","guid":{"rendered":"http:\/\/www.fieam.org.br\/fieam\/?p=15244"},"modified":"2021-09-14T09:47:13","modified_gmt":"2021-09-14T13:47:13","slug":"iel-abre-28-vagas-para-estagio","status":"publish","type":"post","link":"https:\/\/fieam.org.br\/fieam\/iel-abre-28-vagas-para-estagio\/","title":{"rendered":"IEL abre 28 vagas para est\u00e1gio"},"content":{"rendered":"<p>O Instituto Euvaldo Lodi (IEL Amazonas) oferece 28 vagas de est\u00e1gio com atua\u00e7\u00e3o em regime presencial, sendo 17 vagas para estudantes de n\u00edvel superior, seis vagas para estudantes de n\u00edvel t\u00e9cnico e cinco para n\u00edvel m\u00e9dio. Com bolsas que v\u00e3o de R$ 500 a R$ 700 reais.<\/p>\n<p>As vagas para n\u00edvel superior s\u00e3o para os cursos de Administra\u00e7\u00e3o (quatro), Ci\u00eancias cont\u00e1beis (quatro), Log\u00edstica (uma), Sistema da informa\u00e7\u00e3o (quatro), Inform\u00e1tica (duas) e Ci\u00eancia da computa\u00e7\u00e3o (duas). J\u00e1 os de n\u00edvel t\u00e9cnico s\u00e3o para T\u00e9cnico em mecatr\u00f4nica (uma), T\u00e9cnico em eletrot\u00e9cnica (uma), T\u00e9cnico em eletroeletr\u00f4nica (uma), T\u00e9cnico em eletromec\u00e2nica (uma), T\u00e9cnico em seguran\u00e7a no trabalho (duas), T\u00e9cnico em inform\u00e1tica (duas) e Log\u00edstica (uma). E, para o n\u00edvel m\u00e9dio, duas vagas, matutino e vespertino.<\/p>\n<p>Para participar do processo, os candidatos devem ter cadastro no site do <a href=\"https:\/\/sne.iel.org.br\/sne\/portal.xhtml\">IEL Amazonas<\/a> e manter todos os dados pessoais, escolares e de conhecimentos gerais atualizados, incluindo telefone e e-mail. Mais informa\u00e7\u00f5es pelo site e redes sociais do IEL (<em>Facebook<\/em> e <em>Instagram<\/em>) e pelo Whatsapp <strong>(92) 98134-0259.<\/strong><\/p>\n<p>O IEL n\u00e3o recebe curr\u00edculos por e-mail e nem de forma presencial. A participa\u00e7\u00e3o toda ser\u00e1 via sistema por meio do cadastro.<\/p>\n","protected":false},"excerpt":{"rendered":"<p>O Instituto Euvaldo Lodi (IEL Amazonas) oferece 28 vagas de est\u00e1gio com atua\u00e7\u00e3o em regime presencial, sendo 17 vagas para estudantes de n\u00edvel superior, seis vagas para estudantes de n\u00edvel t\u00e9cnico e cinco para n\u00edvel m\u00e9dio. Com bolsas que v\u00e3o de R$ 500 a R$ 700 reais. As vagas para n\u00edvel superior s\u00e3o para os [&hellip;]<\/p>\n","protected":false},"author":1,"featured_media":15245,"comment_status":"closed","ping_status":"open","sticky":false,"template":"","format":"standard","meta":{"footnotes":""},"categories":[28,29,30],"tags":[],"class_list":["post-15244","post","type-post","status-publish","format-standard","has-post-thumbnail","hentry","category-banner-destaque","category-news","category-news_destaque"],"yoast_head":"<!-- This site is optimized with the Yoast SEO plugin v26.8 - https:\/\/yoast.com\/product\/yoast-seo-wordpress\/ -->\n<title>IEL abre 28 vagas para est\u00e1gio - FIEAM<\/title>\n<meta name=\"robots\" content=\"index, follow, max-snippet:-1, max-image-preview:large, max-video-preview:-1\" \/>\n<link rel=\"canonical\" href=\"https:\/\/fieam.org.br\/fieam\/iel-abre-28-vagas-para-estagio\/\" \/>\n<meta property=\"og:locale\" content=\"pt_BR\" \/>\n<meta property=\"og:type\" content=\"article\" \/>\n<meta property=\"og:title\" content=\"IEL abre 28 vagas para est\u00e1gio - FIEAM\" \/>\n<meta property=\"og:description\" content=\"O Instituto Euvaldo Lodi (IEL Amazonas) oferece 28 vagas de est\u00e1gio com atua\u00e7\u00e3o em regime presencial, sendo 17 vagas para estudantes de n\u00edvel superior, seis vagas para estudantes de n\u00edvel t\u00e9cnico e cinco para n\u00edvel m\u00e9dio. Com bolsas que v\u00e3o de R$ 500 a R$ 700 reais. As vagas para n\u00edvel superior s\u00e3o para os [&hellip;]\" \/>\n<meta property=\"og:url\" content=\"https:\/\/fieam.org.br\/fieam\/iel-abre-28-vagas-para-estagio\/\" \/>\n<meta property=\"og:site_name\" content=\"FIEAM\" \/>\n<meta property=\"article:published_time\" content=\"2021-09-14T13:47:13+00:00\" \/>\n<meta name=\"author\" content=\"Autor\" \/>\n<meta name=\"twitter:card\" content=\"summary_large_image\" \/>\n<meta name=\"twitter:label1\" content=\"Escrito por\" \/>\n\t<meta name=\"twitter:data1\" content=\"Autor\" \/>\n\t<meta name=\"twitter:label2\" content=\"Est. tempo de leitura\" \/>\n\t<meta name=\"twitter:data2\" content=\"1 minuto\" \/>\n<script type=\"application\/ld+json\" class=\"yoast-schema-graph\">{\"@context\":\"https:\/\/schema.org\",\"@graph\":[{\"@type\":\"Article\",\"@id\":\"https:\/\/fieam.org.br\/fieam\/iel-abre-28-vagas-para-estagio\/#article\",\"isPartOf\":{\"@id\":\"https:\/\/fieam.org.br\/fieam\/iel-abre-28-vagas-para-estagio\/\"},\"author\":{\"name\":\"Autor\",\"@id\":\"https:\/\/fieam.org.br\/fieam\/#\/schema\/person\/c1ceda8321521b291cee22da0a7d34be\"},\"headline\":\"IEL abre 28 vagas para est\u00e1gio\",\"datePublished\":\"2021-09-14T13:47:13+00:00\",\"mainEntityOfPage\":{\"@id\":\"https:\/\/fieam.org.br\/fieam\/iel-abre-28-vagas-para-estagio\/\"},\"wordCount\":231,\"publisher\":{\"@id\":\"https:\/\/fieam.org.br\/fieam\/#organization\"},\"image\":{\"@id\":\"https:\/\/fieam.org.br\/fieam\/iel-abre-28-vagas-para-estagio\/#primaryimage\"},\"thumbnailUrl\":\"\",\"articleSection\":[\"Banner Destaque\",\"News\",\"News Destaque\"],\"inLanguage\":\"pt-BR\"},{\"@type\":\"WebPage\",\"@id\":\"https:\/\/fieam.org.br\/fieam\/iel-abre-28-vagas-para-estagio\/\",\"url\":\"https:\/\/fieam.org.br\/fieam\/iel-abre-28-vagas-para-estagio\/\",\"name\":\"IEL abre 28 vagas para est\u00e1gio - FIEAM\",\"isPartOf\":{\"@id\":\"https:\/\/fieam.org.br\/fieam\/#website\"},\"primaryImageOfPage\":{\"@id\":\"https:\/\/fieam.org.br\/fieam\/iel-abre-28-vagas-para-estagio\/#primaryimage\"},\"image\":{\"@id\":\"https:\/\/fieam.org.br\/fieam\/iel-abre-28-vagas-para-estagio\/#primaryimage\"},\"thumbnailUrl\":\"\",\"datePublished\":\"2021-09-14T13:47:13+00:00\",\"breadcrumb\":{\"@id\":\"https:\/\/fieam.org.br\/fieam\/iel-abre-28-vagas-para-estagio\/#breadcrumb\"},\"inLanguage\":\"pt-BR\",\"potentialAction\":[{\"@type\":\"ReadAction\",\"target\":[\"https:\/\/fieam.org.br\/fieam\/iel-abre-28-vagas-para-estagio\/\"]}]},{\"@type\":\"ImageObject\",\"inLanguage\":\"pt-BR\",\"@id\":\"https:\/\/fieam.org.br\/fieam\/iel-abre-28-vagas-para-estagio\/#primaryimage\",\"url\":\"\",\"contentUrl\":\"\"},{\"@type\":\"BreadcrumbList\",\"@id\":\"https:\/\/fieam.org.br\/fieam\/iel-abre-28-vagas-para-estagio\/#breadcrumb\",\"itemListElement\":[{\"@type\":\"ListItem\",\"position\":1,\"name\":\"In\u00edcio\",\"item\":\"https:\/\/fieam.org.br\/fieam\/\"},{\"@type\":\"ListItem\",\"position\":2,\"name\":\"IEL abre 28 vagas para est\u00e1gio\"}]},{\"@type\":\"WebSite\",\"@id\":\"https:\/\/fieam.org.br\/fieam\/#website\",\"url\":\"https:\/\/fieam.org.br\/fieam\/\",\"name\":\"FIEAM\",\"description\":\"Site Oficial!\",\"publisher\":{\"@id\":\"https:\/\/fieam.org.br\/fieam\/#organization\"},\"potentialAction\":[{\"@type\":\"SearchAction\",\"target\":{\"@type\":\"EntryPoint\",\"urlTemplate\":\"https:\/\/fieam.org.br\/fieam\/?s={search_term_string}\"},\"query-input\":{\"@type\":\"PropertyValueSpecification\",\"valueRequired\":true,\"valueName\":\"search_term_string\"}}],\"inLanguage\":\"pt-BR\"},{\"@type\":\"Organization\",\"@id\":\"https:\/\/fieam.org.br\/fieam\/#organization\",\"name\":\"FIEAM\",\"url\":\"https:\/\/fieam.org.br\/fieam\/\",\"logo\":{\"@type\":\"ImageObject\",\"inLanguage\":\"pt-BR\",\"@id\":\"https:\/\/fieam.org.br\/fieam\/#\/schema\/logo\/image\/\",\"url\":\"https:\/\/fieam.org.br\/fieam\/wp-content\/uploads\/sites\/9\/2024\/03\/cropped-fav.png\",\"contentUrl\":\"https:\/\/fieam.org.br\/fieam\/wp-content\/uploads\/sites\/9\/2024\/03\/cropped-fav.png\",\"width\":597,\"height\":598,\"caption\":\"FIEAM\"},\"image\":{\"@id\":\"https:\/\/fieam.org.br\/fieam\/#\/schema\/logo\/image\/\"}},{\"@type\":\"Person\",\"@id\":\"https:\/\/fieam.org.br\/fieam\/#\/schema\/person\/c1ceda8321521b291cee22da0a7d34be\",\"name\":\"Autor\",\"image\":{\"@type\":\"ImageObject\",\"inLanguage\":\"pt-BR\",\"@id\":\"https:\/\/fieam.org.br\/fieam\/#\/schema\/person\/image\/\",\"url\":\"https:\/\/secure.gravatar.com\/avatar\/3732c223e0e1fad69062a8f770955c9068d37b055204f310a0be18d4069fe380?s=96&d=mm&r=g\",\"contentUrl\":\"https:\/\/secure.gravatar.com\/avatar\/3732c223e0e1fad69062a8f770955c9068d37b055204f310a0be18d4069fe380?s=96&d=mm&r=g\",\"caption\":\"Autor\"},\"sameAs\":[\"https:\/\/marketingmassivo.com.br\"],\"url\":\"https:\/\/fieam.org.br\/fieam\/author\/admin\/\"}]}<\/script>\n<!-- \/ Yoast SEO plugin. -->","yoast_head_json":{"title":"IEL abre 28 vagas para est\u00e1gio - FIEAM","robots":{"index":"index","follow":"follow","max-snippet":"max-snippet:-1","max-image-preview":"max-image-preview:large","max-video-preview":"max-video-preview:-1"},"canonical":"https:\/\/fieam.org.br\/fieam\/iel-abre-28-vagas-para-estagio\/","og_locale":"pt_BR","og_type":"article","og_title":"IEL abre 28 vagas para est\u00e1gio - FIEAM","og_description":"O Instituto Euvaldo Lodi (IEL Amazonas) oferece 28 vagas de est\u00e1gio com atua\u00e7\u00e3o em regime presencial, sendo 17 vagas para estudantes de n\u00edvel superior, seis vagas para estudantes de n\u00edvel t\u00e9cnico e cinco para n\u00edvel m\u00e9dio. Com bolsas que v\u00e3o de R$ 500 a R$ 700 reais. As vagas para n\u00edvel superior s\u00e3o para os [&hellip;]","og_url":"https:\/\/fieam.org.br\/fieam\/iel-abre-28-vagas-para-estagio\/","og_site_name":"FIEAM","article_published_time":"2021-09-14T13:47:13+00:00","author":"Autor","twitter_card":"summary_large_image","twitter_misc":{"Escrito por":"Autor","Est. tempo de leitura":"1 minuto"},"schema":{"@context":"https:\/\/schema.org","@graph":[{"@type":"Article","@id":"https:\/\/fieam.org.br\/fieam\/iel-abre-28-vagas-para-estagio\/#article","isPartOf":{"@id":"https:\/\/fieam.org.br\/fieam\/iel-abre-28-vagas-para-estagio\/"},"author":{"name":"Autor","@id":"https:\/\/fieam.org.br\/fieam\/#\/schema\/person\/c1ceda8321521b291cee22da0a7d34be"},"headline":"IEL abre 28 vagas para est\u00e1gio","datePublished":"2021-09-14T13:47:13+00:00","mainEntityOfPage":{"@id":"https:\/\/fieam.org.br\/fieam\/iel-abre-28-vagas-para-estagio\/"},"wordCount":231,"publisher":{"@id":"https:\/\/fieam.org.br\/fieam\/#organization"},"image":{"@id":"https:\/\/fieam.org.br\/fieam\/iel-abre-28-vagas-para-estagio\/#primaryimage"},"thumbnailUrl":"","articleSection":["Banner Destaque","News","News Destaque"],"inLanguage":"pt-BR"},{"@type":"WebPage","@id":"https:\/\/fieam.org.br\/fieam\/iel-abre-28-vagas-para-estagio\/","url":"https:\/\/fieam.org.br\/fieam\/iel-abre-28-vagas-para-estagio\/","name":"IEL abre 28 vagas para est\u00e1gio - FIEAM","isPartOf":{"@id":"https:\/\/fieam.org.br\/fieam\/#website"},"primaryImageOfPage":{"@id":"https:\/\/fieam.org.br\/fieam\/iel-abre-28-vagas-para-estagio\/#primaryimage"},"image":{"@id":"https:\/\/fieam.org.br\/fieam\/iel-abre-28-vagas-para-estagio\/#primaryimage"},"thumbnailUrl":"","datePublished":"2021-09-14T13:47:13+00:00","breadcrumb":{"@id":"https:\/\/fieam.org.br\/fieam\/iel-abre-28-vagas-para-estagio\/#breadcrumb"},"inLanguage":"pt-BR","potentialAction":[{"@type":"ReadAction","target":["https:\/\/fieam.org.br\/fieam\/iel-abre-28-vagas-para-estagio\/"]}]},{"@type":"ImageObject","inLanguage":"pt-BR","@id":"https:\/\/fieam.org.br\/fieam\/iel-abre-28-vagas-para-estagio\/#primaryimage","url":"","contentUrl":""},{"@type":"BreadcrumbList","@id":"https:\/\/fieam.org.br\/fieam\/iel-abre-28-vagas-para-estagio\/#breadcrumb","itemListElement":[{"@type":"ListItem","position":1,"name":"In\u00edcio","item":"https:\/\/fieam.org.br\/fieam\/"},{"@type":"ListItem","position":2,"name":"IEL abre 28 vagas para est\u00e1gio"}]},{"@type":"WebSite","@id":"https:\/\/fieam.org.br\/fieam\/#website","url":"https:\/\/fieam.org.br\/fieam\/","name":"FIEAM","description":"Site Oficial!","publisher":{"@id":"https:\/\/fieam.org.br\/fieam\/#organization"},"potentialAction":[{"@type":"SearchAction","target":{"@type":"EntryPoint","urlTemplate":"https:\/\/fieam.org.br\/fieam\/?s={search_term_string}"},"query-input":{"@type":"PropertyValueSpecification","valueRequired":true,"valueName":"search_term_string"}}],"inLanguage":"pt-BR"},{"@type":"Organization","@id":"https:\/\/fieam.org.br\/fieam\/#organization","name":"FIEAM","url":"https:\/\/fieam.org.br\/fieam\/","logo":{"@type":"ImageObject","inLanguage":"pt-BR","@id":"https:\/\/fieam.org.br\/fieam\/#\/schema\/logo\/image\/","url":"https:\/\/fieam.org.br\/fieam\/wp-content\/uploads\/sites\/9\/2024\/03\/cropped-fav.png","contentUrl":"https:\/\/fieam.org.br\/fieam\/wp-content\/uploads\/sites\/9\/2024\/03\/cropped-fav.png","width":597,"height":598,"caption":"FIEAM"},"image":{"@id":"https:\/\/fieam.org.br\/fieam\/#\/schema\/logo\/image\/"}},{"@type":"Person","@id":"https:\/\/fieam.org.br\/fieam\/#\/schema\/person\/c1ceda8321521b291cee22da0a7d34be","name":"Autor","image":{"@type":"ImageObject","inLanguage":"pt-BR","@id":"https:\/\/fieam.org.br\/fieam\/#\/schema\/person\/image\/","url":"https:\/\/secure.gravatar.com\/avatar\/3732c223e0e1fad69062a8f770955c9068d37b055204f310a0be18d4069fe380?s=96&d=mm&r=g","contentUrl":"https:\/\/secure.gravatar.com\/avatar\/3732c223e0e1fad69062a8f770955c9068d37b055204f310a0be18d4069fe380?s=96&d=mm&r=g","caption":"Autor"},"sameAs":["https:\/\/marketingmassivo.com.br"],"url":"https:\/\/fieam.org.br\/fieam\/author\/admin\/"}]}},"_links":{"self":[{"href":"https:\/\/fieam.org.br\/fieam\/wp-json\/wp\/v2\/posts\/15244","targetHints":{"allow":["GET"]}}],"collection":[{"href":"https:\/\/fieam.org.br\/fieam\/wp-json\/wp\/v2\/posts"}],"about":[{"href":"https:\/\/fieam.org.br\/fieam\/wp-json\/wp\/v2\/types\/post"}],"author":[{"embeddable":true,"href":"https:\/\/fieam.org.br\/fieam\/wp-json\/wp\/v2\/users\/1"}],"replies":[{"embeddable":true,"href":"https:\/\/fieam.org.br\/fieam\/wp-json\/wp\/v2\/comments?post=15244"}],"version-history":[{"count":0,"href":"https:\/\/fieam.org.br\/fieam\/wp-json\/wp\/v2\/posts\/15244\/revisions"}],"wp:featuredmedia":[{"embeddable":true,"href":"https:\/\/fieam.org.br\/fieam\/wp-json\/"}],"wp:attachment":[{"href":"https:\/\/fieam.org.br\/fieam\/wp-json\/wp\/v2\/media?parent=15244"}],"wp:term":[{"taxonomy":"category","embeddable":true,"href":"https:\/\/fieam.org.br\/fieam\/wp-json\/wp\/v2\/categories?post=15244"},{"taxonomy":"post_tag","embeddable":true,"href":"https:\/\/fieam.org.br\/fieam\/wp-json\/wp\/v2\/tags?post=15244"}],"curies":[{"name":"wp","href":"https:\/\/api.w.org\/{rel}","templated":true}]}}