{"id":15216,"date":"2021-08-06T09:15:21","date_gmt":"2021-08-06T13:15:21","guid":{"rendered":"http:\/\/www.fieam.org.br\/fieam\/?p=15216"},"modified":"2021-08-06T09:15:21","modified_gmt":"2021-08-06T13:15:21","slug":"iel-abre-42-vagas-para-estagio","status":"publish","type":"post","link":"https:\/\/fieam.org.br\/fieam\/iel-abre-42-vagas-para-estagio\/","title":{"rendered":"IEL abre 42 vagas para est\u00e1gio"},"content":{"rendered":"<p>O Instituto Euvaldo Lodi (IEL Amazonas) abriu 42 vagas de est\u00e1gio com atua\u00e7\u00e3o em regime presencial para n\u00edvel superior com os cursos de Administra\u00e7\u00e3o (21 vagas), Ci\u00eancias Cont\u00e1beis (nove vagas), Sistema de Informa\u00e7\u00e3o (seis vagas), Psicologia (cinco vagas) e Marketing (uma vaga).<\/p>\n<p>As bolsas a serem pagas aos estagi\u00e1rios de n\u00edvel superior, para atua\u00e7\u00e3o na capital Manaus, variam entre R$ 560,00 a R$ 710,00.<\/p>\n<p>Para participar do processo seletivo, os candidatos devem ter cadastro no site do <a href=\"https:\/\/iel-am.com\/\">IEL do\u00a0Amazonas<\/a> <a href=\"http:\/\/www.fieam.org.br\/iel\"><strong>www.fieam.org.br\/iel<\/strong><\/a> e manter todos os dados pessoais, escolares e de conhecimentos gerais atualizados, incluindo telefone e e-mail. Mais informa\u00e7\u00f5es pelo site e redes sociais do IEL (<em>Facebook<\/em> e <em>Instagram<\/em>) e pelo Whatsapp <strong>(92) 98134-0259.<\/strong><\/p>\n<p>O IEL n\u00e3o recebe curr\u00edculos por e-mail e nem de forma presencial. A participa\u00e7\u00e3o toda ser\u00e1 via sistema por meio do cadastro.<\/p>\n","protected":false},"excerpt":{"rendered":"<p>O Instituto Euvaldo Lodi (IEL Amazonas) abriu 42 vagas de est\u00e1gio com atua\u00e7\u00e3o em regime presencial para n\u00edvel superior com os cursos de Administra\u00e7\u00e3o (21 vagas), Ci\u00eancias Cont\u00e1beis (nove vagas), Sistema de Informa\u00e7\u00e3o (seis vagas), Psicologia (cinco vagas) e Marketing (uma vaga). As bolsas a serem pagas aos estagi\u00e1rios de n\u00edvel superior, para atua\u00e7\u00e3o na [&hellip;]<\/p>\n","protected":false},"author":1,"featured_media":15217,"comment_status":"closed","ping_status":"open","sticky":false,"template":"","format":"standard","meta":{"footnotes":""},"categories":[28,29,30],"tags":[],"class_list":["post-15216","post","type-post","status-publish","format-standard","has-post-thumbnail","hentry","category-banner-destaque","category-news","category-news_destaque"],"yoast_head":"<!-- This site is optimized with the Yoast SEO plugin v26.8 - https:\/\/yoast.com\/product\/yoast-seo-wordpress\/ -->\n<title>IEL abre 42 vagas para est\u00e1gio - FIEAM<\/title>\n<meta name=\"robots\" content=\"index, follow, max-snippet:-1, max-image-preview:large, max-video-preview:-1\" \/>\n<link rel=\"canonical\" href=\"https:\/\/fieam.org.br\/fieam\/iel-abre-42-vagas-para-estagio\/\" \/>\n<meta property=\"og:locale\" content=\"pt_BR\" \/>\n<meta property=\"og:type\" content=\"article\" \/>\n<meta property=\"og:title\" content=\"IEL abre 42 vagas para est\u00e1gio - FIEAM\" \/>\n<meta property=\"og:description\" content=\"O Instituto Euvaldo Lodi (IEL Amazonas) abriu 42 vagas de est\u00e1gio com atua\u00e7\u00e3o em regime presencial para n\u00edvel superior com os cursos de Administra\u00e7\u00e3o (21 vagas), Ci\u00eancias Cont\u00e1beis (nove vagas), Sistema de Informa\u00e7\u00e3o (seis vagas), Psicologia (cinco vagas) e Marketing (uma vaga). As bolsas a serem pagas aos estagi\u00e1rios de n\u00edvel superior, para atua\u00e7\u00e3o na [&hellip;]\" \/>\n<meta property=\"og:url\" content=\"https:\/\/fieam.org.br\/fieam\/iel-abre-42-vagas-para-estagio\/\" \/>\n<meta property=\"og:site_name\" content=\"FIEAM\" \/>\n<meta property=\"article:published_time\" content=\"2021-08-06T13:15:21+00:00\" \/>\n<meta name=\"author\" content=\"Autor\" \/>\n<meta name=\"twitter:card\" content=\"summary_large_image\" \/>\n<meta name=\"twitter:label1\" content=\"Escrito por\" \/>\n\t<meta name=\"twitter:data1\" content=\"Autor\" \/>\n\t<meta name=\"twitter:label2\" content=\"Est. tempo de leitura\" \/>\n\t<meta name=\"twitter:data2\" content=\"1 minuto\" \/>\n<script type=\"application\/ld+json\" class=\"yoast-schema-graph\">{\"@context\":\"https:\/\/schema.org\",\"@graph\":[{\"@type\":\"Article\",\"@id\":\"https:\/\/fieam.org.br\/fieam\/iel-abre-42-vagas-para-estagio\/#article\",\"isPartOf\":{\"@id\":\"https:\/\/fieam.org.br\/fieam\/iel-abre-42-vagas-para-estagio\/\"},\"author\":{\"name\":\"Autor\",\"@id\":\"https:\/\/fieam.org.br\/fieam\/#\/schema\/person\/c1ceda8321521b291cee22da0a7d34be\"},\"headline\":\"IEL abre 42 vagas para est\u00e1gio\",\"datePublished\":\"2021-08-06T13:15:21+00:00\",\"mainEntityOfPage\":{\"@id\":\"https:\/\/fieam.org.br\/fieam\/iel-abre-42-vagas-para-estagio\/\"},\"wordCount\":155,\"publisher\":{\"@id\":\"https:\/\/fieam.org.br\/fieam\/#organization\"},\"image\":{\"@id\":\"https:\/\/fieam.org.br\/fieam\/iel-abre-42-vagas-para-estagio\/#primaryimage\"},\"thumbnailUrl\":\"\",\"articleSection\":[\"Banner Destaque\",\"News\",\"News Destaque\"],\"inLanguage\":\"pt-BR\"},{\"@type\":\"WebPage\",\"@id\":\"https:\/\/fieam.org.br\/fieam\/iel-abre-42-vagas-para-estagio\/\",\"url\":\"https:\/\/fieam.org.br\/fieam\/iel-abre-42-vagas-para-estagio\/\",\"name\":\"IEL abre 42 vagas para est\u00e1gio - FIEAM\",\"isPartOf\":{\"@id\":\"https:\/\/fieam.org.br\/fieam\/#website\"},\"primaryImageOfPage\":{\"@id\":\"https:\/\/fieam.org.br\/fieam\/iel-abre-42-vagas-para-estagio\/#primaryimage\"},\"image\":{\"@id\":\"https:\/\/fieam.org.br\/fieam\/iel-abre-42-vagas-para-estagio\/#primaryimage\"},\"thumbnailUrl\":\"\",\"datePublished\":\"2021-08-06T13:15:21+00:00\",\"breadcrumb\":{\"@id\":\"https:\/\/fieam.org.br\/fieam\/iel-abre-42-vagas-para-estagio\/#breadcrumb\"},\"inLanguage\":\"pt-BR\",\"potentialAction\":[{\"@type\":\"ReadAction\",\"target\":[\"https:\/\/fieam.org.br\/fieam\/iel-abre-42-vagas-para-estagio\/\"]}]},{\"@type\":\"ImageObject\",\"inLanguage\":\"pt-BR\",\"@id\":\"https:\/\/fieam.org.br\/fieam\/iel-abre-42-vagas-para-estagio\/#primaryimage\",\"url\":\"\",\"contentUrl\":\"\"},{\"@type\":\"BreadcrumbList\",\"@id\":\"https:\/\/fieam.org.br\/fieam\/iel-abre-42-vagas-para-estagio\/#breadcrumb\",\"itemListElement\":[{\"@type\":\"ListItem\",\"position\":1,\"name\":\"In\u00edcio\",\"item\":\"https:\/\/fieam.org.br\/fieam\/\"},{\"@type\":\"ListItem\",\"position\":2,\"name\":\"IEL abre 42 vagas para est\u00e1gio\"}]},{\"@type\":\"WebSite\",\"@id\":\"https:\/\/fieam.org.br\/fieam\/#website\",\"url\":\"https:\/\/fieam.org.br\/fieam\/\",\"name\":\"FIEAM\",\"description\":\"Site Oficial!\",\"publisher\":{\"@id\":\"https:\/\/fieam.org.br\/fieam\/#organization\"},\"potentialAction\":[{\"@type\":\"SearchAction\",\"target\":{\"@type\":\"EntryPoint\",\"urlTemplate\":\"https:\/\/fieam.org.br\/fieam\/?s={search_term_string}\"},\"query-input\":{\"@type\":\"PropertyValueSpecification\",\"valueRequired\":true,\"valueName\":\"search_term_string\"}}],\"inLanguage\":\"pt-BR\"},{\"@type\":\"Organization\",\"@id\":\"https:\/\/fieam.org.br\/fieam\/#organization\",\"name\":\"FIEAM\",\"url\":\"https:\/\/fieam.org.br\/fieam\/\",\"logo\":{\"@type\":\"ImageObject\",\"inLanguage\":\"pt-BR\",\"@id\":\"https:\/\/fieam.org.br\/fieam\/#\/schema\/logo\/image\/\",\"url\":\"https:\/\/fieam.org.br\/fieam\/wp-content\/uploads\/sites\/9\/2024\/03\/cropped-fav.png\",\"contentUrl\":\"https:\/\/fieam.org.br\/fieam\/wp-content\/uploads\/sites\/9\/2024\/03\/cropped-fav.png\",\"width\":597,\"height\":598,\"caption\":\"FIEAM\"},\"image\":{\"@id\":\"https:\/\/fieam.org.br\/fieam\/#\/schema\/logo\/image\/\"}},{\"@type\":\"Person\",\"@id\":\"https:\/\/fieam.org.br\/fieam\/#\/schema\/person\/c1ceda8321521b291cee22da0a7d34be\",\"name\":\"Autor\",\"image\":{\"@type\":\"ImageObject\",\"inLanguage\":\"pt-BR\",\"@id\":\"https:\/\/fieam.org.br\/fieam\/#\/schema\/person\/image\/\",\"url\":\"https:\/\/secure.gravatar.com\/avatar\/3732c223e0e1fad69062a8f770955c9068d37b055204f310a0be18d4069fe380?s=96&d=mm&r=g\",\"contentUrl\":\"https:\/\/secure.gravatar.com\/avatar\/3732c223e0e1fad69062a8f770955c9068d37b055204f310a0be18d4069fe380?s=96&d=mm&r=g\",\"caption\":\"Autor\"},\"sameAs\":[\"https:\/\/marketingmassivo.com.br\"],\"url\":\"https:\/\/fieam.org.br\/fieam\/author\/admin\/\"}]}<\/script>\n<!-- \/ Yoast SEO plugin. -->","yoast_head_json":{"title":"IEL abre 42 vagas para est\u00e1gio - FIEAM","robots":{"index":"index","follow":"follow","max-snippet":"max-snippet:-1","max-image-preview":"max-image-preview:large","max-video-preview":"max-video-preview:-1"},"canonical":"https:\/\/fieam.org.br\/fieam\/iel-abre-42-vagas-para-estagio\/","og_locale":"pt_BR","og_type":"article","og_title":"IEL abre 42 vagas para est\u00e1gio - FIEAM","og_description":"O Instituto Euvaldo Lodi (IEL Amazonas) abriu 42 vagas de est\u00e1gio com atua\u00e7\u00e3o em regime presencial para n\u00edvel superior com os cursos de Administra\u00e7\u00e3o (21 vagas), Ci\u00eancias Cont\u00e1beis (nove vagas), Sistema de Informa\u00e7\u00e3o (seis vagas), Psicologia (cinco vagas) e Marketing (uma vaga). As bolsas a serem pagas aos estagi\u00e1rios de n\u00edvel superior, para atua\u00e7\u00e3o na [&hellip;]","og_url":"https:\/\/fieam.org.br\/fieam\/iel-abre-42-vagas-para-estagio\/","og_site_name":"FIEAM","article_published_time":"2021-08-06T13:15:21+00:00","author":"Autor","twitter_card":"summary_large_image","twitter_misc":{"Escrito por":"Autor","Est. tempo de leitura":"1 minuto"},"schema":{"@context":"https:\/\/schema.org","@graph":[{"@type":"Article","@id":"https:\/\/fieam.org.br\/fieam\/iel-abre-42-vagas-para-estagio\/#article","isPartOf":{"@id":"https:\/\/fieam.org.br\/fieam\/iel-abre-42-vagas-para-estagio\/"},"author":{"name":"Autor","@id":"https:\/\/fieam.org.br\/fieam\/#\/schema\/person\/c1ceda8321521b291cee22da0a7d34be"},"headline":"IEL abre 42 vagas para est\u00e1gio","datePublished":"2021-08-06T13:15:21+00:00","mainEntityOfPage":{"@id":"https:\/\/fieam.org.br\/fieam\/iel-abre-42-vagas-para-estagio\/"},"wordCount":155,"publisher":{"@id":"https:\/\/fieam.org.br\/fieam\/#organization"},"image":{"@id":"https:\/\/fieam.org.br\/fieam\/iel-abre-42-vagas-para-estagio\/#primaryimage"},"thumbnailUrl":"","articleSection":["Banner Destaque","News","News Destaque"],"inLanguage":"pt-BR"},{"@type":"WebPage","@id":"https:\/\/fieam.org.br\/fieam\/iel-abre-42-vagas-para-estagio\/","url":"https:\/\/fieam.org.br\/fieam\/iel-abre-42-vagas-para-estagio\/","name":"IEL abre 42 vagas para est\u00e1gio - FIEAM","isPartOf":{"@id":"https:\/\/fieam.org.br\/fieam\/#website"},"primaryImageOfPage":{"@id":"https:\/\/fieam.org.br\/fieam\/iel-abre-42-vagas-para-estagio\/#primaryimage"},"image":{"@id":"https:\/\/fieam.org.br\/fieam\/iel-abre-42-vagas-para-estagio\/#primaryimage"},"thumbnailUrl":"","datePublished":"2021-08-06T13:15:21+00:00","breadcrumb":{"@id":"https:\/\/fieam.org.br\/fieam\/iel-abre-42-vagas-para-estagio\/#breadcrumb"},"inLanguage":"pt-BR","potentialAction":[{"@type":"ReadAction","target":["https:\/\/fieam.org.br\/fieam\/iel-abre-42-vagas-para-estagio\/"]}]},{"@type":"ImageObject","inLanguage":"pt-BR","@id":"https:\/\/fieam.org.br\/fieam\/iel-abre-42-vagas-para-estagio\/#primaryimage","url":"","contentUrl":""},{"@type":"BreadcrumbList","@id":"https:\/\/fieam.org.br\/fieam\/iel-abre-42-vagas-para-estagio\/#breadcrumb","itemListElement":[{"@type":"ListItem","position":1,"name":"In\u00edcio","item":"https:\/\/fieam.org.br\/fieam\/"},{"@type":"ListItem","position":2,"name":"IEL abre 42 vagas para est\u00e1gio"}]},{"@type":"WebSite","@id":"https:\/\/fieam.org.br\/fieam\/#website","url":"https:\/\/fieam.org.br\/fieam\/","name":"FIEAM","description":"Site Oficial!","publisher":{"@id":"https:\/\/fieam.org.br\/fieam\/#organization"},"potentialAction":[{"@type":"SearchAction","target":{"@type":"EntryPoint","urlTemplate":"https:\/\/fieam.org.br\/fieam\/?s={search_term_string}"},"query-input":{"@type":"PropertyValueSpecification","valueRequired":true,"valueName":"search_term_string"}}],"inLanguage":"pt-BR"},{"@type":"Organization","@id":"https:\/\/fieam.org.br\/fieam\/#organization","name":"FIEAM","url":"https:\/\/fieam.org.br\/fieam\/","logo":{"@type":"ImageObject","inLanguage":"pt-BR","@id":"https:\/\/fieam.org.br\/fieam\/#\/schema\/logo\/image\/","url":"https:\/\/fieam.org.br\/fieam\/wp-content\/uploads\/sites\/9\/2024\/03\/cropped-fav.png","contentUrl":"https:\/\/fieam.org.br\/fieam\/wp-content\/uploads\/sites\/9\/2024\/03\/cropped-fav.png","width":597,"height":598,"caption":"FIEAM"},"image":{"@id":"https:\/\/fieam.org.br\/fieam\/#\/schema\/logo\/image\/"}},{"@type":"Person","@id":"https:\/\/fieam.org.br\/fieam\/#\/schema\/person\/c1ceda8321521b291cee22da0a7d34be","name":"Autor","image":{"@type":"ImageObject","inLanguage":"pt-BR","@id":"https:\/\/fieam.org.br\/fieam\/#\/schema\/person\/image\/","url":"https:\/\/secure.gravatar.com\/avatar\/3732c223e0e1fad69062a8f770955c9068d37b055204f310a0be18d4069fe380?s=96&d=mm&r=g","contentUrl":"https:\/\/secure.gravatar.com\/avatar\/3732c223e0e1fad69062a8f770955c9068d37b055204f310a0be18d4069fe380?s=96&d=mm&r=g","caption":"Autor"},"sameAs":["https:\/\/marketingmassivo.com.br"],"url":"https:\/\/fieam.org.br\/fieam\/author\/admin\/"}]}},"_links":{"self":[{"href":"https:\/\/fieam.org.br\/fieam\/wp-json\/wp\/v2\/posts\/15216","targetHints":{"allow":["GET"]}}],"collection":[{"href":"https:\/\/fieam.org.br\/fieam\/wp-json\/wp\/v2\/posts"}],"about":[{"href":"https:\/\/fieam.org.br\/fieam\/wp-json\/wp\/v2\/types\/post"}],"author":[{"embeddable":true,"href":"https:\/\/fieam.org.br\/fieam\/wp-json\/wp\/v2\/users\/1"}],"replies":[{"embeddable":true,"href":"https:\/\/fieam.org.br\/fieam\/wp-json\/wp\/v2\/comments?post=15216"}],"version-history":[{"count":0,"href":"https:\/\/fieam.org.br\/fieam\/wp-json\/wp\/v2\/posts\/15216\/revisions"}],"wp:featuredmedia":[{"embeddable":true,"href":"https:\/\/fieam.org.br\/fieam\/wp-json\/"}],"wp:attachment":[{"href":"https:\/\/fieam.org.br\/fieam\/wp-json\/wp\/v2\/media?parent=15216"}],"wp:term":[{"taxonomy":"category","embeddable":true,"href":"https:\/\/fieam.org.br\/fieam\/wp-json\/wp\/v2\/categories?post=15216"},{"taxonomy":"post_tag","embeddable":true,"href":"https:\/\/fieam.org.br\/fieam\/wp-json\/wp\/v2\/tags?post=15216"}],"curies":[{"name":"wp","href":"https:\/\/api.w.org\/{rel}","templated":true}]}}