{"id":15178,"date":"2021-06-22T11:54:07","date_gmt":"2021-06-22T15:54:07","guid":{"rendered":"http:\/\/www.fieam.org.br\/fieam\/?p=15178"},"modified":"2021-06-22T11:54:07","modified_gmt":"2021-06-22T15:54:07","slug":"fieam-promove-live-sobre-reforma-administrativa-com-secretario-caio-paes-de-andrade","status":"publish","type":"post","link":"https:\/\/fieam.org.br\/fieam\/fieam-promove-live-sobre-reforma-administrativa-com-secretario-caio-paes-de-andrade\/","title":{"rendered":"FIEAM promove live sobre reforma administrativa com secret\u00e1rio Caio Paes de Andrade"},"content":{"rendered":"<p><strong><a href=\"http:\/\/www.fieam.org.br\/fieam\/wp-content\/uploads\/sites\/5\/2021\/06\/22062021-Live-Reforma-Administrativa.jpeg\"><img fetchpriority=\"high\" decoding=\"async\" class=\"wp-image-15179 alignleft\" src=\"http:\/\/www.fieam.org.br\/fieam\/wp-content\/uploads\/sites\/5\/2021\/06\/22062021-Live-Reforma-Administrativa.jpeg\" alt=\"\" width=\"383\" height=\"383\" \/><\/a>Quando:<\/strong> Amanh\u00e3 (23)<\/p>\n<p><strong>Hora:<\/strong> 10h (hor\u00e1rio de Manaus)<\/p>\n<p><strong>Local:<\/strong> Youtube da FIEAM <a href=\"http:\/\/(www.youtube.com\/fieam\">(www.youtube.com\/fieam<\/a>)<\/p>\n<p>Nesta quarta-feira, 23, \u00e0s 10h, a Federa\u00e7\u00e3o das Ind\u00fastrias do Estado do Amazonas (FIEAM) promove live sobre Reforma Administrativa com a participa\u00e7\u00e3o do presidente da institui\u00e7\u00e3o, Antonio Silva e do secret\u00e1rio especial da Secretaria Especial de Desburocratiza\u00e7\u00e3o, Gest\u00e3o e Governo Digital do Minist\u00e9rio da Economia, Caio Mario Paes de Andrade. Na oportunidade ser\u00e3o discutidas as propostas governamentais de mudan\u00e7a para a \u00e1rea que tramitam no Congresso Nacional. A reuni\u00e3o pode ser acompanhada pelo canal Youtube da FIEAM no endere\u00e7o <a href=\"http:\/\/www.youtube.com\/fieam\">www.youtube.com\/fieam<\/a>.<\/p>\n<p><strong>\u00a0<\/strong><strong>Caio Paes de Andrade<\/strong><\/p>\n<p>Empreendedor em tecnologia de informa\u00e7\u00e3o e mercado imobili\u00e1rio, Caio Mario Paes de Andrade tem forma\u00e7\u00e3o em Comunica\u00e7\u00e3o Social pela Universidade Paulista, p\u00f3s-gradua\u00e7\u00e3o em Administra\u00e7\u00e3o e Gest\u00e3o pela Harvard University e mestrado em Administra\u00e7\u00e3o de Empresas pela Duke University.\u00a0\u00c9 fundador e conselheiro do Instituto Fazer Acontecer. Em 2019 passou da iniciativa privada para a \u00e1rea p\u00fablica\u00a0com a miss\u00e3o de ajudar a Transforma\u00e7\u00e3o Digital do Brasil. Foi presidente do Servi\u00e7o Federal de Processamento de Dados (Serpro) at\u00e9 agosto de 2020, quando assumiu a Secret\u00e1ria Especial de Desburocratiza\u00e7\u00e3o, Gest\u00e3o e Governo Digital.<\/p>\n","protected":false},"excerpt":{"rendered":"<p>Quando: Amanh\u00e3 (23) Hora: 10h (hor\u00e1rio de Manaus) Local: Youtube da FIEAM (www.youtube.com\/fieam) Nesta quarta-feira, 23, \u00e0s 10h, a Federa\u00e7\u00e3o das Ind\u00fastrias do Estado do Amazonas (FIEAM) promove live sobre Reforma Administrativa com a participa\u00e7\u00e3o do presidente da institui\u00e7\u00e3o, Antonio Silva e do secret\u00e1rio especial da Secretaria Especial de Desburocratiza\u00e7\u00e3o, Gest\u00e3o e Governo Digital do [&hellip;]<\/p>\n","protected":false},"author":1,"featured_media":15179,"comment_status":"closed","ping_status":"open","sticky":false,"template":"","format":"standard","meta":{"footnotes":""},"categories":[28,29,30],"tags":[],"class_list":["post-15178","post","type-post","status-publish","format-standard","has-post-thumbnail","hentry","category-banner-destaque","category-news","category-news_destaque"],"yoast_head":"<!-- This site is optimized with the Yoast SEO plugin v26.8 - https:\/\/yoast.com\/product\/yoast-seo-wordpress\/ -->\n<title>FIEAM promove live sobre reforma administrativa com secret\u00e1rio Caio Paes de Andrade - FIEAM<\/title>\n<meta name=\"robots\" content=\"index, follow, max-snippet:-1, max-image-preview:large, max-video-preview:-1\" \/>\n<link rel=\"canonical\" href=\"https:\/\/fieam.org.br\/fieam\/fieam-promove-live-sobre-reforma-administrativa-com-secretario-caio-paes-de-andrade\/\" \/>\n<meta property=\"og:locale\" content=\"pt_BR\" \/>\n<meta property=\"og:type\" content=\"article\" \/>\n<meta property=\"og:title\" content=\"FIEAM promove live sobre reforma administrativa com secret\u00e1rio Caio Paes de Andrade - FIEAM\" \/>\n<meta property=\"og:description\" content=\"Quando: Amanh\u00e3 (23) Hora: 10h (hor\u00e1rio de Manaus) Local: Youtube da FIEAM (www.youtube.com\/fieam) Nesta quarta-feira, 23, \u00e0s 10h, a Federa\u00e7\u00e3o das Ind\u00fastrias do Estado do Amazonas (FIEAM) promove live sobre Reforma Administrativa com a participa\u00e7\u00e3o do presidente da institui\u00e7\u00e3o, Antonio Silva e do secret\u00e1rio especial da Secretaria Especial de Desburocratiza\u00e7\u00e3o, Gest\u00e3o e Governo Digital do [&hellip;]\" \/>\n<meta property=\"og:url\" content=\"https:\/\/fieam.org.br\/fieam\/fieam-promove-live-sobre-reforma-administrativa-com-secretario-caio-paes-de-andrade\/\" \/>\n<meta property=\"og:site_name\" content=\"FIEAM\" \/>\n<meta property=\"article:published_time\" content=\"2021-06-22T15:54:07+00:00\" \/>\n<meta name=\"author\" content=\"Autor\" \/>\n<meta name=\"twitter:card\" content=\"summary_large_image\" \/>\n<meta name=\"twitter:label1\" content=\"Escrito por\" \/>\n\t<meta name=\"twitter:data1\" content=\"Autor\" \/>\n\t<meta name=\"twitter:label2\" content=\"Est. tempo de leitura\" \/>\n\t<meta name=\"twitter:data2\" content=\"1 minuto\" \/>\n<script type=\"application\/ld+json\" class=\"yoast-schema-graph\">{\"@context\":\"https:\/\/schema.org\",\"@graph\":[{\"@type\":\"Article\",\"@id\":\"https:\/\/fieam.org.br\/fieam\/fieam-promove-live-sobre-reforma-administrativa-com-secretario-caio-paes-de-andrade\/#article\",\"isPartOf\":{\"@id\":\"https:\/\/fieam.org.br\/fieam\/fieam-promove-live-sobre-reforma-administrativa-com-secretario-caio-paes-de-andrade\/\"},\"author\":{\"name\":\"Autor\",\"@id\":\"https:\/\/fieam.org.br\/fieam\/#\/schema\/person\/c1ceda8321521b291cee22da0a7d34be\"},\"headline\":\"FIEAM promove live sobre reforma administrativa com secret\u00e1rio Caio Paes de Andrade\",\"datePublished\":\"2021-06-22T15:54:07+00:00\",\"mainEntityOfPage\":{\"@id\":\"https:\/\/fieam.org.br\/fieam\/fieam-promove-live-sobre-reforma-administrativa-com-secretario-caio-paes-de-andrade\/\"},\"wordCount\":231,\"publisher\":{\"@id\":\"https:\/\/fieam.org.br\/fieam\/#organization\"},\"image\":{\"@id\":\"https:\/\/fieam.org.br\/fieam\/fieam-promove-live-sobre-reforma-administrativa-com-secretario-caio-paes-de-andrade\/#primaryimage\"},\"thumbnailUrl\":\"\",\"articleSection\":[\"Banner Destaque\",\"News\",\"News Destaque\"],\"inLanguage\":\"pt-BR\"},{\"@type\":\"WebPage\",\"@id\":\"https:\/\/fieam.org.br\/fieam\/fieam-promove-live-sobre-reforma-administrativa-com-secretario-caio-paes-de-andrade\/\",\"url\":\"https:\/\/fieam.org.br\/fieam\/fieam-promove-live-sobre-reforma-administrativa-com-secretario-caio-paes-de-andrade\/\",\"name\":\"FIEAM promove live sobre reforma administrativa com secret\u00e1rio Caio Paes de Andrade - FIEAM\",\"isPartOf\":{\"@id\":\"https:\/\/fieam.org.br\/fieam\/#website\"},\"primaryImageOfPage\":{\"@id\":\"https:\/\/fieam.org.br\/fieam\/fieam-promove-live-sobre-reforma-administrativa-com-secretario-caio-paes-de-andrade\/#primaryimage\"},\"image\":{\"@id\":\"https:\/\/fieam.org.br\/fieam\/fieam-promove-live-sobre-reforma-administrativa-com-secretario-caio-paes-de-andrade\/#primaryimage\"},\"thumbnailUrl\":\"\",\"datePublished\":\"2021-06-22T15:54:07+00:00\",\"breadcrumb\":{\"@id\":\"https:\/\/fieam.org.br\/fieam\/fieam-promove-live-sobre-reforma-administrativa-com-secretario-caio-paes-de-andrade\/#breadcrumb\"},\"inLanguage\":\"pt-BR\",\"potentialAction\":[{\"@type\":\"ReadAction\",\"target\":[\"https:\/\/fieam.org.br\/fieam\/fieam-promove-live-sobre-reforma-administrativa-com-secretario-caio-paes-de-andrade\/\"]}]},{\"@type\":\"ImageObject\",\"inLanguage\":\"pt-BR\",\"@id\":\"https:\/\/fieam.org.br\/fieam\/fieam-promove-live-sobre-reforma-administrativa-com-secretario-caio-paes-de-andrade\/#primaryimage\",\"url\":\"\",\"contentUrl\":\"\"},{\"@type\":\"BreadcrumbList\",\"@id\":\"https:\/\/fieam.org.br\/fieam\/fieam-promove-live-sobre-reforma-administrativa-com-secretario-caio-paes-de-andrade\/#breadcrumb\",\"itemListElement\":[{\"@type\":\"ListItem\",\"position\":1,\"name\":\"In\u00edcio\",\"item\":\"https:\/\/fieam.org.br\/fieam\/\"},{\"@type\":\"ListItem\",\"position\":2,\"name\":\"FIEAM promove live sobre reforma administrativa com secret\u00e1rio Caio Paes de Andrade\"}]},{\"@type\":\"WebSite\",\"@id\":\"https:\/\/fieam.org.br\/fieam\/#website\",\"url\":\"https:\/\/fieam.org.br\/fieam\/\",\"name\":\"FIEAM\",\"description\":\"Site Oficial!\",\"publisher\":{\"@id\":\"https:\/\/fieam.org.br\/fieam\/#organization\"},\"potentialAction\":[{\"@type\":\"SearchAction\",\"target\":{\"@type\":\"EntryPoint\",\"urlTemplate\":\"https:\/\/fieam.org.br\/fieam\/?s={search_term_string}\"},\"query-input\":{\"@type\":\"PropertyValueSpecification\",\"valueRequired\":true,\"valueName\":\"search_term_string\"}}],\"inLanguage\":\"pt-BR\"},{\"@type\":\"Organization\",\"@id\":\"https:\/\/fieam.org.br\/fieam\/#organization\",\"name\":\"FIEAM\",\"url\":\"https:\/\/fieam.org.br\/fieam\/\",\"logo\":{\"@type\":\"ImageObject\",\"inLanguage\":\"pt-BR\",\"@id\":\"https:\/\/fieam.org.br\/fieam\/#\/schema\/logo\/image\/\",\"url\":\"https:\/\/fieam.org.br\/fieam\/wp-content\/uploads\/sites\/9\/2024\/03\/cropped-fav.png\",\"contentUrl\":\"https:\/\/fieam.org.br\/fieam\/wp-content\/uploads\/sites\/9\/2024\/03\/cropped-fav.png\",\"width\":597,\"height\":598,\"caption\":\"FIEAM\"},\"image\":{\"@id\":\"https:\/\/fieam.org.br\/fieam\/#\/schema\/logo\/image\/\"}},{\"@type\":\"Person\",\"@id\":\"https:\/\/fieam.org.br\/fieam\/#\/schema\/person\/c1ceda8321521b291cee22da0a7d34be\",\"name\":\"Autor\",\"image\":{\"@type\":\"ImageObject\",\"inLanguage\":\"pt-BR\",\"@id\":\"https:\/\/fieam.org.br\/fieam\/#\/schema\/person\/image\/\",\"url\":\"https:\/\/secure.gravatar.com\/avatar\/3732c223e0e1fad69062a8f770955c9068d37b055204f310a0be18d4069fe380?s=96&d=mm&r=g\",\"contentUrl\":\"https:\/\/secure.gravatar.com\/avatar\/3732c223e0e1fad69062a8f770955c9068d37b055204f310a0be18d4069fe380?s=96&d=mm&r=g\",\"caption\":\"Autor\"},\"sameAs\":[\"https:\/\/marketingmassivo.com.br\"],\"url\":\"https:\/\/fieam.org.br\/fieam\/author\/admin\/\"}]}<\/script>\n<!-- \/ Yoast SEO plugin. -->","yoast_head_json":{"title":"FIEAM promove live sobre reforma administrativa com secret\u00e1rio Caio Paes de Andrade - FIEAM","robots":{"index":"index","follow":"follow","max-snippet":"max-snippet:-1","max-image-preview":"max-image-preview:large","max-video-preview":"max-video-preview:-1"},"canonical":"https:\/\/fieam.org.br\/fieam\/fieam-promove-live-sobre-reforma-administrativa-com-secretario-caio-paes-de-andrade\/","og_locale":"pt_BR","og_type":"article","og_title":"FIEAM promove live sobre reforma administrativa com secret\u00e1rio Caio Paes de Andrade - FIEAM","og_description":"Quando: Amanh\u00e3 (23) Hora: 10h (hor\u00e1rio de Manaus) Local: Youtube da FIEAM (www.youtube.com\/fieam) Nesta quarta-feira, 23, \u00e0s 10h, a Federa\u00e7\u00e3o das Ind\u00fastrias do Estado do Amazonas (FIEAM) promove live sobre Reforma Administrativa com a participa\u00e7\u00e3o do presidente da institui\u00e7\u00e3o, Antonio Silva e do secret\u00e1rio especial da Secretaria Especial de Desburocratiza\u00e7\u00e3o, Gest\u00e3o e Governo Digital do [&hellip;]","og_url":"https:\/\/fieam.org.br\/fieam\/fieam-promove-live-sobre-reforma-administrativa-com-secretario-caio-paes-de-andrade\/","og_site_name":"FIEAM","article_published_time":"2021-06-22T15:54:07+00:00","author":"Autor","twitter_card":"summary_large_image","twitter_misc":{"Escrito por":"Autor","Est. tempo de leitura":"1 minuto"},"schema":{"@context":"https:\/\/schema.org","@graph":[{"@type":"Article","@id":"https:\/\/fieam.org.br\/fieam\/fieam-promove-live-sobre-reforma-administrativa-com-secretario-caio-paes-de-andrade\/#article","isPartOf":{"@id":"https:\/\/fieam.org.br\/fieam\/fieam-promove-live-sobre-reforma-administrativa-com-secretario-caio-paes-de-andrade\/"},"author":{"name":"Autor","@id":"https:\/\/fieam.org.br\/fieam\/#\/schema\/person\/c1ceda8321521b291cee22da0a7d34be"},"headline":"FIEAM promove live sobre reforma administrativa com secret\u00e1rio Caio Paes de Andrade","datePublished":"2021-06-22T15:54:07+00:00","mainEntityOfPage":{"@id":"https:\/\/fieam.org.br\/fieam\/fieam-promove-live-sobre-reforma-administrativa-com-secretario-caio-paes-de-andrade\/"},"wordCount":231,"publisher":{"@id":"https:\/\/fieam.org.br\/fieam\/#organization"},"image":{"@id":"https:\/\/fieam.org.br\/fieam\/fieam-promove-live-sobre-reforma-administrativa-com-secretario-caio-paes-de-andrade\/#primaryimage"},"thumbnailUrl":"","articleSection":["Banner Destaque","News","News Destaque"],"inLanguage":"pt-BR"},{"@type":"WebPage","@id":"https:\/\/fieam.org.br\/fieam\/fieam-promove-live-sobre-reforma-administrativa-com-secretario-caio-paes-de-andrade\/","url":"https:\/\/fieam.org.br\/fieam\/fieam-promove-live-sobre-reforma-administrativa-com-secretario-caio-paes-de-andrade\/","name":"FIEAM promove live sobre reforma administrativa com secret\u00e1rio Caio Paes de Andrade - FIEAM","isPartOf":{"@id":"https:\/\/fieam.org.br\/fieam\/#website"},"primaryImageOfPage":{"@id":"https:\/\/fieam.org.br\/fieam\/fieam-promove-live-sobre-reforma-administrativa-com-secretario-caio-paes-de-andrade\/#primaryimage"},"image":{"@id":"https:\/\/fieam.org.br\/fieam\/fieam-promove-live-sobre-reforma-administrativa-com-secretario-caio-paes-de-andrade\/#primaryimage"},"thumbnailUrl":"","datePublished":"2021-06-22T15:54:07+00:00","breadcrumb":{"@id":"https:\/\/fieam.org.br\/fieam\/fieam-promove-live-sobre-reforma-administrativa-com-secretario-caio-paes-de-andrade\/#breadcrumb"},"inLanguage":"pt-BR","potentialAction":[{"@type":"ReadAction","target":["https:\/\/fieam.org.br\/fieam\/fieam-promove-live-sobre-reforma-administrativa-com-secretario-caio-paes-de-andrade\/"]}]},{"@type":"ImageObject","inLanguage":"pt-BR","@id":"https:\/\/fieam.org.br\/fieam\/fieam-promove-live-sobre-reforma-administrativa-com-secretario-caio-paes-de-andrade\/#primaryimage","url":"","contentUrl":""},{"@type":"BreadcrumbList","@id":"https:\/\/fieam.org.br\/fieam\/fieam-promove-live-sobre-reforma-administrativa-com-secretario-caio-paes-de-andrade\/#breadcrumb","itemListElement":[{"@type":"ListItem","position":1,"name":"In\u00edcio","item":"https:\/\/fieam.org.br\/fieam\/"},{"@type":"ListItem","position":2,"name":"FIEAM promove live sobre reforma administrativa com secret\u00e1rio Caio Paes de Andrade"}]},{"@type":"WebSite","@id":"https:\/\/fieam.org.br\/fieam\/#website","url":"https:\/\/fieam.org.br\/fieam\/","name":"FIEAM","description":"Site Oficial!","publisher":{"@id":"https:\/\/fieam.org.br\/fieam\/#organization"},"potentialAction":[{"@type":"SearchAction","target":{"@type":"EntryPoint","urlTemplate":"https:\/\/fieam.org.br\/fieam\/?s={search_term_string}"},"query-input":{"@type":"PropertyValueSpecification","valueRequired":true,"valueName":"search_term_string"}}],"inLanguage":"pt-BR"},{"@type":"Organization","@id":"https:\/\/fieam.org.br\/fieam\/#organization","name":"FIEAM","url":"https:\/\/fieam.org.br\/fieam\/","logo":{"@type":"ImageObject","inLanguage":"pt-BR","@id":"https:\/\/fieam.org.br\/fieam\/#\/schema\/logo\/image\/","url":"https:\/\/fieam.org.br\/fieam\/wp-content\/uploads\/sites\/9\/2024\/03\/cropped-fav.png","contentUrl":"https:\/\/fieam.org.br\/fieam\/wp-content\/uploads\/sites\/9\/2024\/03\/cropped-fav.png","width":597,"height":598,"caption":"FIEAM"},"image":{"@id":"https:\/\/fieam.org.br\/fieam\/#\/schema\/logo\/image\/"}},{"@type":"Person","@id":"https:\/\/fieam.org.br\/fieam\/#\/schema\/person\/c1ceda8321521b291cee22da0a7d34be","name":"Autor","image":{"@type":"ImageObject","inLanguage":"pt-BR","@id":"https:\/\/fieam.org.br\/fieam\/#\/schema\/person\/image\/","url":"https:\/\/secure.gravatar.com\/avatar\/3732c223e0e1fad69062a8f770955c9068d37b055204f310a0be18d4069fe380?s=96&d=mm&r=g","contentUrl":"https:\/\/secure.gravatar.com\/avatar\/3732c223e0e1fad69062a8f770955c9068d37b055204f310a0be18d4069fe380?s=96&d=mm&r=g","caption":"Autor"},"sameAs":["https:\/\/marketingmassivo.com.br"],"url":"https:\/\/fieam.org.br\/fieam\/author\/admin\/"}]}},"_links":{"self":[{"href":"https:\/\/fieam.org.br\/fieam\/wp-json\/wp\/v2\/posts\/15178","targetHints":{"allow":["GET"]}}],"collection":[{"href":"https:\/\/fieam.org.br\/fieam\/wp-json\/wp\/v2\/posts"}],"about":[{"href":"https:\/\/fieam.org.br\/fieam\/wp-json\/wp\/v2\/types\/post"}],"author":[{"embeddable":true,"href":"https:\/\/fieam.org.br\/fieam\/wp-json\/wp\/v2\/users\/1"}],"replies":[{"embeddable":true,"href":"https:\/\/fieam.org.br\/fieam\/wp-json\/wp\/v2\/comments?post=15178"}],"version-history":[{"count":0,"href":"https:\/\/fieam.org.br\/fieam\/wp-json\/wp\/v2\/posts\/15178\/revisions"}],"wp:featuredmedia":[{"embeddable":true,"href":"https:\/\/fieam.org.br\/fieam\/wp-json\/"}],"wp:attachment":[{"href":"https:\/\/fieam.org.br\/fieam\/wp-json\/wp\/v2\/media?parent=15178"}],"wp:term":[{"taxonomy":"category","embeddable":true,"href":"https:\/\/fieam.org.br\/fieam\/wp-json\/wp\/v2\/categories?post=15178"},{"taxonomy":"post_tag","embeddable":true,"href":"https:\/\/fieam.org.br\/fieam\/wp-json\/wp\/v2\/tags?post=15178"}],"curies":[{"name":"wp","href":"https:\/\/api.w.org\/{rel}","templated":true}]}}