{"id":15097,"date":"2021-01-28T15:15:21","date_gmt":"2021-01-28T19:15:21","guid":{"rendered":"http:\/\/www.fieam.org.br\/fieam\/?p=15097"},"modified":"2021-01-28T15:15:21","modified_gmt":"2021-01-28T19:15:21","slug":"fieam-doa-200-cestas-basicas-aos-catadores-de-materiais-reciclaveis","status":"publish","type":"post","link":"https:\/\/fieam.org.br\/fieam\/fieam-doa-200-cestas-basicas-aos-catadores-de-materiais-reciclaveis\/","title":{"rendered":"FIEAM doa 200 cestas b\u00e1sicas aos catadores de materiais recicl\u00e1veis"},"content":{"rendered":"<p><a href=\"http:\/\/www.fieam.org.br\/fieam\/wp-content\/uploads\/sites\/5\/2021\/01\/Fami\u0301lias-de-catadores-que-vivem-exclusivamente-da-coleta-sera\u0303o-beneficiadas-.jpeg\"><img fetchpriority=\"high\" decoding=\"async\" class=\"wp-image-15098 alignleft\" src=\"http:\/\/www.fieam.org.br\/fieam\/wp-content\/uploads\/sites\/5\/2021\/01\/Fami\u0301lias-de-catadores-que-vivem-exclusivamente-da-coleta-sera\u0303o-beneficiadas-.jpeg\" alt=\"\" width=\"384\" height=\"288\" \/><\/a>Duzentas cestas b\u00e1sicas foram entregues nesta manh\u00e3, 28, para catadores de materiais recicl\u00e1veis e suas fam\u00edlias em situa\u00e7\u00e3o de vulnerabilidade social em Manaus. Com as atividades paradas, em raz\u00e3o da pandemia, a Coordenadoria de Meio Ambiente, Recursos Naturais e Responsabilidade Social da Federa\u00e7\u00e3o das Ind\u00fastrias do Estado do Amazonas (FIEAM) realizou a\u00e7\u00e3o integrada socioambiental em conjunto com o Sindicato das Ind\u00fastrias de Bebidas e de Alimenta\u00e7\u00e3o e a Eureciclo, certificadora da log\u00edstica reversa de embalagens p\u00f3s consumo das empresas.<\/p>\n<p>A entrega foi feita aos l\u00edderes das associa\u00e7\u00f5es cooperativas e grupos vinculados ao Movimento Nacional de Catadores\/ AM, diretamente na distribuidora dos g\u00eaneros aliment\u00edcios, para evitar aglomera\u00e7\u00f5es e em respeito ao decreto governamental e recomenda\u00e7\u00e3o de isolamento social.<\/p>\n<p>As doa\u00e7\u00f5es v\u00e3o atender 200 fam\u00edlias de catadores que vivem exclusivamente da coleta dos res\u00edduos retirados das ruas de Manaus e, de acordo com a l\u00edder do Movimento Nacional de Catadores (MNCR-AM), Suelen Ramos, veio em um momento oportuno, quando mais uma vez as atividades est\u00e3o parcialmente suspensas.<a href=\"http:\/\/www.fieam.org.br\/fieam\/wp-content\/uploads\/sites\/5\/2021\/01\/Cooperativa-de-Catadores-de-Materiais-Reciclaveis-Do-Estado-Do-Amazonas-foi-uma-das-beneficiadas.jpeg\"><img decoding=\"async\" class=\"wp-image-15099 alignright\" src=\"http:\/\/www.fieam.org.br\/fieam\/wp-content\/uploads\/sites\/5\/2021\/01\/Cooperativa-de-Catadores-de-Materiais-Reciclaveis-Do-Estado-Do-Amazonas-foi-uma-das-beneficiadas.jpeg\" alt=\"\" width=\"374\" height=\"281\" \/><\/a><\/p>\n<p>\u201cTodas as embalagens dos alimentos doados j\u00e1 foram compensadas na log\u00edstica reversa, sendo que compensamos quase 5 vezes o volume total do material das embalagens, tendo o total compensado de uma tonelada em pl\u00e1stico e metal\u201d, relatou a gerente e coordenadora de Meio Ambiente, Recursos Naturais e Responsabilidade Social da FIEAM, Ren\u00e9e Veiga, ao ressaltar que a compensa\u00e7\u00e3o foi certificada pela Eureciclo.<\/p>\n<p>\u201cA prefeitura pediu fechamento de todos os galp\u00f5es das cooperativas e associa\u00e7\u00e3o de catadores, ent\u00e3o devido a essa pausa em um servi\u00e7o que \u00e9 essencial, at\u00e9 por conta da gera\u00e7\u00e3o de res\u00edduos gerados na cidade de Manaus, diariamente, nesse per\u00edodo de pandemia, estamos muito fragilizados. Agradecemos a cada colaborador que participou e doou, que teve esse olhar diferenciado com a nossa categoria, um olhar de inclus\u00e3o social\u201d, disse ela.<\/p>\n","protected":false},"excerpt":{"rendered":"<p>Duzentas cestas b\u00e1sicas foram entregues nesta manh\u00e3, 28, para catadores de materiais recicl\u00e1veis e suas fam\u00edlias em situa\u00e7\u00e3o de vulnerabilidade social em Manaus. Com as atividades paradas, em raz\u00e3o da pandemia, a Coordenadoria de Meio Ambiente, Recursos Naturais e Responsabilidade Social da Federa\u00e7\u00e3o das Ind\u00fastrias do Estado do Amazonas (FIEAM) realizou a\u00e7\u00e3o integrada socioambiental em [&hellip;]<\/p>\n","protected":false},"author":1,"featured_media":15098,"comment_status":"closed","ping_status":"open","sticky":false,"template":"","format":"standard","meta":{"footnotes":""},"categories":[28,29,30],"tags":[],"class_list":["post-15097","post","type-post","status-publish","format-standard","has-post-thumbnail","hentry","category-banner-destaque","category-news","category-news_destaque"],"yoast_head":"<!-- This site is optimized with the Yoast SEO plugin v26.8 - https:\/\/yoast.com\/product\/yoast-seo-wordpress\/ -->\n<title>FIEAM doa 200 cestas b\u00e1sicas aos catadores de materiais recicl\u00e1veis - FIEAM<\/title>\n<meta name=\"robots\" content=\"index, follow, max-snippet:-1, max-image-preview:large, max-video-preview:-1\" \/>\n<link rel=\"canonical\" href=\"https:\/\/fieam.org.br\/fieam\/fieam-doa-200-cestas-basicas-aos-catadores-de-materiais-reciclaveis\/\" \/>\n<meta property=\"og:locale\" content=\"pt_BR\" \/>\n<meta property=\"og:type\" content=\"article\" \/>\n<meta property=\"og:title\" content=\"FIEAM doa 200 cestas b\u00e1sicas aos catadores de materiais recicl\u00e1veis - FIEAM\" \/>\n<meta property=\"og:description\" content=\"Duzentas cestas b\u00e1sicas foram entregues nesta manh\u00e3, 28, para catadores de materiais recicl\u00e1veis e suas fam\u00edlias em situa\u00e7\u00e3o de vulnerabilidade social em Manaus. Com as atividades paradas, em raz\u00e3o da pandemia, a Coordenadoria de Meio Ambiente, Recursos Naturais e Responsabilidade Social da Federa\u00e7\u00e3o das Ind\u00fastrias do Estado do Amazonas (FIEAM) realizou a\u00e7\u00e3o integrada socioambiental em [&hellip;]\" \/>\n<meta property=\"og:url\" content=\"https:\/\/fieam.org.br\/fieam\/fieam-doa-200-cestas-basicas-aos-catadores-de-materiais-reciclaveis\/\" \/>\n<meta property=\"og:site_name\" content=\"FIEAM\" \/>\n<meta property=\"article:published_time\" content=\"2021-01-28T19:15:21+00:00\" \/>\n<meta name=\"author\" content=\"Autor\" \/>\n<meta name=\"twitter:card\" content=\"summary_large_image\" \/>\n<meta name=\"twitter:label1\" content=\"Escrito por\" \/>\n\t<meta name=\"twitter:data1\" content=\"Autor\" \/>\n\t<meta name=\"twitter:label2\" content=\"Est. tempo de leitura\" \/>\n\t<meta name=\"twitter:data2\" content=\"2 minutos\" \/>\n<script type=\"application\/ld+json\" class=\"yoast-schema-graph\">{\"@context\":\"https:\/\/schema.org\",\"@graph\":[{\"@type\":\"Article\",\"@id\":\"https:\/\/fieam.org.br\/fieam\/fieam-doa-200-cestas-basicas-aos-catadores-de-materiais-reciclaveis\/#article\",\"isPartOf\":{\"@id\":\"https:\/\/fieam.org.br\/fieam\/fieam-doa-200-cestas-basicas-aos-catadores-de-materiais-reciclaveis\/\"},\"author\":{\"name\":\"Autor\",\"@id\":\"https:\/\/fieam.org.br\/fieam\/#\/schema\/person\/c1ceda8321521b291cee22da0a7d34be\"},\"headline\":\"FIEAM doa 200 cestas b\u00e1sicas aos catadores de materiais recicl\u00e1veis\",\"datePublished\":\"2021-01-28T19:15:21+00:00\",\"mainEntityOfPage\":{\"@id\":\"https:\/\/fieam.org.br\/fieam\/fieam-doa-200-cestas-basicas-aos-catadores-de-materiais-reciclaveis\/\"},\"wordCount\":339,\"publisher\":{\"@id\":\"https:\/\/fieam.org.br\/fieam\/#organization\"},\"image\":{\"@id\":\"https:\/\/fieam.org.br\/fieam\/fieam-doa-200-cestas-basicas-aos-catadores-de-materiais-reciclaveis\/#primaryimage\"},\"thumbnailUrl\":\"\",\"articleSection\":[\"Banner Destaque\",\"News\",\"News Destaque\"],\"inLanguage\":\"pt-BR\"},{\"@type\":\"WebPage\",\"@id\":\"https:\/\/fieam.org.br\/fieam\/fieam-doa-200-cestas-basicas-aos-catadores-de-materiais-reciclaveis\/\",\"url\":\"https:\/\/fieam.org.br\/fieam\/fieam-doa-200-cestas-basicas-aos-catadores-de-materiais-reciclaveis\/\",\"name\":\"FIEAM doa 200 cestas b\u00e1sicas aos catadores de materiais recicl\u00e1veis - FIEAM\",\"isPartOf\":{\"@id\":\"https:\/\/fieam.org.br\/fieam\/#website\"},\"primaryImageOfPage\":{\"@id\":\"https:\/\/fieam.org.br\/fieam\/fieam-doa-200-cestas-basicas-aos-catadores-de-materiais-reciclaveis\/#primaryimage\"},\"image\":{\"@id\":\"https:\/\/fieam.org.br\/fieam\/fieam-doa-200-cestas-basicas-aos-catadores-de-materiais-reciclaveis\/#primaryimage\"},\"thumbnailUrl\":\"\",\"datePublished\":\"2021-01-28T19:15:21+00:00\",\"breadcrumb\":{\"@id\":\"https:\/\/fieam.org.br\/fieam\/fieam-doa-200-cestas-basicas-aos-catadores-de-materiais-reciclaveis\/#breadcrumb\"},\"inLanguage\":\"pt-BR\",\"potentialAction\":[{\"@type\":\"ReadAction\",\"target\":[\"https:\/\/fieam.org.br\/fieam\/fieam-doa-200-cestas-basicas-aos-catadores-de-materiais-reciclaveis\/\"]}]},{\"@type\":\"ImageObject\",\"inLanguage\":\"pt-BR\",\"@id\":\"https:\/\/fieam.org.br\/fieam\/fieam-doa-200-cestas-basicas-aos-catadores-de-materiais-reciclaveis\/#primaryimage\",\"url\":\"\",\"contentUrl\":\"\"},{\"@type\":\"BreadcrumbList\",\"@id\":\"https:\/\/fieam.org.br\/fieam\/fieam-doa-200-cestas-basicas-aos-catadores-de-materiais-reciclaveis\/#breadcrumb\",\"itemListElement\":[{\"@type\":\"ListItem\",\"position\":1,\"name\":\"In\u00edcio\",\"item\":\"https:\/\/fieam.org.br\/fieam\/\"},{\"@type\":\"ListItem\",\"position\":2,\"name\":\"FIEAM doa 200 cestas b\u00e1sicas aos catadores de materiais recicl\u00e1veis\"}]},{\"@type\":\"WebSite\",\"@id\":\"https:\/\/fieam.org.br\/fieam\/#website\",\"url\":\"https:\/\/fieam.org.br\/fieam\/\",\"name\":\"FIEAM\",\"description\":\"Site Oficial!\",\"publisher\":{\"@id\":\"https:\/\/fieam.org.br\/fieam\/#organization\"},\"potentialAction\":[{\"@type\":\"SearchAction\",\"target\":{\"@type\":\"EntryPoint\",\"urlTemplate\":\"https:\/\/fieam.org.br\/fieam\/?s={search_term_string}\"},\"query-input\":{\"@type\":\"PropertyValueSpecification\",\"valueRequired\":true,\"valueName\":\"search_term_string\"}}],\"inLanguage\":\"pt-BR\"},{\"@type\":\"Organization\",\"@id\":\"https:\/\/fieam.org.br\/fieam\/#organization\",\"name\":\"FIEAM\",\"url\":\"https:\/\/fieam.org.br\/fieam\/\",\"logo\":{\"@type\":\"ImageObject\",\"inLanguage\":\"pt-BR\",\"@id\":\"https:\/\/fieam.org.br\/fieam\/#\/schema\/logo\/image\/\",\"url\":\"https:\/\/fieam.org.br\/fieam\/wp-content\/uploads\/sites\/9\/2024\/03\/cropped-fav.png\",\"contentUrl\":\"https:\/\/fieam.org.br\/fieam\/wp-content\/uploads\/sites\/9\/2024\/03\/cropped-fav.png\",\"width\":597,\"height\":598,\"caption\":\"FIEAM\"},\"image\":{\"@id\":\"https:\/\/fieam.org.br\/fieam\/#\/schema\/logo\/image\/\"}},{\"@type\":\"Person\",\"@id\":\"https:\/\/fieam.org.br\/fieam\/#\/schema\/person\/c1ceda8321521b291cee22da0a7d34be\",\"name\":\"Autor\",\"image\":{\"@type\":\"ImageObject\",\"inLanguage\":\"pt-BR\",\"@id\":\"https:\/\/fieam.org.br\/fieam\/#\/schema\/person\/image\/\",\"url\":\"https:\/\/secure.gravatar.com\/avatar\/3732c223e0e1fad69062a8f770955c9068d37b055204f310a0be18d4069fe380?s=96&d=mm&r=g\",\"contentUrl\":\"https:\/\/secure.gravatar.com\/avatar\/3732c223e0e1fad69062a8f770955c9068d37b055204f310a0be18d4069fe380?s=96&d=mm&r=g\",\"caption\":\"Autor\"},\"sameAs\":[\"https:\/\/marketingmassivo.com.br\"],\"url\":\"https:\/\/fieam.org.br\/fieam\/author\/admin\/\"}]}<\/script>\n<!-- \/ Yoast SEO plugin. -->","yoast_head_json":{"title":"FIEAM doa 200 cestas b\u00e1sicas aos catadores de materiais recicl\u00e1veis - FIEAM","robots":{"index":"index","follow":"follow","max-snippet":"max-snippet:-1","max-image-preview":"max-image-preview:large","max-video-preview":"max-video-preview:-1"},"canonical":"https:\/\/fieam.org.br\/fieam\/fieam-doa-200-cestas-basicas-aos-catadores-de-materiais-reciclaveis\/","og_locale":"pt_BR","og_type":"article","og_title":"FIEAM doa 200 cestas b\u00e1sicas aos catadores de materiais recicl\u00e1veis - FIEAM","og_description":"Duzentas cestas b\u00e1sicas foram entregues nesta manh\u00e3, 28, para catadores de materiais recicl\u00e1veis e suas fam\u00edlias em situa\u00e7\u00e3o de vulnerabilidade social em Manaus. Com as atividades paradas, em raz\u00e3o da pandemia, a Coordenadoria de Meio Ambiente, Recursos Naturais e Responsabilidade Social da Federa\u00e7\u00e3o das Ind\u00fastrias do Estado do Amazonas (FIEAM) realizou a\u00e7\u00e3o integrada socioambiental em [&hellip;]","og_url":"https:\/\/fieam.org.br\/fieam\/fieam-doa-200-cestas-basicas-aos-catadores-de-materiais-reciclaveis\/","og_site_name":"FIEAM","article_published_time":"2021-01-28T19:15:21+00:00","author":"Autor","twitter_card":"summary_large_image","twitter_misc":{"Escrito por":"Autor","Est. tempo de leitura":"2 minutos"},"schema":{"@context":"https:\/\/schema.org","@graph":[{"@type":"Article","@id":"https:\/\/fieam.org.br\/fieam\/fieam-doa-200-cestas-basicas-aos-catadores-de-materiais-reciclaveis\/#article","isPartOf":{"@id":"https:\/\/fieam.org.br\/fieam\/fieam-doa-200-cestas-basicas-aos-catadores-de-materiais-reciclaveis\/"},"author":{"name":"Autor","@id":"https:\/\/fieam.org.br\/fieam\/#\/schema\/person\/c1ceda8321521b291cee22da0a7d34be"},"headline":"FIEAM doa 200 cestas b\u00e1sicas aos catadores de materiais recicl\u00e1veis","datePublished":"2021-01-28T19:15:21+00:00","mainEntityOfPage":{"@id":"https:\/\/fieam.org.br\/fieam\/fieam-doa-200-cestas-basicas-aos-catadores-de-materiais-reciclaveis\/"},"wordCount":339,"publisher":{"@id":"https:\/\/fieam.org.br\/fieam\/#organization"},"image":{"@id":"https:\/\/fieam.org.br\/fieam\/fieam-doa-200-cestas-basicas-aos-catadores-de-materiais-reciclaveis\/#primaryimage"},"thumbnailUrl":"","articleSection":["Banner Destaque","News","News Destaque"],"inLanguage":"pt-BR"},{"@type":"WebPage","@id":"https:\/\/fieam.org.br\/fieam\/fieam-doa-200-cestas-basicas-aos-catadores-de-materiais-reciclaveis\/","url":"https:\/\/fieam.org.br\/fieam\/fieam-doa-200-cestas-basicas-aos-catadores-de-materiais-reciclaveis\/","name":"FIEAM doa 200 cestas b\u00e1sicas aos catadores de materiais recicl\u00e1veis - FIEAM","isPartOf":{"@id":"https:\/\/fieam.org.br\/fieam\/#website"},"primaryImageOfPage":{"@id":"https:\/\/fieam.org.br\/fieam\/fieam-doa-200-cestas-basicas-aos-catadores-de-materiais-reciclaveis\/#primaryimage"},"image":{"@id":"https:\/\/fieam.org.br\/fieam\/fieam-doa-200-cestas-basicas-aos-catadores-de-materiais-reciclaveis\/#primaryimage"},"thumbnailUrl":"","datePublished":"2021-01-28T19:15:21+00:00","breadcrumb":{"@id":"https:\/\/fieam.org.br\/fieam\/fieam-doa-200-cestas-basicas-aos-catadores-de-materiais-reciclaveis\/#breadcrumb"},"inLanguage":"pt-BR","potentialAction":[{"@type":"ReadAction","target":["https:\/\/fieam.org.br\/fieam\/fieam-doa-200-cestas-basicas-aos-catadores-de-materiais-reciclaveis\/"]}]},{"@type":"ImageObject","inLanguage":"pt-BR","@id":"https:\/\/fieam.org.br\/fieam\/fieam-doa-200-cestas-basicas-aos-catadores-de-materiais-reciclaveis\/#primaryimage","url":"","contentUrl":""},{"@type":"BreadcrumbList","@id":"https:\/\/fieam.org.br\/fieam\/fieam-doa-200-cestas-basicas-aos-catadores-de-materiais-reciclaveis\/#breadcrumb","itemListElement":[{"@type":"ListItem","position":1,"name":"In\u00edcio","item":"https:\/\/fieam.org.br\/fieam\/"},{"@type":"ListItem","position":2,"name":"FIEAM doa 200 cestas b\u00e1sicas aos catadores de materiais recicl\u00e1veis"}]},{"@type":"WebSite","@id":"https:\/\/fieam.org.br\/fieam\/#website","url":"https:\/\/fieam.org.br\/fieam\/","name":"FIEAM","description":"Site Oficial!","publisher":{"@id":"https:\/\/fieam.org.br\/fieam\/#organization"},"potentialAction":[{"@type":"SearchAction","target":{"@type":"EntryPoint","urlTemplate":"https:\/\/fieam.org.br\/fieam\/?s={search_term_string}"},"query-input":{"@type":"PropertyValueSpecification","valueRequired":true,"valueName":"search_term_string"}}],"inLanguage":"pt-BR"},{"@type":"Organization","@id":"https:\/\/fieam.org.br\/fieam\/#organization","name":"FIEAM","url":"https:\/\/fieam.org.br\/fieam\/","logo":{"@type":"ImageObject","inLanguage":"pt-BR","@id":"https:\/\/fieam.org.br\/fieam\/#\/schema\/logo\/image\/","url":"https:\/\/fieam.org.br\/fieam\/wp-content\/uploads\/sites\/9\/2024\/03\/cropped-fav.png","contentUrl":"https:\/\/fieam.org.br\/fieam\/wp-content\/uploads\/sites\/9\/2024\/03\/cropped-fav.png","width":597,"height":598,"caption":"FIEAM"},"image":{"@id":"https:\/\/fieam.org.br\/fieam\/#\/schema\/logo\/image\/"}},{"@type":"Person","@id":"https:\/\/fieam.org.br\/fieam\/#\/schema\/person\/c1ceda8321521b291cee22da0a7d34be","name":"Autor","image":{"@type":"ImageObject","inLanguage":"pt-BR","@id":"https:\/\/fieam.org.br\/fieam\/#\/schema\/person\/image\/","url":"https:\/\/secure.gravatar.com\/avatar\/3732c223e0e1fad69062a8f770955c9068d37b055204f310a0be18d4069fe380?s=96&d=mm&r=g","contentUrl":"https:\/\/secure.gravatar.com\/avatar\/3732c223e0e1fad69062a8f770955c9068d37b055204f310a0be18d4069fe380?s=96&d=mm&r=g","caption":"Autor"},"sameAs":["https:\/\/marketingmassivo.com.br"],"url":"https:\/\/fieam.org.br\/fieam\/author\/admin\/"}]}},"_links":{"self":[{"href":"https:\/\/fieam.org.br\/fieam\/wp-json\/wp\/v2\/posts\/15097","targetHints":{"allow":["GET"]}}],"collection":[{"href":"https:\/\/fieam.org.br\/fieam\/wp-json\/wp\/v2\/posts"}],"about":[{"href":"https:\/\/fieam.org.br\/fieam\/wp-json\/wp\/v2\/types\/post"}],"author":[{"embeddable":true,"href":"https:\/\/fieam.org.br\/fieam\/wp-json\/wp\/v2\/users\/1"}],"replies":[{"embeddable":true,"href":"https:\/\/fieam.org.br\/fieam\/wp-json\/wp\/v2\/comments?post=15097"}],"version-history":[{"count":0,"href":"https:\/\/fieam.org.br\/fieam\/wp-json\/wp\/v2\/posts\/15097\/revisions"}],"wp:featuredmedia":[{"embeddable":true,"href":"https:\/\/fieam.org.br\/fieam\/wp-json\/"}],"wp:attachment":[{"href":"https:\/\/fieam.org.br\/fieam\/wp-json\/wp\/v2\/media?parent=15097"}],"wp:term":[{"taxonomy":"category","embeddable":true,"href":"https:\/\/fieam.org.br\/fieam\/wp-json\/wp\/v2\/categories?post=15097"},{"taxonomy":"post_tag","embeddable":true,"href":"https:\/\/fieam.org.br\/fieam\/wp-json\/wp\/v2\/tags?post=15097"}],"curies":[{"name":"wp","href":"https:\/\/api.w.org\/{rel}","templated":true}]}}