{"id":15067,"date":"2020-11-23T13:31:14","date_gmt":"2020-11-23T17:31:14","guid":{"rendered":"http:\/\/www.fieam.org.br\/fieam\/?p=15067"},"modified":"2020-11-23T13:31:14","modified_gmt":"2020-11-23T17:31:14","slug":"aguas-de-manaus-conquista-prata-com-projeto-de-inovacao-no-pqa","status":"publish","type":"post","link":"https:\/\/fieam.org.br\/fieam\/aguas-de-manaus-conquista-prata-com-projeto-de-inovacao-no-pqa\/","title":{"rendered":"\u00c1guas de Manaus conquista Prata com projeto de inova\u00e7\u00e3o no PQA"},"content":{"rendered":"<p>Inova\u00e7\u00e3o na distribui\u00e7\u00e3o da \u00e1gua tratada em \u00e1reas de palafitas, becos, vielas e rip raps est\u00e1 na mira do projeto de Inova\u00e7\u00e3o apresentado pela empresa \u00c1guas de Manaus na 21\u00aa Mostra de Gest\u00e3o e Melhorias para a Qualidade, e que lhe valeu o Trof\u00e9u Prata na categoria Grande Ind\u00fastria no Pr\u00eamio Qualidade Amazonas (PQA).<a href=\"http:\/\/www.fieam.org.br\/fieam\/wp-content\/uploads\/sites\/5\/2020\/11\/WhatsApp-Image-2020-11-17-at-15.28.54.jpeg\"><img fetchpriority=\"high\" decoding=\"async\" class=\"wp-image-15070 alignright\" src=\"http:\/\/www.fieam.org.br\/fieam\/wp-content\/uploads\/sites\/5\/2020\/11\/WhatsApp-Image-2020-11-17-at-15.28.54.jpeg\" alt=\"\" width=\"323\" height=\"485\" \/><\/a><\/p>\n<p>A empresa tamb\u00e9m concorreu com o Programa Vem Com a Gente, criado em 2018, como Projeto de Melhorias, que lhe valeu uma Men\u00e7\u00e3o Honrosa no PQA 2020. O programa promove acessibilidade atrav\u00e9s de solu\u00e7\u00f5es de abastecimento de \u00e1gua para locais de dif\u00edcil acesso, proporcionando redu\u00e7\u00e3o de perdas e contribuindo para evolu\u00e7\u00e3o cont\u00ednua do abastecimento.<\/p>\n<p>O programa tem como foco a aproxima\u00e7\u00e3o da concession\u00e1ria na presta\u00e7\u00e3o de servi\u00e7o de abastecimento de \u00e1gua junto \u00e0 popula\u00e7\u00e3o, atrelando quest\u00f5es de sa\u00fade p\u00fablica, responsabilidade social e amplia\u00e7\u00e3o da tarifa social. De acordo com o coordenador do Vem Com a Gente da A\u0301guas de Manaus, Carlos Bittencourt, utilizando dados do IBGE e da antiga concess\u00e3o da empresa foram mapeadas \u00e1reas de dif\u00edcil acesso e utilizado uma matriz de prioriza\u00e7\u00e3o para saber qual bairro deveria atender primeiro, resultando no projeto piloto no bairro Cachoeirinha.<\/p>\n<p>\u201cDescobrimos os \u2018invis\u00edveis\u2019 pelo IBGE e demos dignidade \u00e0s pessoas com inclus\u00e3o na tarifa social e comprova\u00e7\u00e3o de moradia. \u00c9 um mundo \u00e0 parte que Manaus inteira n\u00e3o conhece. A taxa de ocupa\u00e7\u00e3o das casas \u00e9 muito maior do que a gente talvez trataria de um espa\u00e7o convencional e a ideia, com o programa, \u00e9 passar, dentro da matriz de prioriza\u00e7\u00e3o, por toda a cidade at\u00e9 maio de 2021. Depois ser\u00e1 estruturado um organograma que tenha pessoas fixas para manuten\u00e7\u00e3o do servi\u00e7o\u201d, disse ele.<\/p>\n<p>Os obst\u00e1culos principais para execu\u00e7\u00e3o, segundo Bittencourt, se deram pelas mudan\u00e7as de desenvolvimento dentro dos padr\u00f5es convencionais para execu\u00e7\u00e3o da rede de \u00e1gua. Por se tratar de \u00e1reas de dif\u00edcil acesso foi preciso a \u00e1rea de engenharia elaborar um croqui com um modelo inovador de fixa\u00e7\u00e3o das tubula\u00e7\u00f5es de \u00e1gua para as regi\u00f5es de palafitas, becos, vielas e rip raps.<a href=\"http:\/\/www.fieam.org.br\/fieam\/wp-content\/uploads\/sites\/5\/2020\/11\/WhatsApp-Image-2020-11-19-at-17.06.59-1.jpeg\"><img decoding=\"async\" class=\"wp-image-15069 alignleft\" src=\"http:\/\/www.fieam.org.br\/fieam\/wp-content\/uploads\/sites\/5\/2020\/11\/WhatsApp-Image-2020-11-19-at-17.06.59-1.jpeg\" alt=\"\" width=\"435\" height=\"421\" \/><\/a><\/p>\n<p>\u201cNa metodologia tradicional do sistema de abastecimento de \u00e1gua, fazemos a escava\u00e7\u00e3o e tubula\u00e7\u00e3o enterrada e nessas \u00e1reas de dif\u00edcil acesso a gente n\u00e3o consegue nem subterr\u00e2nea e tem dificuldade tamb\u00e9m na forma que a gente possa preservar e n\u00e3o tenha nenhuma contamina\u00e7\u00e3o apesar da distribui\u00e7\u00e3o ser pressurizada\u201d, relatou ele.<\/p>\n<p>Para atender \u00e0 demanda nos igarap\u00e9s foram colocados piquetes, seguros no ch\u00e3o, utilizando um tubo de material Pead (Polietileno de Alta Densidade) que s\u00e3o mais flex\u00edveis, na mesma altura que tem as travessias e a parte em que as pessoas andam, para evitar que n\u00e3o fique abaixo da linha da \u00e1gua. Para as palafitas, Bittencourt explica que foram implantadas as redes de \u00e1gua de forma a\u00e9rea, utilizando cabos de a\u00e7o e os piquetes para sustenta\u00e7\u00e3o, al\u00e9m de mudan\u00e7as nas extens\u00f5es desenvolvidas nos becos, vielas e rip raps, em que a execu\u00e7\u00e3o foi atrav\u00e9s do envelopamento com concreto.<\/p>\n<p>\u201cCriou-se tamb\u00e9m os totens que \u00e9 uma estrutura de concreto onde s\u00e3o instalados os hidr\u00f4metros de modo que fiquem alinhados e atendam ao padr\u00e3o para leitura de consumo. Foram mais de 10.400 novas matr\u00edculas desde agosto\/18 ate julho\/20 e j\u00e1 atingimos o patamar de mais de 50 km de redes dentro dessas \u00e1reas\u201d, pontou.<\/p>\n","protected":false},"excerpt":{"rendered":"<p>Inova\u00e7\u00e3o na distribui\u00e7\u00e3o da \u00e1gua tratada em \u00e1reas de palafitas, becos, vielas e rip raps est\u00e1 na mira do projeto de Inova\u00e7\u00e3o apresentado pela empresa \u00c1guas de Manaus na 21\u00aa Mostra de Gest\u00e3o e Melhorias para a Qualidade, e que lhe valeu o Trof\u00e9u Prata na categoria Grande Ind\u00fastria no Pr\u00eamio Qualidade Amazonas (PQA). A [&hellip;]<\/p>\n","protected":false},"author":1,"featured_media":15069,"comment_status":"closed","ping_status":"open","sticky":false,"template":"","format":"standard","meta":{"footnotes":""},"categories":[28,29,30],"tags":[],"class_list":["post-15067","post","type-post","status-publish","format-standard","has-post-thumbnail","hentry","category-banner-destaque","category-news","category-news_destaque"],"yoast_head":"<!-- This site is optimized with the Yoast SEO plugin v26.8 - https:\/\/yoast.com\/product\/yoast-seo-wordpress\/ -->\n<title>\u00c1guas de Manaus conquista Prata com projeto de inova\u00e7\u00e3o no PQA - FIEAM<\/title>\n<meta name=\"robots\" content=\"index, follow, max-snippet:-1, max-image-preview:large, max-video-preview:-1\" \/>\n<link rel=\"canonical\" href=\"https:\/\/fieam.org.br\/fieam\/aguas-de-manaus-conquista-prata-com-projeto-de-inovacao-no-pqa\/\" \/>\n<meta property=\"og:locale\" content=\"pt_BR\" \/>\n<meta property=\"og:type\" content=\"article\" \/>\n<meta property=\"og:title\" content=\"\u00c1guas de Manaus conquista Prata com projeto de inova\u00e7\u00e3o no PQA - FIEAM\" \/>\n<meta property=\"og:description\" content=\"Inova\u00e7\u00e3o na distribui\u00e7\u00e3o da \u00e1gua tratada em \u00e1reas de palafitas, becos, vielas e rip raps est\u00e1 na mira do projeto de Inova\u00e7\u00e3o apresentado pela empresa \u00c1guas de Manaus na 21\u00aa Mostra de Gest\u00e3o e Melhorias para a Qualidade, e que lhe valeu o Trof\u00e9u Prata na categoria Grande Ind\u00fastria no Pr\u00eamio Qualidade Amazonas (PQA). A [&hellip;]\" \/>\n<meta property=\"og:url\" content=\"https:\/\/fieam.org.br\/fieam\/aguas-de-manaus-conquista-prata-com-projeto-de-inovacao-no-pqa\/\" \/>\n<meta property=\"og:site_name\" content=\"FIEAM\" \/>\n<meta property=\"article:published_time\" content=\"2020-11-23T17:31:14+00:00\" \/>\n<meta name=\"author\" content=\"Autor\" \/>\n<meta name=\"twitter:card\" content=\"summary_large_image\" \/>\n<meta name=\"twitter:label1\" content=\"Escrito por\" \/>\n\t<meta name=\"twitter:data1\" content=\"Autor\" \/>\n\t<meta name=\"twitter:label2\" content=\"Est. tempo de leitura\" \/>\n\t<meta name=\"twitter:data2\" content=\"3 minutos\" \/>\n<script type=\"application\/ld+json\" class=\"yoast-schema-graph\">{\"@context\":\"https:\/\/schema.org\",\"@graph\":[{\"@type\":\"Article\",\"@id\":\"https:\/\/fieam.org.br\/fieam\/aguas-de-manaus-conquista-prata-com-projeto-de-inovacao-no-pqa\/#article\",\"isPartOf\":{\"@id\":\"https:\/\/fieam.org.br\/fieam\/aguas-de-manaus-conquista-prata-com-projeto-de-inovacao-no-pqa\/\"},\"author\":{\"name\":\"Autor\",\"@id\":\"https:\/\/fieam.org.br\/fieam\/#\/schema\/person\/c1ceda8321521b291cee22da0a7d34be\"},\"headline\":\"\u00c1guas de Manaus conquista Prata com projeto de inova\u00e7\u00e3o no PQA\",\"datePublished\":\"2020-11-23T17:31:14+00:00\",\"mainEntityOfPage\":{\"@id\":\"https:\/\/fieam.org.br\/fieam\/aguas-de-manaus-conquista-prata-com-projeto-de-inovacao-no-pqa\/\"},\"wordCount\":609,\"publisher\":{\"@id\":\"https:\/\/fieam.org.br\/fieam\/#organization\"},\"image\":{\"@id\":\"https:\/\/fieam.org.br\/fieam\/aguas-de-manaus-conquista-prata-com-projeto-de-inovacao-no-pqa\/#primaryimage\"},\"thumbnailUrl\":\"\",\"articleSection\":[\"Banner Destaque\",\"News\",\"News Destaque\"],\"inLanguage\":\"pt-BR\"},{\"@type\":\"WebPage\",\"@id\":\"https:\/\/fieam.org.br\/fieam\/aguas-de-manaus-conquista-prata-com-projeto-de-inovacao-no-pqa\/\",\"url\":\"https:\/\/fieam.org.br\/fieam\/aguas-de-manaus-conquista-prata-com-projeto-de-inovacao-no-pqa\/\",\"name\":\"\u00c1guas de Manaus conquista Prata com projeto de inova\u00e7\u00e3o no PQA - FIEAM\",\"isPartOf\":{\"@id\":\"https:\/\/fieam.org.br\/fieam\/#website\"},\"primaryImageOfPage\":{\"@id\":\"https:\/\/fieam.org.br\/fieam\/aguas-de-manaus-conquista-prata-com-projeto-de-inovacao-no-pqa\/#primaryimage\"},\"image\":{\"@id\":\"https:\/\/fieam.org.br\/fieam\/aguas-de-manaus-conquista-prata-com-projeto-de-inovacao-no-pqa\/#primaryimage\"},\"thumbnailUrl\":\"\",\"datePublished\":\"2020-11-23T17:31:14+00:00\",\"breadcrumb\":{\"@id\":\"https:\/\/fieam.org.br\/fieam\/aguas-de-manaus-conquista-prata-com-projeto-de-inovacao-no-pqa\/#breadcrumb\"},\"inLanguage\":\"pt-BR\",\"potentialAction\":[{\"@type\":\"ReadAction\",\"target\":[\"https:\/\/fieam.org.br\/fieam\/aguas-de-manaus-conquista-prata-com-projeto-de-inovacao-no-pqa\/\"]}]},{\"@type\":\"ImageObject\",\"inLanguage\":\"pt-BR\",\"@id\":\"https:\/\/fieam.org.br\/fieam\/aguas-de-manaus-conquista-prata-com-projeto-de-inovacao-no-pqa\/#primaryimage\",\"url\":\"\",\"contentUrl\":\"\"},{\"@type\":\"BreadcrumbList\",\"@id\":\"https:\/\/fieam.org.br\/fieam\/aguas-de-manaus-conquista-prata-com-projeto-de-inovacao-no-pqa\/#breadcrumb\",\"itemListElement\":[{\"@type\":\"ListItem\",\"position\":1,\"name\":\"In\u00edcio\",\"item\":\"https:\/\/fieam.org.br\/fieam\/\"},{\"@type\":\"ListItem\",\"position\":2,\"name\":\"\u00c1guas de Manaus conquista Prata com projeto de inova\u00e7\u00e3o no PQA\"}]},{\"@type\":\"WebSite\",\"@id\":\"https:\/\/fieam.org.br\/fieam\/#website\",\"url\":\"https:\/\/fieam.org.br\/fieam\/\",\"name\":\"FIEAM\",\"description\":\"Site Oficial!\",\"publisher\":{\"@id\":\"https:\/\/fieam.org.br\/fieam\/#organization\"},\"potentialAction\":[{\"@type\":\"SearchAction\",\"target\":{\"@type\":\"EntryPoint\",\"urlTemplate\":\"https:\/\/fieam.org.br\/fieam\/?s={search_term_string}\"},\"query-input\":{\"@type\":\"PropertyValueSpecification\",\"valueRequired\":true,\"valueName\":\"search_term_string\"}}],\"inLanguage\":\"pt-BR\"},{\"@type\":\"Organization\",\"@id\":\"https:\/\/fieam.org.br\/fieam\/#organization\",\"name\":\"FIEAM\",\"url\":\"https:\/\/fieam.org.br\/fieam\/\",\"logo\":{\"@type\":\"ImageObject\",\"inLanguage\":\"pt-BR\",\"@id\":\"https:\/\/fieam.org.br\/fieam\/#\/schema\/logo\/image\/\",\"url\":\"https:\/\/fieam.org.br\/fieam\/wp-content\/uploads\/sites\/9\/2024\/03\/cropped-fav.png\",\"contentUrl\":\"https:\/\/fieam.org.br\/fieam\/wp-content\/uploads\/sites\/9\/2024\/03\/cropped-fav.png\",\"width\":597,\"height\":598,\"caption\":\"FIEAM\"},\"image\":{\"@id\":\"https:\/\/fieam.org.br\/fieam\/#\/schema\/logo\/image\/\"}},{\"@type\":\"Person\",\"@id\":\"https:\/\/fieam.org.br\/fieam\/#\/schema\/person\/c1ceda8321521b291cee22da0a7d34be\",\"name\":\"Autor\",\"image\":{\"@type\":\"ImageObject\",\"inLanguage\":\"pt-BR\",\"@id\":\"https:\/\/fieam.org.br\/fieam\/#\/schema\/person\/image\/\",\"url\":\"https:\/\/secure.gravatar.com\/avatar\/3732c223e0e1fad69062a8f770955c9068d37b055204f310a0be18d4069fe380?s=96&d=mm&r=g\",\"contentUrl\":\"https:\/\/secure.gravatar.com\/avatar\/3732c223e0e1fad69062a8f770955c9068d37b055204f310a0be18d4069fe380?s=96&d=mm&r=g\",\"caption\":\"Autor\"},\"sameAs\":[\"https:\/\/marketingmassivo.com.br\"],\"url\":\"https:\/\/fieam.org.br\/fieam\/author\/admin\/\"}]}<\/script>\n<!-- \/ Yoast SEO plugin. -->","yoast_head_json":{"title":"\u00c1guas de Manaus conquista Prata com projeto de inova\u00e7\u00e3o no PQA - FIEAM","robots":{"index":"index","follow":"follow","max-snippet":"max-snippet:-1","max-image-preview":"max-image-preview:large","max-video-preview":"max-video-preview:-1"},"canonical":"https:\/\/fieam.org.br\/fieam\/aguas-de-manaus-conquista-prata-com-projeto-de-inovacao-no-pqa\/","og_locale":"pt_BR","og_type":"article","og_title":"\u00c1guas de Manaus conquista Prata com projeto de inova\u00e7\u00e3o no PQA - FIEAM","og_description":"Inova\u00e7\u00e3o na distribui\u00e7\u00e3o da \u00e1gua tratada em \u00e1reas de palafitas, becos, vielas e rip raps est\u00e1 na mira do projeto de Inova\u00e7\u00e3o apresentado pela empresa \u00c1guas de Manaus na 21\u00aa Mostra de Gest\u00e3o e Melhorias para a Qualidade, e que lhe valeu o Trof\u00e9u Prata na categoria Grande Ind\u00fastria no Pr\u00eamio Qualidade Amazonas (PQA). A [&hellip;]","og_url":"https:\/\/fieam.org.br\/fieam\/aguas-de-manaus-conquista-prata-com-projeto-de-inovacao-no-pqa\/","og_site_name":"FIEAM","article_published_time":"2020-11-23T17:31:14+00:00","author":"Autor","twitter_card":"summary_large_image","twitter_misc":{"Escrito por":"Autor","Est. tempo de leitura":"3 minutos"},"schema":{"@context":"https:\/\/schema.org","@graph":[{"@type":"Article","@id":"https:\/\/fieam.org.br\/fieam\/aguas-de-manaus-conquista-prata-com-projeto-de-inovacao-no-pqa\/#article","isPartOf":{"@id":"https:\/\/fieam.org.br\/fieam\/aguas-de-manaus-conquista-prata-com-projeto-de-inovacao-no-pqa\/"},"author":{"name":"Autor","@id":"https:\/\/fieam.org.br\/fieam\/#\/schema\/person\/c1ceda8321521b291cee22da0a7d34be"},"headline":"\u00c1guas de Manaus conquista Prata com projeto de inova\u00e7\u00e3o no PQA","datePublished":"2020-11-23T17:31:14+00:00","mainEntityOfPage":{"@id":"https:\/\/fieam.org.br\/fieam\/aguas-de-manaus-conquista-prata-com-projeto-de-inovacao-no-pqa\/"},"wordCount":609,"publisher":{"@id":"https:\/\/fieam.org.br\/fieam\/#organization"},"image":{"@id":"https:\/\/fieam.org.br\/fieam\/aguas-de-manaus-conquista-prata-com-projeto-de-inovacao-no-pqa\/#primaryimage"},"thumbnailUrl":"","articleSection":["Banner Destaque","News","News Destaque"],"inLanguage":"pt-BR"},{"@type":"WebPage","@id":"https:\/\/fieam.org.br\/fieam\/aguas-de-manaus-conquista-prata-com-projeto-de-inovacao-no-pqa\/","url":"https:\/\/fieam.org.br\/fieam\/aguas-de-manaus-conquista-prata-com-projeto-de-inovacao-no-pqa\/","name":"\u00c1guas de Manaus conquista Prata com projeto de inova\u00e7\u00e3o no PQA - FIEAM","isPartOf":{"@id":"https:\/\/fieam.org.br\/fieam\/#website"},"primaryImageOfPage":{"@id":"https:\/\/fieam.org.br\/fieam\/aguas-de-manaus-conquista-prata-com-projeto-de-inovacao-no-pqa\/#primaryimage"},"image":{"@id":"https:\/\/fieam.org.br\/fieam\/aguas-de-manaus-conquista-prata-com-projeto-de-inovacao-no-pqa\/#primaryimage"},"thumbnailUrl":"","datePublished":"2020-11-23T17:31:14+00:00","breadcrumb":{"@id":"https:\/\/fieam.org.br\/fieam\/aguas-de-manaus-conquista-prata-com-projeto-de-inovacao-no-pqa\/#breadcrumb"},"inLanguage":"pt-BR","potentialAction":[{"@type":"ReadAction","target":["https:\/\/fieam.org.br\/fieam\/aguas-de-manaus-conquista-prata-com-projeto-de-inovacao-no-pqa\/"]}]},{"@type":"ImageObject","inLanguage":"pt-BR","@id":"https:\/\/fieam.org.br\/fieam\/aguas-de-manaus-conquista-prata-com-projeto-de-inovacao-no-pqa\/#primaryimage","url":"","contentUrl":""},{"@type":"BreadcrumbList","@id":"https:\/\/fieam.org.br\/fieam\/aguas-de-manaus-conquista-prata-com-projeto-de-inovacao-no-pqa\/#breadcrumb","itemListElement":[{"@type":"ListItem","position":1,"name":"In\u00edcio","item":"https:\/\/fieam.org.br\/fieam\/"},{"@type":"ListItem","position":2,"name":"\u00c1guas de Manaus conquista Prata com projeto de inova\u00e7\u00e3o no PQA"}]},{"@type":"WebSite","@id":"https:\/\/fieam.org.br\/fieam\/#website","url":"https:\/\/fieam.org.br\/fieam\/","name":"FIEAM","description":"Site Oficial!","publisher":{"@id":"https:\/\/fieam.org.br\/fieam\/#organization"},"potentialAction":[{"@type":"SearchAction","target":{"@type":"EntryPoint","urlTemplate":"https:\/\/fieam.org.br\/fieam\/?s={search_term_string}"},"query-input":{"@type":"PropertyValueSpecification","valueRequired":true,"valueName":"search_term_string"}}],"inLanguage":"pt-BR"},{"@type":"Organization","@id":"https:\/\/fieam.org.br\/fieam\/#organization","name":"FIEAM","url":"https:\/\/fieam.org.br\/fieam\/","logo":{"@type":"ImageObject","inLanguage":"pt-BR","@id":"https:\/\/fieam.org.br\/fieam\/#\/schema\/logo\/image\/","url":"https:\/\/fieam.org.br\/fieam\/wp-content\/uploads\/sites\/9\/2024\/03\/cropped-fav.png","contentUrl":"https:\/\/fieam.org.br\/fieam\/wp-content\/uploads\/sites\/9\/2024\/03\/cropped-fav.png","width":597,"height":598,"caption":"FIEAM"},"image":{"@id":"https:\/\/fieam.org.br\/fieam\/#\/schema\/logo\/image\/"}},{"@type":"Person","@id":"https:\/\/fieam.org.br\/fieam\/#\/schema\/person\/c1ceda8321521b291cee22da0a7d34be","name":"Autor","image":{"@type":"ImageObject","inLanguage":"pt-BR","@id":"https:\/\/fieam.org.br\/fieam\/#\/schema\/person\/image\/","url":"https:\/\/secure.gravatar.com\/avatar\/3732c223e0e1fad69062a8f770955c9068d37b055204f310a0be18d4069fe380?s=96&d=mm&r=g","contentUrl":"https:\/\/secure.gravatar.com\/avatar\/3732c223e0e1fad69062a8f770955c9068d37b055204f310a0be18d4069fe380?s=96&d=mm&r=g","caption":"Autor"},"sameAs":["https:\/\/marketingmassivo.com.br"],"url":"https:\/\/fieam.org.br\/fieam\/author\/admin\/"}]}},"_links":{"self":[{"href":"https:\/\/fieam.org.br\/fieam\/wp-json\/wp\/v2\/posts\/15067","targetHints":{"allow":["GET"]}}],"collection":[{"href":"https:\/\/fieam.org.br\/fieam\/wp-json\/wp\/v2\/posts"}],"about":[{"href":"https:\/\/fieam.org.br\/fieam\/wp-json\/wp\/v2\/types\/post"}],"author":[{"embeddable":true,"href":"https:\/\/fieam.org.br\/fieam\/wp-json\/wp\/v2\/users\/1"}],"replies":[{"embeddable":true,"href":"https:\/\/fieam.org.br\/fieam\/wp-json\/wp\/v2\/comments?post=15067"}],"version-history":[{"count":0,"href":"https:\/\/fieam.org.br\/fieam\/wp-json\/wp\/v2\/posts\/15067\/revisions"}],"wp:featuredmedia":[{"embeddable":true,"href":"https:\/\/fieam.org.br\/fieam\/wp-json\/"}],"wp:attachment":[{"href":"https:\/\/fieam.org.br\/fieam\/wp-json\/wp\/v2\/media?parent=15067"}],"wp:term":[{"taxonomy":"category","embeddable":true,"href":"https:\/\/fieam.org.br\/fieam\/wp-json\/wp\/v2\/categories?post=15067"},{"taxonomy":"post_tag","embeddable":true,"href":"https:\/\/fieam.org.br\/fieam\/wp-json\/wp\/v2\/tags?post=15067"}],"curies":[{"name":"wp","href":"https:\/\/api.w.org\/{rel}","templated":true}]}}