{"id":15021,"date":"2020-11-05T10:30:07","date_gmt":"2020-11-05T14:30:07","guid":{"rendered":"http:\/\/www.fieam.org.br\/fieam\/?p=15021"},"modified":"2020-11-05T10:30:07","modified_gmt":"2020-11-05T14:30:07","slug":"antonio-silva-participa-de-encontro-com-hamilton-mourao","status":"publish","type":"post","link":"https:\/\/fieam.org.br\/fieam\/antonio-silva-participa-de-encontro-com-hamilton-mourao\/","title":{"rendered":"Antonio Silva participa de encontro com Hamilton Mour\u00e3o"},"content":{"rendered":"<p><a href=\"http:\/\/www.fieam.org.br\/fieam\/wp-content\/uploads\/sites\/5\/2020\/11\/Antonio-Silva-participa-de-recepcao-ao-vice-presidente-da-Republica-Hamilton-Mourao_Foto-Diego-Peres.jpeg\"><img fetchpriority=\"high\" decoding=\"async\" class=\"wp-image-15023 alignleft\" src=\"http:\/\/www.fieam.org.br\/fieam\/wp-content\/uploads\/sites\/5\/2020\/11\/Antonio-Silva-participa-de-recepcao-ao-vice-presidente-da-Republica-Hamilton-Mourao_Foto-Diego-Peres.jpeg\" alt=\"\" width=\"380\" height=\"253\" \/><\/a>Em cerim\u00f4nia receptiva promovida pelo Governo do Amazonas, no Porto de Manaus, o presidente da Federa\u00e7\u00e3o das Ind\u00fastrias do Estado do Amazonas (FIEAM), Antonio Silva deu as boas-vindas ontem ao vice-presidente da Rep\u00fablica, general Hamilton Mour\u00e3o, que lidera comitiva de embaixadores e ministros de Estado da Uni\u00e3o Europeia e da Organiza\u00e7\u00e3o do Tratado de Coopera\u00e7\u00e3o Amaz\u00f4nica (OTCA) em agenda de compromissos, na capital, para evidenciar as \u00e1reas afetadas pela a\u00e7\u00e3o humana e a \u00e1rea ambientalmente preservada da regi\u00e3o.<\/p>\n<p>O evento contou com a presen\u00e7a de convidados, dentre eles o desembargador Jo\u00e3o Sim\u00f5es, al\u00e9m de visita ao Porto, com apresenta\u00e7\u00e3o dos bois Garantido e Caprichoso, entre outras manifesta\u00e7\u00f5es art\u00edsticas Amaz\u00f4nia. \u201cA visita do Mour\u00e3o, juntamente com embaixadores e ministros na regi\u00e3o, \u00e9 de suma import\u00e2ncia para que, al\u00e9m da busca de atra\u00e7\u00e3o de novos investimentos e neg\u00f3cios sustent\u00e1veis para Amaz\u00f4nia, o mundo possa entender mais sobre a regi\u00e3o por meio do olhar desses representantes que aqui est\u00e3o\u201d, disse Silva.<\/p>\n","protected":false},"excerpt":{"rendered":"<p>Em cerim\u00f4nia receptiva promovida pelo Governo do Amazonas, no Porto de Manaus, o presidente da Federa\u00e7\u00e3o das Ind\u00fastrias do Estado do Amazonas (FIEAM), Antonio Silva deu as boas-vindas ontem ao vice-presidente da Rep\u00fablica, general Hamilton Mour\u00e3o, que lidera comitiva de embaixadores e ministros de Estado da Uni\u00e3o Europeia e da Organiza\u00e7\u00e3o do Tratado de Coopera\u00e7\u00e3o [&hellip;]<\/p>\n","protected":false},"author":1,"featured_media":15022,"comment_status":"closed","ping_status":"open","sticky":false,"template":"","format":"standard","meta":{"footnotes":""},"categories":[28,29,30],"tags":[],"class_list":["post-15021","post","type-post","status-publish","format-standard","has-post-thumbnail","hentry","category-banner-destaque","category-news","category-news_destaque"],"yoast_head":"<!-- This site is optimized with the Yoast SEO plugin v26.8 - https:\/\/yoast.com\/product\/yoast-seo-wordpress\/ -->\n<title>Antonio Silva participa de encontro com Hamilton Mour\u00e3o - FIEAM<\/title>\n<meta name=\"robots\" content=\"index, follow, max-snippet:-1, max-image-preview:large, max-video-preview:-1\" \/>\n<link rel=\"canonical\" href=\"https:\/\/fieam.org.br\/fieam\/antonio-silva-participa-de-encontro-com-hamilton-mourao\/\" \/>\n<meta property=\"og:locale\" content=\"pt_BR\" \/>\n<meta property=\"og:type\" content=\"article\" \/>\n<meta property=\"og:title\" content=\"Antonio Silva participa de encontro com Hamilton Mour\u00e3o - FIEAM\" \/>\n<meta property=\"og:description\" content=\"Em cerim\u00f4nia receptiva promovida pelo Governo do Amazonas, no Porto de Manaus, o presidente da Federa\u00e7\u00e3o das Ind\u00fastrias do Estado do Amazonas (FIEAM), Antonio Silva deu as boas-vindas ontem ao vice-presidente da Rep\u00fablica, general Hamilton Mour\u00e3o, que lidera comitiva de embaixadores e ministros de Estado da Uni\u00e3o Europeia e da Organiza\u00e7\u00e3o do Tratado de Coopera\u00e7\u00e3o [&hellip;]\" \/>\n<meta property=\"og:url\" content=\"https:\/\/fieam.org.br\/fieam\/antonio-silva-participa-de-encontro-com-hamilton-mourao\/\" \/>\n<meta property=\"og:site_name\" content=\"FIEAM\" \/>\n<meta property=\"article:published_time\" content=\"2020-11-05T14:30:07+00:00\" \/>\n<meta name=\"author\" content=\"Autor\" \/>\n<meta name=\"twitter:card\" content=\"summary_large_image\" \/>\n<meta name=\"twitter:label1\" content=\"Escrito por\" \/>\n\t<meta name=\"twitter:data1\" content=\"Autor\" \/>\n\t<meta name=\"twitter:label2\" content=\"Est. tempo de leitura\" \/>\n\t<meta name=\"twitter:data2\" content=\"1 minuto\" \/>\n<script type=\"application\/ld+json\" class=\"yoast-schema-graph\">{\"@context\":\"https:\/\/schema.org\",\"@graph\":[{\"@type\":\"Article\",\"@id\":\"https:\/\/fieam.org.br\/fieam\/antonio-silva-participa-de-encontro-com-hamilton-mourao\/#article\",\"isPartOf\":{\"@id\":\"https:\/\/fieam.org.br\/fieam\/antonio-silva-participa-de-encontro-com-hamilton-mourao\/\"},\"author\":{\"name\":\"Autor\",\"@id\":\"https:\/\/fieam.org.br\/fieam\/#\/schema\/person\/c1ceda8321521b291cee22da0a7d34be\"},\"headline\":\"Antonio Silva participa de encontro com Hamilton Mour\u00e3o\",\"datePublished\":\"2020-11-05T14:30:07+00:00\",\"mainEntityOfPage\":{\"@id\":\"https:\/\/fieam.org.br\/fieam\/antonio-silva-participa-de-encontro-com-hamilton-mourao\/\"},\"wordCount\":195,\"publisher\":{\"@id\":\"https:\/\/fieam.org.br\/fieam\/#organization\"},\"image\":{\"@id\":\"https:\/\/fieam.org.br\/fieam\/antonio-silva-participa-de-encontro-com-hamilton-mourao\/#primaryimage\"},\"thumbnailUrl\":\"\",\"articleSection\":[\"Banner Destaque\",\"News\",\"News Destaque\"],\"inLanguage\":\"pt-BR\"},{\"@type\":\"WebPage\",\"@id\":\"https:\/\/fieam.org.br\/fieam\/antonio-silva-participa-de-encontro-com-hamilton-mourao\/\",\"url\":\"https:\/\/fieam.org.br\/fieam\/antonio-silva-participa-de-encontro-com-hamilton-mourao\/\",\"name\":\"Antonio Silva participa de encontro com Hamilton Mour\u00e3o - FIEAM\",\"isPartOf\":{\"@id\":\"https:\/\/fieam.org.br\/fieam\/#website\"},\"primaryImageOfPage\":{\"@id\":\"https:\/\/fieam.org.br\/fieam\/antonio-silva-participa-de-encontro-com-hamilton-mourao\/#primaryimage\"},\"image\":{\"@id\":\"https:\/\/fieam.org.br\/fieam\/antonio-silva-participa-de-encontro-com-hamilton-mourao\/#primaryimage\"},\"thumbnailUrl\":\"\",\"datePublished\":\"2020-11-05T14:30:07+00:00\",\"breadcrumb\":{\"@id\":\"https:\/\/fieam.org.br\/fieam\/antonio-silva-participa-de-encontro-com-hamilton-mourao\/#breadcrumb\"},\"inLanguage\":\"pt-BR\",\"potentialAction\":[{\"@type\":\"ReadAction\",\"target\":[\"https:\/\/fieam.org.br\/fieam\/antonio-silva-participa-de-encontro-com-hamilton-mourao\/\"]}]},{\"@type\":\"ImageObject\",\"inLanguage\":\"pt-BR\",\"@id\":\"https:\/\/fieam.org.br\/fieam\/antonio-silva-participa-de-encontro-com-hamilton-mourao\/#primaryimage\",\"url\":\"\",\"contentUrl\":\"\"},{\"@type\":\"BreadcrumbList\",\"@id\":\"https:\/\/fieam.org.br\/fieam\/antonio-silva-participa-de-encontro-com-hamilton-mourao\/#breadcrumb\",\"itemListElement\":[{\"@type\":\"ListItem\",\"position\":1,\"name\":\"In\u00edcio\",\"item\":\"https:\/\/fieam.org.br\/fieam\/\"},{\"@type\":\"ListItem\",\"position\":2,\"name\":\"Antonio Silva participa de encontro com Hamilton Mour\u00e3o\"}]},{\"@type\":\"WebSite\",\"@id\":\"https:\/\/fieam.org.br\/fieam\/#website\",\"url\":\"https:\/\/fieam.org.br\/fieam\/\",\"name\":\"FIEAM\",\"description\":\"Site Oficial!\",\"publisher\":{\"@id\":\"https:\/\/fieam.org.br\/fieam\/#organization\"},\"potentialAction\":[{\"@type\":\"SearchAction\",\"target\":{\"@type\":\"EntryPoint\",\"urlTemplate\":\"https:\/\/fieam.org.br\/fieam\/?s={search_term_string}\"},\"query-input\":{\"@type\":\"PropertyValueSpecification\",\"valueRequired\":true,\"valueName\":\"search_term_string\"}}],\"inLanguage\":\"pt-BR\"},{\"@type\":\"Organization\",\"@id\":\"https:\/\/fieam.org.br\/fieam\/#organization\",\"name\":\"FIEAM\",\"url\":\"https:\/\/fieam.org.br\/fieam\/\",\"logo\":{\"@type\":\"ImageObject\",\"inLanguage\":\"pt-BR\",\"@id\":\"https:\/\/fieam.org.br\/fieam\/#\/schema\/logo\/image\/\",\"url\":\"https:\/\/fieam.org.br\/fieam\/wp-content\/uploads\/sites\/9\/2024\/03\/cropped-fav.png\",\"contentUrl\":\"https:\/\/fieam.org.br\/fieam\/wp-content\/uploads\/sites\/9\/2024\/03\/cropped-fav.png\",\"width\":597,\"height\":598,\"caption\":\"FIEAM\"},\"image\":{\"@id\":\"https:\/\/fieam.org.br\/fieam\/#\/schema\/logo\/image\/\"}},{\"@type\":\"Person\",\"@id\":\"https:\/\/fieam.org.br\/fieam\/#\/schema\/person\/c1ceda8321521b291cee22da0a7d34be\",\"name\":\"Autor\",\"image\":{\"@type\":\"ImageObject\",\"inLanguage\":\"pt-BR\",\"@id\":\"https:\/\/fieam.org.br\/fieam\/#\/schema\/person\/image\/\",\"url\":\"https:\/\/secure.gravatar.com\/avatar\/3732c223e0e1fad69062a8f770955c9068d37b055204f310a0be18d4069fe380?s=96&d=mm&r=g\",\"contentUrl\":\"https:\/\/secure.gravatar.com\/avatar\/3732c223e0e1fad69062a8f770955c9068d37b055204f310a0be18d4069fe380?s=96&d=mm&r=g\",\"caption\":\"Autor\"},\"sameAs\":[\"https:\/\/marketingmassivo.com.br\"],\"url\":\"https:\/\/fieam.org.br\/fieam\/author\/admin\/\"}]}<\/script>\n<!-- \/ Yoast SEO plugin. -->","yoast_head_json":{"title":"Antonio Silva participa de encontro com Hamilton Mour\u00e3o - FIEAM","robots":{"index":"index","follow":"follow","max-snippet":"max-snippet:-1","max-image-preview":"max-image-preview:large","max-video-preview":"max-video-preview:-1"},"canonical":"https:\/\/fieam.org.br\/fieam\/antonio-silva-participa-de-encontro-com-hamilton-mourao\/","og_locale":"pt_BR","og_type":"article","og_title":"Antonio Silva participa de encontro com Hamilton Mour\u00e3o - FIEAM","og_description":"Em cerim\u00f4nia receptiva promovida pelo Governo do Amazonas, no Porto de Manaus, o presidente da Federa\u00e7\u00e3o das Ind\u00fastrias do Estado do Amazonas (FIEAM), Antonio Silva deu as boas-vindas ontem ao vice-presidente da Rep\u00fablica, general Hamilton Mour\u00e3o, que lidera comitiva de embaixadores e ministros de Estado da Uni\u00e3o Europeia e da Organiza\u00e7\u00e3o do Tratado de Coopera\u00e7\u00e3o [&hellip;]","og_url":"https:\/\/fieam.org.br\/fieam\/antonio-silva-participa-de-encontro-com-hamilton-mourao\/","og_site_name":"FIEAM","article_published_time":"2020-11-05T14:30:07+00:00","author":"Autor","twitter_card":"summary_large_image","twitter_misc":{"Escrito por":"Autor","Est. tempo de leitura":"1 minuto"},"schema":{"@context":"https:\/\/schema.org","@graph":[{"@type":"Article","@id":"https:\/\/fieam.org.br\/fieam\/antonio-silva-participa-de-encontro-com-hamilton-mourao\/#article","isPartOf":{"@id":"https:\/\/fieam.org.br\/fieam\/antonio-silva-participa-de-encontro-com-hamilton-mourao\/"},"author":{"name":"Autor","@id":"https:\/\/fieam.org.br\/fieam\/#\/schema\/person\/c1ceda8321521b291cee22da0a7d34be"},"headline":"Antonio Silva participa de encontro com Hamilton Mour\u00e3o","datePublished":"2020-11-05T14:30:07+00:00","mainEntityOfPage":{"@id":"https:\/\/fieam.org.br\/fieam\/antonio-silva-participa-de-encontro-com-hamilton-mourao\/"},"wordCount":195,"publisher":{"@id":"https:\/\/fieam.org.br\/fieam\/#organization"},"image":{"@id":"https:\/\/fieam.org.br\/fieam\/antonio-silva-participa-de-encontro-com-hamilton-mourao\/#primaryimage"},"thumbnailUrl":"","articleSection":["Banner Destaque","News","News Destaque"],"inLanguage":"pt-BR"},{"@type":"WebPage","@id":"https:\/\/fieam.org.br\/fieam\/antonio-silva-participa-de-encontro-com-hamilton-mourao\/","url":"https:\/\/fieam.org.br\/fieam\/antonio-silva-participa-de-encontro-com-hamilton-mourao\/","name":"Antonio Silva participa de encontro com Hamilton Mour\u00e3o - FIEAM","isPartOf":{"@id":"https:\/\/fieam.org.br\/fieam\/#website"},"primaryImageOfPage":{"@id":"https:\/\/fieam.org.br\/fieam\/antonio-silva-participa-de-encontro-com-hamilton-mourao\/#primaryimage"},"image":{"@id":"https:\/\/fieam.org.br\/fieam\/antonio-silva-participa-de-encontro-com-hamilton-mourao\/#primaryimage"},"thumbnailUrl":"","datePublished":"2020-11-05T14:30:07+00:00","breadcrumb":{"@id":"https:\/\/fieam.org.br\/fieam\/antonio-silva-participa-de-encontro-com-hamilton-mourao\/#breadcrumb"},"inLanguage":"pt-BR","potentialAction":[{"@type":"ReadAction","target":["https:\/\/fieam.org.br\/fieam\/antonio-silva-participa-de-encontro-com-hamilton-mourao\/"]}]},{"@type":"ImageObject","inLanguage":"pt-BR","@id":"https:\/\/fieam.org.br\/fieam\/antonio-silva-participa-de-encontro-com-hamilton-mourao\/#primaryimage","url":"","contentUrl":""},{"@type":"BreadcrumbList","@id":"https:\/\/fieam.org.br\/fieam\/antonio-silva-participa-de-encontro-com-hamilton-mourao\/#breadcrumb","itemListElement":[{"@type":"ListItem","position":1,"name":"In\u00edcio","item":"https:\/\/fieam.org.br\/fieam\/"},{"@type":"ListItem","position":2,"name":"Antonio Silva participa de encontro com Hamilton Mour\u00e3o"}]},{"@type":"WebSite","@id":"https:\/\/fieam.org.br\/fieam\/#website","url":"https:\/\/fieam.org.br\/fieam\/","name":"FIEAM","description":"Site Oficial!","publisher":{"@id":"https:\/\/fieam.org.br\/fieam\/#organization"},"potentialAction":[{"@type":"SearchAction","target":{"@type":"EntryPoint","urlTemplate":"https:\/\/fieam.org.br\/fieam\/?s={search_term_string}"},"query-input":{"@type":"PropertyValueSpecification","valueRequired":true,"valueName":"search_term_string"}}],"inLanguage":"pt-BR"},{"@type":"Organization","@id":"https:\/\/fieam.org.br\/fieam\/#organization","name":"FIEAM","url":"https:\/\/fieam.org.br\/fieam\/","logo":{"@type":"ImageObject","inLanguage":"pt-BR","@id":"https:\/\/fieam.org.br\/fieam\/#\/schema\/logo\/image\/","url":"https:\/\/fieam.org.br\/fieam\/wp-content\/uploads\/sites\/9\/2024\/03\/cropped-fav.png","contentUrl":"https:\/\/fieam.org.br\/fieam\/wp-content\/uploads\/sites\/9\/2024\/03\/cropped-fav.png","width":597,"height":598,"caption":"FIEAM"},"image":{"@id":"https:\/\/fieam.org.br\/fieam\/#\/schema\/logo\/image\/"}},{"@type":"Person","@id":"https:\/\/fieam.org.br\/fieam\/#\/schema\/person\/c1ceda8321521b291cee22da0a7d34be","name":"Autor","image":{"@type":"ImageObject","inLanguage":"pt-BR","@id":"https:\/\/fieam.org.br\/fieam\/#\/schema\/person\/image\/","url":"https:\/\/secure.gravatar.com\/avatar\/3732c223e0e1fad69062a8f770955c9068d37b055204f310a0be18d4069fe380?s=96&d=mm&r=g","contentUrl":"https:\/\/secure.gravatar.com\/avatar\/3732c223e0e1fad69062a8f770955c9068d37b055204f310a0be18d4069fe380?s=96&d=mm&r=g","caption":"Autor"},"sameAs":["https:\/\/marketingmassivo.com.br"],"url":"https:\/\/fieam.org.br\/fieam\/author\/admin\/"}]}},"_links":{"self":[{"href":"https:\/\/fieam.org.br\/fieam\/wp-json\/wp\/v2\/posts\/15021","targetHints":{"allow":["GET"]}}],"collection":[{"href":"https:\/\/fieam.org.br\/fieam\/wp-json\/wp\/v2\/posts"}],"about":[{"href":"https:\/\/fieam.org.br\/fieam\/wp-json\/wp\/v2\/types\/post"}],"author":[{"embeddable":true,"href":"https:\/\/fieam.org.br\/fieam\/wp-json\/wp\/v2\/users\/1"}],"replies":[{"embeddable":true,"href":"https:\/\/fieam.org.br\/fieam\/wp-json\/wp\/v2\/comments?post=15021"}],"version-history":[{"count":0,"href":"https:\/\/fieam.org.br\/fieam\/wp-json\/wp\/v2\/posts\/15021\/revisions"}],"wp:featuredmedia":[{"embeddable":true,"href":"https:\/\/fieam.org.br\/fieam\/wp-json\/"}],"wp:attachment":[{"href":"https:\/\/fieam.org.br\/fieam\/wp-json\/wp\/v2\/media?parent=15021"}],"wp:term":[{"taxonomy":"category","embeddable":true,"href":"https:\/\/fieam.org.br\/fieam\/wp-json\/wp\/v2\/categories?post=15021"},{"taxonomy":"post_tag","embeddable":true,"href":"https:\/\/fieam.org.br\/fieam\/wp-json\/wp\/v2\/tags?post=15021"}],"curies":[{"name":"wp","href":"https:\/\/api.w.org\/{rel}","templated":true}]}}