{"id":14631,"date":"2020-08-05T07:58:18","date_gmt":"2020-08-05T11:58:18","guid":{"rendered":"http:\/\/www.fieam.org.br\/fieam\/?p=14631"},"modified":"2020-08-05T07:58:18","modified_gmt":"2020-08-05T11:58:18","slug":"antonio-silva-reafirma-esforcos-para-destravar-crescimento-das-industrias","status":"publish","type":"post","link":"https:\/\/fieam.org.br\/fieam\/antonio-silva-reafirma-esforcos-para-destravar-crescimento-das-industrias\/","title":{"rendered":"Antonio Silva reafirma esfor\u00e7os para destravar crescimento das ind\u00fastrias"},"content":{"rendered":"<p>Em raz\u00e3o da pandemia de covid-19, a Federa\u00e7\u00e3o das Ind\u00fastrias do Estado do Amazonas (FIEAM) realizou na segunda-feira, 3, a primeira reuni\u00e3o presencial do ano de seu Conselho de Representantes, em clima comemorativo, pois na mesma data a entidade completou 60 anos. Na ocasi\u00e3o, o presidente da FIEAM, Antonio Silva, registrou o marco de atua\u00e7\u00e3o da institui\u00e7\u00e3o e parabenizou toda a diretoria da casa, representada pelos membros do Conselho, que tamb\u00e9m aprovou o relat\u00f3rio de atividades e o balan\u00e7o patrimonial do ano base de 2019.<\/p>\n<p><a href=\"http:\/\/www.fieam.org.br\/fieam\/wp-content\/uploads\/sites\/5\/2020\/08\/Primeira-reuni\u00e3o-do-Conselho-de-Representantes-da-FIEAM-em-2020.jpg\"><img fetchpriority=\"high\" decoding=\"async\" class=\"wp-image-14632 alignleft\" src=\"http:\/\/www.fieam.org.br\/fieam\/wp-content\/uploads\/sites\/5\/2020\/08\/Primeira-reuni\u00e3o-do-Conselho-de-Representantes-da-FIEAM-em-2020-1024x683.jpg\" alt=\"\" width=\"468\" height=\"312\" \/><\/a><\/p>\n<p>Presidente do Conselho de Representantes, Antonio Silva relatou as principais a\u00e7\u00f5es desenvolvidas pela diretoria ao longo do \u00faltimo ano, que teve in\u00edcio otimista, segundo ele, devido \u00e0 promessa de aprova\u00e7\u00e3o das reformas necess\u00e1rias para a recupera\u00e7\u00e3o da economia brasileira, perspectivas de melhora nas contas p\u00fablicas, queda no desemprego, retomada do investimento e crescimento econ\u00f4mico.<\/p>\n<p>\u201cEntretanto em 2019 houve demora na aprova\u00e7\u00e3o da reforma da Previd\u00eancia, aus\u00eancia da apresenta\u00e7\u00e3o no Congresso da reforma tribut\u00e1ria, al\u00e9m do surgimento de crises pol\u00edticas e cen\u00e1rio externo complicado, em fun\u00e7\u00e3o da guerra comercial entre Estados Unidos e China, e baixo crescimento econ\u00f4mico\u201d, enumerou o presidente da FIEAM. Mas, ponderou Silva, que tamb\u00e9m houve fatores positivos, como a queda da infla\u00e7\u00e3o, redu\u00e7\u00e3o da Selic, taxa b\u00e1sica de juros. \u201cApesar disso, a economia n\u00e3o cresceu como se esperava, os consumidores n\u00e3o compraram como se previa, nem as empresas investiram como seria necess\u00e1rio para gerar mais empregos\u201d, avaliou.<\/p>\n<p>A FIEAM esteve \u00e0 frente de v\u00e1rias a\u00e7\u00f5es, em diferentes setores, por meio de suas \u00e1reas de atua\u00e7\u00e3o, com destaque para o Departamento de Assist\u00eancia \u00e0 M\u00e9dia e Pequena Ind\u00fastria (Dampi), Comit\u00ea de Apoio ao Desenvolvimento do Agroneg\u00f3cio (Cadaam), Centro Internacional de Neg\u00f3cios (CIN), Centro de Incuba\u00e7\u00e3o e Desenvolvimento Empresarial (Cide), 27 sindicatos filiados, 53 representa\u00e7\u00f5es em conselhos e as 10 coordenadorias operacionais filiadas \u00e0 Federa\u00e7\u00e3o.<\/p>\n<p>\u201cMesmo com todas as dificuldades enfrentadas em 2019, o Sistema FIEAM, tamb\u00e9m composto por SESI, SENAI e IEL, deu continuidade as suas realiza\u00e7\u00f5es, sem esmorecimento e com f\u00e9 no futuro\u201d, disse Antonio Silva, ao acrescentar que a FIEAM, ciente de suas responsabilidades, continuar\u00e1 insistindo por melhores condi\u00e7\u00f5es de operacionaliza\u00e7\u00e3o \u00e0s f\u00e1bricas instaladas no Amazonas, para que tenham maior competitividade, com menor custo de produ\u00e7\u00e3o, moderniza\u00e7\u00e3o produtiva e elimina\u00e7\u00e3o dos entraves que prejudicam o desenvolvimento e crescimento socioecon\u00f4mico.<\/p>\n<p>A reuni\u00e3o contou com a presen\u00e7a do presidente do Centro da Ind\u00fastria do Estado do Amazonas (Cieam) e conselheiro representante do Sindicato da Ind\u00fastria de Aparelhos El\u00e9tricos, Eletr\u00f4nicos e Similares de Manaus, Wilson P\u00e9rico, e dos demais conselheiros representantes dos sindicatos. O encontro seguiu as recomenda\u00e7\u00f5es dos \u00f3rg\u00e3os fiscalizadores de sa\u00fade, com distanciamento e n\u00famero reduzido de participantes, aferi\u00e7\u00e3o de temperatura dos participantes da reuni\u00e3o, na entrada, que tamb\u00e9m contou com totem para higieniza\u00e7\u00e3o com \u00e1lcool em gel.<\/p>\n","protected":false},"excerpt":{"rendered":"<p>Em raz\u00e3o da pandemia de covid-19, a Federa\u00e7\u00e3o das Ind\u00fastrias do Estado do Amazonas (FIEAM) realizou na segunda-feira, 3, a primeira reuni\u00e3o presencial do ano de seu Conselho de Representantes, em clima comemorativo, pois na mesma data a entidade completou 60 anos. Na ocasi\u00e3o, o presidente da FIEAM, Antonio Silva, registrou o marco de atua\u00e7\u00e3o [&hellip;]<\/p>\n","protected":false},"author":1,"featured_media":14633,"comment_status":"closed","ping_status":"open","sticky":false,"template":"","format":"standard","meta":{"footnotes":""},"categories":[28,29,30],"tags":[],"class_list":["post-14631","post","type-post","status-publish","format-standard","has-post-thumbnail","hentry","category-banner-destaque","category-news","category-news_destaque"],"yoast_head":"<!-- This site is optimized with the Yoast SEO plugin v26.8 - https:\/\/yoast.com\/product\/yoast-seo-wordpress\/ -->\n<title>Antonio Silva reafirma esfor\u00e7os para destravar crescimento das ind\u00fastrias - FIEAM<\/title>\n<meta name=\"robots\" content=\"index, follow, max-snippet:-1, max-image-preview:large, max-video-preview:-1\" \/>\n<link rel=\"canonical\" href=\"https:\/\/fieam.org.br\/fieam\/antonio-silva-reafirma-esforcos-para-destravar-crescimento-das-industrias\/\" \/>\n<meta property=\"og:locale\" content=\"pt_BR\" \/>\n<meta property=\"og:type\" content=\"article\" \/>\n<meta property=\"og:title\" content=\"Antonio Silva reafirma esfor\u00e7os para destravar crescimento das ind\u00fastrias - FIEAM\" \/>\n<meta property=\"og:description\" content=\"Em raz\u00e3o da pandemia de covid-19, a Federa\u00e7\u00e3o das Ind\u00fastrias do Estado do Amazonas (FIEAM) realizou na segunda-feira, 3, a primeira reuni\u00e3o presencial do ano de seu Conselho de Representantes, em clima comemorativo, pois na mesma data a entidade completou 60 anos. Na ocasi\u00e3o, o presidente da FIEAM, Antonio Silva, registrou o marco de atua\u00e7\u00e3o [&hellip;]\" \/>\n<meta property=\"og:url\" content=\"https:\/\/fieam.org.br\/fieam\/antonio-silva-reafirma-esforcos-para-destravar-crescimento-das-industrias\/\" \/>\n<meta property=\"og:site_name\" content=\"FIEAM\" \/>\n<meta property=\"article:published_time\" content=\"2020-08-05T11:58:18+00:00\" \/>\n<meta name=\"author\" content=\"Autor\" \/>\n<meta name=\"twitter:card\" content=\"summary_large_image\" \/>\n<meta name=\"twitter:label1\" content=\"Escrito por\" \/>\n\t<meta name=\"twitter:data1\" content=\"Autor\" \/>\n\t<meta name=\"twitter:label2\" content=\"Est. tempo de leitura\" \/>\n\t<meta name=\"twitter:data2\" content=\"3 minutos\" \/>\n<script type=\"application\/ld+json\" class=\"yoast-schema-graph\">{\"@context\":\"https:\/\/schema.org\",\"@graph\":[{\"@type\":\"Article\",\"@id\":\"https:\/\/fieam.org.br\/fieam\/antonio-silva-reafirma-esforcos-para-destravar-crescimento-das-industrias\/#article\",\"isPartOf\":{\"@id\":\"https:\/\/fieam.org.br\/fieam\/antonio-silva-reafirma-esforcos-para-destravar-crescimento-das-industrias\/\"},\"author\":{\"name\":\"Autor\",\"@id\":\"https:\/\/fieam.org.br\/fieam\/#\/schema\/person\/c1ceda8321521b291cee22da0a7d34be\"},\"headline\":\"Antonio Silva reafirma esfor\u00e7os para destravar crescimento das ind\u00fastrias\",\"datePublished\":\"2020-08-05T11:58:18+00:00\",\"mainEntityOfPage\":{\"@id\":\"https:\/\/fieam.org.br\/fieam\/antonio-silva-reafirma-esforcos-para-destravar-crescimento-das-industrias\/\"},\"wordCount\":524,\"publisher\":{\"@id\":\"https:\/\/fieam.org.br\/fieam\/#organization\"},\"image\":{\"@id\":\"https:\/\/fieam.org.br\/fieam\/antonio-silva-reafirma-esforcos-para-destravar-crescimento-das-industrias\/#primaryimage\"},\"thumbnailUrl\":\"\",\"articleSection\":[\"Banner Destaque\",\"News\",\"News Destaque\"],\"inLanguage\":\"pt-BR\"},{\"@type\":\"WebPage\",\"@id\":\"https:\/\/fieam.org.br\/fieam\/antonio-silva-reafirma-esforcos-para-destravar-crescimento-das-industrias\/\",\"url\":\"https:\/\/fieam.org.br\/fieam\/antonio-silva-reafirma-esforcos-para-destravar-crescimento-das-industrias\/\",\"name\":\"Antonio Silva reafirma esfor\u00e7os para destravar crescimento das ind\u00fastrias - FIEAM\",\"isPartOf\":{\"@id\":\"https:\/\/fieam.org.br\/fieam\/#website\"},\"primaryImageOfPage\":{\"@id\":\"https:\/\/fieam.org.br\/fieam\/antonio-silva-reafirma-esforcos-para-destravar-crescimento-das-industrias\/#primaryimage\"},\"image\":{\"@id\":\"https:\/\/fieam.org.br\/fieam\/antonio-silva-reafirma-esforcos-para-destravar-crescimento-das-industrias\/#primaryimage\"},\"thumbnailUrl\":\"\",\"datePublished\":\"2020-08-05T11:58:18+00:00\",\"breadcrumb\":{\"@id\":\"https:\/\/fieam.org.br\/fieam\/antonio-silva-reafirma-esforcos-para-destravar-crescimento-das-industrias\/#breadcrumb\"},\"inLanguage\":\"pt-BR\",\"potentialAction\":[{\"@type\":\"ReadAction\",\"target\":[\"https:\/\/fieam.org.br\/fieam\/antonio-silva-reafirma-esforcos-para-destravar-crescimento-das-industrias\/\"]}]},{\"@type\":\"ImageObject\",\"inLanguage\":\"pt-BR\",\"@id\":\"https:\/\/fieam.org.br\/fieam\/antonio-silva-reafirma-esforcos-para-destravar-crescimento-das-industrias\/#primaryimage\",\"url\":\"\",\"contentUrl\":\"\"},{\"@type\":\"BreadcrumbList\",\"@id\":\"https:\/\/fieam.org.br\/fieam\/antonio-silva-reafirma-esforcos-para-destravar-crescimento-das-industrias\/#breadcrumb\",\"itemListElement\":[{\"@type\":\"ListItem\",\"position\":1,\"name\":\"In\u00edcio\",\"item\":\"https:\/\/fieam.org.br\/fieam\/\"},{\"@type\":\"ListItem\",\"position\":2,\"name\":\"Antonio Silva reafirma esfor\u00e7os para destravar crescimento das ind\u00fastrias\"}]},{\"@type\":\"WebSite\",\"@id\":\"https:\/\/fieam.org.br\/fieam\/#website\",\"url\":\"https:\/\/fieam.org.br\/fieam\/\",\"name\":\"FIEAM\",\"description\":\"Site Oficial!\",\"publisher\":{\"@id\":\"https:\/\/fieam.org.br\/fieam\/#organization\"},\"potentialAction\":[{\"@type\":\"SearchAction\",\"target\":{\"@type\":\"EntryPoint\",\"urlTemplate\":\"https:\/\/fieam.org.br\/fieam\/?s={search_term_string}\"},\"query-input\":{\"@type\":\"PropertyValueSpecification\",\"valueRequired\":true,\"valueName\":\"search_term_string\"}}],\"inLanguage\":\"pt-BR\"},{\"@type\":\"Organization\",\"@id\":\"https:\/\/fieam.org.br\/fieam\/#organization\",\"name\":\"FIEAM\",\"url\":\"https:\/\/fieam.org.br\/fieam\/\",\"logo\":{\"@type\":\"ImageObject\",\"inLanguage\":\"pt-BR\",\"@id\":\"https:\/\/fieam.org.br\/fieam\/#\/schema\/logo\/image\/\",\"url\":\"https:\/\/fieam.org.br\/fieam\/wp-content\/uploads\/sites\/9\/2024\/03\/cropped-fav.png\",\"contentUrl\":\"https:\/\/fieam.org.br\/fieam\/wp-content\/uploads\/sites\/9\/2024\/03\/cropped-fav.png\",\"width\":597,\"height\":598,\"caption\":\"FIEAM\"},\"image\":{\"@id\":\"https:\/\/fieam.org.br\/fieam\/#\/schema\/logo\/image\/\"}},{\"@type\":\"Person\",\"@id\":\"https:\/\/fieam.org.br\/fieam\/#\/schema\/person\/c1ceda8321521b291cee22da0a7d34be\",\"name\":\"Autor\",\"image\":{\"@type\":\"ImageObject\",\"inLanguage\":\"pt-BR\",\"@id\":\"https:\/\/fieam.org.br\/fieam\/#\/schema\/person\/image\/\",\"url\":\"https:\/\/secure.gravatar.com\/avatar\/3732c223e0e1fad69062a8f770955c9068d37b055204f310a0be18d4069fe380?s=96&d=mm&r=g\",\"contentUrl\":\"https:\/\/secure.gravatar.com\/avatar\/3732c223e0e1fad69062a8f770955c9068d37b055204f310a0be18d4069fe380?s=96&d=mm&r=g\",\"caption\":\"Autor\"},\"sameAs\":[\"https:\/\/marketingmassivo.com.br\"],\"url\":\"https:\/\/fieam.org.br\/fieam\/author\/admin\/\"}]}<\/script>\n<!-- \/ Yoast SEO plugin. -->","yoast_head_json":{"title":"Antonio Silva reafirma esfor\u00e7os para destravar crescimento das ind\u00fastrias - FIEAM","robots":{"index":"index","follow":"follow","max-snippet":"max-snippet:-1","max-image-preview":"max-image-preview:large","max-video-preview":"max-video-preview:-1"},"canonical":"https:\/\/fieam.org.br\/fieam\/antonio-silva-reafirma-esforcos-para-destravar-crescimento-das-industrias\/","og_locale":"pt_BR","og_type":"article","og_title":"Antonio Silva reafirma esfor\u00e7os para destravar crescimento das ind\u00fastrias - FIEAM","og_description":"Em raz\u00e3o da pandemia de covid-19, a Federa\u00e7\u00e3o das Ind\u00fastrias do Estado do Amazonas (FIEAM) realizou na segunda-feira, 3, a primeira reuni\u00e3o presencial do ano de seu Conselho de Representantes, em clima comemorativo, pois na mesma data a entidade completou 60 anos. Na ocasi\u00e3o, o presidente da FIEAM, Antonio Silva, registrou o marco de atua\u00e7\u00e3o [&hellip;]","og_url":"https:\/\/fieam.org.br\/fieam\/antonio-silva-reafirma-esforcos-para-destravar-crescimento-das-industrias\/","og_site_name":"FIEAM","article_published_time":"2020-08-05T11:58:18+00:00","author":"Autor","twitter_card":"summary_large_image","twitter_misc":{"Escrito por":"Autor","Est. tempo de leitura":"3 minutos"},"schema":{"@context":"https:\/\/schema.org","@graph":[{"@type":"Article","@id":"https:\/\/fieam.org.br\/fieam\/antonio-silva-reafirma-esforcos-para-destravar-crescimento-das-industrias\/#article","isPartOf":{"@id":"https:\/\/fieam.org.br\/fieam\/antonio-silva-reafirma-esforcos-para-destravar-crescimento-das-industrias\/"},"author":{"name":"Autor","@id":"https:\/\/fieam.org.br\/fieam\/#\/schema\/person\/c1ceda8321521b291cee22da0a7d34be"},"headline":"Antonio Silva reafirma esfor\u00e7os para destravar crescimento das ind\u00fastrias","datePublished":"2020-08-05T11:58:18+00:00","mainEntityOfPage":{"@id":"https:\/\/fieam.org.br\/fieam\/antonio-silva-reafirma-esforcos-para-destravar-crescimento-das-industrias\/"},"wordCount":524,"publisher":{"@id":"https:\/\/fieam.org.br\/fieam\/#organization"},"image":{"@id":"https:\/\/fieam.org.br\/fieam\/antonio-silva-reafirma-esforcos-para-destravar-crescimento-das-industrias\/#primaryimage"},"thumbnailUrl":"","articleSection":["Banner Destaque","News","News Destaque"],"inLanguage":"pt-BR"},{"@type":"WebPage","@id":"https:\/\/fieam.org.br\/fieam\/antonio-silva-reafirma-esforcos-para-destravar-crescimento-das-industrias\/","url":"https:\/\/fieam.org.br\/fieam\/antonio-silva-reafirma-esforcos-para-destravar-crescimento-das-industrias\/","name":"Antonio Silva reafirma esfor\u00e7os para destravar crescimento das ind\u00fastrias - FIEAM","isPartOf":{"@id":"https:\/\/fieam.org.br\/fieam\/#website"},"primaryImageOfPage":{"@id":"https:\/\/fieam.org.br\/fieam\/antonio-silva-reafirma-esforcos-para-destravar-crescimento-das-industrias\/#primaryimage"},"image":{"@id":"https:\/\/fieam.org.br\/fieam\/antonio-silva-reafirma-esforcos-para-destravar-crescimento-das-industrias\/#primaryimage"},"thumbnailUrl":"","datePublished":"2020-08-05T11:58:18+00:00","breadcrumb":{"@id":"https:\/\/fieam.org.br\/fieam\/antonio-silva-reafirma-esforcos-para-destravar-crescimento-das-industrias\/#breadcrumb"},"inLanguage":"pt-BR","potentialAction":[{"@type":"ReadAction","target":["https:\/\/fieam.org.br\/fieam\/antonio-silva-reafirma-esforcos-para-destravar-crescimento-das-industrias\/"]}]},{"@type":"ImageObject","inLanguage":"pt-BR","@id":"https:\/\/fieam.org.br\/fieam\/antonio-silva-reafirma-esforcos-para-destravar-crescimento-das-industrias\/#primaryimage","url":"","contentUrl":""},{"@type":"BreadcrumbList","@id":"https:\/\/fieam.org.br\/fieam\/antonio-silva-reafirma-esforcos-para-destravar-crescimento-das-industrias\/#breadcrumb","itemListElement":[{"@type":"ListItem","position":1,"name":"In\u00edcio","item":"https:\/\/fieam.org.br\/fieam\/"},{"@type":"ListItem","position":2,"name":"Antonio Silva reafirma esfor\u00e7os para destravar crescimento das ind\u00fastrias"}]},{"@type":"WebSite","@id":"https:\/\/fieam.org.br\/fieam\/#website","url":"https:\/\/fieam.org.br\/fieam\/","name":"FIEAM","description":"Site Oficial!","publisher":{"@id":"https:\/\/fieam.org.br\/fieam\/#organization"},"potentialAction":[{"@type":"SearchAction","target":{"@type":"EntryPoint","urlTemplate":"https:\/\/fieam.org.br\/fieam\/?s={search_term_string}"},"query-input":{"@type":"PropertyValueSpecification","valueRequired":true,"valueName":"search_term_string"}}],"inLanguage":"pt-BR"},{"@type":"Organization","@id":"https:\/\/fieam.org.br\/fieam\/#organization","name":"FIEAM","url":"https:\/\/fieam.org.br\/fieam\/","logo":{"@type":"ImageObject","inLanguage":"pt-BR","@id":"https:\/\/fieam.org.br\/fieam\/#\/schema\/logo\/image\/","url":"https:\/\/fieam.org.br\/fieam\/wp-content\/uploads\/sites\/9\/2024\/03\/cropped-fav.png","contentUrl":"https:\/\/fieam.org.br\/fieam\/wp-content\/uploads\/sites\/9\/2024\/03\/cropped-fav.png","width":597,"height":598,"caption":"FIEAM"},"image":{"@id":"https:\/\/fieam.org.br\/fieam\/#\/schema\/logo\/image\/"}},{"@type":"Person","@id":"https:\/\/fieam.org.br\/fieam\/#\/schema\/person\/c1ceda8321521b291cee22da0a7d34be","name":"Autor","image":{"@type":"ImageObject","inLanguage":"pt-BR","@id":"https:\/\/fieam.org.br\/fieam\/#\/schema\/person\/image\/","url":"https:\/\/secure.gravatar.com\/avatar\/3732c223e0e1fad69062a8f770955c9068d37b055204f310a0be18d4069fe380?s=96&d=mm&r=g","contentUrl":"https:\/\/secure.gravatar.com\/avatar\/3732c223e0e1fad69062a8f770955c9068d37b055204f310a0be18d4069fe380?s=96&d=mm&r=g","caption":"Autor"},"sameAs":["https:\/\/marketingmassivo.com.br"],"url":"https:\/\/fieam.org.br\/fieam\/author\/admin\/"}]}},"_links":{"self":[{"href":"https:\/\/fieam.org.br\/fieam\/wp-json\/wp\/v2\/posts\/14631","targetHints":{"allow":["GET"]}}],"collection":[{"href":"https:\/\/fieam.org.br\/fieam\/wp-json\/wp\/v2\/posts"}],"about":[{"href":"https:\/\/fieam.org.br\/fieam\/wp-json\/wp\/v2\/types\/post"}],"author":[{"embeddable":true,"href":"https:\/\/fieam.org.br\/fieam\/wp-json\/wp\/v2\/users\/1"}],"replies":[{"embeddable":true,"href":"https:\/\/fieam.org.br\/fieam\/wp-json\/wp\/v2\/comments?post=14631"}],"version-history":[{"count":0,"href":"https:\/\/fieam.org.br\/fieam\/wp-json\/wp\/v2\/posts\/14631\/revisions"}],"wp:featuredmedia":[{"embeddable":true,"href":"https:\/\/fieam.org.br\/fieam\/wp-json\/"}],"wp:attachment":[{"href":"https:\/\/fieam.org.br\/fieam\/wp-json\/wp\/v2\/media?parent=14631"}],"wp:term":[{"taxonomy":"category","embeddable":true,"href":"https:\/\/fieam.org.br\/fieam\/wp-json\/wp\/v2\/categories?post=14631"},{"taxonomy":"post_tag","embeddable":true,"href":"https:\/\/fieam.org.br\/fieam\/wp-json\/wp\/v2\/tags?post=14631"}],"curies":[{"name":"wp","href":"https:\/\/api.w.org\/{rel}","templated":true}]}}