{"id":14432,"date":"2020-05-28T19:32:15","date_gmt":"2020-05-28T23:32:15","guid":{"rendered":"http:\/\/www.fieam.org.br\/fieam\/?p=14432"},"modified":"2020-05-28T19:32:15","modified_gmt":"2020-05-28T23:32:15","slug":"agenda-legislativa-da-industria-reune-maioria-de-pautas-divergentes","status":"publish","type":"post","link":"https:\/\/fieam.org.br\/fieam\/agenda-legislativa-da-industria-reune-maioria-de-pautas-divergentes\/","title":{"rendered":"Agenda Legislativa da Ind\u00fastria re\u00fane maioria de pautas divergentes"},"content":{"rendered":"<p><a href=\"http:\/\/www.fieam.org.br\/fieam\/wp-content\/uploads\/sites\/5\/2020\/05\/Nosso-papel-e\u0301-estar-atentos-na-defesa-da-indu\u0301stria-do-Amazonas-diz-Antonio-Silva.jpg\"><img fetchpriority=\"high\" decoding=\"async\" class=\"wp-image-14433 alignright\" src=\"http:\/\/www.fieam.org.br\/fieam\/wp-content\/uploads\/sites\/5\/2020\/05\/Nosso-papel-e\u0301-estar-atentos-na-defesa-da-indu\u0301stria-do-Amazonas-diz-Antonio-Silva-1024x683.jpg\" alt=\"\" width=\"519\" height=\"346\" \/><\/a>A reforma tribut\u00e1ria \u00e9 o maior dos desafios que ter\u00e3o as lideran\u00e7as do Amazonas para tranquilizar os investidores e manter os empregos no Polo Industrial de Manaus, pelo menos os que suportarem as consequ\u00eancias do Covid-19. \u201cEssa \u00e9 a raz\u00e3o de a reforma ocupar um lugar t\u00e3o destacado na Agenda Legislativa da Ind\u00fastria do Amazonas 2020, junto com as amea\u00e7as de abertura comercial, com redu\u00e7\u00e3o do Imposto de Importa\u00e7\u00e3o para os bens de inform\u00e1tica, e os recorrentes ataques ao polo de concentrados local\u201d, diz o presidente da Federa\u00e7\u00e3o das Ind\u00fastrias do Estado do Amazonas (FIEAM), Antonio Silva.<\/p>\n<p>Lan\u00e7ada na sexta-feira (22), em conjunto, pela FIEAM e Centro da Ind\u00fastria do Estado do Amazonas (CIEAM), a Agenda, ao longo de 84 p\u00e1ginas, traz o posicionamento da ind\u00fastria em rela\u00e7\u00e3o \u00e0s proposi\u00e7\u00f5es que entraram na pauta ou permaneceram em tramita\u00e7\u00e3o na C\u00e2mara e no Senado, entre Projetos de Lei, Propostas de Emenda Constitucional e outras mat\u00e9rias envolvendo direta ou indiretamente o modelo Zona Franca de Manaus. \u201cO nosso papel \u00e9 estar atentos a qualquer movimento de ataque aos interesses da Ind\u00fastria do nosso Estado\u201d, diz Silva, ao adiantar que apenas 29% da pauta da Agenda est\u00e3o convergentes com esses interesses e em graus diversos.<\/p>\n<p>Logo no lan\u00e7amento, a Agenda foi enviada aos parlamentares e seus assessores e chefes de gabinete, por meio de todas as m\u00eddias digitais dispon\u00edveis. E a vers\u00e3o impressa tamb\u00e9m dever\u00e1 ser entregue aos mesmos destinat\u00e1rios assim que os trabalhos forem retomados e as sess\u00f5es no Congresso voltarem a ser presenciais.<\/p>\n<p><b>Observat\u00f3rio da ZFM<\/b><\/p>\n<p>Respons\u00e1vel pela montagem das Agendas, sempre com base nas proposi\u00e7\u00f5es apresentadas no ano anterior, Saleh Hamdeh, Rela\u00e7\u00f5es Institucionais e Governamentais da FIEAM\/CIEAM e coordenador do Observat\u00f3rio da ZFM em Bras\u00edlia, afirma que a bancada federal do Amazonas est\u00e1 comprometida e engajada com a agenda da ind\u00fastria. \u201cOs parlamentares n\u00e3o medem esfor\u00e7os no embate pol\u00edtico, exercendo um papel fundamental de protagonistas nas duas casas legislativas\u201d, afirma Hamdeh.<\/p>\n<p>De acordo com Saleh, o documento ajuda a Ind\u00fastria a planejar e organizar melhor as a\u00e7\u00f5es necess\u00e1rias na defesa do modelo Zona Franca de Manaus, o que n\u00e3o tem sido, segundo ele, uma tarefa f\u00e1cil. \u201cAcompanhamos junto \u00e0 bancada toda a movimenta\u00e7\u00e3o das proposi\u00e7\u00f5es catalogadas, e, em havendo alguma tramita\u00e7\u00e3o desfavor\u00e1vel, agimos com os parlamentares em busca de a\u00e7\u00f5es regimentais para contrapor\u201d, disse ele.<\/p>\n<p>Entre os resultados positivos da atua\u00e7\u00e3o parlamentar do Amazonas, em que os subs\u00eddios fornecidos pela Agenda foram fundamentais, Saleh Hamdeh destaca a aprova\u00e7\u00e3o do Projeto de Lei 10.160\/2018, transformado na Lei 13.799\/2019, que prorrogou os incentivos da Sudam (Superintend\u00eancia de Desenvolvimento da Amaz\u00f4nia) at\u00e9 2023.<\/p>\n<p>Para o consultor, hoje se est\u00e1 diante de um novo momento, diferente de tudo o que j\u00e1 est\u00e1vamos acostumados. \u201cE ainda n\u00e3o sabemos ao certo o que teremos daqui para a frente, mas a tend\u00eancia \u00e9 que as reformas estruturantes v\u00e3o continuar na pauta\u201d, disse.<\/p>\n<p><a href=\"http:\/\/www.fieam.org.br\/fieam\/wp-content\/uploads\/sites\/5\/2020\/05\/Saleh-Hamdeh-destaca-necessidade-de-reduc\u0327a\u0303o-da-depende\u0302ncia-tecnolo\u0301gica-de-outros-pai\u0301ses.jpeg\"><img decoding=\"async\" class=\"wp-image-14434 alignleft\" src=\"http:\/\/www.fieam.org.br\/fieam\/wp-content\/uploads\/sites\/5\/2020\/05\/Saleh-Hamdeh-destaca-necessidade-de-reduc\u0327a\u0303o-da-depende\u0302ncia-tecnolo\u0301gica-de-outros-pai\u0301ses-1024x779.jpeg\" alt=\"\" width=\"518\" height=\"395\" \/><\/a><\/p>\n<p>Na avalia\u00e7\u00e3o de Hamdeh, a Agenda Legislativa da Ind\u00fastria do Amazonas, historicamente, sempre foi preponderantemente reativa, sempre na defesa em rela\u00e7\u00e3o aos ataques ao modelo ZFM que, segundo ele, s\u00e3o constantes. Essa posi\u00e7\u00e3o, no Brasil p\u00f3s-Covid-19, ter\u00e1 que mudar. \u201cAcredito que o momento requer que tenhamos uma agenda mais propositiva, visando a melhoria da competitividade e perseguir uma menor depend\u00eancia tecnol\u00f3gica de outros pa\u00edses\u201d, disse ele.<\/p>\n<p>A pandemia, de acordo com Saleh Hamdeh, tornou evidente o descompasso em que se encontra parte da ind\u00fastria nacional, especialmente a ind\u00fastria de transforma\u00e7\u00e3o, resultado, segundo ele, do abandono da pol\u00edtica industrial brasileira. \u201cEntramos num processo de desindustrializa\u00e7\u00e3o e isso pode ser comprovado com os dados da participa\u00e7\u00e3o da ind\u00fastria no PIB, que chegou a 18,5% em 2008 e em 2019 estava em 10,4%\u201d.<\/p>\n<p>Para o consultor, todos os pa\u00edses perceberam, com a crise, a import\u00e2ncia de se ter uma ind\u00fastria forte, e a tend\u00eancia \u00e9 que esses pa\u00edses comecem a se fechar. \u201cMas, no Brasil, a agenda liberal da equipe econ\u00f4mica n\u00e3o est\u00e1 sens\u00edvel a isso, e continua direcionando todos os esfor\u00e7os ao fortalecimento do agroneg\u00f3cio, que tamb\u00e9m \u00e9 importante, mas entendemos que uma agenda mais diversificada seria o mais adequado para o pa\u00eds no momento\u201d, concluiu.<\/p>\n","protected":false},"excerpt":{"rendered":"<p>A reforma tribut\u00e1ria \u00e9 o maior dos desafios que ter\u00e3o as lideran\u00e7as do Amazonas para tranquilizar os investidores e manter os empregos no Polo Industrial de Manaus, pelo menos os que suportarem as consequ\u00eancias do Covid-19. \u201cEssa \u00e9 a raz\u00e3o de a reforma ocupar um lugar t\u00e3o destacado na Agenda Legislativa da Ind\u00fastria do Amazonas [&hellip;]<\/p>\n","protected":false},"author":1,"featured_media":14433,"comment_status":"closed","ping_status":"open","sticky":false,"template":"","format":"standard","meta":{"footnotes":""},"categories":[28,29,30],"tags":[],"class_list":["post-14432","post","type-post","status-publish","format-standard","has-post-thumbnail","hentry","category-banner-destaque","category-news","category-news_destaque"],"yoast_head":"<!-- This site is optimized with the Yoast SEO plugin v26.8 - https:\/\/yoast.com\/product\/yoast-seo-wordpress\/ -->\n<title>Agenda Legislativa da Ind\u00fastria re\u00fane maioria de pautas divergentes - FIEAM<\/title>\n<meta name=\"robots\" content=\"index, follow, max-snippet:-1, max-image-preview:large, max-video-preview:-1\" \/>\n<link rel=\"canonical\" href=\"https:\/\/fieam.org.br\/fieam\/agenda-legislativa-da-industria-reune-maioria-de-pautas-divergentes\/\" \/>\n<meta property=\"og:locale\" content=\"pt_BR\" \/>\n<meta property=\"og:type\" content=\"article\" \/>\n<meta property=\"og:title\" content=\"Agenda Legislativa da Ind\u00fastria re\u00fane maioria de pautas divergentes - FIEAM\" \/>\n<meta property=\"og:description\" content=\"A reforma tribut\u00e1ria \u00e9 o maior dos desafios que ter\u00e3o as lideran\u00e7as do Amazonas para tranquilizar os investidores e manter os empregos no Polo Industrial de Manaus, pelo menos os que suportarem as consequ\u00eancias do Covid-19. \u201cEssa \u00e9 a raz\u00e3o de a reforma ocupar um lugar t\u00e3o destacado na Agenda Legislativa da Ind\u00fastria do Amazonas [&hellip;]\" \/>\n<meta property=\"og:url\" content=\"https:\/\/fieam.org.br\/fieam\/agenda-legislativa-da-industria-reune-maioria-de-pautas-divergentes\/\" \/>\n<meta property=\"og:site_name\" content=\"FIEAM\" \/>\n<meta property=\"article:published_time\" content=\"2020-05-28T23:32:15+00:00\" \/>\n<meta name=\"author\" content=\"Autor\" \/>\n<meta name=\"twitter:card\" content=\"summary_large_image\" \/>\n<meta name=\"twitter:label1\" content=\"Escrito por\" \/>\n\t<meta name=\"twitter:data1\" content=\"Autor\" \/>\n\t<meta name=\"twitter:label2\" content=\"Est. tempo de leitura\" \/>\n\t<meta name=\"twitter:data2\" content=\"4 minutos\" \/>\n<script type=\"application\/ld+json\" class=\"yoast-schema-graph\">{\"@context\":\"https:\/\/schema.org\",\"@graph\":[{\"@type\":\"Article\",\"@id\":\"https:\/\/fieam.org.br\/fieam\/agenda-legislativa-da-industria-reune-maioria-de-pautas-divergentes\/#article\",\"isPartOf\":{\"@id\":\"https:\/\/fieam.org.br\/fieam\/agenda-legislativa-da-industria-reune-maioria-de-pautas-divergentes\/\"},\"author\":{\"name\":\"Autor\",\"@id\":\"https:\/\/fieam.org.br\/fieam\/#\/schema\/person\/c1ceda8321521b291cee22da0a7d34be\"},\"headline\":\"Agenda Legislativa da Ind\u00fastria re\u00fane maioria de pautas divergentes\",\"datePublished\":\"2020-05-28T23:32:15+00:00\",\"mainEntityOfPage\":{\"@id\":\"https:\/\/fieam.org.br\/fieam\/agenda-legislativa-da-industria-reune-maioria-de-pautas-divergentes\/\"},\"wordCount\":761,\"publisher\":{\"@id\":\"https:\/\/fieam.org.br\/fieam\/#organization\"},\"image\":{\"@id\":\"https:\/\/fieam.org.br\/fieam\/agenda-legislativa-da-industria-reune-maioria-de-pautas-divergentes\/#primaryimage\"},\"thumbnailUrl\":\"\",\"articleSection\":[\"Banner Destaque\",\"News\",\"News Destaque\"],\"inLanguage\":\"pt-BR\"},{\"@type\":\"WebPage\",\"@id\":\"https:\/\/fieam.org.br\/fieam\/agenda-legislativa-da-industria-reune-maioria-de-pautas-divergentes\/\",\"url\":\"https:\/\/fieam.org.br\/fieam\/agenda-legislativa-da-industria-reune-maioria-de-pautas-divergentes\/\",\"name\":\"Agenda Legislativa da Ind\u00fastria re\u00fane maioria de pautas divergentes - FIEAM\",\"isPartOf\":{\"@id\":\"https:\/\/fieam.org.br\/fieam\/#website\"},\"primaryImageOfPage\":{\"@id\":\"https:\/\/fieam.org.br\/fieam\/agenda-legislativa-da-industria-reune-maioria-de-pautas-divergentes\/#primaryimage\"},\"image\":{\"@id\":\"https:\/\/fieam.org.br\/fieam\/agenda-legislativa-da-industria-reune-maioria-de-pautas-divergentes\/#primaryimage\"},\"thumbnailUrl\":\"\",\"datePublished\":\"2020-05-28T23:32:15+00:00\",\"breadcrumb\":{\"@id\":\"https:\/\/fieam.org.br\/fieam\/agenda-legislativa-da-industria-reune-maioria-de-pautas-divergentes\/#breadcrumb\"},\"inLanguage\":\"pt-BR\",\"potentialAction\":[{\"@type\":\"ReadAction\",\"target\":[\"https:\/\/fieam.org.br\/fieam\/agenda-legislativa-da-industria-reune-maioria-de-pautas-divergentes\/\"]}]},{\"@type\":\"ImageObject\",\"inLanguage\":\"pt-BR\",\"@id\":\"https:\/\/fieam.org.br\/fieam\/agenda-legislativa-da-industria-reune-maioria-de-pautas-divergentes\/#primaryimage\",\"url\":\"\",\"contentUrl\":\"\"},{\"@type\":\"BreadcrumbList\",\"@id\":\"https:\/\/fieam.org.br\/fieam\/agenda-legislativa-da-industria-reune-maioria-de-pautas-divergentes\/#breadcrumb\",\"itemListElement\":[{\"@type\":\"ListItem\",\"position\":1,\"name\":\"In\u00edcio\",\"item\":\"https:\/\/fieam.org.br\/fieam\/\"},{\"@type\":\"ListItem\",\"position\":2,\"name\":\"Agenda Legislativa da Ind\u00fastria re\u00fane maioria de pautas divergentes\"}]},{\"@type\":\"WebSite\",\"@id\":\"https:\/\/fieam.org.br\/fieam\/#website\",\"url\":\"https:\/\/fieam.org.br\/fieam\/\",\"name\":\"FIEAM\",\"description\":\"Site Oficial!\",\"publisher\":{\"@id\":\"https:\/\/fieam.org.br\/fieam\/#organization\"},\"potentialAction\":[{\"@type\":\"SearchAction\",\"target\":{\"@type\":\"EntryPoint\",\"urlTemplate\":\"https:\/\/fieam.org.br\/fieam\/?s={search_term_string}\"},\"query-input\":{\"@type\":\"PropertyValueSpecification\",\"valueRequired\":true,\"valueName\":\"search_term_string\"}}],\"inLanguage\":\"pt-BR\"},{\"@type\":\"Organization\",\"@id\":\"https:\/\/fieam.org.br\/fieam\/#organization\",\"name\":\"FIEAM\",\"url\":\"https:\/\/fieam.org.br\/fieam\/\",\"logo\":{\"@type\":\"ImageObject\",\"inLanguage\":\"pt-BR\",\"@id\":\"https:\/\/fieam.org.br\/fieam\/#\/schema\/logo\/image\/\",\"url\":\"https:\/\/fieam.org.br\/fieam\/wp-content\/uploads\/sites\/9\/2024\/03\/cropped-fav.png\",\"contentUrl\":\"https:\/\/fieam.org.br\/fieam\/wp-content\/uploads\/sites\/9\/2024\/03\/cropped-fav.png\",\"width\":597,\"height\":598,\"caption\":\"FIEAM\"},\"image\":{\"@id\":\"https:\/\/fieam.org.br\/fieam\/#\/schema\/logo\/image\/\"}},{\"@type\":\"Person\",\"@id\":\"https:\/\/fieam.org.br\/fieam\/#\/schema\/person\/c1ceda8321521b291cee22da0a7d34be\",\"name\":\"Autor\",\"image\":{\"@type\":\"ImageObject\",\"inLanguage\":\"pt-BR\",\"@id\":\"https:\/\/fieam.org.br\/fieam\/#\/schema\/person\/image\/\",\"url\":\"https:\/\/secure.gravatar.com\/avatar\/3732c223e0e1fad69062a8f770955c9068d37b055204f310a0be18d4069fe380?s=96&d=mm&r=g\",\"contentUrl\":\"https:\/\/secure.gravatar.com\/avatar\/3732c223e0e1fad69062a8f770955c9068d37b055204f310a0be18d4069fe380?s=96&d=mm&r=g\",\"caption\":\"Autor\"},\"sameAs\":[\"https:\/\/marketingmassivo.com.br\"],\"url\":\"https:\/\/fieam.org.br\/fieam\/author\/admin\/\"}]}<\/script>\n<!-- \/ Yoast SEO plugin. -->","yoast_head_json":{"title":"Agenda Legislativa da Ind\u00fastria re\u00fane maioria de pautas divergentes - FIEAM","robots":{"index":"index","follow":"follow","max-snippet":"max-snippet:-1","max-image-preview":"max-image-preview:large","max-video-preview":"max-video-preview:-1"},"canonical":"https:\/\/fieam.org.br\/fieam\/agenda-legislativa-da-industria-reune-maioria-de-pautas-divergentes\/","og_locale":"pt_BR","og_type":"article","og_title":"Agenda Legislativa da Ind\u00fastria re\u00fane maioria de pautas divergentes - FIEAM","og_description":"A reforma tribut\u00e1ria \u00e9 o maior dos desafios que ter\u00e3o as lideran\u00e7as do Amazonas para tranquilizar os investidores e manter os empregos no Polo Industrial de Manaus, pelo menos os que suportarem as consequ\u00eancias do Covid-19. \u201cEssa \u00e9 a raz\u00e3o de a reforma ocupar um lugar t\u00e3o destacado na Agenda Legislativa da Ind\u00fastria do Amazonas [&hellip;]","og_url":"https:\/\/fieam.org.br\/fieam\/agenda-legislativa-da-industria-reune-maioria-de-pautas-divergentes\/","og_site_name":"FIEAM","article_published_time":"2020-05-28T23:32:15+00:00","author":"Autor","twitter_card":"summary_large_image","twitter_misc":{"Escrito por":"Autor","Est. tempo de leitura":"4 minutos"},"schema":{"@context":"https:\/\/schema.org","@graph":[{"@type":"Article","@id":"https:\/\/fieam.org.br\/fieam\/agenda-legislativa-da-industria-reune-maioria-de-pautas-divergentes\/#article","isPartOf":{"@id":"https:\/\/fieam.org.br\/fieam\/agenda-legislativa-da-industria-reune-maioria-de-pautas-divergentes\/"},"author":{"name":"Autor","@id":"https:\/\/fieam.org.br\/fieam\/#\/schema\/person\/c1ceda8321521b291cee22da0a7d34be"},"headline":"Agenda Legislativa da Ind\u00fastria re\u00fane maioria de pautas divergentes","datePublished":"2020-05-28T23:32:15+00:00","mainEntityOfPage":{"@id":"https:\/\/fieam.org.br\/fieam\/agenda-legislativa-da-industria-reune-maioria-de-pautas-divergentes\/"},"wordCount":761,"publisher":{"@id":"https:\/\/fieam.org.br\/fieam\/#organization"},"image":{"@id":"https:\/\/fieam.org.br\/fieam\/agenda-legislativa-da-industria-reune-maioria-de-pautas-divergentes\/#primaryimage"},"thumbnailUrl":"","articleSection":["Banner Destaque","News","News Destaque"],"inLanguage":"pt-BR"},{"@type":"WebPage","@id":"https:\/\/fieam.org.br\/fieam\/agenda-legislativa-da-industria-reune-maioria-de-pautas-divergentes\/","url":"https:\/\/fieam.org.br\/fieam\/agenda-legislativa-da-industria-reune-maioria-de-pautas-divergentes\/","name":"Agenda Legislativa da Ind\u00fastria re\u00fane maioria de pautas divergentes - FIEAM","isPartOf":{"@id":"https:\/\/fieam.org.br\/fieam\/#website"},"primaryImageOfPage":{"@id":"https:\/\/fieam.org.br\/fieam\/agenda-legislativa-da-industria-reune-maioria-de-pautas-divergentes\/#primaryimage"},"image":{"@id":"https:\/\/fieam.org.br\/fieam\/agenda-legislativa-da-industria-reune-maioria-de-pautas-divergentes\/#primaryimage"},"thumbnailUrl":"","datePublished":"2020-05-28T23:32:15+00:00","breadcrumb":{"@id":"https:\/\/fieam.org.br\/fieam\/agenda-legislativa-da-industria-reune-maioria-de-pautas-divergentes\/#breadcrumb"},"inLanguage":"pt-BR","potentialAction":[{"@type":"ReadAction","target":["https:\/\/fieam.org.br\/fieam\/agenda-legislativa-da-industria-reune-maioria-de-pautas-divergentes\/"]}]},{"@type":"ImageObject","inLanguage":"pt-BR","@id":"https:\/\/fieam.org.br\/fieam\/agenda-legislativa-da-industria-reune-maioria-de-pautas-divergentes\/#primaryimage","url":"","contentUrl":""},{"@type":"BreadcrumbList","@id":"https:\/\/fieam.org.br\/fieam\/agenda-legislativa-da-industria-reune-maioria-de-pautas-divergentes\/#breadcrumb","itemListElement":[{"@type":"ListItem","position":1,"name":"In\u00edcio","item":"https:\/\/fieam.org.br\/fieam\/"},{"@type":"ListItem","position":2,"name":"Agenda Legislativa da Ind\u00fastria re\u00fane maioria de pautas divergentes"}]},{"@type":"WebSite","@id":"https:\/\/fieam.org.br\/fieam\/#website","url":"https:\/\/fieam.org.br\/fieam\/","name":"FIEAM","description":"Site Oficial!","publisher":{"@id":"https:\/\/fieam.org.br\/fieam\/#organization"},"potentialAction":[{"@type":"SearchAction","target":{"@type":"EntryPoint","urlTemplate":"https:\/\/fieam.org.br\/fieam\/?s={search_term_string}"},"query-input":{"@type":"PropertyValueSpecification","valueRequired":true,"valueName":"search_term_string"}}],"inLanguage":"pt-BR"},{"@type":"Organization","@id":"https:\/\/fieam.org.br\/fieam\/#organization","name":"FIEAM","url":"https:\/\/fieam.org.br\/fieam\/","logo":{"@type":"ImageObject","inLanguage":"pt-BR","@id":"https:\/\/fieam.org.br\/fieam\/#\/schema\/logo\/image\/","url":"https:\/\/fieam.org.br\/fieam\/wp-content\/uploads\/sites\/9\/2024\/03\/cropped-fav.png","contentUrl":"https:\/\/fieam.org.br\/fieam\/wp-content\/uploads\/sites\/9\/2024\/03\/cropped-fav.png","width":597,"height":598,"caption":"FIEAM"},"image":{"@id":"https:\/\/fieam.org.br\/fieam\/#\/schema\/logo\/image\/"}},{"@type":"Person","@id":"https:\/\/fieam.org.br\/fieam\/#\/schema\/person\/c1ceda8321521b291cee22da0a7d34be","name":"Autor","image":{"@type":"ImageObject","inLanguage":"pt-BR","@id":"https:\/\/fieam.org.br\/fieam\/#\/schema\/person\/image\/","url":"https:\/\/secure.gravatar.com\/avatar\/3732c223e0e1fad69062a8f770955c9068d37b055204f310a0be18d4069fe380?s=96&d=mm&r=g","contentUrl":"https:\/\/secure.gravatar.com\/avatar\/3732c223e0e1fad69062a8f770955c9068d37b055204f310a0be18d4069fe380?s=96&d=mm&r=g","caption":"Autor"},"sameAs":["https:\/\/marketingmassivo.com.br"],"url":"https:\/\/fieam.org.br\/fieam\/author\/admin\/"}]}},"_links":{"self":[{"href":"https:\/\/fieam.org.br\/fieam\/wp-json\/wp\/v2\/posts\/14432","targetHints":{"allow":["GET"]}}],"collection":[{"href":"https:\/\/fieam.org.br\/fieam\/wp-json\/wp\/v2\/posts"}],"about":[{"href":"https:\/\/fieam.org.br\/fieam\/wp-json\/wp\/v2\/types\/post"}],"author":[{"embeddable":true,"href":"https:\/\/fieam.org.br\/fieam\/wp-json\/wp\/v2\/users\/1"}],"replies":[{"embeddable":true,"href":"https:\/\/fieam.org.br\/fieam\/wp-json\/wp\/v2\/comments?post=14432"}],"version-history":[{"count":0,"href":"https:\/\/fieam.org.br\/fieam\/wp-json\/wp\/v2\/posts\/14432\/revisions"}],"wp:featuredmedia":[{"embeddable":true,"href":"https:\/\/fieam.org.br\/fieam\/wp-json\/"}],"wp:attachment":[{"href":"https:\/\/fieam.org.br\/fieam\/wp-json\/wp\/v2\/media?parent=14432"}],"wp:term":[{"taxonomy":"category","embeddable":true,"href":"https:\/\/fieam.org.br\/fieam\/wp-json\/wp\/v2\/categories?post=14432"},{"taxonomy":"post_tag","embeddable":true,"href":"https:\/\/fieam.org.br\/fieam\/wp-json\/wp\/v2\/tags?post=14432"}],"curies":[{"name":"wp","href":"https:\/\/api.w.org\/{rel}","templated":true}]}}