{"id":13831,"date":"2020-01-22T16:58:12","date_gmt":"2020-01-22T20:58:12","guid":{"rendered":"http:\/\/www.fieam.org.br\/fieam\/?p=13831"},"modified":"2020-01-22T16:58:12","modified_gmt":"2020-01-22T20:58:12","slug":"ritta-haikal-ministra-curso-de-comunicacao-na-fieam","status":"publish","type":"post","link":"https:\/\/fieam.org.br\/fieam\/ritta-haikal-ministra-curso-de-comunicacao-na-fieam\/","title":{"rendered":"Ritta Haikal ministra curso de comunica\u00e7\u00e3o na FIEAM"},"content":{"rendered":"<p>H\u00e1 mais de tr\u00eas d\u00e9cadas contribuindo para o desenvolvimento da educa\u00e7\u00e3o no Amazonas e refer\u00eancia em sua \u00e1rea de atua\u00e7\u00e3o, a L\u00edngua Portuguesa, a professora Ritta Haikal, ministra no per\u00edodo de 27 a 31 de janeiro, na Federa\u00e7\u00e3o das Ind\u00fastrias do Estado do Amazonas (FIEAM) por meio do Departamento de Assist\u00eancia \u00e0 M\u00e9dia e Pequena Ind\u00fastria (DAMPI) o curso \u201cComunica\u00e7\u00e3o escrita em empresas\u201d, no hor\u00e1rio das 18h \u00e0s 22h.<\/p>\n<p>O curso tem o objetivo de capacitar os participantes para elabora\u00e7\u00e3o de textos claros, coesos e coerentes, que atendam \u00e0s necessidades comunicacionais da empresa.<\/p>\n<p>Haikal \u00e9 formada em contabilidade, tem licenciatura plena em L\u00edngua Portuguesa e L\u00edngua Inglesa e \u00e9 bacharel em direito pela Universidade Federal do Amazonas (UFAM). Ela j\u00e1 esteve \u00e0 frente da Secretaria Municipal do Meio Ambiente e foi revisora da Lei Org\u00e2nica do Munic\u00edpio de Manaus, assessora especial da Secretaria de Justi\u00e7a e assessora da Presid\u00eancia do Tribunal Regional Eleitoral (TER).<\/p>\n<p>Como professora de l\u00edngua portuguesa, Haikal tem lecionado em escolas da Seduc e Cemetro. J\u00e1 como professora de forma\u00e7\u00e3o jur\u00eddica, atua na Universidade Nilton Lins.<\/p>\n<p>O investimento do curso \u00e9 de R$ 490,00. O curso tem dura\u00e7\u00e3o de cinco dias, carga hor\u00e1ria de 20 horas, com direito a certifica\u00e7\u00e3o. Mais informa\u00e7\u00f5es pelos fones 3233-1013, 3233-5395 ou pelo endere\u00e7o <a href=\"http:\/\/www.fieam.org.br\/fieam\/para-voce\/\">www.fieam.org.br\/fieam\/para-voce\/<\/a>.<\/p>\n<p>&nbsp;<\/p>\n<p><strong>Conte\u00fado program\u00e1tico:<\/strong><\/p>\n<p>&nbsp;<\/p>\n<p>Ortografia: Acordo ortogr\u00e1fico de 1990<\/p>\n<p>1.1\u00a0\u00a0 Mudan\u00e7as no alfabeto<\/p>\n<p>1.2\u00a0\u00a0 Mudan\u00e7as nas regras de acentua\u00e7\u00e3o gr\u00e1fica<\/p>\n<p>1.3\u00a0\u00a0 Emprego do h\u00edfen<\/p>\n<p>1.3.1\u00a0 Nos compostos<\/p>\n<p>1.3.2\u00a0 Nas locu\u00e7\u00f5es<\/p>\n<p>1.3.3\u00a0 Nas forma\u00e7\u00f5es com prefixos<\/p>\n<p>1.3.4\u00a0 Nas forma\u00e7\u00f5es com sufixos<\/p>\n<p>1.4\u00a0\u00a0 Palavras que oferecem d\u00favidas quanto \u00e0 grafia<\/p>\n<p>1.5\u00a0\u00a0 Formas variantes ou palavras de dupla grafia<\/p>\n<p>&nbsp;<\/p>\n<p>Comunica\u00e7\u00e3o \u2013 Linguagem e a l\u00edngua<\/p>\n<p>2.1 Import\u00e2ncia da Comunica\u00e7\u00e3o<\/p>\n<p>2.2 Coes\u00e3o e Coer\u00eancia Textual<\/p>\n<p>2.3 Estereotipia e Modismos<\/p>\n<p>2.4 Problemas mais Comuns na Comunica\u00e7\u00e3o<\/p>\n<p>2.5 Os Lugares-Comuns e as Frases Feitas<\/p>\n<p>2.6 Grafia de Estrangeirismos<\/p>\n<p>2.7 Os V\u00edcios mais Comuns na Comunica\u00e7\u00e3o<\/p>\n<p>2.8 Abreviaturas e Siglas mais Utilizadas<\/p>\n<p>2.9 Express\u00f5es de uso a serem evitadas<\/p>\n<p>&nbsp;<\/p>\n<p>Sem\u00e2ntica da linguagem<\/p>\n<p>3.1 O Car\u00e1ter Plurissignificativo das Palavras<\/p>\n<p>3.2 Significa\u00e7\u00e3o das Palavras \u2013 Sin\u00f4nimos, Ant\u00f4nimos, Hom\u00f4nimos e Par\u00f4nimos<\/p>\n<p>&nbsp;<\/p>\n<p>Estrutura e qualidades de um texto empresarial<\/p>\n<p>4.1 Objetividade<\/p>\n<p>4.2 Clareza<\/p>\n<p>4.3 Concis\u00e3o<\/p>\n<p>4.4 Coer\u00eancia<\/p>\n<p>4.5 Corre\u00e7\u00e3o<\/p>\n<p>&nbsp;<\/p>\n<p>Avalia\u00e7\u00e3o do desempenho individual<\/p>\n","protected":false},"excerpt":{"rendered":"<p>H\u00e1 mais de tr\u00eas d\u00e9cadas contribuindo para o desenvolvimento da educa\u00e7\u00e3o no Amazonas e refer\u00eancia em sua \u00e1rea de atua\u00e7\u00e3o, a L\u00edngua Portuguesa, a professora Ritta Haikal, ministra no per\u00edodo de 27 a 31 de janeiro, na Federa\u00e7\u00e3o das Ind\u00fastrias do Estado do Amazonas (FIEAM) por meio do Departamento de Assist\u00eancia \u00e0 M\u00e9dia e Pequena [&hellip;]<\/p>\n","protected":false},"author":1,"featured_media":13832,"comment_status":"closed","ping_status":"open","sticky":false,"template":"","format":"standard","meta":{"footnotes":""},"categories":[28,30],"tags":[],"class_list":["post-13831","post","type-post","status-publish","format-standard","has-post-thumbnail","hentry","category-banner-destaque","category-news_destaque"],"yoast_head":"<!-- This site is optimized with the Yoast SEO plugin v26.8 - https:\/\/yoast.com\/product\/yoast-seo-wordpress\/ -->\n<title>Ritta Haikal ministra curso de comunica\u00e7\u00e3o na FIEAM - FIEAM<\/title>\n<meta name=\"robots\" content=\"index, follow, max-snippet:-1, max-image-preview:large, max-video-preview:-1\" \/>\n<link rel=\"canonical\" href=\"https:\/\/fieam.org.br\/fieam\/ritta-haikal-ministra-curso-de-comunicacao-na-fieam\/\" \/>\n<meta property=\"og:locale\" content=\"pt_BR\" \/>\n<meta property=\"og:type\" content=\"article\" \/>\n<meta property=\"og:title\" content=\"Ritta Haikal ministra curso de comunica\u00e7\u00e3o na FIEAM - FIEAM\" \/>\n<meta property=\"og:description\" content=\"H\u00e1 mais de tr\u00eas d\u00e9cadas contribuindo para o desenvolvimento da educa\u00e7\u00e3o no Amazonas e refer\u00eancia em sua \u00e1rea de atua\u00e7\u00e3o, a L\u00edngua Portuguesa, a professora Ritta Haikal, ministra no per\u00edodo de 27 a 31 de janeiro, na Federa\u00e7\u00e3o das Ind\u00fastrias do Estado do Amazonas (FIEAM) por meio do Departamento de Assist\u00eancia \u00e0 M\u00e9dia e Pequena [&hellip;]\" \/>\n<meta property=\"og:url\" content=\"https:\/\/fieam.org.br\/fieam\/ritta-haikal-ministra-curso-de-comunicacao-na-fieam\/\" \/>\n<meta property=\"og:site_name\" content=\"FIEAM\" \/>\n<meta property=\"article:published_time\" content=\"2020-01-22T20:58:12+00:00\" \/>\n<meta name=\"author\" content=\"Autor\" \/>\n<meta name=\"twitter:card\" content=\"summary_large_image\" \/>\n<meta name=\"twitter:label1\" content=\"Escrito por\" \/>\n\t<meta name=\"twitter:data1\" content=\"Autor\" \/>\n\t<meta name=\"twitter:label2\" content=\"Est. tempo de leitura\" \/>\n\t<meta name=\"twitter:data2\" content=\"2 minutos\" \/>\n<script type=\"application\/ld+json\" class=\"yoast-schema-graph\">{\"@context\":\"https:\/\/schema.org\",\"@graph\":[{\"@type\":\"Article\",\"@id\":\"https:\/\/fieam.org.br\/fieam\/ritta-haikal-ministra-curso-de-comunicacao-na-fieam\/#article\",\"isPartOf\":{\"@id\":\"https:\/\/fieam.org.br\/fieam\/ritta-haikal-ministra-curso-de-comunicacao-na-fieam\/\"},\"author\":{\"name\":\"Autor\",\"@id\":\"https:\/\/fieam.org.br\/fieam\/#\/schema\/person\/c1ceda8321521b291cee22da0a7d34be\"},\"headline\":\"Ritta Haikal ministra curso de comunica\u00e7\u00e3o na FIEAM\",\"datePublished\":\"2020-01-22T20:58:12+00:00\",\"mainEntityOfPage\":{\"@id\":\"https:\/\/fieam.org.br\/fieam\/ritta-haikal-ministra-curso-de-comunicacao-na-fieam\/\"},\"wordCount\":407,\"publisher\":{\"@id\":\"https:\/\/fieam.org.br\/fieam\/#organization\"},\"image\":{\"@id\":\"https:\/\/fieam.org.br\/fieam\/ritta-haikal-ministra-curso-de-comunicacao-na-fieam\/#primaryimage\"},\"thumbnailUrl\":\"\",\"articleSection\":[\"Banner Destaque\",\"News Destaque\"],\"inLanguage\":\"pt-BR\"},{\"@type\":\"WebPage\",\"@id\":\"https:\/\/fieam.org.br\/fieam\/ritta-haikal-ministra-curso-de-comunicacao-na-fieam\/\",\"url\":\"https:\/\/fieam.org.br\/fieam\/ritta-haikal-ministra-curso-de-comunicacao-na-fieam\/\",\"name\":\"Ritta Haikal ministra curso de comunica\u00e7\u00e3o na FIEAM - FIEAM\",\"isPartOf\":{\"@id\":\"https:\/\/fieam.org.br\/fieam\/#website\"},\"primaryImageOfPage\":{\"@id\":\"https:\/\/fieam.org.br\/fieam\/ritta-haikal-ministra-curso-de-comunicacao-na-fieam\/#primaryimage\"},\"image\":{\"@id\":\"https:\/\/fieam.org.br\/fieam\/ritta-haikal-ministra-curso-de-comunicacao-na-fieam\/#primaryimage\"},\"thumbnailUrl\":\"\",\"datePublished\":\"2020-01-22T20:58:12+00:00\",\"breadcrumb\":{\"@id\":\"https:\/\/fieam.org.br\/fieam\/ritta-haikal-ministra-curso-de-comunicacao-na-fieam\/#breadcrumb\"},\"inLanguage\":\"pt-BR\",\"potentialAction\":[{\"@type\":\"ReadAction\",\"target\":[\"https:\/\/fieam.org.br\/fieam\/ritta-haikal-ministra-curso-de-comunicacao-na-fieam\/\"]}]},{\"@type\":\"ImageObject\",\"inLanguage\":\"pt-BR\",\"@id\":\"https:\/\/fieam.org.br\/fieam\/ritta-haikal-ministra-curso-de-comunicacao-na-fieam\/#primaryimage\",\"url\":\"\",\"contentUrl\":\"\"},{\"@type\":\"BreadcrumbList\",\"@id\":\"https:\/\/fieam.org.br\/fieam\/ritta-haikal-ministra-curso-de-comunicacao-na-fieam\/#breadcrumb\",\"itemListElement\":[{\"@type\":\"ListItem\",\"position\":1,\"name\":\"In\u00edcio\",\"item\":\"https:\/\/fieam.org.br\/fieam\/\"},{\"@type\":\"ListItem\",\"position\":2,\"name\":\"Ritta Haikal ministra curso de comunica\u00e7\u00e3o na FIEAM\"}]},{\"@type\":\"WebSite\",\"@id\":\"https:\/\/fieam.org.br\/fieam\/#website\",\"url\":\"https:\/\/fieam.org.br\/fieam\/\",\"name\":\"FIEAM\",\"description\":\"Site Oficial!\",\"publisher\":{\"@id\":\"https:\/\/fieam.org.br\/fieam\/#organization\"},\"potentialAction\":[{\"@type\":\"SearchAction\",\"target\":{\"@type\":\"EntryPoint\",\"urlTemplate\":\"https:\/\/fieam.org.br\/fieam\/?s={search_term_string}\"},\"query-input\":{\"@type\":\"PropertyValueSpecification\",\"valueRequired\":true,\"valueName\":\"search_term_string\"}}],\"inLanguage\":\"pt-BR\"},{\"@type\":\"Organization\",\"@id\":\"https:\/\/fieam.org.br\/fieam\/#organization\",\"name\":\"FIEAM\",\"url\":\"https:\/\/fieam.org.br\/fieam\/\",\"logo\":{\"@type\":\"ImageObject\",\"inLanguage\":\"pt-BR\",\"@id\":\"https:\/\/fieam.org.br\/fieam\/#\/schema\/logo\/image\/\",\"url\":\"https:\/\/fieam.org.br\/fieam\/wp-content\/uploads\/sites\/9\/2024\/03\/cropped-fav.png\",\"contentUrl\":\"https:\/\/fieam.org.br\/fieam\/wp-content\/uploads\/sites\/9\/2024\/03\/cropped-fav.png\",\"width\":597,\"height\":598,\"caption\":\"FIEAM\"},\"image\":{\"@id\":\"https:\/\/fieam.org.br\/fieam\/#\/schema\/logo\/image\/\"}},{\"@type\":\"Person\",\"@id\":\"https:\/\/fieam.org.br\/fieam\/#\/schema\/person\/c1ceda8321521b291cee22da0a7d34be\",\"name\":\"Autor\",\"image\":{\"@type\":\"ImageObject\",\"inLanguage\":\"pt-BR\",\"@id\":\"https:\/\/fieam.org.br\/fieam\/#\/schema\/person\/image\/\",\"url\":\"https:\/\/secure.gravatar.com\/avatar\/3732c223e0e1fad69062a8f770955c9068d37b055204f310a0be18d4069fe380?s=96&d=mm&r=g\",\"contentUrl\":\"https:\/\/secure.gravatar.com\/avatar\/3732c223e0e1fad69062a8f770955c9068d37b055204f310a0be18d4069fe380?s=96&d=mm&r=g\",\"caption\":\"Autor\"},\"sameAs\":[\"https:\/\/marketingmassivo.com.br\"],\"url\":\"https:\/\/fieam.org.br\/fieam\/author\/admin\/\"}]}<\/script>\n<!-- \/ Yoast SEO plugin. -->","yoast_head_json":{"title":"Ritta Haikal ministra curso de comunica\u00e7\u00e3o na FIEAM - FIEAM","robots":{"index":"index","follow":"follow","max-snippet":"max-snippet:-1","max-image-preview":"max-image-preview:large","max-video-preview":"max-video-preview:-1"},"canonical":"https:\/\/fieam.org.br\/fieam\/ritta-haikal-ministra-curso-de-comunicacao-na-fieam\/","og_locale":"pt_BR","og_type":"article","og_title":"Ritta Haikal ministra curso de comunica\u00e7\u00e3o na FIEAM - FIEAM","og_description":"H\u00e1 mais de tr\u00eas d\u00e9cadas contribuindo para o desenvolvimento da educa\u00e7\u00e3o no Amazonas e refer\u00eancia em sua \u00e1rea de atua\u00e7\u00e3o, a L\u00edngua Portuguesa, a professora Ritta Haikal, ministra no per\u00edodo de 27 a 31 de janeiro, na Federa\u00e7\u00e3o das Ind\u00fastrias do Estado do Amazonas (FIEAM) por meio do Departamento de Assist\u00eancia \u00e0 M\u00e9dia e Pequena [&hellip;]","og_url":"https:\/\/fieam.org.br\/fieam\/ritta-haikal-ministra-curso-de-comunicacao-na-fieam\/","og_site_name":"FIEAM","article_published_time":"2020-01-22T20:58:12+00:00","author":"Autor","twitter_card":"summary_large_image","twitter_misc":{"Escrito por":"Autor","Est. tempo de leitura":"2 minutos"},"schema":{"@context":"https:\/\/schema.org","@graph":[{"@type":"Article","@id":"https:\/\/fieam.org.br\/fieam\/ritta-haikal-ministra-curso-de-comunicacao-na-fieam\/#article","isPartOf":{"@id":"https:\/\/fieam.org.br\/fieam\/ritta-haikal-ministra-curso-de-comunicacao-na-fieam\/"},"author":{"name":"Autor","@id":"https:\/\/fieam.org.br\/fieam\/#\/schema\/person\/c1ceda8321521b291cee22da0a7d34be"},"headline":"Ritta Haikal ministra curso de comunica\u00e7\u00e3o na FIEAM","datePublished":"2020-01-22T20:58:12+00:00","mainEntityOfPage":{"@id":"https:\/\/fieam.org.br\/fieam\/ritta-haikal-ministra-curso-de-comunicacao-na-fieam\/"},"wordCount":407,"publisher":{"@id":"https:\/\/fieam.org.br\/fieam\/#organization"},"image":{"@id":"https:\/\/fieam.org.br\/fieam\/ritta-haikal-ministra-curso-de-comunicacao-na-fieam\/#primaryimage"},"thumbnailUrl":"","articleSection":["Banner Destaque","News Destaque"],"inLanguage":"pt-BR"},{"@type":"WebPage","@id":"https:\/\/fieam.org.br\/fieam\/ritta-haikal-ministra-curso-de-comunicacao-na-fieam\/","url":"https:\/\/fieam.org.br\/fieam\/ritta-haikal-ministra-curso-de-comunicacao-na-fieam\/","name":"Ritta Haikal ministra curso de comunica\u00e7\u00e3o na FIEAM - FIEAM","isPartOf":{"@id":"https:\/\/fieam.org.br\/fieam\/#website"},"primaryImageOfPage":{"@id":"https:\/\/fieam.org.br\/fieam\/ritta-haikal-ministra-curso-de-comunicacao-na-fieam\/#primaryimage"},"image":{"@id":"https:\/\/fieam.org.br\/fieam\/ritta-haikal-ministra-curso-de-comunicacao-na-fieam\/#primaryimage"},"thumbnailUrl":"","datePublished":"2020-01-22T20:58:12+00:00","breadcrumb":{"@id":"https:\/\/fieam.org.br\/fieam\/ritta-haikal-ministra-curso-de-comunicacao-na-fieam\/#breadcrumb"},"inLanguage":"pt-BR","potentialAction":[{"@type":"ReadAction","target":["https:\/\/fieam.org.br\/fieam\/ritta-haikal-ministra-curso-de-comunicacao-na-fieam\/"]}]},{"@type":"ImageObject","inLanguage":"pt-BR","@id":"https:\/\/fieam.org.br\/fieam\/ritta-haikal-ministra-curso-de-comunicacao-na-fieam\/#primaryimage","url":"","contentUrl":""},{"@type":"BreadcrumbList","@id":"https:\/\/fieam.org.br\/fieam\/ritta-haikal-ministra-curso-de-comunicacao-na-fieam\/#breadcrumb","itemListElement":[{"@type":"ListItem","position":1,"name":"In\u00edcio","item":"https:\/\/fieam.org.br\/fieam\/"},{"@type":"ListItem","position":2,"name":"Ritta Haikal ministra curso de comunica\u00e7\u00e3o na FIEAM"}]},{"@type":"WebSite","@id":"https:\/\/fieam.org.br\/fieam\/#website","url":"https:\/\/fieam.org.br\/fieam\/","name":"FIEAM","description":"Site Oficial!","publisher":{"@id":"https:\/\/fieam.org.br\/fieam\/#organization"},"potentialAction":[{"@type":"SearchAction","target":{"@type":"EntryPoint","urlTemplate":"https:\/\/fieam.org.br\/fieam\/?s={search_term_string}"},"query-input":{"@type":"PropertyValueSpecification","valueRequired":true,"valueName":"search_term_string"}}],"inLanguage":"pt-BR"},{"@type":"Organization","@id":"https:\/\/fieam.org.br\/fieam\/#organization","name":"FIEAM","url":"https:\/\/fieam.org.br\/fieam\/","logo":{"@type":"ImageObject","inLanguage":"pt-BR","@id":"https:\/\/fieam.org.br\/fieam\/#\/schema\/logo\/image\/","url":"https:\/\/fieam.org.br\/fieam\/wp-content\/uploads\/sites\/9\/2024\/03\/cropped-fav.png","contentUrl":"https:\/\/fieam.org.br\/fieam\/wp-content\/uploads\/sites\/9\/2024\/03\/cropped-fav.png","width":597,"height":598,"caption":"FIEAM"},"image":{"@id":"https:\/\/fieam.org.br\/fieam\/#\/schema\/logo\/image\/"}},{"@type":"Person","@id":"https:\/\/fieam.org.br\/fieam\/#\/schema\/person\/c1ceda8321521b291cee22da0a7d34be","name":"Autor","image":{"@type":"ImageObject","inLanguage":"pt-BR","@id":"https:\/\/fieam.org.br\/fieam\/#\/schema\/person\/image\/","url":"https:\/\/secure.gravatar.com\/avatar\/3732c223e0e1fad69062a8f770955c9068d37b055204f310a0be18d4069fe380?s=96&d=mm&r=g","contentUrl":"https:\/\/secure.gravatar.com\/avatar\/3732c223e0e1fad69062a8f770955c9068d37b055204f310a0be18d4069fe380?s=96&d=mm&r=g","caption":"Autor"},"sameAs":["https:\/\/marketingmassivo.com.br"],"url":"https:\/\/fieam.org.br\/fieam\/author\/admin\/"}]}},"_links":{"self":[{"href":"https:\/\/fieam.org.br\/fieam\/wp-json\/wp\/v2\/posts\/13831","targetHints":{"allow":["GET"]}}],"collection":[{"href":"https:\/\/fieam.org.br\/fieam\/wp-json\/wp\/v2\/posts"}],"about":[{"href":"https:\/\/fieam.org.br\/fieam\/wp-json\/wp\/v2\/types\/post"}],"author":[{"embeddable":true,"href":"https:\/\/fieam.org.br\/fieam\/wp-json\/wp\/v2\/users\/1"}],"replies":[{"embeddable":true,"href":"https:\/\/fieam.org.br\/fieam\/wp-json\/wp\/v2\/comments?post=13831"}],"version-history":[{"count":0,"href":"https:\/\/fieam.org.br\/fieam\/wp-json\/wp\/v2\/posts\/13831\/revisions"}],"wp:featuredmedia":[{"embeddable":true,"href":"https:\/\/fieam.org.br\/fieam\/wp-json\/"}],"wp:attachment":[{"href":"https:\/\/fieam.org.br\/fieam\/wp-json\/wp\/v2\/media?parent=13831"}],"wp:term":[{"taxonomy":"category","embeddable":true,"href":"https:\/\/fieam.org.br\/fieam\/wp-json\/wp\/v2\/categories?post=13831"},{"taxonomy":"post_tag","embeddable":true,"href":"https:\/\/fieam.org.br\/fieam\/wp-json\/wp\/v2\/tags?post=13831"}],"curies":[{"name":"wp","href":"https:\/\/api.w.org\/{rel}","templated":true}]}}