{"id":13594,"date":"2019-11-25T07:53:48","date_gmt":"2019-11-25T11:53:48","guid":{"rendered":"http:\/\/www.fieam.org.br\/fieam\/?p=13594"},"modified":"2019-11-25T07:53:48","modified_gmt":"2019-11-25T11:53:48","slug":"forum-mundial-amazonia-21-e-apresentado-na-fieam","status":"publish","type":"post","link":"https:\/\/fieam.org.br\/fieam\/forum-mundial-amazonia-21-e-apresentado-na-fieam\/","title":{"rendered":"F\u00f3rum Mundial Amaz\u00f4nia +21 \u00e9 apresentado na FIEAM"},"content":{"rendered":"<p>Idealizado para pensar a Amaz\u00f4nia do s\u00e9culo XXI com foco no desenvolvimento sustent\u00e1vel da regi\u00e3o, o F\u00f3rum Amaz\u00f4nia +21, foi apresentado ontem, 21, em reuni\u00e3o na Federa\u00e7\u00e3o das Ind\u00fastrias do Estado do Amazonas (FIEAM). O projeto ser\u00e1 em maio de 2020 em Porto Velho (RO) e p\u00f5e em pauta temas globais, como: bioci\u00eancia, tecnologia e meio ambiente; inova\u00e7\u00e3o e desenvolvimento sustent\u00e1vel; al\u00e9m das economias criativa e circular.<\/p>\n<p><a href=\"http:\/\/www.fieam.org.br\/fieam\/wp-content\/uploads\/sites\/5\/2019\/11\/Diretor-t\u00e9cnico-da-Ag\u00eancia-de-Desenvolvimento-de-Porto-Velho-Armando-Moreira-Filho.jpg\"><img fetchpriority=\"high\" decoding=\"async\" class=\"wp-image-13596 alignleft\" src=\"http:\/\/www.fieam.org.br\/fieam\/wp-content\/uploads\/sites\/5\/2019\/11\/Diretor-t\u00e9cnico-da-Ag\u00eancia-de-Desenvolvimento-de-Porto-Velho-Armando-Moreira-Filho-1024x683.jpg\" alt=\"\" width=\"452\" height=\"301\" \/><\/a>A ideia apresentada pelo diretor t\u00e9cnico da Ag\u00eancia de Desenvolvimento de Porto Velho, Armando Moreira Filho, \u00e9 valorizar e integrar os noves pa\u00edses da regi\u00e3o amaz\u00f4nica, produzindo modelos sustent\u00e1veis para o desenvolvimento socioecon\u00f4mico. Para ele, \u00e9 not\u00f3rio que o Amazonas, assim como os outros estados como Par\u00e1, Acre e Amap\u00e1, produz muita ci\u00eancia e possui centros de pesquisas para produ\u00e7\u00e3o cientifica, por\u00e9m, em n\u00edvel de informa\u00e7\u00e3o, a Amaz\u00f4nia n\u00e3o est\u00e1 internalizada no pa\u00eds.<\/p>\n<p>\u201cManaus, por exemplo, tem produ\u00e7\u00e3o cient\u00edfica muito interessante, mas quando a gente vai levantar informa\u00e7\u00f5es, 80% do que se fala sobre Amaz\u00f4nia n\u00e3o est\u00e1 internalizado no pa\u00eds, \u00e9 produzido fora, nas universidades ou nos centros de pesquisa de todo o mundo. Temos acesso a 20% do que \u00e9 produzido, com tradu\u00e7\u00e3o para o portugu\u00eas, portanto a grande maioria do conhecimento cient\u00edfico n\u00e3o est\u00e1 aqui\u201d, ressaltou Moreira, ao acrescentar que da\u00ed surge o Amazonas +21.<\/p>\n<p>Com tr\u00eas dias de palestras, debates, oficinas e cases de sucesso, o Amaz\u00f4nia +21 quer, segundo Moreira, elevar o patamar de discuss\u00e3o sobre a regi\u00e3o amaz\u00f4nica. Com isso, \u00e9 preciso diversificar a matriz econ\u00f4mica do Amazonas que, apesar do not\u00f3rio valor da Zona Franca de Manaus (ZFM), precisa criar novas alternativas para gerar riquezas aqui al\u00e9m dela.<\/p>\n<p>A proposta levantada pelo diretor t\u00e9cnico da Ag\u00eancia de Desenvolvimento de Porto Velho, Armando Moreira Filho, foi defendida pelo vice-presidente da FIEAM, Nelson Azevedo, como necess\u00e1ria\u00a0 para unificar o que j\u00e1 existe e agregar na matriz econ\u00f4mica do Amazonas e do pa\u00eds como um todo.<a href=\"http:\/\/www.fieam.org.br\/fieam\/wp-content\/uploads\/sites\/5\/2019\/11\/Vice-presidente-da-FIEAM-Nelson-Azevedo-em-reuni\u00e3o-para-apresentar-Amaz\u00f4nia-21.jpeg\"><img decoding=\"async\" class=\"wp-image-13595 alignleft\" src=\"http:\/\/www.fieam.org.br\/fieam\/wp-content\/uploads\/sites\/5\/2019\/11\/Vice-presidente-da-FIEAM-Nelson-Azevedo-em-reuni\u00e3o-para-apresentar-Amaz\u00f4nia-21-1024x768.jpeg\" alt=\"\" width=\"452\" height=\"339\" \/><\/a><\/p>\n<p>\u201cEsse \u00e9 um evento do Brasil e da Amaz\u00f4nia, espero que no final a gente consiga encontrar v\u00e1rias estrat\u00e9gias junto aos grupos de estudos das universidades e dos demais colaboradores desse processo, para, al\u00e9m de apresentar uma proposta de matriz econ\u00f4mica para somar a ZFM, atingir e realizar o desenvolvimento sustent\u00e1vel tamb\u00e9m da regi\u00e3o\u201d, explicou ele.<\/p>\n<p>Os di\u00e1logos e a\u00e7\u00f5es presentes no evento est\u00e3o centrados, de acordo com Moreira, em quatro eixos tem\u00e1ticos: neg\u00f3cios sustent\u00e1veis, para gerar riqueza e renda em toda regi\u00e3o; ci\u00eancia e tecnologia, para fomentar e convergir \u00e0s pesquisas e estudos sobre a Amaz\u00f4nia; cultura, sociedade, meio ambiente e diversidade, para valorizar e comunicar sobre as culturas amaz\u00f4nicas; al\u00e9m do mapeamento e amplia\u00e7\u00e3o dos fundos para projetos e empreendimentos sustent\u00e1veis.<\/p>\n<p>A proposta da Ag\u00eancia de Desenvolvimento de Porto Velho, realizadora do f\u00f3rum, \u00e9 que seja feita a materializa\u00e7\u00e3o de um f\u00f3rum internacional permanente de di\u00e1logos, em favor da busca e fortalecimento de uma identidade cultural e econ\u00f4mica com novos modelos de desenvolvimento regional sustent\u00e1veis para a regi\u00e3o amaz\u00f4nica, em car\u00e1ter nacional e internacional.<\/p>\n","protected":false},"excerpt":{"rendered":"<p>Idealizado para pensar a Amaz\u00f4nia do s\u00e9culo XXI com foco no desenvolvimento sustent\u00e1vel da regi\u00e3o, o F\u00f3rum Amaz\u00f4nia +21, foi apresentado ontem, 21, em reuni\u00e3o na Federa\u00e7\u00e3o das Ind\u00fastrias do Estado do Amazonas (FIEAM). O projeto ser\u00e1 em maio de 2020 em Porto Velho (RO) e p\u00f5e em pauta temas globais, como: bioci\u00eancia, tecnologia e [&hellip;]<\/p>\n","protected":false},"author":1,"featured_media":13595,"comment_status":"closed","ping_status":"open","sticky":false,"template":"","format":"standard","meta":{"footnotes":""},"categories":[28,29,30],"tags":[],"class_list":["post-13594","post","type-post","status-publish","format-standard","has-post-thumbnail","hentry","category-banner-destaque","category-news","category-news_destaque"],"yoast_head":"<!-- This site is optimized with the Yoast SEO plugin v26.8 - https:\/\/yoast.com\/product\/yoast-seo-wordpress\/ -->\n<title>F\u00f3rum Mundial Amaz\u00f4nia +21 \u00e9 apresentado na FIEAM - FIEAM<\/title>\n<meta name=\"robots\" content=\"index, follow, max-snippet:-1, max-image-preview:large, max-video-preview:-1\" \/>\n<link rel=\"canonical\" href=\"https:\/\/fieam.org.br\/fieam\/forum-mundial-amazonia-21-e-apresentado-na-fieam\/\" \/>\n<meta property=\"og:locale\" content=\"pt_BR\" \/>\n<meta property=\"og:type\" content=\"article\" \/>\n<meta property=\"og:title\" content=\"F\u00f3rum Mundial Amaz\u00f4nia +21 \u00e9 apresentado na FIEAM - FIEAM\" \/>\n<meta property=\"og:description\" content=\"Idealizado para pensar a Amaz\u00f4nia do s\u00e9culo XXI com foco no desenvolvimento sustent\u00e1vel da regi\u00e3o, o F\u00f3rum Amaz\u00f4nia +21, foi apresentado ontem, 21, em reuni\u00e3o na Federa\u00e7\u00e3o das Ind\u00fastrias do Estado do Amazonas (FIEAM). O projeto ser\u00e1 em maio de 2020 em Porto Velho (RO) e p\u00f5e em pauta temas globais, como: bioci\u00eancia, tecnologia e [&hellip;]\" \/>\n<meta property=\"og:url\" content=\"https:\/\/fieam.org.br\/fieam\/forum-mundial-amazonia-21-e-apresentado-na-fieam\/\" \/>\n<meta property=\"og:site_name\" content=\"FIEAM\" \/>\n<meta property=\"article:published_time\" content=\"2019-11-25T11:53:48+00:00\" \/>\n<meta name=\"author\" content=\"Autor\" \/>\n<meta name=\"twitter:card\" content=\"summary_large_image\" \/>\n<meta name=\"twitter:label1\" content=\"Escrito por\" \/>\n\t<meta name=\"twitter:data1\" content=\"Autor\" \/>\n\t<meta name=\"twitter:label2\" content=\"Est. tempo de leitura\" \/>\n\t<meta name=\"twitter:data2\" content=\"3 minutos\" \/>\n<script type=\"application\/ld+json\" class=\"yoast-schema-graph\">{\"@context\":\"https:\/\/schema.org\",\"@graph\":[{\"@type\":\"Article\",\"@id\":\"https:\/\/fieam.org.br\/fieam\/forum-mundial-amazonia-21-e-apresentado-na-fieam\/#article\",\"isPartOf\":{\"@id\":\"https:\/\/fieam.org.br\/fieam\/forum-mundial-amazonia-21-e-apresentado-na-fieam\/\"},\"author\":{\"name\":\"Autor\",\"@id\":\"https:\/\/fieam.org.br\/fieam\/#\/schema\/person\/c1ceda8321521b291cee22da0a7d34be\"},\"headline\":\"F\u00f3rum Mundial Amaz\u00f4nia +21 \u00e9 apresentado na FIEAM\",\"datePublished\":\"2019-11-25T11:53:48+00:00\",\"mainEntityOfPage\":{\"@id\":\"https:\/\/fieam.org.br\/fieam\/forum-mundial-amazonia-21-e-apresentado-na-fieam\/\"},\"wordCount\":570,\"publisher\":{\"@id\":\"https:\/\/fieam.org.br\/fieam\/#organization\"},\"image\":{\"@id\":\"https:\/\/fieam.org.br\/fieam\/forum-mundial-amazonia-21-e-apresentado-na-fieam\/#primaryimage\"},\"thumbnailUrl\":\"\",\"articleSection\":[\"Banner Destaque\",\"News\",\"News Destaque\"],\"inLanguage\":\"pt-BR\"},{\"@type\":\"WebPage\",\"@id\":\"https:\/\/fieam.org.br\/fieam\/forum-mundial-amazonia-21-e-apresentado-na-fieam\/\",\"url\":\"https:\/\/fieam.org.br\/fieam\/forum-mundial-amazonia-21-e-apresentado-na-fieam\/\",\"name\":\"F\u00f3rum Mundial Amaz\u00f4nia +21 \u00e9 apresentado na FIEAM - FIEAM\",\"isPartOf\":{\"@id\":\"https:\/\/fieam.org.br\/fieam\/#website\"},\"primaryImageOfPage\":{\"@id\":\"https:\/\/fieam.org.br\/fieam\/forum-mundial-amazonia-21-e-apresentado-na-fieam\/#primaryimage\"},\"image\":{\"@id\":\"https:\/\/fieam.org.br\/fieam\/forum-mundial-amazonia-21-e-apresentado-na-fieam\/#primaryimage\"},\"thumbnailUrl\":\"\",\"datePublished\":\"2019-11-25T11:53:48+00:00\",\"breadcrumb\":{\"@id\":\"https:\/\/fieam.org.br\/fieam\/forum-mundial-amazonia-21-e-apresentado-na-fieam\/#breadcrumb\"},\"inLanguage\":\"pt-BR\",\"potentialAction\":[{\"@type\":\"ReadAction\",\"target\":[\"https:\/\/fieam.org.br\/fieam\/forum-mundial-amazonia-21-e-apresentado-na-fieam\/\"]}]},{\"@type\":\"ImageObject\",\"inLanguage\":\"pt-BR\",\"@id\":\"https:\/\/fieam.org.br\/fieam\/forum-mundial-amazonia-21-e-apresentado-na-fieam\/#primaryimage\",\"url\":\"\",\"contentUrl\":\"\"},{\"@type\":\"BreadcrumbList\",\"@id\":\"https:\/\/fieam.org.br\/fieam\/forum-mundial-amazonia-21-e-apresentado-na-fieam\/#breadcrumb\",\"itemListElement\":[{\"@type\":\"ListItem\",\"position\":1,\"name\":\"In\u00edcio\",\"item\":\"https:\/\/fieam.org.br\/fieam\/\"},{\"@type\":\"ListItem\",\"position\":2,\"name\":\"F\u00f3rum Mundial Amaz\u00f4nia +21 \u00e9 apresentado na FIEAM\"}]},{\"@type\":\"WebSite\",\"@id\":\"https:\/\/fieam.org.br\/fieam\/#website\",\"url\":\"https:\/\/fieam.org.br\/fieam\/\",\"name\":\"FIEAM\",\"description\":\"Site Oficial!\",\"publisher\":{\"@id\":\"https:\/\/fieam.org.br\/fieam\/#organization\"},\"potentialAction\":[{\"@type\":\"SearchAction\",\"target\":{\"@type\":\"EntryPoint\",\"urlTemplate\":\"https:\/\/fieam.org.br\/fieam\/?s={search_term_string}\"},\"query-input\":{\"@type\":\"PropertyValueSpecification\",\"valueRequired\":true,\"valueName\":\"search_term_string\"}}],\"inLanguage\":\"pt-BR\"},{\"@type\":\"Organization\",\"@id\":\"https:\/\/fieam.org.br\/fieam\/#organization\",\"name\":\"FIEAM\",\"url\":\"https:\/\/fieam.org.br\/fieam\/\",\"logo\":{\"@type\":\"ImageObject\",\"inLanguage\":\"pt-BR\",\"@id\":\"https:\/\/fieam.org.br\/fieam\/#\/schema\/logo\/image\/\",\"url\":\"https:\/\/fieam.org.br\/fieam\/wp-content\/uploads\/sites\/9\/2024\/03\/cropped-fav.png\",\"contentUrl\":\"https:\/\/fieam.org.br\/fieam\/wp-content\/uploads\/sites\/9\/2024\/03\/cropped-fav.png\",\"width\":597,\"height\":598,\"caption\":\"FIEAM\"},\"image\":{\"@id\":\"https:\/\/fieam.org.br\/fieam\/#\/schema\/logo\/image\/\"}},{\"@type\":\"Person\",\"@id\":\"https:\/\/fieam.org.br\/fieam\/#\/schema\/person\/c1ceda8321521b291cee22da0a7d34be\",\"name\":\"Autor\",\"image\":{\"@type\":\"ImageObject\",\"inLanguage\":\"pt-BR\",\"@id\":\"https:\/\/fieam.org.br\/fieam\/#\/schema\/person\/image\/\",\"url\":\"https:\/\/secure.gravatar.com\/avatar\/3732c223e0e1fad69062a8f770955c9068d37b055204f310a0be18d4069fe380?s=96&d=mm&r=g\",\"contentUrl\":\"https:\/\/secure.gravatar.com\/avatar\/3732c223e0e1fad69062a8f770955c9068d37b055204f310a0be18d4069fe380?s=96&d=mm&r=g\",\"caption\":\"Autor\"},\"sameAs\":[\"https:\/\/marketingmassivo.com.br\"],\"url\":\"https:\/\/fieam.org.br\/fieam\/author\/admin\/\"}]}<\/script>\n<!-- \/ Yoast SEO plugin. -->","yoast_head_json":{"title":"F\u00f3rum Mundial Amaz\u00f4nia +21 \u00e9 apresentado na FIEAM - FIEAM","robots":{"index":"index","follow":"follow","max-snippet":"max-snippet:-1","max-image-preview":"max-image-preview:large","max-video-preview":"max-video-preview:-1"},"canonical":"https:\/\/fieam.org.br\/fieam\/forum-mundial-amazonia-21-e-apresentado-na-fieam\/","og_locale":"pt_BR","og_type":"article","og_title":"F\u00f3rum Mundial Amaz\u00f4nia +21 \u00e9 apresentado na FIEAM - FIEAM","og_description":"Idealizado para pensar a Amaz\u00f4nia do s\u00e9culo XXI com foco no desenvolvimento sustent\u00e1vel da regi\u00e3o, o F\u00f3rum Amaz\u00f4nia +21, foi apresentado ontem, 21, em reuni\u00e3o na Federa\u00e7\u00e3o das Ind\u00fastrias do Estado do Amazonas (FIEAM). O projeto ser\u00e1 em maio de 2020 em Porto Velho (RO) e p\u00f5e em pauta temas globais, como: bioci\u00eancia, tecnologia e [&hellip;]","og_url":"https:\/\/fieam.org.br\/fieam\/forum-mundial-amazonia-21-e-apresentado-na-fieam\/","og_site_name":"FIEAM","article_published_time":"2019-11-25T11:53:48+00:00","author":"Autor","twitter_card":"summary_large_image","twitter_misc":{"Escrito por":"Autor","Est. tempo de leitura":"3 minutos"},"schema":{"@context":"https:\/\/schema.org","@graph":[{"@type":"Article","@id":"https:\/\/fieam.org.br\/fieam\/forum-mundial-amazonia-21-e-apresentado-na-fieam\/#article","isPartOf":{"@id":"https:\/\/fieam.org.br\/fieam\/forum-mundial-amazonia-21-e-apresentado-na-fieam\/"},"author":{"name":"Autor","@id":"https:\/\/fieam.org.br\/fieam\/#\/schema\/person\/c1ceda8321521b291cee22da0a7d34be"},"headline":"F\u00f3rum Mundial Amaz\u00f4nia +21 \u00e9 apresentado na FIEAM","datePublished":"2019-11-25T11:53:48+00:00","mainEntityOfPage":{"@id":"https:\/\/fieam.org.br\/fieam\/forum-mundial-amazonia-21-e-apresentado-na-fieam\/"},"wordCount":570,"publisher":{"@id":"https:\/\/fieam.org.br\/fieam\/#organization"},"image":{"@id":"https:\/\/fieam.org.br\/fieam\/forum-mundial-amazonia-21-e-apresentado-na-fieam\/#primaryimage"},"thumbnailUrl":"","articleSection":["Banner Destaque","News","News Destaque"],"inLanguage":"pt-BR"},{"@type":"WebPage","@id":"https:\/\/fieam.org.br\/fieam\/forum-mundial-amazonia-21-e-apresentado-na-fieam\/","url":"https:\/\/fieam.org.br\/fieam\/forum-mundial-amazonia-21-e-apresentado-na-fieam\/","name":"F\u00f3rum Mundial Amaz\u00f4nia +21 \u00e9 apresentado na FIEAM - FIEAM","isPartOf":{"@id":"https:\/\/fieam.org.br\/fieam\/#website"},"primaryImageOfPage":{"@id":"https:\/\/fieam.org.br\/fieam\/forum-mundial-amazonia-21-e-apresentado-na-fieam\/#primaryimage"},"image":{"@id":"https:\/\/fieam.org.br\/fieam\/forum-mundial-amazonia-21-e-apresentado-na-fieam\/#primaryimage"},"thumbnailUrl":"","datePublished":"2019-11-25T11:53:48+00:00","breadcrumb":{"@id":"https:\/\/fieam.org.br\/fieam\/forum-mundial-amazonia-21-e-apresentado-na-fieam\/#breadcrumb"},"inLanguage":"pt-BR","potentialAction":[{"@type":"ReadAction","target":["https:\/\/fieam.org.br\/fieam\/forum-mundial-amazonia-21-e-apresentado-na-fieam\/"]}]},{"@type":"ImageObject","inLanguage":"pt-BR","@id":"https:\/\/fieam.org.br\/fieam\/forum-mundial-amazonia-21-e-apresentado-na-fieam\/#primaryimage","url":"","contentUrl":""},{"@type":"BreadcrumbList","@id":"https:\/\/fieam.org.br\/fieam\/forum-mundial-amazonia-21-e-apresentado-na-fieam\/#breadcrumb","itemListElement":[{"@type":"ListItem","position":1,"name":"In\u00edcio","item":"https:\/\/fieam.org.br\/fieam\/"},{"@type":"ListItem","position":2,"name":"F\u00f3rum Mundial Amaz\u00f4nia +21 \u00e9 apresentado na FIEAM"}]},{"@type":"WebSite","@id":"https:\/\/fieam.org.br\/fieam\/#website","url":"https:\/\/fieam.org.br\/fieam\/","name":"FIEAM","description":"Site Oficial!","publisher":{"@id":"https:\/\/fieam.org.br\/fieam\/#organization"},"potentialAction":[{"@type":"SearchAction","target":{"@type":"EntryPoint","urlTemplate":"https:\/\/fieam.org.br\/fieam\/?s={search_term_string}"},"query-input":{"@type":"PropertyValueSpecification","valueRequired":true,"valueName":"search_term_string"}}],"inLanguage":"pt-BR"},{"@type":"Organization","@id":"https:\/\/fieam.org.br\/fieam\/#organization","name":"FIEAM","url":"https:\/\/fieam.org.br\/fieam\/","logo":{"@type":"ImageObject","inLanguage":"pt-BR","@id":"https:\/\/fieam.org.br\/fieam\/#\/schema\/logo\/image\/","url":"https:\/\/fieam.org.br\/fieam\/wp-content\/uploads\/sites\/9\/2024\/03\/cropped-fav.png","contentUrl":"https:\/\/fieam.org.br\/fieam\/wp-content\/uploads\/sites\/9\/2024\/03\/cropped-fav.png","width":597,"height":598,"caption":"FIEAM"},"image":{"@id":"https:\/\/fieam.org.br\/fieam\/#\/schema\/logo\/image\/"}},{"@type":"Person","@id":"https:\/\/fieam.org.br\/fieam\/#\/schema\/person\/c1ceda8321521b291cee22da0a7d34be","name":"Autor","image":{"@type":"ImageObject","inLanguage":"pt-BR","@id":"https:\/\/fieam.org.br\/fieam\/#\/schema\/person\/image\/","url":"https:\/\/secure.gravatar.com\/avatar\/3732c223e0e1fad69062a8f770955c9068d37b055204f310a0be18d4069fe380?s=96&d=mm&r=g","contentUrl":"https:\/\/secure.gravatar.com\/avatar\/3732c223e0e1fad69062a8f770955c9068d37b055204f310a0be18d4069fe380?s=96&d=mm&r=g","caption":"Autor"},"sameAs":["https:\/\/marketingmassivo.com.br"],"url":"https:\/\/fieam.org.br\/fieam\/author\/admin\/"}]}},"_links":{"self":[{"href":"https:\/\/fieam.org.br\/fieam\/wp-json\/wp\/v2\/posts\/13594","targetHints":{"allow":["GET"]}}],"collection":[{"href":"https:\/\/fieam.org.br\/fieam\/wp-json\/wp\/v2\/posts"}],"about":[{"href":"https:\/\/fieam.org.br\/fieam\/wp-json\/wp\/v2\/types\/post"}],"author":[{"embeddable":true,"href":"https:\/\/fieam.org.br\/fieam\/wp-json\/wp\/v2\/users\/1"}],"replies":[{"embeddable":true,"href":"https:\/\/fieam.org.br\/fieam\/wp-json\/wp\/v2\/comments?post=13594"}],"version-history":[{"count":0,"href":"https:\/\/fieam.org.br\/fieam\/wp-json\/wp\/v2\/posts\/13594\/revisions"}],"wp:featuredmedia":[{"embeddable":true,"href":"https:\/\/fieam.org.br\/fieam\/wp-json\/"}],"wp:attachment":[{"href":"https:\/\/fieam.org.br\/fieam\/wp-json\/wp\/v2\/media?parent=13594"}],"wp:term":[{"taxonomy":"category","embeddable":true,"href":"https:\/\/fieam.org.br\/fieam\/wp-json\/wp\/v2\/categories?post=13594"},{"taxonomy":"post_tag","embeddable":true,"href":"https:\/\/fieam.org.br\/fieam\/wp-json\/wp\/v2\/tags?post=13594"}],"curies":[{"name":"wp","href":"https:\/\/api.w.org\/{rel}","templated":true}]}}