{"id":13366,"date":"2019-09-23T16:26:12","date_gmt":"2019-09-23T20:26:12","guid":{"rendered":"http:\/\/www.fieam.org.br\/fieam\/?p=13366"},"modified":"2019-09-23T16:26:12","modified_gmt":"2019-09-23T20:26:12","slug":"mostra-de-gestao-e-qualidade-do-pqa-2019","status":"publish","type":"post","link":"https:\/\/fieam.org.br\/fieam\/mostra-de-gestao-e-qualidade-do-pqa-2019\/","title":{"rendered":"Mostra de Gest\u00e3o e Qualidade do PQA 2019"},"content":{"rendered":"<p>Come\u00e7a nesta ter\u00e7a-feira (24) e vai at\u00e9 sexta, dia 27, no Audit\u00f3rio da Suframa, a 20\u00aa Mostra de Gest\u00e3o e Melhorias para a Qualidade, promovida pela Federa\u00e7\u00e3o das Ind\u00fastrias do Estado do Amazonas (FIEAM), por meio do seu Departamento de Assist\u00eancia \u00e0 M\u00e9dia e Pequena Ind\u00fastria. O evento, considerado o maior semin\u00e1rio de benchmarking da regi\u00e3o, este ano com a participa\u00e7\u00e3o de 32 organiza\u00e7\u00f5es, \u00e9 a \u00faltima etapa do processo de avalia\u00e7\u00e3o para o Pr\u00eamio Qualidade Amazonas (PQA).<\/p>\n<p>Segundo a coordenadora do PQA, Erlen Montefusco, a maioria dos projetos de melhoria tem como refer\u00eancia a redu\u00e7\u00e3o de custos e otimiza\u00e7\u00e3o dos recursos. \u201cA cada ano os recursos ficam mais escassos. Se n\u00e3o houver otimiza\u00e7\u00e3o nos processos e na aplicabilidade dos recursos as organiza\u00e7\u00f5es tendem a perder competitividade\u201d, explicou a coordenadora.<\/p>\n<p>Ind\u00fastrias de grande porte, como Moto Honda, 3M, Yamaha Motor e Sony, e organiza\u00e7\u00f5es como Funda\u00e7\u00e3o Amazonas Sustent\u00e1vel (FAS) e C\u00e2mara de Dirigentes Lojistas de Manaus (CDLM) ir\u00e3o compartilhar suas melhores pr\u00e1ticas conforme os relat\u00f3rios sejam na modalidade Gest\u00e3o ou Processo.<\/p>\n<p>De 45 inscri\u00e7\u00f5es feitas, neste ano, 40 geraram relat\u00f3rios, dos quais 29 sa\u00edram como finalistas, sendo sete em Gest\u00e3o e 25 em Processo.<\/p>\n<p>&nbsp;<\/p>\n<p><strong>Programa\u00e7\u00e3o \u2013 Ter\u00e7a-feira (24)<\/strong><\/p>\n<p>&nbsp;<\/p>\n<p>8h Recep\u00e7\u00e3o<\/p>\n<p>8h30 abertura<\/p>\n<p>9h \u2013 12\u00aa Inspetoria de Contabilidade e Finan\u00e7as do Ex\u00e9rcito;<\/p>\n<p>9h50 \u2013 1\u00ba Batalh\u00e3o de Comunica\u00e7\u00e3o de Selva;<\/p>\n<p>10h40 \u2013 Showa do Brasil;<\/p>\n<p>11h20 \u2013 Caloi Norte SA;<\/p>\n<p><strong>12h10 &#8211; Intervalo<\/strong><\/p>\n<p>14h00 \u2013 3M Manaus;<\/p>\n<p>14h40 \u2013 Funda\u00e7\u00e3o Amazonas Sustent\u00e1vel (FAS);<\/p>\n<p>15h20 \u2013 3M Manaus;<\/p>\n<p>16h \u2013 Colortech<\/p>\n","protected":false},"excerpt":{"rendered":"<p>Come\u00e7a nesta ter\u00e7a-feira (24) e vai at\u00e9 sexta, dia 27, no Audit\u00f3rio da Suframa, a 20\u00aa Mostra de Gest\u00e3o e Melhorias para a Qualidade, promovida pela Federa\u00e7\u00e3o das Ind\u00fastrias do Estado do Amazonas (FIEAM), por meio do seu Departamento de Assist\u00eancia \u00e0 M\u00e9dia e Pequena Ind\u00fastria. O evento, considerado o maior semin\u00e1rio de benchmarking da [&hellip;]<\/p>\n","protected":false},"author":1,"featured_media":13367,"comment_status":"closed","ping_status":"open","sticky":false,"template":"","format":"standard","meta":{"footnotes":""},"categories":[28,29,30],"tags":[],"class_list":["post-13366","post","type-post","status-publish","format-standard","has-post-thumbnail","hentry","category-banner-destaque","category-news","category-news_destaque"],"yoast_head":"<!-- This site is optimized with the Yoast SEO plugin v26.8 - https:\/\/yoast.com\/product\/yoast-seo-wordpress\/ -->\n<title>Mostra de Gest\u00e3o e Qualidade do PQA 2019 - FIEAM<\/title>\n<meta name=\"robots\" content=\"index, follow, max-snippet:-1, max-image-preview:large, max-video-preview:-1\" \/>\n<link rel=\"canonical\" href=\"https:\/\/fieam.org.br\/fieam\/mostra-de-gestao-e-qualidade-do-pqa-2019\/\" \/>\n<meta property=\"og:locale\" content=\"pt_BR\" \/>\n<meta property=\"og:type\" content=\"article\" \/>\n<meta property=\"og:title\" content=\"Mostra de Gest\u00e3o e Qualidade do PQA 2019 - FIEAM\" \/>\n<meta property=\"og:description\" content=\"Come\u00e7a nesta ter\u00e7a-feira (24) e vai at\u00e9 sexta, dia 27, no Audit\u00f3rio da Suframa, a 20\u00aa Mostra de Gest\u00e3o e Melhorias para a Qualidade, promovida pela Federa\u00e7\u00e3o das Ind\u00fastrias do Estado do Amazonas (FIEAM), por meio do seu Departamento de Assist\u00eancia \u00e0 M\u00e9dia e Pequena Ind\u00fastria. O evento, considerado o maior semin\u00e1rio de benchmarking da [&hellip;]\" \/>\n<meta property=\"og:url\" content=\"https:\/\/fieam.org.br\/fieam\/mostra-de-gestao-e-qualidade-do-pqa-2019\/\" \/>\n<meta property=\"og:site_name\" content=\"FIEAM\" \/>\n<meta property=\"article:published_time\" content=\"2019-09-23T20:26:12+00:00\" \/>\n<meta name=\"author\" content=\"Autor\" \/>\n<meta name=\"twitter:card\" content=\"summary_large_image\" \/>\n<meta name=\"twitter:label1\" content=\"Escrito por\" \/>\n\t<meta name=\"twitter:data1\" content=\"Autor\" \/>\n\t<meta name=\"twitter:label2\" content=\"Est. tempo de leitura\" \/>\n\t<meta name=\"twitter:data2\" content=\"1 minuto\" \/>\n<script type=\"application\/ld+json\" class=\"yoast-schema-graph\">{\"@context\":\"https:\/\/schema.org\",\"@graph\":[{\"@type\":\"Article\",\"@id\":\"https:\/\/fieam.org.br\/fieam\/mostra-de-gestao-e-qualidade-do-pqa-2019\/#article\",\"isPartOf\":{\"@id\":\"https:\/\/fieam.org.br\/fieam\/mostra-de-gestao-e-qualidade-do-pqa-2019\/\"},\"author\":{\"name\":\"Autor\",\"@id\":\"https:\/\/fieam.org.br\/fieam\/#\/schema\/person\/c1ceda8321521b291cee22da0a7d34be\"},\"headline\":\"Mostra de Gest\u00e3o e Qualidade do PQA 2019\",\"datePublished\":\"2019-09-23T20:26:12+00:00\",\"mainEntityOfPage\":{\"@id\":\"https:\/\/fieam.org.br\/fieam\/mostra-de-gestao-e-qualidade-do-pqa-2019\/\"},\"wordCount\":281,\"publisher\":{\"@id\":\"https:\/\/fieam.org.br\/fieam\/#organization\"},\"image\":{\"@id\":\"https:\/\/fieam.org.br\/fieam\/mostra-de-gestao-e-qualidade-do-pqa-2019\/#primaryimage\"},\"thumbnailUrl\":\"\",\"articleSection\":[\"Banner Destaque\",\"News\",\"News Destaque\"],\"inLanguage\":\"pt-BR\"},{\"@type\":\"WebPage\",\"@id\":\"https:\/\/fieam.org.br\/fieam\/mostra-de-gestao-e-qualidade-do-pqa-2019\/\",\"url\":\"https:\/\/fieam.org.br\/fieam\/mostra-de-gestao-e-qualidade-do-pqa-2019\/\",\"name\":\"Mostra de Gest\u00e3o e Qualidade do PQA 2019 - FIEAM\",\"isPartOf\":{\"@id\":\"https:\/\/fieam.org.br\/fieam\/#website\"},\"primaryImageOfPage\":{\"@id\":\"https:\/\/fieam.org.br\/fieam\/mostra-de-gestao-e-qualidade-do-pqa-2019\/#primaryimage\"},\"image\":{\"@id\":\"https:\/\/fieam.org.br\/fieam\/mostra-de-gestao-e-qualidade-do-pqa-2019\/#primaryimage\"},\"thumbnailUrl\":\"\",\"datePublished\":\"2019-09-23T20:26:12+00:00\",\"breadcrumb\":{\"@id\":\"https:\/\/fieam.org.br\/fieam\/mostra-de-gestao-e-qualidade-do-pqa-2019\/#breadcrumb\"},\"inLanguage\":\"pt-BR\",\"potentialAction\":[{\"@type\":\"ReadAction\",\"target\":[\"https:\/\/fieam.org.br\/fieam\/mostra-de-gestao-e-qualidade-do-pqa-2019\/\"]}]},{\"@type\":\"ImageObject\",\"inLanguage\":\"pt-BR\",\"@id\":\"https:\/\/fieam.org.br\/fieam\/mostra-de-gestao-e-qualidade-do-pqa-2019\/#primaryimage\",\"url\":\"\",\"contentUrl\":\"\"},{\"@type\":\"BreadcrumbList\",\"@id\":\"https:\/\/fieam.org.br\/fieam\/mostra-de-gestao-e-qualidade-do-pqa-2019\/#breadcrumb\",\"itemListElement\":[{\"@type\":\"ListItem\",\"position\":1,\"name\":\"In\u00edcio\",\"item\":\"https:\/\/fieam.org.br\/fieam\/\"},{\"@type\":\"ListItem\",\"position\":2,\"name\":\"Mostra de Gest\u00e3o e Qualidade do PQA 2019\"}]},{\"@type\":\"WebSite\",\"@id\":\"https:\/\/fieam.org.br\/fieam\/#website\",\"url\":\"https:\/\/fieam.org.br\/fieam\/\",\"name\":\"FIEAM\",\"description\":\"Site Oficial!\",\"publisher\":{\"@id\":\"https:\/\/fieam.org.br\/fieam\/#organization\"},\"potentialAction\":[{\"@type\":\"SearchAction\",\"target\":{\"@type\":\"EntryPoint\",\"urlTemplate\":\"https:\/\/fieam.org.br\/fieam\/?s={search_term_string}\"},\"query-input\":{\"@type\":\"PropertyValueSpecification\",\"valueRequired\":true,\"valueName\":\"search_term_string\"}}],\"inLanguage\":\"pt-BR\"},{\"@type\":\"Organization\",\"@id\":\"https:\/\/fieam.org.br\/fieam\/#organization\",\"name\":\"FIEAM\",\"url\":\"https:\/\/fieam.org.br\/fieam\/\",\"logo\":{\"@type\":\"ImageObject\",\"inLanguage\":\"pt-BR\",\"@id\":\"https:\/\/fieam.org.br\/fieam\/#\/schema\/logo\/image\/\",\"url\":\"https:\/\/fieam.org.br\/fieam\/wp-content\/uploads\/sites\/9\/2024\/03\/cropped-fav.png\",\"contentUrl\":\"https:\/\/fieam.org.br\/fieam\/wp-content\/uploads\/sites\/9\/2024\/03\/cropped-fav.png\",\"width\":597,\"height\":598,\"caption\":\"FIEAM\"},\"image\":{\"@id\":\"https:\/\/fieam.org.br\/fieam\/#\/schema\/logo\/image\/\"}},{\"@type\":\"Person\",\"@id\":\"https:\/\/fieam.org.br\/fieam\/#\/schema\/person\/c1ceda8321521b291cee22da0a7d34be\",\"name\":\"Autor\",\"image\":{\"@type\":\"ImageObject\",\"inLanguage\":\"pt-BR\",\"@id\":\"https:\/\/fieam.org.br\/fieam\/#\/schema\/person\/image\/\",\"url\":\"https:\/\/secure.gravatar.com\/avatar\/3732c223e0e1fad69062a8f770955c9068d37b055204f310a0be18d4069fe380?s=96&d=mm&r=g\",\"contentUrl\":\"https:\/\/secure.gravatar.com\/avatar\/3732c223e0e1fad69062a8f770955c9068d37b055204f310a0be18d4069fe380?s=96&d=mm&r=g\",\"caption\":\"Autor\"},\"sameAs\":[\"https:\/\/marketingmassivo.com.br\"],\"url\":\"https:\/\/fieam.org.br\/fieam\/author\/admin\/\"}]}<\/script>\n<!-- \/ Yoast SEO plugin. -->","yoast_head_json":{"title":"Mostra de Gest\u00e3o e Qualidade do PQA 2019 - FIEAM","robots":{"index":"index","follow":"follow","max-snippet":"max-snippet:-1","max-image-preview":"max-image-preview:large","max-video-preview":"max-video-preview:-1"},"canonical":"https:\/\/fieam.org.br\/fieam\/mostra-de-gestao-e-qualidade-do-pqa-2019\/","og_locale":"pt_BR","og_type":"article","og_title":"Mostra de Gest\u00e3o e Qualidade do PQA 2019 - FIEAM","og_description":"Come\u00e7a nesta ter\u00e7a-feira (24) e vai at\u00e9 sexta, dia 27, no Audit\u00f3rio da Suframa, a 20\u00aa Mostra de Gest\u00e3o e Melhorias para a Qualidade, promovida pela Federa\u00e7\u00e3o das Ind\u00fastrias do Estado do Amazonas (FIEAM), por meio do seu Departamento de Assist\u00eancia \u00e0 M\u00e9dia e Pequena Ind\u00fastria. O evento, considerado o maior semin\u00e1rio de benchmarking da [&hellip;]","og_url":"https:\/\/fieam.org.br\/fieam\/mostra-de-gestao-e-qualidade-do-pqa-2019\/","og_site_name":"FIEAM","article_published_time":"2019-09-23T20:26:12+00:00","author":"Autor","twitter_card":"summary_large_image","twitter_misc":{"Escrito por":"Autor","Est. tempo de leitura":"1 minuto"},"schema":{"@context":"https:\/\/schema.org","@graph":[{"@type":"Article","@id":"https:\/\/fieam.org.br\/fieam\/mostra-de-gestao-e-qualidade-do-pqa-2019\/#article","isPartOf":{"@id":"https:\/\/fieam.org.br\/fieam\/mostra-de-gestao-e-qualidade-do-pqa-2019\/"},"author":{"name":"Autor","@id":"https:\/\/fieam.org.br\/fieam\/#\/schema\/person\/c1ceda8321521b291cee22da0a7d34be"},"headline":"Mostra de Gest\u00e3o e Qualidade do PQA 2019","datePublished":"2019-09-23T20:26:12+00:00","mainEntityOfPage":{"@id":"https:\/\/fieam.org.br\/fieam\/mostra-de-gestao-e-qualidade-do-pqa-2019\/"},"wordCount":281,"publisher":{"@id":"https:\/\/fieam.org.br\/fieam\/#organization"},"image":{"@id":"https:\/\/fieam.org.br\/fieam\/mostra-de-gestao-e-qualidade-do-pqa-2019\/#primaryimage"},"thumbnailUrl":"","articleSection":["Banner Destaque","News","News Destaque"],"inLanguage":"pt-BR"},{"@type":"WebPage","@id":"https:\/\/fieam.org.br\/fieam\/mostra-de-gestao-e-qualidade-do-pqa-2019\/","url":"https:\/\/fieam.org.br\/fieam\/mostra-de-gestao-e-qualidade-do-pqa-2019\/","name":"Mostra de Gest\u00e3o e Qualidade do PQA 2019 - FIEAM","isPartOf":{"@id":"https:\/\/fieam.org.br\/fieam\/#website"},"primaryImageOfPage":{"@id":"https:\/\/fieam.org.br\/fieam\/mostra-de-gestao-e-qualidade-do-pqa-2019\/#primaryimage"},"image":{"@id":"https:\/\/fieam.org.br\/fieam\/mostra-de-gestao-e-qualidade-do-pqa-2019\/#primaryimage"},"thumbnailUrl":"","datePublished":"2019-09-23T20:26:12+00:00","breadcrumb":{"@id":"https:\/\/fieam.org.br\/fieam\/mostra-de-gestao-e-qualidade-do-pqa-2019\/#breadcrumb"},"inLanguage":"pt-BR","potentialAction":[{"@type":"ReadAction","target":["https:\/\/fieam.org.br\/fieam\/mostra-de-gestao-e-qualidade-do-pqa-2019\/"]}]},{"@type":"ImageObject","inLanguage":"pt-BR","@id":"https:\/\/fieam.org.br\/fieam\/mostra-de-gestao-e-qualidade-do-pqa-2019\/#primaryimage","url":"","contentUrl":""},{"@type":"BreadcrumbList","@id":"https:\/\/fieam.org.br\/fieam\/mostra-de-gestao-e-qualidade-do-pqa-2019\/#breadcrumb","itemListElement":[{"@type":"ListItem","position":1,"name":"In\u00edcio","item":"https:\/\/fieam.org.br\/fieam\/"},{"@type":"ListItem","position":2,"name":"Mostra de Gest\u00e3o e Qualidade do PQA 2019"}]},{"@type":"WebSite","@id":"https:\/\/fieam.org.br\/fieam\/#website","url":"https:\/\/fieam.org.br\/fieam\/","name":"FIEAM","description":"Site Oficial!","publisher":{"@id":"https:\/\/fieam.org.br\/fieam\/#organization"},"potentialAction":[{"@type":"SearchAction","target":{"@type":"EntryPoint","urlTemplate":"https:\/\/fieam.org.br\/fieam\/?s={search_term_string}"},"query-input":{"@type":"PropertyValueSpecification","valueRequired":true,"valueName":"search_term_string"}}],"inLanguage":"pt-BR"},{"@type":"Organization","@id":"https:\/\/fieam.org.br\/fieam\/#organization","name":"FIEAM","url":"https:\/\/fieam.org.br\/fieam\/","logo":{"@type":"ImageObject","inLanguage":"pt-BR","@id":"https:\/\/fieam.org.br\/fieam\/#\/schema\/logo\/image\/","url":"https:\/\/fieam.org.br\/fieam\/wp-content\/uploads\/sites\/9\/2024\/03\/cropped-fav.png","contentUrl":"https:\/\/fieam.org.br\/fieam\/wp-content\/uploads\/sites\/9\/2024\/03\/cropped-fav.png","width":597,"height":598,"caption":"FIEAM"},"image":{"@id":"https:\/\/fieam.org.br\/fieam\/#\/schema\/logo\/image\/"}},{"@type":"Person","@id":"https:\/\/fieam.org.br\/fieam\/#\/schema\/person\/c1ceda8321521b291cee22da0a7d34be","name":"Autor","image":{"@type":"ImageObject","inLanguage":"pt-BR","@id":"https:\/\/fieam.org.br\/fieam\/#\/schema\/person\/image\/","url":"https:\/\/secure.gravatar.com\/avatar\/3732c223e0e1fad69062a8f770955c9068d37b055204f310a0be18d4069fe380?s=96&d=mm&r=g","contentUrl":"https:\/\/secure.gravatar.com\/avatar\/3732c223e0e1fad69062a8f770955c9068d37b055204f310a0be18d4069fe380?s=96&d=mm&r=g","caption":"Autor"},"sameAs":["https:\/\/marketingmassivo.com.br"],"url":"https:\/\/fieam.org.br\/fieam\/author\/admin\/"}]}},"_links":{"self":[{"href":"https:\/\/fieam.org.br\/fieam\/wp-json\/wp\/v2\/posts\/13366","targetHints":{"allow":["GET"]}}],"collection":[{"href":"https:\/\/fieam.org.br\/fieam\/wp-json\/wp\/v2\/posts"}],"about":[{"href":"https:\/\/fieam.org.br\/fieam\/wp-json\/wp\/v2\/types\/post"}],"author":[{"embeddable":true,"href":"https:\/\/fieam.org.br\/fieam\/wp-json\/wp\/v2\/users\/1"}],"replies":[{"embeddable":true,"href":"https:\/\/fieam.org.br\/fieam\/wp-json\/wp\/v2\/comments?post=13366"}],"version-history":[{"count":0,"href":"https:\/\/fieam.org.br\/fieam\/wp-json\/wp\/v2\/posts\/13366\/revisions"}],"wp:featuredmedia":[{"embeddable":true,"href":"https:\/\/fieam.org.br\/fieam\/wp-json\/"}],"wp:attachment":[{"href":"https:\/\/fieam.org.br\/fieam\/wp-json\/wp\/v2\/media?parent=13366"}],"wp:term":[{"taxonomy":"category","embeddable":true,"href":"https:\/\/fieam.org.br\/fieam\/wp-json\/wp\/v2\/categories?post=13366"},{"taxonomy":"post_tag","embeddable":true,"href":"https:\/\/fieam.org.br\/fieam\/wp-json\/wp\/v2\/tags?post=13366"}],"curies":[{"name":"wp","href":"https:\/\/api.w.org\/{rel}","templated":true}]}}