{"id":12669,"date":"2019-05-27T14:43:27","date_gmt":"2019-05-27T18:43:27","guid":{"rendered":"http:\/\/www.fieam.org.br\/fieam\/?p=12669"},"modified":"2019-05-27T14:43:27","modified_gmt":"2019-05-27T18:43:27","slug":"fieam-e-cieam-celebram-resultados-da-industria","status":"publish","type":"post","link":"https:\/\/fieam.org.br\/fieam\/fieam-e-cieam-celebram-resultados-da-industria\/","title":{"rendered":"FIEAM e CIEAM celebram resultados da Ind\u00fastria"},"content":{"rendered":"<p>A Recofarma Ind\u00fastria do Amazonas vendeu para o mercado exterior, em 2018, um volume de 7,6 mil toneladas de concentrados, o que gerou receita acima de R$ 718 milh\u00f5es. Esse resultado, junto com a garantia de manuten\u00e7\u00e3o dos investimentos no Polo Industrial de Manaus, foi exaltado pelo vice-presidente de Finan\u00e7as do Grupo Coca-Cola Brasil, Alexandre Fernandes, ao receber, na \u00faltima sexta-feira (24), no evento M\u00e9rito Industrial 2019, o diploma de Empresa Exportadora do Ano, concedido pela Federa\u00e7\u00e3o das Ind\u00fastrias do Estado do Amazonas (FIEAM).<\/p>\n<p>Esse foi o oitavo ano consecutivo em que a Recofarma fez jus ao t\u00edtulo por liderar o ranking dos maiores exportadores do PIM, de acordo com o relat\u00f3rio do Siste<a href=\"http:\/\/www.fieam.org.br\/fieam\/wp-content\/uploads\/sites\/5\/2019\/05\/FIEAM-realiza-o-55\u00ba-Industrial-do-Ano-no-CTAM-1.jpeg\"><img fetchpriority=\"high\" decoding=\"async\" class=\"wp-image-12672 alignright\" src=\"http:\/\/www.fieam.org.br\/fieam\/wp-content\/uploads\/sites\/5\/2019\/05\/FIEAM-realiza-o-55\u00ba-Industrial-do-Ano-no-CTAM-1-1024x682.jpeg\" alt=\"\" width=\"415\" height=\"276\" \/><\/a>ma COD Brasil, do Centro Internacional de Neg\u00f3cios (CIN). Na cerim\u00f4nia, a FIEAM, junto com o Centro da Ind\u00fastria do Estado do Amazonas (CIEAM), homenageou com o t\u00edtulo de Industrial do Ano o empres\u00e1rio Roberto Graziano, da Magnum Ind\u00fastria da Amaz\u00f4nia S\/A, e com o t\u00edtulo de Microindustrial Destaque do Ano, o empres\u00e1rio e pesquisador Schubert Pinto, da Pharmakos D\u2019Amaz\u00f4nia. O desembargador Fl\u00e1vio Pascarelli foi homenageado com a Medalha do M\u00e9rito Industrial \u2018Moys\u00e9s Israel\u2019.<\/p>\n<p>Em evento que celebra personalidades e empresas que trilham caminhos de sucesso contribuindo para o desenvolvimento do Amazonas e do Brasil, o presidente da FIEAM, Antonio Silva, ressaltou a necessidade de redu\u00e7\u00e3o dos gargalos que dificultam os ambientes dos neg\u00f3cios, no caso especifico do estado, a despeito da recente vit\u00f3ria obtida no Supremo Tribunal Federal (STF), quanto \u00e0s garantias constitucionais do modelo Zona Franca de Manaus (ZFM).<\/p>\n<p>&#8220;Paralelo a importante e urgente paut<a href=\"http:\/\/www.fieam.org.br\/fieam\/wp-content\/uploads\/sites\/5\/2019\/05\/Prefeito-de-Manaus-Arthur-Neto-aproveita-a-premia\u00e7\u00e3o-para-falar-sobre-incentivos-fiscais-concedidos-ao-Amazonas.jpg\"><img decoding=\"async\" class=\"wp-image-12673 alignleft\" src=\"http:\/\/www.fieam.org.br\/fieam\/wp-content\/uploads\/sites\/5\/2019\/05\/Prefeito-de-Manaus-Arthur-Neto-aproveita-a-premia\u00e7\u00e3o-para-falar-sobre-incentivos-fiscais-concedidos-ao-Amazonas-1024x683.jpg\" alt=\"\" width=\"414\" height=\"277\" \/><\/a>a da reforma da Previd\u00eancia, pilar para reduzir o d\u00e9ficit do setor p\u00fablico, vamos nos deparar com a reforma tribut\u00e1ria, igualmente importante para tornar o pa\u00eds mais competitivo e justo. Vamos precisar da uni\u00e3o da sociedade e dos nossos representantes no parlamento, junto com as entidades do setor produtivo\u201d, disse, \u201cpara evitar que a vital simplifica\u00e7\u00e3o tribut\u00e1ria retire as vantagens comparativas do modelo de desenvolvimento exemplar, que contribuiu para reduzir as diferen\u00e7as econ\u00f4micas e sociais do Brasil e que ajuda a preservar a nossa floresta\u201d.<\/p>\n<p>Ao parabenizar a Recofarma, o prefeito de Manaus, Arthur Neto, falou sobre a empregabilidade gerada na regi\u00e3o pela empresa, com mais de 10 mil postos de trabalho diretos e indiretos, que beneficiam, principalmente, os trabalhadores do interior que, segundo ele, se houver apoio sist\u00eamico das entidades governamentais que tenham liga\u00e7\u00e3o com a exporta\u00e7\u00e3o, poderia deslanchar, realmente, a partir dessa vit\u00f3ria recente no STF.<\/p>\n<p>Com a produ\u00e7\u00e3o anual de 32 mil toneladas de concentrado de bebidas por ano, que geram mais de 10 bilh\u00f5es de litros de bebidas finais para os consumidores do Brasil e da Am\u00e9rica Latina, em diversos segmentos de bebidas n\u00e3o alco\u00f3licas, o vice-presidente de Finan\u00e7as da Coca-Cola Brasil, Alexandre Fernandes, reafirmou o compromisso na continuidade de crescimento com o pa\u00eds e no apoio ao modelo ZFM. Fernandes disse ainda que o Grupo pretende investir no Brasil em torno de R$ 100 milh\u00f5es nos pr\u00f3ximos anos.<\/p>\n<p>\u201c\u00c9 bem verdade que no \u00faltimo m\u00eas de abril obtivemos importante decis\u00e3o, no \u00e2mbito do STF que chancela o inalien\u00e1vel direito constitucional do cr\u00e9dito de IPI para as ind\u00fastrias instaladas na ZFM. A decis\u00e3o aumenta o grau de seguran\u00e7a jur\u00eddica para o setor produtivo, mas n\u00e3o \u00e9 suficiente\u201d, ressaltou ele, acrescentando que, mais do que nunca, se faz primordial a uni\u00e3o e trabalho em conjunto, entre os diversos atores do governo do estado junto ao setor privado que aqui atua.<\/p>\n<p><strong>\u201cEmpresas que sonham, firmam metas e trilham caminho do sucesso\u201d<\/strong><\/p>\n<p><a href=\"http:\/\/www.fieam.org.br\/fieam\/wp-content\/uploads\/sites\/5\/2019\/05\/Destaques-locais-s\u00e3o-homenageados-pela-FIEAM-e-CIEAM-em-mais-um-Industrial-do-Ano.jpg\"><img decoding=\"async\" class=\"wp-image-12671 aligncenter\" src=\"http:\/\/www.fieam.org.br\/fieam\/wp-content\/uploads\/sites\/5\/2019\/05\/Destaques-locais-s\u00e3o-homenageados-pela-FIEAM-e-CIEAM-em-mais-um-Industrial-do-Ano-1024x683.jpg\" alt=\"\" width=\"634\" height=\"423\" \/><\/a>O empres\u00e1rio Roberto Graziano, eleito Industrial do Ano 2019, relembrou que nos \u00faltimos 30 anos, per\u00edodo em que criou a Magnum Ind\u00fastria da Amaz\u00f4nia, foram criados muitos empregos, gerado impostos e benef\u00edcios sociais que contribu\u00edram substancialmente para o desenvolvimento da regi\u00e3o. \u201cTenho orgulho de ter participado e contribuido ativamente desse processo de desenvolvimento da Amaz\u00f4nia&#8221;, disse ele.<\/p>\n<p>Graziano, que recebeu a placa das m\u00e3os do presidente da FIEAM, Antonio Silva, acompanhado do deputado Marcelo Ramos e do general do Ex\u00e9rcito, Cesar Nardi, dedicou o t\u00edtulo aos 650 colaboradores do Magnum Group, no PIM, integrado tamb\u00e9m pela MG Gold Ind\u00fastria da Amaz\u00f4nia Ltda, e aos 250 da matriz em SP. \u201cReceber este pr\u00eamio me deixa muito lisonjeado, mas aumenta a minha responsabilidade em representar esta categoria da nossa economia, geradora de enormes riquezas em nosso pa\u00eds\u201d, disse ele.<\/p>\n<p>O farmac\u00eautico Schubert Pinto, que h\u00e1 18 anos iniciou a sua empresa no Centro de Incuba\u00e7\u00e3o e Desenvolvimento Empresarial (CIDE), foi o Microindsutrial do Ano 2019. A empresa genuinamente amazonense, familiar, de base tecnol\u00f3gica com foco na inova\u00e7\u00e3o, transforma os recursos da biodiversidade amaz\u00f4nica em produtos da cosm\u00e9tica, alimentos encapsulados e perfumaria.<\/p>\n<p>\u201cDe maneira especial quero agradecer \u00e0 FIEAM pelo reconhecimento do nosso trabalho e ao CIDE por ter acatado nossa ideia e aprovado nosso plano de neg\u00f3cios, que culminou com o nascimento e consolida\u00e7\u00e3o da Pharmakos D\u2019Amaz\u00f4nia. Agrade\u00e7o tamb\u00e9m ao CIN pelas oportunidades que nos fizeram colocar nossos produtos no exterior\u201d, disse ele dedicando o t\u00edtulo aos filhos que hoje est\u00e3o \u00e0 frente da empresa, Schubert Pinto J\u00fanior e Samara Rodrigues.<\/p>\n<p><strong>\u201c\u00c9 tamb\u00e9m por este legado que desejo um dia ser lembrado\u201d<\/strong><\/p>\n<p><a href=\"http:\/\/www.fieam.org.br\/fieam\/wp-content\/uploads\/sites\/5\/2019\/05\/Desembargador-Fl\u00e1vio-Pascarelli-recebe-Medlha-de-Honra-ao-M\u00e9rito-2019-das-m\u00e3os-do-prefeito-de-Manaus-Arthur-Neto.jpeg\"><img loading=\"lazy\" decoding=\"async\" class=\"wp-image-12674 aligncenter\" src=\"http:\/\/www.fieam.org.br\/fieam\/wp-content\/uploads\/sites\/5\/2019\/05\/Desembargador-Fl\u00e1vio-Pascarelli-recebe-Medlha-de-Honra-ao-M\u00e9rito-2019-das-m\u00e3os-do-prefeito-de-Manaus-Arthur-Neto-1024x682.jpeg\" alt=\"\" width=\"634\" height=\"422\" \/><\/a>Agraciado com a medalha que leva o nome do empres\u00e1rio Moyses Benarr\u00f3s Israel (1924-2016), o desembargador Fl\u00e1vio Pascarelli agradeceu e relembrou emocionado o legado deixado pelo n\u00e3o somente empreendedor e incentivador social do estado, mas segundo ele, um exemplo a ser seguido de preocupa\u00e7\u00e3o com a educa\u00e7\u00e3o, que impactou fortemente na melhoria do ensino superior do Amazonas.<\/p>\n<p>&#8220;Acredito que ao se investir na educa\u00e7\u00e3o e melhoria cont\u00ednua do processo de forma\u00e7\u00e3o dos cidad\u00e3os, vamos efetivamente impactar em todos os outros segmentos- na ind\u00fastria, no com\u00e9rcio, na sa\u00fade, enfim, cumprir exatamente o papel que esta importante Federa\u00e7\u00e3o sempre buscou: o desenvolvimento da livre iniciativa, do segmento empresarial industrial, mas, sobretudo, de contribuir para o crescimento em todos os aspectos: econ\u00f4micos, sociais, pol\u00edticos, educacionais, tecnol\u00f3gicos, culturais, ambientais e sustent\u00e1veis&#8221;, disse Pascarelli.<\/p>\n","protected":false},"excerpt":{"rendered":"<p>A Recofarma Ind\u00fastria do Amazonas vendeu para o mercado exterior, em 2018, um volume de 7,6 mil toneladas de concentrados, o que gerou receita acima de R$ 718 milh\u00f5es. Esse resultado, junto com a garantia de manuten\u00e7\u00e3o dos investimentos no Polo Industrial de Manaus, foi exaltado pelo vice-presidente de Finan\u00e7as do Grupo Coca-Cola Brasil, Alexandre [&hellip;]<\/p>\n","protected":false},"author":1,"featured_media":12670,"comment_status":"closed","ping_status":"open","sticky":false,"template":"","format":"standard","meta":{"footnotes":""},"categories":[28,29,30],"tags":[],"class_list":["post-12669","post","type-post","status-publish","format-standard","has-post-thumbnail","hentry","category-banner-destaque","category-news","category-news_destaque"],"yoast_head":"<!-- This site is optimized with the Yoast SEO plugin v26.8 - https:\/\/yoast.com\/product\/yoast-seo-wordpress\/ -->\n<title>FIEAM e CIEAM celebram resultados da Ind\u00fastria - FIEAM<\/title>\n<meta name=\"robots\" content=\"index, follow, max-snippet:-1, max-image-preview:large, max-video-preview:-1\" \/>\n<link rel=\"canonical\" href=\"https:\/\/fieam.org.br\/fieam\/fieam-e-cieam-celebram-resultados-da-industria\/\" \/>\n<meta property=\"og:locale\" content=\"pt_BR\" \/>\n<meta property=\"og:type\" content=\"article\" \/>\n<meta property=\"og:title\" content=\"FIEAM e CIEAM celebram resultados da Ind\u00fastria - FIEAM\" \/>\n<meta property=\"og:description\" content=\"A Recofarma Ind\u00fastria do Amazonas vendeu para o mercado exterior, em 2018, um volume de 7,6 mil toneladas de concentrados, o que gerou receita acima de R$ 718 milh\u00f5es. Esse resultado, junto com a garantia de manuten\u00e7\u00e3o dos investimentos no Polo Industrial de Manaus, foi exaltado pelo vice-presidente de Finan\u00e7as do Grupo Coca-Cola Brasil, Alexandre [&hellip;]\" \/>\n<meta property=\"og:url\" content=\"https:\/\/fieam.org.br\/fieam\/fieam-e-cieam-celebram-resultados-da-industria\/\" \/>\n<meta property=\"og:site_name\" content=\"FIEAM\" \/>\n<meta property=\"article:published_time\" content=\"2019-05-27T18:43:27+00:00\" \/>\n<meta name=\"author\" content=\"Autor\" \/>\n<meta name=\"twitter:card\" content=\"summary_large_image\" \/>\n<meta name=\"twitter:label1\" content=\"Escrito por\" \/>\n\t<meta name=\"twitter:data1\" content=\"Autor\" \/>\n\t<meta name=\"twitter:label2\" content=\"Est. tempo de leitura\" \/>\n\t<meta name=\"twitter:data2\" content=\"5 minutos\" \/>\n<script type=\"application\/ld+json\" class=\"yoast-schema-graph\">{\"@context\":\"https:\/\/schema.org\",\"@graph\":[{\"@type\":\"Article\",\"@id\":\"https:\/\/fieam.org.br\/fieam\/fieam-e-cieam-celebram-resultados-da-industria\/#article\",\"isPartOf\":{\"@id\":\"https:\/\/fieam.org.br\/fieam\/fieam-e-cieam-celebram-resultados-da-industria\/\"},\"author\":{\"name\":\"Autor\",\"@id\":\"https:\/\/fieam.org.br\/fieam\/#\/schema\/person\/c1ceda8321521b291cee22da0a7d34be\"},\"headline\":\"FIEAM e CIEAM celebram resultados da Ind\u00fastria\",\"datePublished\":\"2019-05-27T18:43:27+00:00\",\"mainEntityOfPage\":{\"@id\":\"https:\/\/fieam.org.br\/fieam\/fieam-e-cieam-celebram-resultados-da-industria\/\"},\"wordCount\":1082,\"publisher\":{\"@id\":\"https:\/\/fieam.org.br\/fieam\/#organization\"},\"image\":{\"@id\":\"https:\/\/fieam.org.br\/fieam\/fieam-e-cieam-celebram-resultados-da-industria\/#primaryimage\"},\"thumbnailUrl\":\"\",\"articleSection\":[\"Banner Destaque\",\"News\",\"News Destaque\"],\"inLanguage\":\"pt-BR\"},{\"@type\":\"WebPage\",\"@id\":\"https:\/\/fieam.org.br\/fieam\/fieam-e-cieam-celebram-resultados-da-industria\/\",\"url\":\"https:\/\/fieam.org.br\/fieam\/fieam-e-cieam-celebram-resultados-da-industria\/\",\"name\":\"FIEAM e CIEAM celebram resultados da Ind\u00fastria - FIEAM\",\"isPartOf\":{\"@id\":\"https:\/\/fieam.org.br\/fieam\/#website\"},\"primaryImageOfPage\":{\"@id\":\"https:\/\/fieam.org.br\/fieam\/fieam-e-cieam-celebram-resultados-da-industria\/#primaryimage\"},\"image\":{\"@id\":\"https:\/\/fieam.org.br\/fieam\/fieam-e-cieam-celebram-resultados-da-industria\/#primaryimage\"},\"thumbnailUrl\":\"\",\"datePublished\":\"2019-05-27T18:43:27+00:00\",\"breadcrumb\":{\"@id\":\"https:\/\/fieam.org.br\/fieam\/fieam-e-cieam-celebram-resultados-da-industria\/#breadcrumb\"},\"inLanguage\":\"pt-BR\",\"potentialAction\":[{\"@type\":\"ReadAction\",\"target\":[\"https:\/\/fieam.org.br\/fieam\/fieam-e-cieam-celebram-resultados-da-industria\/\"]}]},{\"@type\":\"ImageObject\",\"inLanguage\":\"pt-BR\",\"@id\":\"https:\/\/fieam.org.br\/fieam\/fieam-e-cieam-celebram-resultados-da-industria\/#primaryimage\",\"url\":\"\",\"contentUrl\":\"\"},{\"@type\":\"BreadcrumbList\",\"@id\":\"https:\/\/fieam.org.br\/fieam\/fieam-e-cieam-celebram-resultados-da-industria\/#breadcrumb\",\"itemListElement\":[{\"@type\":\"ListItem\",\"position\":1,\"name\":\"In\u00edcio\",\"item\":\"https:\/\/fieam.org.br\/fieam\/\"},{\"@type\":\"ListItem\",\"position\":2,\"name\":\"FIEAM e CIEAM celebram resultados da Ind\u00fastria\"}]},{\"@type\":\"WebSite\",\"@id\":\"https:\/\/fieam.org.br\/fieam\/#website\",\"url\":\"https:\/\/fieam.org.br\/fieam\/\",\"name\":\"FIEAM\",\"description\":\"Site Oficial!\",\"publisher\":{\"@id\":\"https:\/\/fieam.org.br\/fieam\/#organization\"},\"potentialAction\":[{\"@type\":\"SearchAction\",\"target\":{\"@type\":\"EntryPoint\",\"urlTemplate\":\"https:\/\/fieam.org.br\/fieam\/?s={search_term_string}\"},\"query-input\":{\"@type\":\"PropertyValueSpecification\",\"valueRequired\":true,\"valueName\":\"search_term_string\"}}],\"inLanguage\":\"pt-BR\"},{\"@type\":\"Organization\",\"@id\":\"https:\/\/fieam.org.br\/fieam\/#organization\",\"name\":\"FIEAM\",\"url\":\"https:\/\/fieam.org.br\/fieam\/\",\"logo\":{\"@type\":\"ImageObject\",\"inLanguage\":\"pt-BR\",\"@id\":\"https:\/\/fieam.org.br\/fieam\/#\/schema\/logo\/image\/\",\"url\":\"https:\/\/fieam.org.br\/fieam\/wp-content\/uploads\/sites\/9\/2024\/03\/cropped-fav.png\",\"contentUrl\":\"https:\/\/fieam.org.br\/fieam\/wp-content\/uploads\/sites\/9\/2024\/03\/cropped-fav.png\",\"width\":597,\"height\":598,\"caption\":\"FIEAM\"},\"image\":{\"@id\":\"https:\/\/fieam.org.br\/fieam\/#\/schema\/logo\/image\/\"}},{\"@type\":\"Person\",\"@id\":\"https:\/\/fieam.org.br\/fieam\/#\/schema\/person\/c1ceda8321521b291cee22da0a7d34be\",\"name\":\"Autor\",\"image\":{\"@type\":\"ImageObject\",\"inLanguage\":\"pt-BR\",\"@id\":\"https:\/\/fieam.org.br\/fieam\/#\/schema\/person\/image\/\",\"url\":\"https:\/\/secure.gravatar.com\/avatar\/3732c223e0e1fad69062a8f770955c9068d37b055204f310a0be18d4069fe380?s=96&d=mm&r=g\",\"contentUrl\":\"https:\/\/secure.gravatar.com\/avatar\/3732c223e0e1fad69062a8f770955c9068d37b055204f310a0be18d4069fe380?s=96&d=mm&r=g\",\"caption\":\"Autor\"},\"sameAs\":[\"https:\/\/marketingmassivo.com.br\"],\"url\":\"https:\/\/fieam.org.br\/fieam\/author\/admin\/\"}]}<\/script>\n<!-- \/ Yoast SEO plugin. -->","yoast_head_json":{"title":"FIEAM e CIEAM celebram resultados da Ind\u00fastria - FIEAM","robots":{"index":"index","follow":"follow","max-snippet":"max-snippet:-1","max-image-preview":"max-image-preview:large","max-video-preview":"max-video-preview:-1"},"canonical":"https:\/\/fieam.org.br\/fieam\/fieam-e-cieam-celebram-resultados-da-industria\/","og_locale":"pt_BR","og_type":"article","og_title":"FIEAM e CIEAM celebram resultados da Ind\u00fastria - FIEAM","og_description":"A Recofarma Ind\u00fastria do Amazonas vendeu para o mercado exterior, em 2018, um volume de 7,6 mil toneladas de concentrados, o que gerou receita acima de R$ 718 milh\u00f5es. Esse resultado, junto com a garantia de manuten\u00e7\u00e3o dos investimentos no Polo Industrial de Manaus, foi exaltado pelo vice-presidente de Finan\u00e7as do Grupo Coca-Cola Brasil, Alexandre [&hellip;]","og_url":"https:\/\/fieam.org.br\/fieam\/fieam-e-cieam-celebram-resultados-da-industria\/","og_site_name":"FIEAM","article_published_time":"2019-05-27T18:43:27+00:00","author":"Autor","twitter_card":"summary_large_image","twitter_misc":{"Escrito por":"Autor","Est. tempo de leitura":"5 minutos"},"schema":{"@context":"https:\/\/schema.org","@graph":[{"@type":"Article","@id":"https:\/\/fieam.org.br\/fieam\/fieam-e-cieam-celebram-resultados-da-industria\/#article","isPartOf":{"@id":"https:\/\/fieam.org.br\/fieam\/fieam-e-cieam-celebram-resultados-da-industria\/"},"author":{"name":"Autor","@id":"https:\/\/fieam.org.br\/fieam\/#\/schema\/person\/c1ceda8321521b291cee22da0a7d34be"},"headline":"FIEAM e CIEAM celebram resultados da Ind\u00fastria","datePublished":"2019-05-27T18:43:27+00:00","mainEntityOfPage":{"@id":"https:\/\/fieam.org.br\/fieam\/fieam-e-cieam-celebram-resultados-da-industria\/"},"wordCount":1082,"publisher":{"@id":"https:\/\/fieam.org.br\/fieam\/#organization"},"image":{"@id":"https:\/\/fieam.org.br\/fieam\/fieam-e-cieam-celebram-resultados-da-industria\/#primaryimage"},"thumbnailUrl":"","articleSection":["Banner Destaque","News","News Destaque"],"inLanguage":"pt-BR"},{"@type":"WebPage","@id":"https:\/\/fieam.org.br\/fieam\/fieam-e-cieam-celebram-resultados-da-industria\/","url":"https:\/\/fieam.org.br\/fieam\/fieam-e-cieam-celebram-resultados-da-industria\/","name":"FIEAM e CIEAM celebram resultados da Ind\u00fastria - FIEAM","isPartOf":{"@id":"https:\/\/fieam.org.br\/fieam\/#website"},"primaryImageOfPage":{"@id":"https:\/\/fieam.org.br\/fieam\/fieam-e-cieam-celebram-resultados-da-industria\/#primaryimage"},"image":{"@id":"https:\/\/fieam.org.br\/fieam\/fieam-e-cieam-celebram-resultados-da-industria\/#primaryimage"},"thumbnailUrl":"","datePublished":"2019-05-27T18:43:27+00:00","breadcrumb":{"@id":"https:\/\/fieam.org.br\/fieam\/fieam-e-cieam-celebram-resultados-da-industria\/#breadcrumb"},"inLanguage":"pt-BR","potentialAction":[{"@type":"ReadAction","target":["https:\/\/fieam.org.br\/fieam\/fieam-e-cieam-celebram-resultados-da-industria\/"]}]},{"@type":"ImageObject","inLanguage":"pt-BR","@id":"https:\/\/fieam.org.br\/fieam\/fieam-e-cieam-celebram-resultados-da-industria\/#primaryimage","url":"","contentUrl":""},{"@type":"BreadcrumbList","@id":"https:\/\/fieam.org.br\/fieam\/fieam-e-cieam-celebram-resultados-da-industria\/#breadcrumb","itemListElement":[{"@type":"ListItem","position":1,"name":"In\u00edcio","item":"https:\/\/fieam.org.br\/fieam\/"},{"@type":"ListItem","position":2,"name":"FIEAM e CIEAM celebram resultados da Ind\u00fastria"}]},{"@type":"WebSite","@id":"https:\/\/fieam.org.br\/fieam\/#website","url":"https:\/\/fieam.org.br\/fieam\/","name":"FIEAM","description":"Site Oficial!","publisher":{"@id":"https:\/\/fieam.org.br\/fieam\/#organization"},"potentialAction":[{"@type":"SearchAction","target":{"@type":"EntryPoint","urlTemplate":"https:\/\/fieam.org.br\/fieam\/?s={search_term_string}"},"query-input":{"@type":"PropertyValueSpecification","valueRequired":true,"valueName":"search_term_string"}}],"inLanguage":"pt-BR"},{"@type":"Organization","@id":"https:\/\/fieam.org.br\/fieam\/#organization","name":"FIEAM","url":"https:\/\/fieam.org.br\/fieam\/","logo":{"@type":"ImageObject","inLanguage":"pt-BR","@id":"https:\/\/fieam.org.br\/fieam\/#\/schema\/logo\/image\/","url":"https:\/\/fieam.org.br\/fieam\/wp-content\/uploads\/sites\/9\/2024\/03\/cropped-fav.png","contentUrl":"https:\/\/fieam.org.br\/fieam\/wp-content\/uploads\/sites\/9\/2024\/03\/cropped-fav.png","width":597,"height":598,"caption":"FIEAM"},"image":{"@id":"https:\/\/fieam.org.br\/fieam\/#\/schema\/logo\/image\/"}},{"@type":"Person","@id":"https:\/\/fieam.org.br\/fieam\/#\/schema\/person\/c1ceda8321521b291cee22da0a7d34be","name":"Autor","image":{"@type":"ImageObject","inLanguage":"pt-BR","@id":"https:\/\/fieam.org.br\/fieam\/#\/schema\/person\/image\/","url":"https:\/\/secure.gravatar.com\/avatar\/3732c223e0e1fad69062a8f770955c9068d37b055204f310a0be18d4069fe380?s=96&d=mm&r=g","contentUrl":"https:\/\/secure.gravatar.com\/avatar\/3732c223e0e1fad69062a8f770955c9068d37b055204f310a0be18d4069fe380?s=96&d=mm&r=g","caption":"Autor"},"sameAs":["https:\/\/marketingmassivo.com.br"],"url":"https:\/\/fieam.org.br\/fieam\/author\/admin\/"}]}},"_links":{"self":[{"href":"https:\/\/fieam.org.br\/fieam\/wp-json\/wp\/v2\/posts\/12669","targetHints":{"allow":["GET"]}}],"collection":[{"href":"https:\/\/fieam.org.br\/fieam\/wp-json\/wp\/v2\/posts"}],"about":[{"href":"https:\/\/fieam.org.br\/fieam\/wp-json\/wp\/v2\/types\/post"}],"author":[{"embeddable":true,"href":"https:\/\/fieam.org.br\/fieam\/wp-json\/wp\/v2\/users\/1"}],"replies":[{"embeddable":true,"href":"https:\/\/fieam.org.br\/fieam\/wp-json\/wp\/v2\/comments?post=12669"}],"version-history":[{"count":0,"href":"https:\/\/fieam.org.br\/fieam\/wp-json\/wp\/v2\/posts\/12669\/revisions"}],"wp:featuredmedia":[{"embeddable":true,"href":"https:\/\/fieam.org.br\/fieam\/wp-json\/"}],"wp:attachment":[{"href":"https:\/\/fieam.org.br\/fieam\/wp-json\/wp\/v2\/media?parent=12669"}],"wp:term":[{"taxonomy":"category","embeddable":true,"href":"https:\/\/fieam.org.br\/fieam\/wp-json\/wp\/v2\/categories?post=12669"},{"taxonomy":"post_tag","embeddable":true,"href":"https:\/\/fieam.org.br\/fieam\/wp-json\/wp\/v2\/tags?post=12669"}],"curies":[{"name":"wp","href":"https:\/\/api.w.org\/{rel}","templated":true}]}}