{"id":12493,"date":"2019-03-27T15:54:46","date_gmt":"2019-03-27T19:54:46","guid":{"rendered":"http:\/\/www.fieam.org.br\/fieam\/?p=12493"},"modified":"2019-03-27T15:54:46","modified_gmt":"2019-03-27T19:54:46","slug":"confianca-dos-empresarios-da-industria-da-construcao-cai-pelo-segundo-mes-consecutivo-diz-cni","status":"publish","type":"post","link":"https:\/\/fieam.org.br\/fieam\/confianca-dos-empresarios-da-industria-da-construcao-cai-pelo-segundo-mes-consecutivo-diz-cni\/","title":{"rendered":"Confian\u00e7a dos empres\u00e1rios da ind\u00fastria da constru\u00e7\u00e3o cai pelo segundo m\u00eas consecutivo, diz CNI"},"content":{"rendered":"<p><em>Pesquisa mostra que o setor est\u00e1 menos otimista com as condi\u00e7\u00f5es atuais e o desempenho futuro das empresas e da economia. Inten\u00e7\u00e3o de investimento tamb\u00e9m diminuiu<\/em><\/p>\n<p>&nbsp;<\/p>\n<p>O \u00cdndice de Confian\u00e7a do Empres\u00e1rio (ICEI-Constru\u00e7\u00e3o) recuou pelo segundo m\u00eas consecutivo e ficou em 59,8 pontos em mar\u00e7o. Mesmo com a queda de 3,5 pontos em rela\u00e7\u00e3o a fevereiro, o \u00edndice \u00e9 6,5 pontos maior do que m\u00e9dia hist\u00f3rica e continua acima da linha divis\u00f3ria dos 50 pontos, que separa a confian\u00e7a da falta de confian\u00e7a. A queda deste m\u00eas \u00e9 resultado da piora da avalia\u00e7\u00e3o dos empres\u00e1rios sobre as condi\u00e7\u00f5es atuais dos neg\u00f3cios e das perspectivas em rela\u00e7\u00e3o ao desempenho das empresas e da economia nos pr\u00f3ximos seis meses, informa a\u00a0<a href=\"http:\/\/www.portaldaindustria.com.br\/estatisticas\/sondagem-industria-da-construcao\/?utm_source=gpc_agencia_de_noticias&amp;utm_medium=site&amp;utm_campaign=Sondagem_IndConstFev19\">Sondagem Ind\u00fastria da Constru\u00e7\u00e3o<\/a>, divulgada nesta quarta-feira, 27 de mar\u00e7o, pela\u00a0<a href=\"http:\/\/www.portaldaindustria.com.br\/cni\/\">Confedera\u00e7\u00e3o Nacional da Ind\u00fastria (CNI)<\/a>.<\/p>\n<p>Com a queda da confian\u00e7a, os empres\u00e1rios do setor est\u00e3o menos dispostos a investir. O \u00edndice de inten\u00e7\u00e3o de investimento caiu para 34 pontos em mar\u00e7o. Foi a segunda queda consecutiva do indicador, que continua em patamar muito baixo. O \u00edndice varia de zero a cem pontos. Quanto menor o valor, mais baixa \u00e9 a propens\u00e3o das empresas para investir. \u00a0&#8220;As dificuldades no cen\u00e1rio pol\u00edtico diminuem a previsibilidade dos agentes econ\u00f4micos. Isso se reflete em uma postura mais c\u00e9tica dos empres\u00e1rios, principalmente em rela\u00e7\u00e3o a investimentos de longo prazo&#8221;, diz a economista da CNI Dea Fioravante.<\/p>\n<p>Al\u00e9m disso, a pesquisa mostra que os empres\u00e1rios est\u00e3o cautelosos em rela\u00e7\u00e3o ao futuro. Os indicadores de expectativas sobre o n\u00edvel de atividade e de compra de insumos e de mat\u00e9rias-primas recuaram em mar\u00e7o frente a fevereiro. O \u00edndice de n\u00famero de empregados ficou est\u00e1vel e o de novos empreendimentos e servi\u00e7os subiu 0,4 ponto.\u00a0 Ainda assim, os indicadores se mant\u00eam acima da linha divis\u00f3ria dos 50 pontos, mostrando que os empres\u00e1rios ainda esperam o crescimento do setor nos pr\u00f3ximos seis meses.<\/p>\n<p><strong>ATIVIDADE E EMPREGO \u2013<\/strong>\u00a0Conforme o levantamento, o n\u00edvel de atividade e de emprego apresentaram leve melhora no m\u00eas passado. O \u00edndice de evolu\u00e7\u00e3o do n\u00edvel de atividade aumentou 0,3 ponto em rela\u00e7\u00e3o a janeiro e ficou em 44,3 pontos em fevereiro. O \u00edndice de emprego subiu 0,4 ponto e alcan\u00e7ou 42,9 pontos. Mesmo com a melhora, os dois indicadores seguem abaixo dos 50 pontos, mostrando que a atividade e o emprego no setor continuam em queda.<\/p>\n<p>Mas o n\u00edvel de utiliza\u00e7\u00e3o da capacidade operacional subiu 1 ponto percentual em rela\u00e7\u00e3o a janeiro e ficou em 56% em fevereiro. Isso significa que, no m\u00eas passado, a ind\u00fastria da constru\u00e7\u00e3o operou com 44% das m\u00e1quinas, dos equipamentos e do pessoal parados.\u00a0 O aumento da utiliza\u00e7\u00e3o da capacidade de opera\u00e7\u00e3o \u00e9 resultado da alta de 1 ponto percentual registrada no indicador do setor de constru\u00e7\u00e3o de edif\u00edcios, que subiu para 57%. No setor de obras de infraestrutura, o n\u00edvel de utiliza\u00e7\u00e3o da capacidade instalada caiu 1 ponto percentual e ficou em 52%.<\/p>\n<p>Esta edi\u00e7\u00e3o da\u00a0<a href=\"http:\/\/www.portaldaindustria.com.br\/estatisticas\/sondagem-industria-da-construcao\/?utm_source=gpc_agencia_de_noticias&amp;utm_medium=site&amp;utm_campaign=Sondagem_IndConstFev19\">Sondagem Ind\u00fastria da Constru\u00e7\u00e3o<\/a>\u00a0foi feita entre 1\u00ba e 19 de mar\u00e7o com\u00a0492 empresas. Dessas, 165 s\u00e3o pequenas, 218 s\u00e3o m\u00e9dias e 109 s\u00e3o de grande porte.<\/p>\n<p>&nbsp;<\/p>\n<p><strong>ATENDIMENTO \u00c0 IMPRENSA<br \/>\nSuperintend\u00eancia de Jornalismo da CNI<\/strong><\/p>\n<p>(61) 3317-9895 \/ 9578<br \/>\n<a href=\"mailto:imprensa@cni.org.br\">imprensa@cni.com.br<\/a><\/p>\n<p><strong>SITE<\/strong><br \/>\n<a href=\"https:\/\/app.workr.com.br\/LinkOpen.aspx?mid=af2af379-d494-4a15-93bc-6a1e9de08a95&amp;lid=l3F\/6PRlspEfYCFK5XBNIw==\">http:\/\/www.portaldaindustria.com.br\/<\/a><\/p>\n<p><strong>REDES SOCIAIS<\/strong><br \/>\n<a href=\"https:\/\/app.workr.com.br\/LinkOpen.aspx?mid=af2af379-d494-4a15-93bc-6a1e9de08a95&amp;lid=RfCCwsPEqHLMfZZVp9lOoA==\">https:\/\/twitter.com\/CNI_br<\/a><br \/>\n<a href=\"https:\/\/app.workr.com.br\/LinkOpen.aspx?mid=af2af379-d494-4a15-93bc-6a1e9de08a95&amp;lid=0OUT2PyMN70tsQMsCsqCmQ==\">https:\/\/www.facebook.com\/cnibrasil<\/a><br \/>\n<a href=\"https:\/\/app.workr.com.br\/LinkOpen.aspx?mid=af2af379-d494-4a15-93bc-6a1e9de08a95&amp;lid=OIBBmj9oSP0YBxURbQObLQ==\">http:\/\/www.youtube.com\/user\/cniweb<\/a><\/p>\n<p><strong>IMAGENS<\/strong><br \/>\n<a href=\"https:\/\/app.workr.com.br\/LinkOpen.aspx?mid=af2af379-d494-4a15-93bc-6a1e9de08a95&amp;lid=DMTnzIVSDvot1XkW1si4ww==\">https:\/\/www.flickr.com\/photos\/cniweb\/<\/a><\/p>\n","protected":false},"excerpt":{"rendered":"<p>Pesquisa mostra que o setor est\u00e1 menos otimista com as condi\u00e7\u00f5es atuais e o desempenho futuro das empresas e da economia. Inten\u00e7\u00e3o de investimento tamb\u00e9m diminuiu &nbsp; O \u00cdndice de Confian\u00e7a do Empres\u00e1rio (ICEI-Constru\u00e7\u00e3o) recuou pelo segundo m\u00eas consecutivo e ficou em 59,8 pontos em mar\u00e7o. Mesmo com a queda de 3,5 pontos em rela\u00e7\u00e3o [&hellip;]<\/p>\n","protected":false},"author":1,"featured_media":12494,"comment_status":"closed","ping_status":"open","sticky":false,"template":"","format":"standard","meta":{"footnotes":""},"categories":[28,29,30],"tags":[],"class_list":["post-12493","post","type-post","status-publish","format-standard","has-post-thumbnail","hentry","category-banner-destaque","category-news","category-news_destaque"],"yoast_head":"<!-- This site is optimized with the Yoast SEO plugin v26.8 - https:\/\/yoast.com\/product\/yoast-seo-wordpress\/ -->\n<title>Confian\u00e7a dos empres\u00e1rios da ind\u00fastria da constru\u00e7\u00e3o cai pelo segundo m\u00eas consecutivo, diz CNI - FIEAM<\/title>\n<meta name=\"robots\" content=\"index, follow, max-snippet:-1, max-image-preview:large, max-video-preview:-1\" \/>\n<link rel=\"canonical\" href=\"https:\/\/fieam.org.br\/fieam\/confianca-dos-empresarios-da-industria-da-construcao-cai-pelo-segundo-mes-consecutivo-diz-cni\/\" \/>\n<meta property=\"og:locale\" content=\"pt_BR\" \/>\n<meta property=\"og:type\" content=\"article\" \/>\n<meta property=\"og:title\" content=\"Confian\u00e7a dos empres\u00e1rios da ind\u00fastria da constru\u00e7\u00e3o cai pelo segundo m\u00eas consecutivo, diz CNI - FIEAM\" \/>\n<meta property=\"og:description\" content=\"Pesquisa mostra que o setor est\u00e1 menos otimista com as condi\u00e7\u00f5es atuais e o desempenho futuro das empresas e da economia. Inten\u00e7\u00e3o de investimento tamb\u00e9m diminuiu &nbsp; O \u00cdndice de Confian\u00e7a do Empres\u00e1rio (ICEI-Constru\u00e7\u00e3o) recuou pelo segundo m\u00eas consecutivo e ficou em 59,8 pontos em mar\u00e7o. Mesmo com a queda de 3,5 pontos em rela\u00e7\u00e3o [&hellip;]\" \/>\n<meta property=\"og:url\" content=\"https:\/\/fieam.org.br\/fieam\/confianca-dos-empresarios-da-industria-da-construcao-cai-pelo-segundo-mes-consecutivo-diz-cni\/\" \/>\n<meta property=\"og:site_name\" content=\"FIEAM\" \/>\n<meta property=\"article:published_time\" content=\"2019-03-27T19:54:46+00:00\" \/>\n<meta name=\"author\" content=\"Autor\" \/>\n<meta name=\"twitter:card\" content=\"summary_large_image\" \/>\n<meta name=\"twitter:label1\" content=\"Escrito por\" \/>\n\t<meta name=\"twitter:data1\" content=\"Autor\" \/>\n\t<meta name=\"twitter:label2\" content=\"Est. tempo de leitura\" \/>\n\t<meta name=\"twitter:data2\" content=\"3 minutos\" \/>\n<script type=\"application\/ld+json\" class=\"yoast-schema-graph\">{\"@context\":\"https:\/\/schema.org\",\"@graph\":[{\"@type\":\"Article\",\"@id\":\"https:\/\/fieam.org.br\/fieam\/confianca-dos-empresarios-da-industria-da-construcao-cai-pelo-segundo-mes-consecutivo-diz-cni\/#article\",\"isPartOf\":{\"@id\":\"https:\/\/fieam.org.br\/fieam\/confianca-dos-empresarios-da-industria-da-construcao-cai-pelo-segundo-mes-consecutivo-diz-cni\/\"},\"author\":{\"name\":\"Autor\",\"@id\":\"https:\/\/fieam.org.br\/fieam\/#\/schema\/person\/c1ceda8321521b291cee22da0a7d34be\"},\"headline\":\"Confian\u00e7a dos empres\u00e1rios da ind\u00fastria da constru\u00e7\u00e3o cai pelo segundo m\u00eas consecutivo, diz CNI\",\"datePublished\":\"2019-03-27T19:54:46+00:00\",\"mainEntityOfPage\":{\"@id\":\"https:\/\/fieam.org.br\/fieam\/confianca-dos-empresarios-da-industria-da-construcao-cai-pelo-segundo-mes-consecutivo-diz-cni\/\"},\"wordCount\":627,\"publisher\":{\"@id\":\"https:\/\/fieam.org.br\/fieam\/#organization\"},\"image\":{\"@id\":\"https:\/\/fieam.org.br\/fieam\/confianca-dos-empresarios-da-industria-da-construcao-cai-pelo-segundo-mes-consecutivo-diz-cni\/#primaryimage\"},\"thumbnailUrl\":\"\",\"articleSection\":[\"Banner Destaque\",\"News\",\"News Destaque\"],\"inLanguage\":\"pt-BR\"},{\"@type\":\"WebPage\",\"@id\":\"https:\/\/fieam.org.br\/fieam\/confianca-dos-empresarios-da-industria-da-construcao-cai-pelo-segundo-mes-consecutivo-diz-cni\/\",\"url\":\"https:\/\/fieam.org.br\/fieam\/confianca-dos-empresarios-da-industria-da-construcao-cai-pelo-segundo-mes-consecutivo-diz-cni\/\",\"name\":\"Confian\u00e7a dos empres\u00e1rios da ind\u00fastria da constru\u00e7\u00e3o cai pelo segundo m\u00eas consecutivo, diz CNI - FIEAM\",\"isPartOf\":{\"@id\":\"https:\/\/fieam.org.br\/fieam\/#website\"},\"primaryImageOfPage\":{\"@id\":\"https:\/\/fieam.org.br\/fieam\/confianca-dos-empresarios-da-industria-da-construcao-cai-pelo-segundo-mes-consecutivo-diz-cni\/#primaryimage\"},\"image\":{\"@id\":\"https:\/\/fieam.org.br\/fieam\/confianca-dos-empresarios-da-industria-da-construcao-cai-pelo-segundo-mes-consecutivo-diz-cni\/#primaryimage\"},\"thumbnailUrl\":\"\",\"datePublished\":\"2019-03-27T19:54:46+00:00\",\"breadcrumb\":{\"@id\":\"https:\/\/fieam.org.br\/fieam\/confianca-dos-empresarios-da-industria-da-construcao-cai-pelo-segundo-mes-consecutivo-diz-cni\/#breadcrumb\"},\"inLanguage\":\"pt-BR\",\"potentialAction\":[{\"@type\":\"ReadAction\",\"target\":[\"https:\/\/fieam.org.br\/fieam\/confianca-dos-empresarios-da-industria-da-construcao-cai-pelo-segundo-mes-consecutivo-diz-cni\/\"]}]},{\"@type\":\"ImageObject\",\"inLanguage\":\"pt-BR\",\"@id\":\"https:\/\/fieam.org.br\/fieam\/confianca-dos-empresarios-da-industria-da-construcao-cai-pelo-segundo-mes-consecutivo-diz-cni\/#primaryimage\",\"url\":\"\",\"contentUrl\":\"\"},{\"@type\":\"BreadcrumbList\",\"@id\":\"https:\/\/fieam.org.br\/fieam\/confianca-dos-empresarios-da-industria-da-construcao-cai-pelo-segundo-mes-consecutivo-diz-cni\/#breadcrumb\",\"itemListElement\":[{\"@type\":\"ListItem\",\"position\":1,\"name\":\"In\u00edcio\",\"item\":\"https:\/\/fieam.org.br\/fieam\/\"},{\"@type\":\"ListItem\",\"position\":2,\"name\":\"Confian\u00e7a dos empres\u00e1rios da ind\u00fastria da constru\u00e7\u00e3o cai pelo segundo m\u00eas consecutivo, diz CNI\"}]},{\"@type\":\"WebSite\",\"@id\":\"https:\/\/fieam.org.br\/fieam\/#website\",\"url\":\"https:\/\/fieam.org.br\/fieam\/\",\"name\":\"FIEAM\",\"description\":\"Site Oficial!\",\"publisher\":{\"@id\":\"https:\/\/fieam.org.br\/fieam\/#organization\"},\"potentialAction\":[{\"@type\":\"SearchAction\",\"target\":{\"@type\":\"EntryPoint\",\"urlTemplate\":\"https:\/\/fieam.org.br\/fieam\/?s={search_term_string}\"},\"query-input\":{\"@type\":\"PropertyValueSpecification\",\"valueRequired\":true,\"valueName\":\"search_term_string\"}}],\"inLanguage\":\"pt-BR\"},{\"@type\":\"Organization\",\"@id\":\"https:\/\/fieam.org.br\/fieam\/#organization\",\"name\":\"FIEAM\",\"url\":\"https:\/\/fieam.org.br\/fieam\/\",\"logo\":{\"@type\":\"ImageObject\",\"inLanguage\":\"pt-BR\",\"@id\":\"https:\/\/fieam.org.br\/fieam\/#\/schema\/logo\/image\/\",\"url\":\"https:\/\/fieam.org.br\/fieam\/wp-content\/uploads\/sites\/9\/2024\/03\/cropped-fav.png\",\"contentUrl\":\"https:\/\/fieam.org.br\/fieam\/wp-content\/uploads\/sites\/9\/2024\/03\/cropped-fav.png\",\"width\":597,\"height\":598,\"caption\":\"FIEAM\"},\"image\":{\"@id\":\"https:\/\/fieam.org.br\/fieam\/#\/schema\/logo\/image\/\"}},{\"@type\":\"Person\",\"@id\":\"https:\/\/fieam.org.br\/fieam\/#\/schema\/person\/c1ceda8321521b291cee22da0a7d34be\",\"name\":\"Autor\",\"image\":{\"@type\":\"ImageObject\",\"inLanguage\":\"pt-BR\",\"@id\":\"https:\/\/fieam.org.br\/fieam\/#\/schema\/person\/image\/\",\"url\":\"https:\/\/secure.gravatar.com\/avatar\/3732c223e0e1fad69062a8f770955c9068d37b055204f310a0be18d4069fe380?s=96&d=mm&r=g\",\"contentUrl\":\"https:\/\/secure.gravatar.com\/avatar\/3732c223e0e1fad69062a8f770955c9068d37b055204f310a0be18d4069fe380?s=96&d=mm&r=g\",\"caption\":\"Autor\"},\"sameAs\":[\"https:\/\/marketingmassivo.com.br\"],\"url\":\"https:\/\/fieam.org.br\/fieam\/author\/admin\/\"}]}<\/script>\n<!-- \/ Yoast SEO plugin. -->","yoast_head_json":{"title":"Confian\u00e7a dos empres\u00e1rios da ind\u00fastria da constru\u00e7\u00e3o cai pelo segundo m\u00eas consecutivo, diz CNI - FIEAM","robots":{"index":"index","follow":"follow","max-snippet":"max-snippet:-1","max-image-preview":"max-image-preview:large","max-video-preview":"max-video-preview:-1"},"canonical":"https:\/\/fieam.org.br\/fieam\/confianca-dos-empresarios-da-industria-da-construcao-cai-pelo-segundo-mes-consecutivo-diz-cni\/","og_locale":"pt_BR","og_type":"article","og_title":"Confian\u00e7a dos empres\u00e1rios da ind\u00fastria da constru\u00e7\u00e3o cai pelo segundo m\u00eas consecutivo, diz CNI - FIEAM","og_description":"Pesquisa mostra que o setor est\u00e1 menos otimista com as condi\u00e7\u00f5es atuais e o desempenho futuro das empresas e da economia. Inten\u00e7\u00e3o de investimento tamb\u00e9m diminuiu &nbsp; O \u00cdndice de Confian\u00e7a do Empres\u00e1rio (ICEI-Constru\u00e7\u00e3o) recuou pelo segundo m\u00eas consecutivo e ficou em 59,8 pontos em mar\u00e7o. Mesmo com a queda de 3,5 pontos em rela\u00e7\u00e3o [&hellip;]","og_url":"https:\/\/fieam.org.br\/fieam\/confianca-dos-empresarios-da-industria-da-construcao-cai-pelo-segundo-mes-consecutivo-diz-cni\/","og_site_name":"FIEAM","article_published_time":"2019-03-27T19:54:46+00:00","author":"Autor","twitter_card":"summary_large_image","twitter_misc":{"Escrito por":"Autor","Est. tempo de leitura":"3 minutos"},"schema":{"@context":"https:\/\/schema.org","@graph":[{"@type":"Article","@id":"https:\/\/fieam.org.br\/fieam\/confianca-dos-empresarios-da-industria-da-construcao-cai-pelo-segundo-mes-consecutivo-diz-cni\/#article","isPartOf":{"@id":"https:\/\/fieam.org.br\/fieam\/confianca-dos-empresarios-da-industria-da-construcao-cai-pelo-segundo-mes-consecutivo-diz-cni\/"},"author":{"name":"Autor","@id":"https:\/\/fieam.org.br\/fieam\/#\/schema\/person\/c1ceda8321521b291cee22da0a7d34be"},"headline":"Confian\u00e7a dos empres\u00e1rios da ind\u00fastria da constru\u00e7\u00e3o cai pelo segundo m\u00eas consecutivo, diz CNI","datePublished":"2019-03-27T19:54:46+00:00","mainEntityOfPage":{"@id":"https:\/\/fieam.org.br\/fieam\/confianca-dos-empresarios-da-industria-da-construcao-cai-pelo-segundo-mes-consecutivo-diz-cni\/"},"wordCount":627,"publisher":{"@id":"https:\/\/fieam.org.br\/fieam\/#organization"},"image":{"@id":"https:\/\/fieam.org.br\/fieam\/confianca-dos-empresarios-da-industria-da-construcao-cai-pelo-segundo-mes-consecutivo-diz-cni\/#primaryimage"},"thumbnailUrl":"","articleSection":["Banner Destaque","News","News Destaque"],"inLanguage":"pt-BR"},{"@type":"WebPage","@id":"https:\/\/fieam.org.br\/fieam\/confianca-dos-empresarios-da-industria-da-construcao-cai-pelo-segundo-mes-consecutivo-diz-cni\/","url":"https:\/\/fieam.org.br\/fieam\/confianca-dos-empresarios-da-industria-da-construcao-cai-pelo-segundo-mes-consecutivo-diz-cni\/","name":"Confian\u00e7a dos empres\u00e1rios da ind\u00fastria da constru\u00e7\u00e3o cai pelo segundo m\u00eas consecutivo, diz CNI - FIEAM","isPartOf":{"@id":"https:\/\/fieam.org.br\/fieam\/#website"},"primaryImageOfPage":{"@id":"https:\/\/fieam.org.br\/fieam\/confianca-dos-empresarios-da-industria-da-construcao-cai-pelo-segundo-mes-consecutivo-diz-cni\/#primaryimage"},"image":{"@id":"https:\/\/fieam.org.br\/fieam\/confianca-dos-empresarios-da-industria-da-construcao-cai-pelo-segundo-mes-consecutivo-diz-cni\/#primaryimage"},"thumbnailUrl":"","datePublished":"2019-03-27T19:54:46+00:00","breadcrumb":{"@id":"https:\/\/fieam.org.br\/fieam\/confianca-dos-empresarios-da-industria-da-construcao-cai-pelo-segundo-mes-consecutivo-diz-cni\/#breadcrumb"},"inLanguage":"pt-BR","potentialAction":[{"@type":"ReadAction","target":["https:\/\/fieam.org.br\/fieam\/confianca-dos-empresarios-da-industria-da-construcao-cai-pelo-segundo-mes-consecutivo-diz-cni\/"]}]},{"@type":"ImageObject","inLanguage":"pt-BR","@id":"https:\/\/fieam.org.br\/fieam\/confianca-dos-empresarios-da-industria-da-construcao-cai-pelo-segundo-mes-consecutivo-diz-cni\/#primaryimage","url":"","contentUrl":""},{"@type":"BreadcrumbList","@id":"https:\/\/fieam.org.br\/fieam\/confianca-dos-empresarios-da-industria-da-construcao-cai-pelo-segundo-mes-consecutivo-diz-cni\/#breadcrumb","itemListElement":[{"@type":"ListItem","position":1,"name":"In\u00edcio","item":"https:\/\/fieam.org.br\/fieam\/"},{"@type":"ListItem","position":2,"name":"Confian\u00e7a dos empres\u00e1rios da ind\u00fastria da constru\u00e7\u00e3o cai pelo segundo m\u00eas consecutivo, diz CNI"}]},{"@type":"WebSite","@id":"https:\/\/fieam.org.br\/fieam\/#website","url":"https:\/\/fieam.org.br\/fieam\/","name":"FIEAM","description":"Site Oficial!","publisher":{"@id":"https:\/\/fieam.org.br\/fieam\/#organization"},"potentialAction":[{"@type":"SearchAction","target":{"@type":"EntryPoint","urlTemplate":"https:\/\/fieam.org.br\/fieam\/?s={search_term_string}"},"query-input":{"@type":"PropertyValueSpecification","valueRequired":true,"valueName":"search_term_string"}}],"inLanguage":"pt-BR"},{"@type":"Organization","@id":"https:\/\/fieam.org.br\/fieam\/#organization","name":"FIEAM","url":"https:\/\/fieam.org.br\/fieam\/","logo":{"@type":"ImageObject","inLanguage":"pt-BR","@id":"https:\/\/fieam.org.br\/fieam\/#\/schema\/logo\/image\/","url":"https:\/\/fieam.org.br\/fieam\/wp-content\/uploads\/sites\/9\/2024\/03\/cropped-fav.png","contentUrl":"https:\/\/fieam.org.br\/fieam\/wp-content\/uploads\/sites\/9\/2024\/03\/cropped-fav.png","width":597,"height":598,"caption":"FIEAM"},"image":{"@id":"https:\/\/fieam.org.br\/fieam\/#\/schema\/logo\/image\/"}},{"@type":"Person","@id":"https:\/\/fieam.org.br\/fieam\/#\/schema\/person\/c1ceda8321521b291cee22da0a7d34be","name":"Autor","image":{"@type":"ImageObject","inLanguage":"pt-BR","@id":"https:\/\/fieam.org.br\/fieam\/#\/schema\/person\/image\/","url":"https:\/\/secure.gravatar.com\/avatar\/3732c223e0e1fad69062a8f770955c9068d37b055204f310a0be18d4069fe380?s=96&d=mm&r=g","contentUrl":"https:\/\/secure.gravatar.com\/avatar\/3732c223e0e1fad69062a8f770955c9068d37b055204f310a0be18d4069fe380?s=96&d=mm&r=g","caption":"Autor"},"sameAs":["https:\/\/marketingmassivo.com.br"],"url":"https:\/\/fieam.org.br\/fieam\/author\/admin\/"}]}},"_links":{"self":[{"href":"https:\/\/fieam.org.br\/fieam\/wp-json\/wp\/v2\/posts\/12493","targetHints":{"allow":["GET"]}}],"collection":[{"href":"https:\/\/fieam.org.br\/fieam\/wp-json\/wp\/v2\/posts"}],"about":[{"href":"https:\/\/fieam.org.br\/fieam\/wp-json\/wp\/v2\/types\/post"}],"author":[{"embeddable":true,"href":"https:\/\/fieam.org.br\/fieam\/wp-json\/wp\/v2\/users\/1"}],"replies":[{"embeddable":true,"href":"https:\/\/fieam.org.br\/fieam\/wp-json\/wp\/v2\/comments?post=12493"}],"version-history":[{"count":0,"href":"https:\/\/fieam.org.br\/fieam\/wp-json\/wp\/v2\/posts\/12493\/revisions"}],"wp:featuredmedia":[{"embeddable":true,"href":"https:\/\/fieam.org.br\/fieam\/wp-json\/"}],"wp:attachment":[{"href":"https:\/\/fieam.org.br\/fieam\/wp-json\/wp\/v2\/media?parent=12493"}],"wp:term":[{"taxonomy":"category","embeddable":true,"href":"https:\/\/fieam.org.br\/fieam\/wp-json\/wp\/v2\/categories?post=12493"},{"taxonomy":"post_tag","embeddable":true,"href":"https:\/\/fieam.org.br\/fieam\/wp-json\/wp\/v2\/tags?post=12493"}],"curies":[{"name":"wp","href":"https:\/\/api.w.org\/{rel}","templated":true}]}}