{"id":12377,"date":"2019-02-21T09:23:47","date_gmt":"2019-02-21T13:23:47","guid":{"rendered":"http:\/\/www.fieam.org.br\/fieam\/?p=12377"},"modified":"2019-02-21T09:23:47","modified_gmt":"2019-02-21T13:23:47","slug":"confianca-do-empresario-esta-101-pontos-acima-da-media-historica-informa-cni","status":"publish","type":"post","link":"https:\/\/fieam.org.br\/fieam\/confianca-do-empresario-esta-101-pontos-acima-da-media-historica-informa-cni\/","title":{"rendered":"Confian\u00e7a do empres\u00e1rio est\u00e1 10,1 pontos acima da m\u00e9dia hist\u00f3rica, informa CNI"},"content":{"rendered":"<p><em>ICEI de fevereiro mostra que melhorou a percep\u00e7\u00e3o dos industriais\u00a0sobre o desempenho atual das empresas e da economia<\/em><\/p>\n<p>&nbsp;<\/p>\n<p>O\u00a0<a href=\"http:\/\/www.portaldaindustria.com.br\/estatisticas\/icei-indice-de-confianca-do-empresario-industrial\/?utm_source=gpc_agencia_de_noticias&amp;utm_medium=release&amp;utm_campaign=ICEI_Dezembro18\">\u00cdndice de Confian\u00e7a do Empres\u00e1rio Industrial (ICEI)<\/a>\u00a0caiu para 64,5 pontos neste m\u00eas. A queda de 0,2 ponto em rela\u00e7\u00e3o a janeiro interrompe uma sequ\u00eancia de quatro meses consecutivos de aumento da confian\u00e7a. Mesmo assim, o indicador est\u00e1 10,1 pontos acima da m\u00e9dia hist\u00f3rica, que \u00e9 de 54,4 pontos, informa a pesquisa divulgada nesta quarta-feira, 20 de fevereiro pela <a href=\"http:\/\/www.portaldaindustria.com.br\/cni\/\">Confedera\u00e7\u00e3o Nacional da Ind\u00fastria (CNI)<\/a>. Os indicadores variam de zero a cem pontos. Quando est\u00e3o acima de 50 pontos mostram que os empres\u00e1rios est\u00e3o otimistas.<\/p>\n<p>\u201cAs expectativas est\u00e3o em n\u00edveis compat\u00edveis com os patamares anteriores \u00e0 crise\u201d, observa o gerente-executivo de Pol\u00edtica Econ\u00f4mica da CNI, Fl\u00e1vio Castelo Branco. \u201cO ICEI alto mostra que os empres\u00e1rios est\u00e3o com confian\u00e7a suficiente para tomar decis\u00f5es mais permanentes sobre investimentos, contrata\u00e7\u00f5es e novos projetos. Evidentemente, isso reflete as expectativas em rela\u00e7\u00e3o ao aprofundamento e aos avan\u00e7os das reformas e da melhoria do ambiente de neg\u00f3cios da economia. Agora, \u00e9 preciso trabalhar para consolidar esse ambiente e para que a confian\u00e7a elevada se traduza em n\u00edveis mais robustos de atividade nas empresas\u201d, afirma Castelo Branco.<\/p>\n<p>A pesquisa mostra que os empres\u00e1rios est\u00e3o mais otimistas com a situa\u00e7\u00e3o atual dos neg\u00f3cios e da economia. O \u00edndice de condi\u00e7\u00f5es atuais subiu 1,5 ponto em rela\u00e7\u00e3o a janeiro e alcan\u00e7ou 55,6 pontos neste m\u00eas, o maior n\u00edvel desde dezembro de 2010. O indicador de expectativas recuou 0,9 ponto frente a janeiro e ficou em 69 pontos, mostrando que os empres\u00e1rios est\u00e3o muito otimistas em rela\u00e7\u00e3o ao desempenho das empresas e da economia nos pr\u00f3ximos seis meses.<\/p>\n<p>A confian\u00e7a \u00e9 maior nas grandes empresas, segmento em que o ICEI alcan\u00e7ou 65,2 pontos. Nas m\u00e9dias empresas, o indicador foi de 64,2 pontos e, nas pequenas, de 63,3 pontos. A pesquisa mostra ainda que os empres\u00e1rios do Sul est\u00e3o mais otimistas. Naquela regi\u00e3o, o ICEI alcan\u00e7ou 66,6 pontos. No Nordeste, a confian\u00e7a foi de 62,7 pontos, no Norte, de 64,5 pontos, no Sudeste, de 64,3 pontos, e, no Centro-Oeste, de 63,8 pontos.<\/p>\n<p>Esta edi\u00e7\u00e3o do ICEI foi feita entre entre 1\u00ba e 13 de fevereiro com 2.407 empresas. Dessas, 974 s\u00e3o pequenas, 891 s\u00e3o m\u00e9dias e 542 s\u00e3o de grande porte.<\/p>\n<p>&nbsp;<\/p>\n<p><strong>ATENDIMENTO \u00c0 IMPRENSA<\/strong><strong><br \/>\nSuperintend\u00eancia de Jornalismo da CNI<\/strong><\/p>\n<p>(61) 3317-9578 \/ 9895<br \/>\n<a href=\"mailto:imprensa@cni.org.br\">imprensa@cni.com.br<\/a><\/p>\n<p><strong>SITE<\/strong><br \/>\n<a href=\"https:\/\/app.workr.com.br\/LinkOpen.aspx?mid=af2af379-d494-4a15-93bc-6a1e9de08a95&amp;lid=l3F\/6PRlspEfYCFK5XBNIw==\">http:\/\/www.portaldaindustria.com.br\/<\/a><\/p>\n<p><strong>REDES SOCIAIS<\/strong><br \/>\n<a href=\"https:\/\/app.workr.com.br\/LinkOpen.aspx?mid=af2af379-d494-4a15-93bc-6a1e9de08a95&amp;lid=RfCCwsPEqHLMfZZVp9lOoA==\">https:\/\/twitter.com\/CNI_br<\/a><br \/>\n<a href=\"https:\/\/app.workr.com.br\/LinkOpen.aspx?mid=af2af379-d494-4a15-93bc-6a1e9de08a95&amp;lid=0OUT2PyMN70tsQMsCsqCmQ==\">https:\/\/www.facebook.com\/cnibrasil<\/a><br \/>\n<a href=\"https:\/\/app.workr.com.br\/LinkOpen.aspx?mid=af2af379-d494-4a15-93bc-6a1e9de08a95&amp;lid=OIBBmj9oSP0YBxURbQObLQ==\">http:\/\/www.youtube.com\/user\/cniweb<\/a><\/p>\n<p><strong>IMAGENS<\/strong><br \/>\n<a href=\"https:\/\/app.workr.com.br\/LinkOpen.aspx?mid=af2af379-d494-4a15-93bc-6a1e9de08a95&amp;lid=DMTnzIVSDvot1XkW1si4ww==\">https:\/\/www.flickr.com\/photos\/cniweb\/<\/a><\/p>\n","protected":false},"excerpt":{"rendered":"<p>ICEI de fevereiro mostra que melhorou a percep\u00e7\u00e3o dos industriais\u00a0sobre o desempenho atual das empresas e da economia &nbsp; O\u00a0\u00cdndice de Confian\u00e7a do Empres\u00e1rio Industrial (ICEI)\u00a0caiu para 64,5 pontos neste m\u00eas. A queda de 0,2 ponto em rela\u00e7\u00e3o a janeiro interrompe uma sequ\u00eancia de quatro meses consecutivos de aumento da confian\u00e7a. Mesmo assim, o indicador [&hellip;]<\/p>\n","protected":false},"author":1,"featured_media":12378,"comment_status":"closed","ping_status":"open","sticky":false,"template":"","format":"standard","meta":{"footnotes":""},"categories":[28,29,30],"tags":[],"class_list":["post-12377","post","type-post","status-publish","format-standard","has-post-thumbnail","hentry","category-banner-destaque","category-news","category-news_destaque"],"yoast_head":"<!-- This site is optimized with the Yoast SEO plugin v26.8 - https:\/\/yoast.com\/product\/yoast-seo-wordpress\/ -->\n<title>Confian\u00e7a do empres\u00e1rio est\u00e1 10,1 pontos acima da m\u00e9dia hist\u00f3rica, informa CNI - FIEAM<\/title>\n<meta name=\"robots\" content=\"index, follow, max-snippet:-1, max-image-preview:large, max-video-preview:-1\" \/>\n<link rel=\"canonical\" href=\"https:\/\/fieam.org.br\/fieam\/confianca-do-empresario-esta-101-pontos-acima-da-media-historica-informa-cni\/\" \/>\n<meta property=\"og:locale\" content=\"pt_BR\" \/>\n<meta property=\"og:type\" content=\"article\" \/>\n<meta property=\"og:title\" content=\"Confian\u00e7a do empres\u00e1rio est\u00e1 10,1 pontos acima da m\u00e9dia hist\u00f3rica, informa CNI - FIEAM\" \/>\n<meta property=\"og:description\" content=\"ICEI de fevereiro mostra que melhorou a percep\u00e7\u00e3o dos industriais\u00a0sobre o desempenho atual das empresas e da economia &nbsp; O\u00a0\u00cdndice de Confian\u00e7a do Empres\u00e1rio Industrial (ICEI)\u00a0caiu para 64,5 pontos neste m\u00eas. A queda de 0,2 ponto em rela\u00e7\u00e3o a janeiro interrompe uma sequ\u00eancia de quatro meses consecutivos de aumento da confian\u00e7a. Mesmo assim, o indicador [&hellip;]\" \/>\n<meta property=\"og:url\" content=\"https:\/\/fieam.org.br\/fieam\/confianca-do-empresario-esta-101-pontos-acima-da-media-historica-informa-cni\/\" \/>\n<meta property=\"og:site_name\" content=\"FIEAM\" \/>\n<meta property=\"article:published_time\" content=\"2019-02-21T13:23:47+00:00\" \/>\n<meta name=\"author\" content=\"Autor\" \/>\n<meta name=\"twitter:card\" content=\"summary_large_image\" \/>\n<meta name=\"twitter:label1\" content=\"Escrito por\" \/>\n\t<meta name=\"twitter:data1\" content=\"Autor\" \/>\n\t<meta name=\"twitter:label2\" content=\"Est. tempo de leitura\" \/>\n\t<meta name=\"twitter:data2\" content=\"2 minutos\" \/>\n<script type=\"application\/ld+json\" class=\"yoast-schema-graph\">{\"@context\":\"https:\/\/schema.org\",\"@graph\":[{\"@type\":\"Article\",\"@id\":\"https:\/\/fieam.org.br\/fieam\/confianca-do-empresario-esta-101-pontos-acima-da-media-historica-informa-cni\/#article\",\"isPartOf\":{\"@id\":\"https:\/\/fieam.org.br\/fieam\/confianca-do-empresario-esta-101-pontos-acima-da-media-historica-informa-cni\/\"},\"author\":{\"name\":\"Autor\",\"@id\":\"https:\/\/fieam.org.br\/fieam\/#\/schema\/person\/c1ceda8321521b291cee22da0a7d34be\"},\"headline\":\"Confian\u00e7a do empres\u00e1rio est\u00e1 10,1 pontos acima da m\u00e9dia hist\u00f3rica, informa CNI\",\"datePublished\":\"2019-02-21T13:23:47+00:00\",\"mainEntityOfPage\":{\"@id\":\"https:\/\/fieam.org.br\/fieam\/confianca-do-empresario-esta-101-pontos-acima-da-media-historica-informa-cni\/\"},\"wordCount\":467,\"publisher\":{\"@id\":\"https:\/\/fieam.org.br\/fieam\/#organization\"},\"image\":{\"@id\":\"https:\/\/fieam.org.br\/fieam\/confianca-do-empresario-esta-101-pontos-acima-da-media-historica-informa-cni\/#primaryimage\"},\"thumbnailUrl\":\"\",\"articleSection\":[\"Banner Destaque\",\"News\",\"News Destaque\"],\"inLanguage\":\"pt-BR\"},{\"@type\":\"WebPage\",\"@id\":\"https:\/\/fieam.org.br\/fieam\/confianca-do-empresario-esta-101-pontos-acima-da-media-historica-informa-cni\/\",\"url\":\"https:\/\/fieam.org.br\/fieam\/confianca-do-empresario-esta-101-pontos-acima-da-media-historica-informa-cni\/\",\"name\":\"Confian\u00e7a do empres\u00e1rio est\u00e1 10,1 pontos acima da m\u00e9dia hist\u00f3rica, informa CNI - FIEAM\",\"isPartOf\":{\"@id\":\"https:\/\/fieam.org.br\/fieam\/#website\"},\"primaryImageOfPage\":{\"@id\":\"https:\/\/fieam.org.br\/fieam\/confianca-do-empresario-esta-101-pontos-acima-da-media-historica-informa-cni\/#primaryimage\"},\"image\":{\"@id\":\"https:\/\/fieam.org.br\/fieam\/confianca-do-empresario-esta-101-pontos-acima-da-media-historica-informa-cni\/#primaryimage\"},\"thumbnailUrl\":\"\",\"datePublished\":\"2019-02-21T13:23:47+00:00\",\"breadcrumb\":{\"@id\":\"https:\/\/fieam.org.br\/fieam\/confianca-do-empresario-esta-101-pontos-acima-da-media-historica-informa-cni\/#breadcrumb\"},\"inLanguage\":\"pt-BR\",\"potentialAction\":[{\"@type\":\"ReadAction\",\"target\":[\"https:\/\/fieam.org.br\/fieam\/confianca-do-empresario-esta-101-pontos-acima-da-media-historica-informa-cni\/\"]}]},{\"@type\":\"ImageObject\",\"inLanguage\":\"pt-BR\",\"@id\":\"https:\/\/fieam.org.br\/fieam\/confianca-do-empresario-esta-101-pontos-acima-da-media-historica-informa-cni\/#primaryimage\",\"url\":\"\",\"contentUrl\":\"\"},{\"@type\":\"BreadcrumbList\",\"@id\":\"https:\/\/fieam.org.br\/fieam\/confianca-do-empresario-esta-101-pontos-acima-da-media-historica-informa-cni\/#breadcrumb\",\"itemListElement\":[{\"@type\":\"ListItem\",\"position\":1,\"name\":\"In\u00edcio\",\"item\":\"https:\/\/fieam.org.br\/fieam\/\"},{\"@type\":\"ListItem\",\"position\":2,\"name\":\"Confian\u00e7a do empres\u00e1rio est\u00e1 10,1 pontos acima da m\u00e9dia hist\u00f3rica, informa CNI\"}]},{\"@type\":\"WebSite\",\"@id\":\"https:\/\/fieam.org.br\/fieam\/#website\",\"url\":\"https:\/\/fieam.org.br\/fieam\/\",\"name\":\"FIEAM\",\"description\":\"Site Oficial!\",\"publisher\":{\"@id\":\"https:\/\/fieam.org.br\/fieam\/#organization\"},\"potentialAction\":[{\"@type\":\"SearchAction\",\"target\":{\"@type\":\"EntryPoint\",\"urlTemplate\":\"https:\/\/fieam.org.br\/fieam\/?s={search_term_string}\"},\"query-input\":{\"@type\":\"PropertyValueSpecification\",\"valueRequired\":true,\"valueName\":\"search_term_string\"}}],\"inLanguage\":\"pt-BR\"},{\"@type\":\"Organization\",\"@id\":\"https:\/\/fieam.org.br\/fieam\/#organization\",\"name\":\"FIEAM\",\"url\":\"https:\/\/fieam.org.br\/fieam\/\",\"logo\":{\"@type\":\"ImageObject\",\"inLanguage\":\"pt-BR\",\"@id\":\"https:\/\/fieam.org.br\/fieam\/#\/schema\/logo\/image\/\",\"url\":\"https:\/\/fieam.org.br\/fieam\/wp-content\/uploads\/sites\/9\/2024\/03\/cropped-fav.png\",\"contentUrl\":\"https:\/\/fieam.org.br\/fieam\/wp-content\/uploads\/sites\/9\/2024\/03\/cropped-fav.png\",\"width\":597,\"height\":598,\"caption\":\"FIEAM\"},\"image\":{\"@id\":\"https:\/\/fieam.org.br\/fieam\/#\/schema\/logo\/image\/\"}},{\"@type\":\"Person\",\"@id\":\"https:\/\/fieam.org.br\/fieam\/#\/schema\/person\/c1ceda8321521b291cee22da0a7d34be\",\"name\":\"Autor\",\"image\":{\"@type\":\"ImageObject\",\"inLanguage\":\"pt-BR\",\"@id\":\"https:\/\/fieam.org.br\/fieam\/#\/schema\/person\/image\/\",\"url\":\"https:\/\/secure.gravatar.com\/avatar\/3732c223e0e1fad69062a8f770955c9068d37b055204f310a0be18d4069fe380?s=96&d=mm&r=g\",\"contentUrl\":\"https:\/\/secure.gravatar.com\/avatar\/3732c223e0e1fad69062a8f770955c9068d37b055204f310a0be18d4069fe380?s=96&d=mm&r=g\",\"caption\":\"Autor\"},\"sameAs\":[\"https:\/\/marketingmassivo.com.br\"],\"url\":\"https:\/\/fieam.org.br\/fieam\/author\/admin\/\"}]}<\/script>\n<!-- \/ Yoast SEO plugin. -->","yoast_head_json":{"title":"Confian\u00e7a do empres\u00e1rio est\u00e1 10,1 pontos acima da m\u00e9dia hist\u00f3rica, informa CNI - FIEAM","robots":{"index":"index","follow":"follow","max-snippet":"max-snippet:-1","max-image-preview":"max-image-preview:large","max-video-preview":"max-video-preview:-1"},"canonical":"https:\/\/fieam.org.br\/fieam\/confianca-do-empresario-esta-101-pontos-acima-da-media-historica-informa-cni\/","og_locale":"pt_BR","og_type":"article","og_title":"Confian\u00e7a do empres\u00e1rio est\u00e1 10,1 pontos acima da m\u00e9dia hist\u00f3rica, informa CNI - FIEAM","og_description":"ICEI de fevereiro mostra que melhorou a percep\u00e7\u00e3o dos industriais\u00a0sobre o desempenho atual das empresas e da economia &nbsp; O\u00a0\u00cdndice de Confian\u00e7a do Empres\u00e1rio Industrial (ICEI)\u00a0caiu para 64,5 pontos neste m\u00eas. A queda de 0,2 ponto em rela\u00e7\u00e3o a janeiro interrompe uma sequ\u00eancia de quatro meses consecutivos de aumento da confian\u00e7a. Mesmo assim, o indicador [&hellip;]","og_url":"https:\/\/fieam.org.br\/fieam\/confianca-do-empresario-esta-101-pontos-acima-da-media-historica-informa-cni\/","og_site_name":"FIEAM","article_published_time":"2019-02-21T13:23:47+00:00","author":"Autor","twitter_card":"summary_large_image","twitter_misc":{"Escrito por":"Autor","Est. tempo de leitura":"2 minutos"},"schema":{"@context":"https:\/\/schema.org","@graph":[{"@type":"Article","@id":"https:\/\/fieam.org.br\/fieam\/confianca-do-empresario-esta-101-pontos-acima-da-media-historica-informa-cni\/#article","isPartOf":{"@id":"https:\/\/fieam.org.br\/fieam\/confianca-do-empresario-esta-101-pontos-acima-da-media-historica-informa-cni\/"},"author":{"name":"Autor","@id":"https:\/\/fieam.org.br\/fieam\/#\/schema\/person\/c1ceda8321521b291cee22da0a7d34be"},"headline":"Confian\u00e7a do empres\u00e1rio est\u00e1 10,1 pontos acima da m\u00e9dia hist\u00f3rica, informa CNI","datePublished":"2019-02-21T13:23:47+00:00","mainEntityOfPage":{"@id":"https:\/\/fieam.org.br\/fieam\/confianca-do-empresario-esta-101-pontos-acima-da-media-historica-informa-cni\/"},"wordCount":467,"publisher":{"@id":"https:\/\/fieam.org.br\/fieam\/#organization"},"image":{"@id":"https:\/\/fieam.org.br\/fieam\/confianca-do-empresario-esta-101-pontos-acima-da-media-historica-informa-cni\/#primaryimage"},"thumbnailUrl":"","articleSection":["Banner Destaque","News","News Destaque"],"inLanguage":"pt-BR"},{"@type":"WebPage","@id":"https:\/\/fieam.org.br\/fieam\/confianca-do-empresario-esta-101-pontos-acima-da-media-historica-informa-cni\/","url":"https:\/\/fieam.org.br\/fieam\/confianca-do-empresario-esta-101-pontos-acima-da-media-historica-informa-cni\/","name":"Confian\u00e7a do empres\u00e1rio est\u00e1 10,1 pontos acima da m\u00e9dia hist\u00f3rica, informa CNI - FIEAM","isPartOf":{"@id":"https:\/\/fieam.org.br\/fieam\/#website"},"primaryImageOfPage":{"@id":"https:\/\/fieam.org.br\/fieam\/confianca-do-empresario-esta-101-pontos-acima-da-media-historica-informa-cni\/#primaryimage"},"image":{"@id":"https:\/\/fieam.org.br\/fieam\/confianca-do-empresario-esta-101-pontos-acima-da-media-historica-informa-cni\/#primaryimage"},"thumbnailUrl":"","datePublished":"2019-02-21T13:23:47+00:00","breadcrumb":{"@id":"https:\/\/fieam.org.br\/fieam\/confianca-do-empresario-esta-101-pontos-acima-da-media-historica-informa-cni\/#breadcrumb"},"inLanguage":"pt-BR","potentialAction":[{"@type":"ReadAction","target":["https:\/\/fieam.org.br\/fieam\/confianca-do-empresario-esta-101-pontos-acima-da-media-historica-informa-cni\/"]}]},{"@type":"ImageObject","inLanguage":"pt-BR","@id":"https:\/\/fieam.org.br\/fieam\/confianca-do-empresario-esta-101-pontos-acima-da-media-historica-informa-cni\/#primaryimage","url":"","contentUrl":""},{"@type":"BreadcrumbList","@id":"https:\/\/fieam.org.br\/fieam\/confianca-do-empresario-esta-101-pontos-acima-da-media-historica-informa-cni\/#breadcrumb","itemListElement":[{"@type":"ListItem","position":1,"name":"In\u00edcio","item":"https:\/\/fieam.org.br\/fieam\/"},{"@type":"ListItem","position":2,"name":"Confian\u00e7a do empres\u00e1rio est\u00e1 10,1 pontos acima da m\u00e9dia hist\u00f3rica, informa CNI"}]},{"@type":"WebSite","@id":"https:\/\/fieam.org.br\/fieam\/#website","url":"https:\/\/fieam.org.br\/fieam\/","name":"FIEAM","description":"Site Oficial!","publisher":{"@id":"https:\/\/fieam.org.br\/fieam\/#organization"},"potentialAction":[{"@type":"SearchAction","target":{"@type":"EntryPoint","urlTemplate":"https:\/\/fieam.org.br\/fieam\/?s={search_term_string}"},"query-input":{"@type":"PropertyValueSpecification","valueRequired":true,"valueName":"search_term_string"}}],"inLanguage":"pt-BR"},{"@type":"Organization","@id":"https:\/\/fieam.org.br\/fieam\/#organization","name":"FIEAM","url":"https:\/\/fieam.org.br\/fieam\/","logo":{"@type":"ImageObject","inLanguage":"pt-BR","@id":"https:\/\/fieam.org.br\/fieam\/#\/schema\/logo\/image\/","url":"https:\/\/fieam.org.br\/fieam\/wp-content\/uploads\/sites\/9\/2024\/03\/cropped-fav.png","contentUrl":"https:\/\/fieam.org.br\/fieam\/wp-content\/uploads\/sites\/9\/2024\/03\/cropped-fav.png","width":597,"height":598,"caption":"FIEAM"},"image":{"@id":"https:\/\/fieam.org.br\/fieam\/#\/schema\/logo\/image\/"}},{"@type":"Person","@id":"https:\/\/fieam.org.br\/fieam\/#\/schema\/person\/c1ceda8321521b291cee22da0a7d34be","name":"Autor","image":{"@type":"ImageObject","inLanguage":"pt-BR","@id":"https:\/\/fieam.org.br\/fieam\/#\/schema\/person\/image\/","url":"https:\/\/secure.gravatar.com\/avatar\/3732c223e0e1fad69062a8f770955c9068d37b055204f310a0be18d4069fe380?s=96&d=mm&r=g","contentUrl":"https:\/\/secure.gravatar.com\/avatar\/3732c223e0e1fad69062a8f770955c9068d37b055204f310a0be18d4069fe380?s=96&d=mm&r=g","caption":"Autor"},"sameAs":["https:\/\/marketingmassivo.com.br"],"url":"https:\/\/fieam.org.br\/fieam\/author\/admin\/"}]}},"_links":{"self":[{"href":"https:\/\/fieam.org.br\/fieam\/wp-json\/wp\/v2\/posts\/12377","targetHints":{"allow":["GET"]}}],"collection":[{"href":"https:\/\/fieam.org.br\/fieam\/wp-json\/wp\/v2\/posts"}],"about":[{"href":"https:\/\/fieam.org.br\/fieam\/wp-json\/wp\/v2\/types\/post"}],"author":[{"embeddable":true,"href":"https:\/\/fieam.org.br\/fieam\/wp-json\/wp\/v2\/users\/1"}],"replies":[{"embeddable":true,"href":"https:\/\/fieam.org.br\/fieam\/wp-json\/wp\/v2\/comments?post=12377"}],"version-history":[{"count":0,"href":"https:\/\/fieam.org.br\/fieam\/wp-json\/wp\/v2\/posts\/12377\/revisions"}],"wp:featuredmedia":[{"embeddable":true,"href":"https:\/\/fieam.org.br\/fieam\/wp-json\/"}],"wp:attachment":[{"href":"https:\/\/fieam.org.br\/fieam\/wp-json\/wp\/v2\/media?parent=12377"}],"wp:term":[{"taxonomy":"category","embeddable":true,"href":"https:\/\/fieam.org.br\/fieam\/wp-json\/wp\/v2\/categories?post=12377"},{"taxonomy":"post_tag","embeddable":true,"href":"https:\/\/fieam.org.br\/fieam\/wp-json\/wp\/v2\/tags?post=12377"}],"curies":[{"name":"wp","href":"https:\/\/api.w.org\/{rel}","templated":true}]}}