{"id":12326,"date":"2019-02-06T14:31:33","date_gmt":"2019-02-06T18:31:33","guid":{"rendered":"http:\/\/www.fieam.org.br\/fieam\/?p=12326"},"modified":"2019-02-06T14:31:33","modified_gmt":"2019-02-06T18:31:33","slug":"tabelamento-do-frete-elevou-inflacao-em-034-ponto-e-reduziu-pib-de-2018-em-r-7-bilhoes","status":"publish","type":"post","link":"https:\/\/fieam.org.br\/fieam\/tabelamento-do-frete-elevou-inflacao-em-034-ponto-e-reduziu-pib-de-2018-em-r-7-bilhoes\/","title":{"rendered":"Tabelamento do frete elevou infla\u00e7\u00e3o em 0,34 ponto e reduziu PIB de 2018 em R$ 7 bilh\u00f5es"},"content":{"rendered":"<p><em>Estudo da CNI revela, ainda, que 203 mil postos de trabalho deixaram de ser criados. Somado o impacto\u00a0do pre\u00e7o do diesel, perda no PIB chegou a R$ 20,3 bilh\u00f5es, com 570 mil empregos a menos no mercado<\/em><\/p>\n<p>&nbsp;<\/p>\n<p>A expans\u00e3o da economia brasileira foi diretamente impactada, em 2018, pela decis\u00e3o do governo federal de criar a tabela do frete rodovi\u00e1rio. \u00c9 o que mostra\u00a0<a href=\"http:\/\/www.portaldaindustria.com.br\/publicacoes\/2019\/2\/impacto-economico-da-tabela-de-preco-minimo-do-frete-rodoviario\/\">estudo<\/a>\u00a0realizado pela\u00a0<a href=\"http:\/\/www.portaldaindustria.com.br\/cni\/\">Confedera\u00e7\u00e3o Nacional da Ind\u00fastria (CNI)<\/a>, segundo o qual o Produto Interno Bruto (PIB) foi reduzido em 0,11%, ou R$ 7,2 bilh\u00f5es. A menor expans\u00e3o da economia devido \u00e0 pol\u00edtica de pre\u00e7os m\u00ednimos prejudicou, ainda, a recupera\u00e7\u00e3o do mercado de trabalho. Ao todo, 203 mil postos de trabalho deixaram de ser criados.<\/p>\n<p>A pol\u00edtica de pre\u00e7os m\u00ednimos, que t\u00eam sido fixados pela Ag\u00eancia Nacional de Transporte Terrestre (ANTT) em patamares acima do que seriam praticados pelo mercado, tamb\u00e9m trouxe peso adicional ao bolso do consumidor. Sem a tabela, a infla\u00e7\u00e3o teria fechado o ano em patamar de 0,34 ponto inferior ao registrado, de forma que o \u00cdndice Nacional de Pre\u00e7os ao Consumidor Amplo (IPCA) teria sido de 3,41%, e n\u00e3o de 3,75%.<\/p>\n<p>O tabelamento foi adotado pelo governo do ex-presidente Michel Temer em resposta \u00e0 greve dos caminhoneiros, que parou o Brasil em maio do ano passado. Desde a ado\u00e7\u00e3o da medida, o pre\u00e7o do frete arbitrado na tabela foi corrigido em 7,4 pontos percentuais acima do que seria a corre\u00e7\u00e3o de mercado diante pre\u00e7o do diesel. A estimativa da CNI \u00e9 conservadora e n\u00e3o leva em conta o impacto econ\u00f4mico da pr\u00f3pria greve, que trouxe graves desarranjos \u00e0 economia, com choque de oferta e desabastecimento de produtos \u00e0s ind\u00fastrias e ao consumidor. Tamb\u00e9m n\u00e3o considera o impacto causado pelo custo com administra\u00e7\u00e3o e fiscaliza\u00e7\u00e3o derivado do tabelamento e da inseguran\u00e7a jur\u00eddica resultante das incertezas que se seguiram.<\/p>\n<p><strong>DIESEL \u2013<\/strong>\u00a0A CNI tamb\u00e9m calculou o impacto econ\u00f4mico da varia\u00e7\u00e3o no pre\u00e7o do \u00f3leo diesel. Os n\u00fameros mostram que o aumento acumulado do combust\u00edvel de 15,6% entre julho de 2017 e janeiro de 2019 provocou alta de 0,73 ponto no IPCA e, ainda, que sem esse aumento de custos o PIB cresceria na casa de 0,20 ponto a mais, o equivalente a R$ 13,1 bilh\u00f5es. Segundo o estudo, a alta no pre\u00e7o do diesel reduziu 368 mil empregos em 2018.<\/p>\n<p>O c\u00e1lculo conjunto de impacto econ\u00f4mico da tabela do frete e da varia\u00e7\u00e3o no pre\u00e7o do diesel aponta que a redu\u00e7\u00e3o do PIB em raz\u00e3o das duas situa\u00e7\u00f5es foi de 0,31 ponto (ou R$ 20,3 bilh\u00f5es) e o aumento do IPCA de 1,07 ponto \u2013 teria sido de R$ 2,68% se o governo n\u00e3o tivesse criado a tabela e o pre\u00e7o do diesel n\u00e3o tivesse sofrido tamanha varia\u00e7\u00e3o. Por fim, o impacto do tabelamento, aliado \u00e0s varia\u00e7\u00f5es no diesel, representou redu\u00e7\u00e3o de 571 mil empregos.<\/p>\n<p>O estudo da CNI corrobora a expectativa inicial que a tabela afetaria negativamente toda a economia, resultando menos renda, menos emprego e mais infla\u00e7\u00e3o.<\/p>\n<p><strong>JUSTI\u00c7A \u2013<\/strong>\u00a0A CNI \u00e9 autora de uma das tr\u00eas a\u00e7\u00f5es diretas de inconstitucionalidade (ADIs) que foram protocoladas no Supremo Tribunal Federal (STF) contra a Lei 13.703\/2018, que instituiu a tabela do frete. Os processos, cujo relator \u00e9 o ministro Luiz Fux, ainda n\u00e3o t\u00eam data marcada para serem julgados pelo plen\u00e1rio da Corte. Para a CNI, a legisla\u00e7\u00e3o viola os princ\u00edpios da livre-iniciativa, de livre concorr\u00eancia e de defesa do consumidor.<\/p>\n<p>&nbsp;<\/p>\n<p><strong>ATENDIMENTO \u00c0 IMPRENSA<\/strong><strong><br \/>\nSuperintend\u00eancia de Jornalismo da CNI<\/strong><\/p>\n<p>(61) 3317-9696 \/ 9578<br \/>\n<a href=\"mailto:imprensa@cni.org.br\">imprensa@cni.com.br<\/a><\/p>\n<p><strong>SITE<\/strong><br \/>\n<a href=\"https:\/\/app.workr.com.br\/LinkOpen.aspx?mid=af2af379-d494-4a15-93bc-6a1e9de08a95&amp;lid=l3F\/6PRlspEfYCFK5XBNIw==\">http:\/\/www.portaldaindustria.com.br\/<\/a><\/p>\n<p><strong>REDES SOCIAIS<\/strong><br \/>\n<a href=\"https:\/\/app.workr.com.br\/LinkOpen.aspx?mid=af2af379-d494-4a15-93bc-6a1e9de08a95&amp;lid=RfCCwsPEqHLMfZZVp9lOoA==\">https:\/\/twitter.com\/CNI_br<\/a><br \/>\n<a href=\"https:\/\/app.workr.com.br\/LinkOpen.aspx?mid=af2af379-d494-4a15-93bc-6a1e9de08a95&amp;lid=0OUT2PyMN70tsQMsCsqCmQ==\">https:\/\/www.facebook.com\/cnibrasil<\/a><br \/>\n<a href=\"https:\/\/app.workr.com.br\/LinkOpen.aspx?mid=af2af379-d494-4a15-93bc-6a1e9de08a95&amp;lid=OIBBmj9oSP0YBxURbQObLQ==\">http:\/\/www.youtube.com\/user\/cniweb<\/a><\/p>\n<p><strong>IMAGENS<\/strong><br \/>\n<a href=\"https:\/\/app.workr.com.br\/LinkOpen.aspx?mid=af2af379-d494-4a15-93bc-6a1e9de08a95&amp;lid=DMTnzIVSDvot1XkW1si4ww==\">https:\/\/www.flickr.com\/photos\/cniweb\/<\/a><\/p>\n","protected":false},"excerpt":{"rendered":"<p>Estudo da CNI revela, ainda, que 203 mil postos de trabalho deixaram de ser criados. Somado o impacto\u00a0do pre\u00e7o do diesel, perda no PIB chegou a R$ 20,3 bilh\u00f5es, com 570 mil empregos a menos no mercado &nbsp; A expans\u00e3o da economia brasileira foi diretamente impactada, em 2018, pela decis\u00e3o do governo federal de criar [&hellip;]<\/p>\n","protected":false},"author":1,"featured_media":12327,"comment_status":"closed","ping_status":"open","sticky":false,"template":"","format":"standard","meta":{"footnotes":""},"categories":[28,29,30],"tags":[],"class_list":["post-12326","post","type-post","status-publish","format-standard","has-post-thumbnail","hentry","category-banner-destaque","category-news","category-news_destaque"],"yoast_head":"<!-- This site is optimized with the Yoast SEO plugin v26.8 - https:\/\/yoast.com\/product\/yoast-seo-wordpress\/ -->\n<title>Tabelamento do frete elevou infla\u00e7\u00e3o em 0,34 ponto e reduziu PIB de 2018 em R$ 7 bilh\u00f5es - FIEAM<\/title>\n<meta name=\"robots\" content=\"index, follow, max-snippet:-1, max-image-preview:large, max-video-preview:-1\" \/>\n<link rel=\"canonical\" href=\"https:\/\/fieam.org.br\/fieam\/tabelamento-do-frete-elevou-inflacao-em-034-ponto-e-reduziu-pib-de-2018-em-r-7-bilhoes\/\" \/>\n<meta property=\"og:locale\" content=\"pt_BR\" \/>\n<meta property=\"og:type\" content=\"article\" \/>\n<meta property=\"og:title\" content=\"Tabelamento do frete elevou infla\u00e7\u00e3o em 0,34 ponto e reduziu PIB de 2018 em R$ 7 bilh\u00f5es - FIEAM\" \/>\n<meta property=\"og:description\" content=\"Estudo da CNI revela, ainda, que 203 mil postos de trabalho deixaram de ser criados. Somado o impacto\u00a0do pre\u00e7o do diesel, perda no PIB chegou a R$ 20,3 bilh\u00f5es, com 570 mil empregos a menos no mercado &nbsp; A expans\u00e3o da economia brasileira foi diretamente impactada, em 2018, pela decis\u00e3o do governo federal de criar [&hellip;]\" \/>\n<meta property=\"og:url\" content=\"https:\/\/fieam.org.br\/fieam\/tabelamento-do-frete-elevou-inflacao-em-034-ponto-e-reduziu-pib-de-2018-em-r-7-bilhoes\/\" \/>\n<meta property=\"og:site_name\" content=\"FIEAM\" \/>\n<meta property=\"article:published_time\" content=\"2019-02-06T18:31:33+00:00\" \/>\n<meta name=\"author\" content=\"Autor\" \/>\n<meta name=\"twitter:card\" content=\"summary_large_image\" \/>\n<meta name=\"twitter:label1\" content=\"Escrito por\" \/>\n\t<meta name=\"twitter:data1\" content=\"Autor\" \/>\n\t<meta name=\"twitter:label2\" content=\"Est. tempo de leitura\" \/>\n\t<meta name=\"twitter:data2\" content=\"3 minutos\" \/>\n<script type=\"application\/ld+json\" class=\"yoast-schema-graph\">{\"@context\":\"https:\/\/schema.org\",\"@graph\":[{\"@type\":\"Article\",\"@id\":\"https:\/\/fieam.org.br\/fieam\/tabelamento-do-frete-elevou-inflacao-em-034-ponto-e-reduziu-pib-de-2018-em-r-7-bilhoes\/#article\",\"isPartOf\":{\"@id\":\"https:\/\/fieam.org.br\/fieam\/tabelamento-do-frete-elevou-inflacao-em-034-ponto-e-reduziu-pib-de-2018-em-r-7-bilhoes\/\"},\"author\":{\"name\":\"Autor\",\"@id\":\"https:\/\/fieam.org.br\/fieam\/#\/schema\/person\/c1ceda8321521b291cee22da0a7d34be\"},\"headline\":\"Tabelamento do frete elevou infla\u00e7\u00e3o em 0,34 ponto e reduziu PIB de 2018 em R$ 7 bilh\u00f5es\",\"datePublished\":\"2019-02-06T18:31:33+00:00\",\"mainEntityOfPage\":{\"@id\":\"https:\/\/fieam.org.br\/fieam\/tabelamento-do-frete-elevou-inflacao-em-034-ponto-e-reduziu-pib-de-2018-em-r-7-bilhoes\/\"},\"wordCount\":661,\"publisher\":{\"@id\":\"https:\/\/fieam.org.br\/fieam\/#organization\"},\"image\":{\"@id\":\"https:\/\/fieam.org.br\/fieam\/tabelamento-do-frete-elevou-inflacao-em-034-ponto-e-reduziu-pib-de-2018-em-r-7-bilhoes\/#primaryimage\"},\"thumbnailUrl\":\"\",\"articleSection\":[\"Banner Destaque\",\"News\",\"News Destaque\"],\"inLanguage\":\"pt-BR\"},{\"@type\":\"WebPage\",\"@id\":\"https:\/\/fieam.org.br\/fieam\/tabelamento-do-frete-elevou-inflacao-em-034-ponto-e-reduziu-pib-de-2018-em-r-7-bilhoes\/\",\"url\":\"https:\/\/fieam.org.br\/fieam\/tabelamento-do-frete-elevou-inflacao-em-034-ponto-e-reduziu-pib-de-2018-em-r-7-bilhoes\/\",\"name\":\"Tabelamento do frete elevou infla\u00e7\u00e3o em 0,34 ponto e reduziu PIB de 2018 em R$ 7 bilh\u00f5es - FIEAM\",\"isPartOf\":{\"@id\":\"https:\/\/fieam.org.br\/fieam\/#website\"},\"primaryImageOfPage\":{\"@id\":\"https:\/\/fieam.org.br\/fieam\/tabelamento-do-frete-elevou-inflacao-em-034-ponto-e-reduziu-pib-de-2018-em-r-7-bilhoes\/#primaryimage\"},\"image\":{\"@id\":\"https:\/\/fieam.org.br\/fieam\/tabelamento-do-frete-elevou-inflacao-em-034-ponto-e-reduziu-pib-de-2018-em-r-7-bilhoes\/#primaryimage\"},\"thumbnailUrl\":\"\",\"datePublished\":\"2019-02-06T18:31:33+00:00\",\"breadcrumb\":{\"@id\":\"https:\/\/fieam.org.br\/fieam\/tabelamento-do-frete-elevou-inflacao-em-034-ponto-e-reduziu-pib-de-2018-em-r-7-bilhoes\/#breadcrumb\"},\"inLanguage\":\"pt-BR\",\"potentialAction\":[{\"@type\":\"ReadAction\",\"target\":[\"https:\/\/fieam.org.br\/fieam\/tabelamento-do-frete-elevou-inflacao-em-034-ponto-e-reduziu-pib-de-2018-em-r-7-bilhoes\/\"]}]},{\"@type\":\"ImageObject\",\"inLanguage\":\"pt-BR\",\"@id\":\"https:\/\/fieam.org.br\/fieam\/tabelamento-do-frete-elevou-inflacao-em-034-ponto-e-reduziu-pib-de-2018-em-r-7-bilhoes\/#primaryimage\",\"url\":\"\",\"contentUrl\":\"\"},{\"@type\":\"BreadcrumbList\",\"@id\":\"https:\/\/fieam.org.br\/fieam\/tabelamento-do-frete-elevou-inflacao-em-034-ponto-e-reduziu-pib-de-2018-em-r-7-bilhoes\/#breadcrumb\",\"itemListElement\":[{\"@type\":\"ListItem\",\"position\":1,\"name\":\"In\u00edcio\",\"item\":\"https:\/\/fieam.org.br\/fieam\/\"},{\"@type\":\"ListItem\",\"position\":2,\"name\":\"Tabelamento do frete elevou infla\u00e7\u00e3o em 0,34 ponto e reduziu PIB de 2018 em R$ 7 bilh\u00f5es\"}]},{\"@type\":\"WebSite\",\"@id\":\"https:\/\/fieam.org.br\/fieam\/#website\",\"url\":\"https:\/\/fieam.org.br\/fieam\/\",\"name\":\"FIEAM\",\"description\":\"Site Oficial!\",\"publisher\":{\"@id\":\"https:\/\/fieam.org.br\/fieam\/#organization\"},\"potentialAction\":[{\"@type\":\"SearchAction\",\"target\":{\"@type\":\"EntryPoint\",\"urlTemplate\":\"https:\/\/fieam.org.br\/fieam\/?s={search_term_string}\"},\"query-input\":{\"@type\":\"PropertyValueSpecification\",\"valueRequired\":true,\"valueName\":\"search_term_string\"}}],\"inLanguage\":\"pt-BR\"},{\"@type\":\"Organization\",\"@id\":\"https:\/\/fieam.org.br\/fieam\/#organization\",\"name\":\"FIEAM\",\"url\":\"https:\/\/fieam.org.br\/fieam\/\",\"logo\":{\"@type\":\"ImageObject\",\"inLanguage\":\"pt-BR\",\"@id\":\"https:\/\/fieam.org.br\/fieam\/#\/schema\/logo\/image\/\",\"url\":\"https:\/\/fieam.org.br\/fieam\/wp-content\/uploads\/sites\/9\/2024\/03\/cropped-fav.png\",\"contentUrl\":\"https:\/\/fieam.org.br\/fieam\/wp-content\/uploads\/sites\/9\/2024\/03\/cropped-fav.png\",\"width\":597,\"height\":598,\"caption\":\"FIEAM\"},\"image\":{\"@id\":\"https:\/\/fieam.org.br\/fieam\/#\/schema\/logo\/image\/\"}},{\"@type\":\"Person\",\"@id\":\"https:\/\/fieam.org.br\/fieam\/#\/schema\/person\/c1ceda8321521b291cee22da0a7d34be\",\"name\":\"Autor\",\"image\":{\"@type\":\"ImageObject\",\"inLanguage\":\"pt-BR\",\"@id\":\"https:\/\/fieam.org.br\/fieam\/#\/schema\/person\/image\/\",\"url\":\"https:\/\/secure.gravatar.com\/avatar\/3732c223e0e1fad69062a8f770955c9068d37b055204f310a0be18d4069fe380?s=96&d=mm&r=g\",\"contentUrl\":\"https:\/\/secure.gravatar.com\/avatar\/3732c223e0e1fad69062a8f770955c9068d37b055204f310a0be18d4069fe380?s=96&d=mm&r=g\",\"caption\":\"Autor\"},\"sameAs\":[\"https:\/\/marketingmassivo.com.br\"],\"url\":\"https:\/\/fieam.org.br\/fieam\/author\/admin\/\"}]}<\/script>\n<!-- \/ Yoast SEO plugin. -->","yoast_head_json":{"title":"Tabelamento do frete elevou infla\u00e7\u00e3o em 0,34 ponto e reduziu PIB de 2018 em R$ 7 bilh\u00f5es - FIEAM","robots":{"index":"index","follow":"follow","max-snippet":"max-snippet:-1","max-image-preview":"max-image-preview:large","max-video-preview":"max-video-preview:-1"},"canonical":"https:\/\/fieam.org.br\/fieam\/tabelamento-do-frete-elevou-inflacao-em-034-ponto-e-reduziu-pib-de-2018-em-r-7-bilhoes\/","og_locale":"pt_BR","og_type":"article","og_title":"Tabelamento do frete elevou infla\u00e7\u00e3o em 0,34 ponto e reduziu PIB de 2018 em R$ 7 bilh\u00f5es - FIEAM","og_description":"Estudo da CNI revela, ainda, que 203 mil postos de trabalho deixaram de ser criados. Somado o impacto\u00a0do pre\u00e7o do diesel, perda no PIB chegou a R$ 20,3 bilh\u00f5es, com 570 mil empregos a menos no mercado &nbsp; A expans\u00e3o da economia brasileira foi diretamente impactada, em 2018, pela decis\u00e3o do governo federal de criar [&hellip;]","og_url":"https:\/\/fieam.org.br\/fieam\/tabelamento-do-frete-elevou-inflacao-em-034-ponto-e-reduziu-pib-de-2018-em-r-7-bilhoes\/","og_site_name":"FIEAM","article_published_time":"2019-02-06T18:31:33+00:00","author":"Autor","twitter_card":"summary_large_image","twitter_misc":{"Escrito por":"Autor","Est. tempo de leitura":"3 minutos"},"schema":{"@context":"https:\/\/schema.org","@graph":[{"@type":"Article","@id":"https:\/\/fieam.org.br\/fieam\/tabelamento-do-frete-elevou-inflacao-em-034-ponto-e-reduziu-pib-de-2018-em-r-7-bilhoes\/#article","isPartOf":{"@id":"https:\/\/fieam.org.br\/fieam\/tabelamento-do-frete-elevou-inflacao-em-034-ponto-e-reduziu-pib-de-2018-em-r-7-bilhoes\/"},"author":{"name":"Autor","@id":"https:\/\/fieam.org.br\/fieam\/#\/schema\/person\/c1ceda8321521b291cee22da0a7d34be"},"headline":"Tabelamento do frete elevou infla\u00e7\u00e3o em 0,34 ponto e reduziu PIB de 2018 em R$ 7 bilh\u00f5es","datePublished":"2019-02-06T18:31:33+00:00","mainEntityOfPage":{"@id":"https:\/\/fieam.org.br\/fieam\/tabelamento-do-frete-elevou-inflacao-em-034-ponto-e-reduziu-pib-de-2018-em-r-7-bilhoes\/"},"wordCount":661,"publisher":{"@id":"https:\/\/fieam.org.br\/fieam\/#organization"},"image":{"@id":"https:\/\/fieam.org.br\/fieam\/tabelamento-do-frete-elevou-inflacao-em-034-ponto-e-reduziu-pib-de-2018-em-r-7-bilhoes\/#primaryimage"},"thumbnailUrl":"","articleSection":["Banner Destaque","News","News Destaque"],"inLanguage":"pt-BR"},{"@type":"WebPage","@id":"https:\/\/fieam.org.br\/fieam\/tabelamento-do-frete-elevou-inflacao-em-034-ponto-e-reduziu-pib-de-2018-em-r-7-bilhoes\/","url":"https:\/\/fieam.org.br\/fieam\/tabelamento-do-frete-elevou-inflacao-em-034-ponto-e-reduziu-pib-de-2018-em-r-7-bilhoes\/","name":"Tabelamento do frete elevou infla\u00e7\u00e3o em 0,34 ponto e reduziu PIB de 2018 em R$ 7 bilh\u00f5es - FIEAM","isPartOf":{"@id":"https:\/\/fieam.org.br\/fieam\/#website"},"primaryImageOfPage":{"@id":"https:\/\/fieam.org.br\/fieam\/tabelamento-do-frete-elevou-inflacao-em-034-ponto-e-reduziu-pib-de-2018-em-r-7-bilhoes\/#primaryimage"},"image":{"@id":"https:\/\/fieam.org.br\/fieam\/tabelamento-do-frete-elevou-inflacao-em-034-ponto-e-reduziu-pib-de-2018-em-r-7-bilhoes\/#primaryimage"},"thumbnailUrl":"","datePublished":"2019-02-06T18:31:33+00:00","breadcrumb":{"@id":"https:\/\/fieam.org.br\/fieam\/tabelamento-do-frete-elevou-inflacao-em-034-ponto-e-reduziu-pib-de-2018-em-r-7-bilhoes\/#breadcrumb"},"inLanguage":"pt-BR","potentialAction":[{"@type":"ReadAction","target":["https:\/\/fieam.org.br\/fieam\/tabelamento-do-frete-elevou-inflacao-em-034-ponto-e-reduziu-pib-de-2018-em-r-7-bilhoes\/"]}]},{"@type":"ImageObject","inLanguage":"pt-BR","@id":"https:\/\/fieam.org.br\/fieam\/tabelamento-do-frete-elevou-inflacao-em-034-ponto-e-reduziu-pib-de-2018-em-r-7-bilhoes\/#primaryimage","url":"","contentUrl":""},{"@type":"BreadcrumbList","@id":"https:\/\/fieam.org.br\/fieam\/tabelamento-do-frete-elevou-inflacao-em-034-ponto-e-reduziu-pib-de-2018-em-r-7-bilhoes\/#breadcrumb","itemListElement":[{"@type":"ListItem","position":1,"name":"In\u00edcio","item":"https:\/\/fieam.org.br\/fieam\/"},{"@type":"ListItem","position":2,"name":"Tabelamento do frete elevou infla\u00e7\u00e3o em 0,34 ponto e reduziu PIB de 2018 em R$ 7 bilh\u00f5es"}]},{"@type":"WebSite","@id":"https:\/\/fieam.org.br\/fieam\/#website","url":"https:\/\/fieam.org.br\/fieam\/","name":"FIEAM","description":"Site Oficial!","publisher":{"@id":"https:\/\/fieam.org.br\/fieam\/#organization"},"potentialAction":[{"@type":"SearchAction","target":{"@type":"EntryPoint","urlTemplate":"https:\/\/fieam.org.br\/fieam\/?s={search_term_string}"},"query-input":{"@type":"PropertyValueSpecification","valueRequired":true,"valueName":"search_term_string"}}],"inLanguage":"pt-BR"},{"@type":"Organization","@id":"https:\/\/fieam.org.br\/fieam\/#organization","name":"FIEAM","url":"https:\/\/fieam.org.br\/fieam\/","logo":{"@type":"ImageObject","inLanguage":"pt-BR","@id":"https:\/\/fieam.org.br\/fieam\/#\/schema\/logo\/image\/","url":"https:\/\/fieam.org.br\/fieam\/wp-content\/uploads\/sites\/9\/2024\/03\/cropped-fav.png","contentUrl":"https:\/\/fieam.org.br\/fieam\/wp-content\/uploads\/sites\/9\/2024\/03\/cropped-fav.png","width":597,"height":598,"caption":"FIEAM"},"image":{"@id":"https:\/\/fieam.org.br\/fieam\/#\/schema\/logo\/image\/"}},{"@type":"Person","@id":"https:\/\/fieam.org.br\/fieam\/#\/schema\/person\/c1ceda8321521b291cee22da0a7d34be","name":"Autor","image":{"@type":"ImageObject","inLanguage":"pt-BR","@id":"https:\/\/fieam.org.br\/fieam\/#\/schema\/person\/image\/","url":"https:\/\/secure.gravatar.com\/avatar\/3732c223e0e1fad69062a8f770955c9068d37b055204f310a0be18d4069fe380?s=96&d=mm&r=g","contentUrl":"https:\/\/secure.gravatar.com\/avatar\/3732c223e0e1fad69062a8f770955c9068d37b055204f310a0be18d4069fe380?s=96&d=mm&r=g","caption":"Autor"},"sameAs":["https:\/\/marketingmassivo.com.br"],"url":"https:\/\/fieam.org.br\/fieam\/author\/admin\/"}]}},"_links":{"self":[{"href":"https:\/\/fieam.org.br\/fieam\/wp-json\/wp\/v2\/posts\/12326","targetHints":{"allow":["GET"]}}],"collection":[{"href":"https:\/\/fieam.org.br\/fieam\/wp-json\/wp\/v2\/posts"}],"about":[{"href":"https:\/\/fieam.org.br\/fieam\/wp-json\/wp\/v2\/types\/post"}],"author":[{"embeddable":true,"href":"https:\/\/fieam.org.br\/fieam\/wp-json\/wp\/v2\/users\/1"}],"replies":[{"embeddable":true,"href":"https:\/\/fieam.org.br\/fieam\/wp-json\/wp\/v2\/comments?post=12326"}],"version-history":[{"count":0,"href":"https:\/\/fieam.org.br\/fieam\/wp-json\/wp\/v2\/posts\/12326\/revisions"}],"wp:featuredmedia":[{"embeddable":true,"href":"https:\/\/fieam.org.br\/fieam\/wp-json\/"}],"wp:attachment":[{"href":"https:\/\/fieam.org.br\/fieam\/wp-json\/wp\/v2\/media?parent=12326"}],"wp:term":[{"taxonomy":"category","embeddable":true,"href":"https:\/\/fieam.org.br\/fieam\/wp-json\/wp\/v2\/categories?post=12326"},{"taxonomy":"post_tag","embeddable":true,"href":"https:\/\/fieam.org.br\/fieam\/wp-json\/wp\/v2\/tags?post=12326"}],"curies":[{"name":"wp","href":"https:\/\/api.w.org\/{rel}","templated":true}]}}