{"id":11940,"date":"2018-09-28T11:59:09","date_gmt":"2018-09-28T15:59:09","guid":{"rendered":"http:\/\/www.fieam.org.br\/fieam\/?p=11940"},"modified":"2018-09-28T11:59:09","modified_gmt":"2018-09-28T15:59:09","slug":"fieam-conclui-mostra-da-qualidade-nesta-sexta-feira","status":"publish","type":"post","link":"https:\/\/fieam.org.br\/fieam\/fieam-conclui-mostra-da-qualidade-nesta-sexta-feira\/","title":{"rendered":"FIEAM conclui Mostra da Qualidade nesta sexta-feira"},"content":{"rendered":"<p>Depois de quatro dias de fortes emo\u00e7\u00f5es para as 29 organiza\u00e7\u00f5es finalistas do Pr\u00eamio Qualidade Amazonas, o presidente da Federa\u00e7\u00e3o das Ind\u00fastrias do Estado do Amazonas (FIEAM), Antonio Silva, encerra, nesta sexta-feira (28), no Audit\u00f3rio da Suframa, a 19\u00aa Mostra de Gest\u00e3o e Melhorias para a Qualidade. O evento, iniciado na \u00faltima ter\u00e7a-feira, chega \u00e0 reta final com mais de 30 horas de benchmarking e, este ano, com recorde de p\u00fablico.<\/p>\n<p>Para Antonio Silva, s\u00f3 de aceitar expor para avalia\u00e7\u00e3o externa seus processos internos, principalmente seus modelos de gest\u00e3o, as organiza\u00e7\u00f5es que participam do PQA, ano a ano, podem se considerar vitoriosas. \u201cEm especial, quando atravessamos um ano t\u00e3o dif\u00edcil quanto este para o nosso Polo Industrial de Manaus. Estar no PQA demonstra o compromisso dessas organiza\u00e7\u00f5es com uma gest\u00e3o respons\u00e1vel e transparente\u201d, disse\u00a0 Silva.<\/p>\n<p>Selecionados entre 52 inscritos, os 29 finalistas apresentam a uma banca de tr\u00eas avaliadores seus relat\u00f3rios finais das respectivas pr\u00e1ticas, sendo sete da modalidade Gest\u00e3o e 22 da modalidade Processo. Essas apresenta\u00e7\u00f5es s\u00e3o acompanhadas pelos pr\u00f3prios colaboradores das organiza\u00e7\u00f5es, mas tamb\u00e9m por professores e alunos das \u00e1reas de qualidade e gest\u00e3o.<\/p>\n<figure id=\"attachment_11941\" aria-describedby=\"caption-attachment-11941\" style=\"width: 558px\" class=\"wp-caption alignright\"><a href=\"http:\/\/www.fieam.org.br\/fieam\/wp-content\/uploads\/sites\/5\/2018\/09\/20180927_083305-1.jpg\"><img fetchpriority=\"high\" decoding=\"async\" class=\" wp-image-11941\" src=\"http:\/\/www.fieam.org.br\/fieam\/wp-content\/uploads\/sites\/5\/2018\/09\/20180927_083305-1-1024x498.jpg\" alt=\"\" width=\"558\" height=\"271\" \/><\/a><figcaption id=\"caption-attachment-11941\" class=\"wp-caption-text\">Analistas do N\u00facleo de Desenvolvimento Institucional da Embrapa, Carolina Nicolau, 39, e L\u00e9a Trindade, 37<\/figcaption><\/figure>\n<p>As analistas do N\u00facleo de Desenvolvimento Institucional da Embrapa, Carolina Nicolau, 39, e L\u00e9a Trindade, 37, t\u00eam acompanhado desde o primeiro dia a Mostra da Qualidade 2018, segundo elas, em busca de boas pr\u00e1ticas em gest\u00e3o e processos. \u201cEntendemos a import\u00e2ncia de programa\u00e7\u00f5es como essa para a\u00e7\u00f5es de benchmarking e troca de conhecimento\u201d, disse Carolina, ressaltando que mesmo com a competitividade entre as empresas, a Mostra deveria ter maior ades\u00e3o de universidades, estudantes e p\u00fablico em geral. Neste ano, a mostra chega a reunir 200 pessoas em alguns momentos de pico.<\/p>\n<p>Depois de avaliar o modelo de gest\u00e3o da 12\u00aa Inspetoria de Contabilidade e Finan\u00e7as do Ex\u00e9rcito, o analista e consultor do Serpro, F\u00e9lix Ricardi, em sua primeira participa\u00e7\u00e3o como juiz do Pr\u00eamio Qualidade Amazonas, disse que relat\u00f3rios como o que foi apresentado pelo chefe da 12\u00aa Icefex, coronel Andr\u00e9 Luiz, t\u00eam o mesmo peso de uma p\u00f3s-gradua\u00e7\u00e3o, com a teoria e a pr\u00e1tica.<\/p>\n<p>Unidade pertencente ao Sistema de Controle Interno do Ex\u00e9rcito, por sua vez vinculado \u00e0 Secretaria de Economia e Finan\u00e7as, a 12\u00aa Icefex tem como diretriz o foco no cliente, que s\u00e3o as unidades gestoras vinculadas, e como estrat\u00e9gia assegurar que as recomenda\u00e7\u00f5es de controle interno sejam implementadas.<\/p>\n<p>De acordo com o coronel Andr\u00e9 Luiz, o grau de implementa\u00e7\u00e3o das recomenda\u00e7\u00f5es do Controle Interno da 12\u00aa Icefex, tem se mantido dentro das metas, superando inclusive, em 2018, os resultados da 4\u00aa Inspetoria, localizada em Juiz de Fora, em Minas Gerais, utilizada como referencial comparativo. \u201cA 4\u00aa Icefex tem uma miss\u00e3o um pouco diferenciada da nossa at\u00e9 pela quest\u00e3o da log\u00edstica regional e a quantidade de unidades gestoras vinculadas, na propor\u00e7\u00e3o de 24\/34\u201d, disse o coronel.<\/p>\n<p><strong>Processos no polo de duas rodas<\/strong><\/p>\n<figure id=\"attachment_11932\" aria-describedby=\"caption-attachment-11932\" style=\"width: 636px\" class=\"wp-caption alignleft\"><a href=\"http:\/\/www.fieam.org.br\/fieam\/wp-content\/uploads\/sites\/5\/2018\/09\/IMG_4104.jpg\"><img decoding=\"async\" class=\" wp-image-11932\" src=\"http:\/\/www.fieam.org.br\/fieam\/wp-content\/uploads\/sites\/5\/2018\/09\/IMG_4104-1024x683.jpg\" alt=\"\" width=\"636\" height=\"424\" \/><\/a><figcaption id=\"caption-attachment-11932\" class=\"wp-caption-text\">Especialista da Engenharia Industrial da Yamaha Componentes, Alessandro Lima<\/figcaption><\/figure>\n<p>O reprocessamento do cavaco de alum\u00ednio gerado no processo de usinagem e sua reutiliza\u00e7\u00e3o dentro da fundi\u00e7\u00e3o, foi explorado no projeto da Yamaha Motor Componentes da Amaz\u00f4nia Ltda para redu\u00e7\u00e3o de custos com aquisi\u00e7\u00e3o de mat\u00e9ria-prima. Em 2018, a empresa economizou cerca de R$ 1 milh\u00e3o e meio na aquisi\u00e7\u00e3o de mat\u00e9ria-prima.<\/p>\n<p>Para se manter competitiva no mercado e melhorar a rentabilidade \u00e9 necess\u00e1rio, segundo o especialista da Engenharia Industrial da Yamaha Componentes, Alessandro Lima, buscar formas de otimizar os processos, reduzir as perdas e garantir a qualidade dos produtos. \u201cO cavaco jogado direto no forno n\u00e3o consegue fundir, vira borra e o aproveitamento \u00e9 exatamente isso, com o aumento da densidade ele consegue fazer o alum\u00ednio que \u00e9 uma das principais mat\u00e9rias-primas para fazer novas pe\u00e7as\u201d, explicou ele.<\/p>\n<p>A redu\u00e7\u00e3o de R$ 180 mil em recursos gastos na aquisi\u00e7\u00e3o de tinta foi um dos benef\u00edcios do projeto da Yamaha Motor da Amaz\u00f4nia Ltda. O trabalho desenvolvido era voltado para a pintura verniz visando eleva\u00e7\u00e3o da efici\u00eancia que antes era 37% e hoje, segundo especialista industrial da Yamaha, Jander Gon\u00e7alves, est\u00e1 em torno de 82%.<\/p>\n<p>Em um dia marcado por filosofia oriental, dada a concentra\u00e7\u00e3o de ind\u00fastrias de origem japonesa, palavras como Kaizen e Koritsu ganharam import\u00e2ncia extra, com destaque para o Kando que, na apresenta\u00e7\u00e3o da Yamaha Motor da Amaz\u00f4nia, foi definido como uma mistura de inspira\u00e7\u00e3o, satisfa\u00e7\u00e3o e empolga\u00e7\u00e3o \u2013 comparado no v\u00eddeo \u00e0queles 3 segundos da falta de ar ao nos depararmos com uma obra de arte ou diante de um gol de placa num Maracan\u00e3 lotado.<\/p>\n<p><strong>PROGRAMA\u00c7\u00c3O \u2013 Dia 28<\/strong><\/p>\n<p><strong>08:30 &#8211; ESTA\u00c7\u00c3O NAVAL DO RIO NEGRO<\/strong><\/p>\n<p><strong>Apresenta\u00e7\u00e3o: Modelo de Gest\u00e3o<\/strong><\/p>\n<p><strong>09:20 &#8211; CENTRO DE INTEND\u00caNCIA DA MARINHA EM MANAUS \u2013 CEIMMA<\/strong><\/p>\n<p><strong>Apresenta\u00e7\u00e3o: Modelo de Gest\u00e3o<\/strong><\/p>\n<p><strong>10:10 &#8211; 3\u00ba ESQUADR\u00c3O DE HELIC\u00d3PTEROS DE EMPREGO GERAL<\/strong><\/p>\n<p><strong>Apresenta\u00e7\u00e3o do Modelo de Gest\u00e3o\u00a0 <\/strong><\/p>\n<p><strong>11:00 &#8211; BALL AMAZ\u00d4NIA LTDA <\/strong><\/p>\n<p><strong>Tema: Redu\u00e7\u00e3o de Reclama\u00e7\u00e3o de Qualidade nos Clientes<\/strong><\/p>\n<p><strong>11:40 &#8211; Encerramento<\/strong><\/p>\n","protected":false},"excerpt":{"rendered":"<p>Depois de quatro dias de fortes emo\u00e7\u00f5es para as 29 organiza\u00e7\u00f5es finalistas do Pr\u00eamio Qualidade Amazonas, o presidente da Federa\u00e7\u00e3o das Ind\u00fastrias do Estado do Amazonas (FIEAM), Antonio Silva, encerra, nesta sexta-feira (28), no Audit\u00f3rio da Suframa, a 19\u00aa Mostra de Gest\u00e3o e Melhorias para a Qualidade. O evento, iniciado na \u00faltima ter\u00e7a-feira, chega \u00e0 [&hellip;]<\/p>\n","protected":false},"author":1,"featured_media":11930,"comment_status":"closed","ping_status":"open","sticky":false,"template":"","format":"standard","meta":{"footnotes":""},"categories":[28,29,30],"tags":[],"class_list":["post-11940","post","type-post","status-publish","format-standard","has-post-thumbnail","hentry","category-banner-destaque","category-news","category-news_destaque"],"yoast_head":"<!-- This site is optimized with the Yoast SEO plugin v26.8 - https:\/\/yoast.com\/product\/yoast-seo-wordpress\/ -->\n<title>FIEAM conclui Mostra da Qualidade nesta sexta-feira - FIEAM<\/title>\n<meta name=\"robots\" content=\"index, follow, max-snippet:-1, max-image-preview:large, max-video-preview:-1\" \/>\n<link rel=\"canonical\" href=\"https:\/\/fieam.org.br\/fieam\/fieam-conclui-mostra-da-qualidade-nesta-sexta-feira\/\" \/>\n<meta property=\"og:locale\" content=\"pt_BR\" \/>\n<meta property=\"og:type\" content=\"article\" \/>\n<meta property=\"og:title\" content=\"FIEAM conclui Mostra da Qualidade nesta sexta-feira - FIEAM\" \/>\n<meta property=\"og:description\" content=\"Depois de quatro dias de fortes emo\u00e7\u00f5es para as 29 organiza\u00e7\u00f5es finalistas do Pr\u00eamio Qualidade Amazonas, o presidente da Federa\u00e7\u00e3o das Ind\u00fastrias do Estado do Amazonas (FIEAM), Antonio Silva, encerra, nesta sexta-feira (28), no Audit\u00f3rio da Suframa, a 19\u00aa Mostra de Gest\u00e3o e Melhorias para a Qualidade. O evento, iniciado na \u00faltima ter\u00e7a-feira, chega \u00e0 [&hellip;]\" \/>\n<meta property=\"og:url\" content=\"https:\/\/fieam.org.br\/fieam\/fieam-conclui-mostra-da-qualidade-nesta-sexta-feira\/\" \/>\n<meta property=\"og:site_name\" content=\"FIEAM\" \/>\n<meta property=\"article:published_time\" content=\"2018-09-28T15:59:09+00:00\" \/>\n<meta name=\"author\" content=\"Autor\" \/>\n<meta name=\"twitter:card\" content=\"summary_large_image\" \/>\n<meta name=\"twitter:label1\" content=\"Escrito por\" \/>\n\t<meta name=\"twitter:data1\" content=\"Autor\" \/>\n\t<meta name=\"twitter:label2\" content=\"Est. tempo de leitura\" \/>\n\t<meta name=\"twitter:data2\" content=\"4 minutos\" \/>\n<script type=\"application\/ld+json\" class=\"yoast-schema-graph\">{\"@context\":\"https:\/\/schema.org\",\"@graph\":[{\"@type\":\"Article\",\"@id\":\"https:\/\/fieam.org.br\/fieam\/fieam-conclui-mostra-da-qualidade-nesta-sexta-feira\/#article\",\"isPartOf\":{\"@id\":\"https:\/\/fieam.org.br\/fieam\/fieam-conclui-mostra-da-qualidade-nesta-sexta-feira\/\"},\"author\":{\"name\":\"Autor\",\"@id\":\"https:\/\/fieam.org.br\/fieam\/#\/schema\/person\/c1ceda8321521b291cee22da0a7d34be\"},\"headline\":\"FIEAM conclui Mostra da Qualidade nesta sexta-feira\",\"datePublished\":\"2018-09-28T15:59:09+00:00\",\"mainEntityOfPage\":{\"@id\":\"https:\/\/fieam.org.br\/fieam\/fieam-conclui-mostra-da-qualidade-nesta-sexta-feira\/\"},\"wordCount\":899,\"publisher\":{\"@id\":\"https:\/\/fieam.org.br\/fieam\/#organization\"},\"image\":{\"@id\":\"https:\/\/fieam.org.br\/fieam\/fieam-conclui-mostra-da-qualidade-nesta-sexta-feira\/#primaryimage\"},\"thumbnailUrl\":\"\",\"articleSection\":[\"Banner Destaque\",\"News\",\"News Destaque\"],\"inLanguage\":\"pt-BR\"},{\"@type\":\"WebPage\",\"@id\":\"https:\/\/fieam.org.br\/fieam\/fieam-conclui-mostra-da-qualidade-nesta-sexta-feira\/\",\"url\":\"https:\/\/fieam.org.br\/fieam\/fieam-conclui-mostra-da-qualidade-nesta-sexta-feira\/\",\"name\":\"FIEAM conclui Mostra da Qualidade nesta sexta-feira - FIEAM\",\"isPartOf\":{\"@id\":\"https:\/\/fieam.org.br\/fieam\/#website\"},\"primaryImageOfPage\":{\"@id\":\"https:\/\/fieam.org.br\/fieam\/fieam-conclui-mostra-da-qualidade-nesta-sexta-feira\/#primaryimage\"},\"image\":{\"@id\":\"https:\/\/fieam.org.br\/fieam\/fieam-conclui-mostra-da-qualidade-nesta-sexta-feira\/#primaryimage\"},\"thumbnailUrl\":\"\",\"datePublished\":\"2018-09-28T15:59:09+00:00\",\"breadcrumb\":{\"@id\":\"https:\/\/fieam.org.br\/fieam\/fieam-conclui-mostra-da-qualidade-nesta-sexta-feira\/#breadcrumb\"},\"inLanguage\":\"pt-BR\",\"potentialAction\":[{\"@type\":\"ReadAction\",\"target\":[\"https:\/\/fieam.org.br\/fieam\/fieam-conclui-mostra-da-qualidade-nesta-sexta-feira\/\"]}]},{\"@type\":\"ImageObject\",\"inLanguage\":\"pt-BR\",\"@id\":\"https:\/\/fieam.org.br\/fieam\/fieam-conclui-mostra-da-qualidade-nesta-sexta-feira\/#primaryimage\",\"url\":\"\",\"contentUrl\":\"\"},{\"@type\":\"BreadcrumbList\",\"@id\":\"https:\/\/fieam.org.br\/fieam\/fieam-conclui-mostra-da-qualidade-nesta-sexta-feira\/#breadcrumb\",\"itemListElement\":[{\"@type\":\"ListItem\",\"position\":1,\"name\":\"In\u00edcio\",\"item\":\"https:\/\/fieam.org.br\/fieam\/\"},{\"@type\":\"ListItem\",\"position\":2,\"name\":\"FIEAM conclui Mostra da Qualidade nesta sexta-feira\"}]},{\"@type\":\"WebSite\",\"@id\":\"https:\/\/fieam.org.br\/fieam\/#website\",\"url\":\"https:\/\/fieam.org.br\/fieam\/\",\"name\":\"FIEAM\",\"description\":\"Site Oficial!\",\"publisher\":{\"@id\":\"https:\/\/fieam.org.br\/fieam\/#organization\"},\"potentialAction\":[{\"@type\":\"SearchAction\",\"target\":{\"@type\":\"EntryPoint\",\"urlTemplate\":\"https:\/\/fieam.org.br\/fieam\/?s={search_term_string}\"},\"query-input\":{\"@type\":\"PropertyValueSpecification\",\"valueRequired\":true,\"valueName\":\"search_term_string\"}}],\"inLanguage\":\"pt-BR\"},{\"@type\":\"Organization\",\"@id\":\"https:\/\/fieam.org.br\/fieam\/#organization\",\"name\":\"FIEAM\",\"url\":\"https:\/\/fieam.org.br\/fieam\/\",\"logo\":{\"@type\":\"ImageObject\",\"inLanguage\":\"pt-BR\",\"@id\":\"https:\/\/fieam.org.br\/fieam\/#\/schema\/logo\/image\/\",\"url\":\"https:\/\/fieam.org.br\/fieam\/wp-content\/uploads\/sites\/9\/2024\/03\/cropped-fav.png\",\"contentUrl\":\"https:\/\/fieam.org.br\/fieam\/wp-content\/uploads\/sites\/9\/2024\/03\/cropped-fav.png\",\"width\":597,\"height\":598,\"caption\":\"FIEAM\"},\"image\":{\"@id\":\"https:\/\/fieam.org.br\/fieam\/#\/schema\/logo\/image\/\"}},{\"@type\":\"Person\",\"@id\":\"https:\/\/fieam.org.br\/fieam\/#\/schema\/person\/c1ceda8321521b291cee22da0a7d34be\",\"name\":\"Autor\",\"image\":{\"@type\":\"ImageObject\",\"inLanguage\":\"pt-BR\",\"@id\":\"https:\/\/fieam.org.br\/fieam\/#\/schema\/person\/image\/\",\"url\":\"https:\/\/secure.gravatar.com\/avatar\/3732c223e0e1fad69062a8f770955c9068d37b055204f310a0be18d4069fe380?s=96&d=mm&r=g\",\"contentUrl\":\"https:\/\/secure.gravatar.com\/avatar\/3732c223e0e1fad69062a8f770955c9068d37b055204f310a0be18d4069fe380?s=96&d=mm&r=g\",\"caption\":\"Autor\"},\"sameAs\":[\"https:\/\/marketingmassivo.com.br\"],\"url\":\"https:\/\/fieam.org.br\/fieam\/author\/admin\/\"}]}<\/script>\n<!-- \/ Yoast SEO plugin. -->","yoast_head_json":{"title":"FIEAM conclui Mostra da Qualidade nesta sexta-feira - FIEAM","robots":{"index":"index","follow":"follow","max-snippet":"max-snippet:-1","max-image-preview":"max-image-preview:large","max-video-preview":"max-video-preview:-1"},"canonical":"https:\/\/fieam.org.br\/fieam\/fieam-conclui-mostra-da-qualidade-nesta-sexta-feira\/","og_locale":"pt_BR","og_type":"article","og_title":"FIEAM conclui Mostra da Qualidade nesta sexta-feira - FIEAM","og_description":"Depois de quatro dias de fortes emo\u00e7\u00f5es para as 29 organiza\u00e7\u00f5es finalistas do Pr\u00eamio Qualidade Amazonas, o presidente da Federa\u00e7\u00e3o das Ind\u00fastrias do Estado do Amazonas (FIEAM), Antonio Silva, encerra, nesta sexta-feira (28), no Audit\u00f3rio da Suframa, a 19\u00aa Mostra de Gest\u00e3o e Melhorias para a Qualidade. O evento, iniciado na \u00faltima ter\u00e7a-feira, chega \u00e0 [&hellip;]","og_url":"https:\/\/fieam.org.br\/fieam\/fieam-conclui-mostra-da-qualidade-nesta-sexta-feira\/","og_site_name":"FIEAM","article_published_time":"2018-09-28T15:59:09+00:00","author":"Autor","twitter_card":"summary_large_image","twitter_misc":{"Escrito por":"Autor","Est. tempo de leitura":"4 minutos"},"schema":{"@context":"https:\/\/schema.org","@graph":[{"@type":"Article","@id":"https:\/\/fieam.org.br\/fieam\/fieam-conclui-mostra-da-qualidade-nesta-sexta-feira\/#article","isPartOf":{"@id":"https:\/\/fieam.org.br\/fieam\/fieam-conclui-mostra-da-qualidade-nesta-sexta-feira\/"},"author":{"name":"Autor","@id":"https:\/\/fieam.org.br\/fieam\/#\/schema\/person\/c1ceda8321521b291cee22da0a7d34be"},"headline":"FIEAM conclui Mostra da Qualidade nesta sexta-feira","datePublished":"2018-09-28T15:59:09+00:00","mainEntityOfPage":{"@id":"https:\/\/fieam.org.br\/fieam\/fieam-conclui-mostra-da-qualidade-nesta-sexta-feira\/"},"wordCount":899,"publisher":{"@id":"https:\/\/fieam.org.br\/fieam\/#organization"},"image":{"@id":"https:\/\/fieam.org.br\/fieam\/fieam-conclui-mostra-da-qualidade-nesta-sexta-feira\/#primaryimage"},"thumbnailUrl":"","articleSection":["Banner Destaque","News","News Destaque"],"inLanguage":"pt-BR"},{"@type":"WebPage","@id":"https:\/\/fieam.org.br\/fieam\/fieam-conclui-mostra-da-qualidade-nesta-sexta-feira\/","url":"https:\/\/fieam.org.br\/fieam\/fieam-conclui-mostra-da-qualidade-nesta-sexta-feira\/","name":"FIEAM conclui Mostra da Qualidade nesta sexta-feira - FIEAM","isPartOf":{"@id":"https:\/\/fieam.org.br\/fieam\/#website"},"primaryImageOfPage":{"@id":"https:\/\/fieam.org.br\/fieam\/fieam-conclui-mostra-da-qualidade-nesta-sexta-feira\/#primaryimage"},"image":{"@id":"https:\/\/fieam.org.br\/fieam\/fieam-conclui-mostra-da-qualidade-nesta-sexta-feira\/#primaryimage"},"thumbnailUrl":"","datePublished":"2018-09-28T15:59:09+00:00","breadcrumb":{"@id":"https:\/\/fieam.org.br\/fieam\/fieam-conclui-mostra-da-qualidade-nesta-sexta-feira\/#breadcrumb"},"inLanguage":"pt-BR","potentialAction":[{"@type":"ReadAction","target":["https:\/\/fieam.org.br\/fieam\/fieam-conclui-mostra-da-qualidade-nesta-sexta-feira\/"]}]},{"@type":"ImageObject","inLanguage":"pt-BR","@id":"https:\/\/fieam.org.br\/fieam\/fieam-conclui-mostra-da-qualidade-nesta-sexta-feira\/#primaryimage","url":"","contentUrl":""},{"@type":"BreadcrumbList","@id":"https:\/\/fieam.org.br\/fieam\/fieam-conclui-mostra-da-qualidade-nesta-sexta-feira\/#breadcrumb","itemListElement":[{"@type":"ListItem","position":1,"name":"In\u00edcio","item":"https:\/\/fieam.org.br\/fieam\/"},{"@type":"ListItem","position":2,"name":"FIEAM conclui Mostra da Qualidade nesta sexta-feira"}]},{"@type":"WebSite","@id":"https:\/\/fieam.org.br\/fieam\/#website","url":"https:\/\/fieam.org.br\/fieam\/","name":"FIEAM","description":"Site Oficial!","publisher":{"@id":"https:\/\/fieam.org.br\/fieam\/#organization"},"potentialAction":[{"@type":"SearchAction","target":{"@type":"EntryPoint","urlTemplate":"https:\/\/fieam.org.br\/fieam\/?s={search_term_string}"},"query-input":{"@type":"PropertyValueSpecification","valueRequired":true,"valueName":"search_term_string"}}],"inLanguage":"pt-BR"},{"@type":"Organization","@id":"https:\/\/fieam.org.br\/fieam\/#organization","name":"FIEAM","url":"https:\/\/fieam.org.br\/fieam\/","logo":{"@type":"ImageObject","inLanguage":"pt-BR","@id":"https:\/\/fieam.org.br\/fieam\/#\/schema\/logo\/image\/","url":"https:\/\/fieam.org.br\/fieam\/wp-content\/uploads\/sites\/9\/2024\/03\/cropped-fav.png","contentUrl":"https:\/\/fieam.org.br\/fieam\/wp-content\/uploads\/sites\/9\/2024\/03\/cropped-fav.png","width":597,"height":598,"caption":"FIEAM"},"image":{"@id":"https:\/\/fieam.org.br\/fieam\/#\/schema\/logo\/image\/"}},{"@type":"Person","@id":"https:\/\/fieam.org.br\/fieam\/#\/schema\/person\/c1ceda8321521b291cee22da0a7d34be","name":"Autor","image":{"@type":"ImageObject","inLanguage":"pt-BR","@id":"https:\/\/fieam.org.br\/fieam\/#\/schema\/person\/image\/","url":"https:\/\/secure.gravatar.com\/avatar\/3732c223e0e1fad69062a8f770955c9068d37b055204f310a0be18d4069fe380?s=96&d=mm&r=g","contentUrl":"https:\/\/secure.gravatar.com\/avatar\/3732c223e0e1fad69062a8f770955c9068d37b055204f310a0be18d4069fe380?s=96&d=mm&r=g","caption":"Autor"},"sameAs":["https:\/\/marketingmassivo.com.br"],"url":"https:\/\/fieam.org.br\/fieam\/author\/admin\/"}]}},"_links":{"self":[{"href":"https:\/\/fieam.org.br\/fieam\/wp-json\/wp\/v2\/posts\/11940","targetHints":{"allow":["GET"]}}],"collection":[{"href":"https:\/\/fieam.org.br\/fieam\/wp-json\/wp\/v2\/posts"}],"about":[{"href":"https:\/\/fieam.org.br\/fieam\/wp-json\/wp\/v2\/types\/post"}],"author":[{"embeddable":true,"href":"https:\/\/fieam.org.br\/fieam\/wp-json\/wp\/v2\/users\/1"}],"replies":[{"embeddable":true,"href":"https:\/\/fieam.org.br\/fieam\/wp-json\/wp\/v2\/comments?post=11940"}],"version-history":[{"count":0,"href":"https:\/\/fieam.org.br\/fieam\/wp-json\/wp\/v2\/posts\/11940\/revisions"}],"wp:featuredmedia":[{"embeddable":true,"href":"https:\/\/fieam.org.br\/fieam\/wp-json\/"}],"wp:attachment":[{"href":"https:\/\/fieam.org.br\/fieam\/wp-json\/wp\/v2\/media?parent=11940"}],"wp:term":[{"taxonomy":"category","embeddable":true,"href":"https:\/\/fieam.org.br\/fieam\/wp-json\/wp\/v2\/categories?post=11940"},{"taxonomy":"post_tag","embeddable":true,"href":"https:\/\/fieam.org.br\/fieam\/wp-json\/wp\/v2\/tags?post=11940"}],"curies":[{"name":"wp","href":"https:\/\/api.w.org\/{rel}","templated":true}]}}