{"id":11900,"date":"2018-09-25T18:54:27","date_gmt":"2018-09-25T22:54:27","guid":{"rendered":"http:\/\/www.fieam.org.br\/fieam\/?p=11900"},"modified":"2018-09-25T18:54:27","modified_gmt":"2018-09-25T22:54:27","slug":"waldemiro-lustoza-abre-a-mostra-do-pqa","status":"publish","type":"post","link":"https:\/\/fieam.org.br\/fieam\/waldemiro-lustoza-abre-a-mostra-do-pqa\/","title":{"rendered":"Waldemiro Lustoza abre a mostra do PQA"},"content":{"rendered":"<p>A empresa Waldemiro P. Lustoza &amp; Cia Ltda, uma das mais tradicionais do setor de transporte fluvial do Estado, exp\u00f4s, pela primeira vez, nesta ter\u00e7a-feira (25), no Audit\u00f3rio da Suframa, seu modelo de gest\u00e3o aos avaliadores do Pr\u00eamio Qualidade Amazonas. Com mais de 70 anos no mercado local, a empresa abriu os trabalhos da 19\u00aa Mostra de Gest\u00e3o e Melhorias para a Qualidade, que re\u00fane at\u00e9 a pr\u00f3xima sexta-feira 29 organiza\u00e7\u00f5es finalistas ao PQA, sete na modalidade Gest\u00e3o e 22 em Processo.<\/p>\n<p>Considerado o maior semin\u00e1rio de benchmarking da regi\u00e3o, a mostra \u00e9 promovida pela Federa\u00e7\u00e3o das Ind\u00fastrias do Estado do Amazonas (FIEAM), por meio do seu Departamento de Assist\u00eancia \u00e0 M\u00e9dia e Pequena Ind\u00fastria (DAMPI). \u00c9 a etapa final para defini\u00e7\u00e3o dos vencedores do PQA, que ser\u00e3o anunciados em 23 de novembro, no evento \u201cQualishow\u201d.<\/p>\n<p>Ao apresentar \u00e0 banca julgadora o relat\u00f3rio elaborado de acordo com os crit\u00e9rios da modalidade Gest\u00e3o, a diretora administrativa e s\u00f3cia da Waldemiro P. Lustoza &amp; Cia. Ltda, J\u00e9ssica Sabb\u00e1, disse que a grande transforma\u00e7\u00e3o no gerenciamento da empresa se deu em 2009, quando teve in\u00edcio o contrato formal com a multinacional Shell. At\u00e9 ent\u00e3o, vigorava um acordo de cavalheiros entre as partes.<\/p>\n<p>Fundada em 1942 pelo empres\u00e1rio Waldemiro Peres Lustoza, homenageado no nome da primeira escola do SENAI no Amazonas, a WPL \u00e9 hoje uma das mais conceituadas empresas do setor de transporte fluvial, tendo se firmado como transportadora de derivados de petr\u00f3leo por meio de empurradores e balsas-tanque.<\/p>\n<p>A empresa, que come\u00e7ou no com\u00e9rcio de tabaco, pia\u00e7ava e juta, at\u00e9 descobrir sua voca\u00e7\u00e3o atual, possui uma frota com 24 balsas e dez empurradores em atividade, e conta com tr\u00eas bases de apoio, em Porto Velho, Rond\u00f4nia, em Santar\u00e9m e Itaituba, no Par\u00e1.<\/p>\n<p>De acordo com a encarregada do Sistema de Gest\u00e3o Integrado, Luciene Barbosa, a empresa est\u00e1 totalmente focada no atendimento a esse \u00fanico cliente, a gigante petrol\u00edfera anglo-holandesa Shell, \u00e0 qual se deve todo o aprimoramento da gest\u00e3o.<\/p>\n<p>Para a diretora J\u00e9ssica Sabb\u00e1,\u00a0 a WPL definiu como diretrizes para o SGI, a\u00a0 presta\u00e7\u00e3o de servi\u00e7os com qualidade, sa\u00fade, seguran\u00e7a e respeito ao meio ambiente, buscando minimizar os impactos ambientais resultantes da sua atividade.<\/p>\n<p>Um dos projetos destacados pelo t\u00e9cnico ambiental da WPL, Carlos Augusto Garrido, \u00e9 a implanta\u00e7\u00e3o do projeto de placas fotovoltaicas nos dez empurradores, que prev\u00ea tornar essas embarca\u00e7\u00f5es autossuficientes na gera\u00e7\u00e3o da energia consumida at\u00e9 o ano que vem, o que significa gerar com as placas 75% do consumo.<\/p>\n<p><strong>Servi\u00e7o p\u00fablico<\/strong><\/p>\n<figure id=\"attachment_11906\" aria-describedby=\"caption-attachment-11906\" style=\"width: 660px\" class=\"wp-caption alignleft\"><a href=\"http:\/\/www.fieam.org.br\/fieam\/wp-content\/uploads\/sites\/5\/2018\/09\/Subsecret\u00e1rio-de-Gest\u00e3o-da-Semef-Alain-Costa-apresenta-projetos-para-elevar-o-padr\u00e3o-da-efici\u00eancia-da-gest\u00e3o-municipal-1.jpg\"><img fetchpriority=\"high\" decoding=\"async\" class=\" wp-image-11906\" src=\"http:\/\/www.fieam.org.br\/fieam\/wp-content\/uploads\/sites\/5\/2018\/09\/Subsecret\u00e1rio-de-Gest\u00e3o-da-Semef-Alain-Costa-apresenta-projetos-para-elevar-o-padr\u00e3o-da-efici\u00eancia-da-gest\u00e3o-municipal-1-1024x498.jpg\" alt=\"\" width=\"660\" height=\"321\" \/><\/a><figcaption id=\"caption-attachment-11906\" class=\"wp-caption-text\">Subsecret\u00e1rio de Gest\u00e3o da Semef, Alain Costa, apresenta projetos para elevar o padr\u00e3o da efici\u00eancia da gest\u00e3o municipal<\/figcaption><\/figure>\n<p>Segundo modelo de gest\u00e3o apresentado no primeiro dia da mostra, a Secretaria Municipal de Finan\u00e7as, Tecnologia da Informa\u00e7\u00e3o e Controle Interno (Semef) submeteu \u00e0 banca julgadora projeto Efici\u00eancia em Gest\u00e3o: Equil\u00edbrio Financeiro, como parte do Mapa Estrat\u00e9gico Manaus 2030, em plena execu\u00e7\u00e3o pela Prefeitura de Manaus, com a meta de elevar o padr\u00e3o da efici\u00eancia da gest\u00e3o municipal.<\/p>\n<p>De acordo com o subsecret\u00e1rio de Gest\u00e3o da Semef, Alain Costa, a proposta \u00e9 melhorar a efetividade financeira do munic\u00edpio a partir de duas a\u00e7\u00f5es: aumentar a arrecada\u00e7\u00e3o e melhorar a efici\u00eancia dos gastos. \u201cMas, para aumentar a arrecada\u00e7\u00e3o, aumentar a receita pr\u00f3pria, melhorar o n\u00edvel dessa arrecada\u00e7\u00e3o e buscar novas alternativas de recursos\u201d, disse Costa.<\/p>\n<p>Para o subsecret\u00e1rio, o evento decisivo que levou a Prefeitura de Manaus a passar da 12\u00aa para a 1\u00aa posi\u00e7\u00e3o em gest\u00e3o fiscal, entre as outras prefeituras de capital, foi a implanta\u00e7\u00e3o do Siged (Sistema de Gest\u00e3o Eletr\u00f4nica de Documentos), que ajudou o munic\u00edpio a reduzir a burocracia, melhorando o relacionamento com o contribuinte e proporcionando uma economia de 10 mil resmas de papel entre 2016 e 2017.<\/p>\n<p>De acordo com Alain Costa, a grande dificuldade para trabalhar um modelo de gest\u00e3o para Manaus, uma cidade de 11 mil quil\u00f4metros de extens\u00e3o, com 158 habitantes por quil\u00f4metro quadrado, foi encontrar par\u00e2metros adequados. \u201cComo escolher um referencial comparativo, esse foi o nosso desafio\u201d, disse o subsecret\u00e1rio.<\/p>\n<p><strong>Modalidade Processo<\/strong><\/p>\n<figure id=\"attachment_11903\" aria-describedby=\"caption-attachment-11903\" style=\"width: 530px\" class=\"wp-caption alignright\"><a href=\"http:\/\/www.fieam.org.br\/fieam\/wp-content\/uploads\/sites\/5\/2018\/09\/Alto-\u00cdndice-de-Defeitos-na-Fabrica\u00e7\u00e3o-de-Televisores-da-Panasonic-foi-explorado-em-estudo-de-projeto.jpg\"><img decoding=\"async\" class=\" wp-image-11903\" src=\"http:\/\/www.fieam.org.br\/fieam\/wp-content\/uploads\/sites\/5\/2018\/09\/Alto-\u00cdndice-de-Defeitos-na-Fabrica\u00e7\u00e3o-de-Televisores-da-Panasonic-foi-explorado-em-estudo-de-projeto-1024x683.jpg\" alt=\"\" width=\"530\" height=\"353\" \/><\/a><figcaption id=\"caption-attachment-11903\" class=\"wp-caption-text\">Alto \u00cdndice de Defeitos na Fabrica\u00e7\u00e3o de Televisores da Panasonic foi explorado em estudo de projeto<\/figcaption><\/figure>\n<p>A Panasonic conseguiu economizar mais de R$ 760 mil, em dois anos, com a elimina\u00e7\u00e3o de um defeito na produ\u00e7\u00e3o de televisores em sua planta do Polo Industrial de Manaus. O projeto para diminuir o \u00edndice de defeitos na linha de montagem, executado por uma equipe de cinco funcion\u00e1rios, entre abril de 2015 a mar\u00e7o de 2016, foi um dos seis projetos da modalidade Processo apresentados nesta ter\u00e7a-feira no primeiro dia da 19\u00aa Mostra de Gest\u00e3o e Melhorias para a Qualidade.<\/p>\n<p><strong>Amadurecimento<\/strong><\/p>\n<p>Respons\u00e1vel pela avalia\u00e7\u00e3o dos 29 relat\u00f3rios reunidos na 19\u00aa Mostra,\u00a0 a banca julgadora \u00e9 formada por M\u00edrian Cohen, secret\u00e1ria executiva do Programa da Qualidade do Rio de Janeiro, C\u00e9sar Viana, gerente do Pr\u00eamio Nacional da Qualidade da Gest\u00e3o P\u00fablica (GesP\u00fablica) e F\u00e9lix Ricardi, analista e consultor da Serpro.<\/p>\n<p>Segundo a ju\u00edza Miriam Cohen, as empresas participantes ao longo das 25 edi\u00e7\u00f5es do Pr\u00eamio Qualidade Amazonas\u00a0 passaram por um amadurecimento das pr\u00e1ticas em rela\u00e7\u00e3o ao seu n\u00edvel de gest\u00e3o e processos. \u201cAs empresas t\u00eam conseguido avan\u00e7ar relacionando a import\u00e2ncia de produzir as tecnologias ao mesmo tempo proteger as pessoas, os recursos humanos. A tecnologia deve estar a servi\u00e7o das pessoas\u201d, disse Cohen sobre a introdu\u00e7\u00e3o do cen\u00e1rio da Ind\u00fastria 4.0.<\/p>\n","protected":false},"excerpt":{"rendered":"<p>A empresa Waldemiro P. Lustoza &amp; Cia Ltda, uma das mais tradicionais do setor de transporte fluvial do Estado, exp\u00f4s, pela primeira vez, nesta ter\u00e7a-feira (25), no Audit\u00f3rio da Suframa, seu modelo de gest\u00e3o aos avaliadores do Pr\u00eamio Qualidade Amazonas. Com mais de 70 anos no mercado local, a empresa abriu os trabalhos da 19\u00aa [&hellip;]<\/p>\n","protected":false},"author":1,"featured_media":11902,"comment_status":"closed","ping_status":"open","sticky":false,"template":"","format":"standard","meta":{"footnotes":""},"categories":[28,29,30],"tags":[],"class_list":["post-11900","post","type-post","status-publish","format-standard","has-post-thumbnail","hentry","category-banner-destaque","category-news","category-news_destaque"],"yoast_head":"<!-- This site is optimized with the Yoast SEO plugin v26.8 - https:\/\/yoast.com\/product\/yoast-seo-wordpress\/ -->\n<title>Waldemiro Lustoza abre a mostra do PQA - FIEAM<\/title>\n<meta name=\"robots\" content=\"index, follow, max-snippet:-1, max-image-preview:large, max-video-preview:-1\" \/>\n<link rel=\"canonical\" href=\"https:\/\/fieam.org.br\/fieam\/waldemiro-lustoza-abre-a-mostra-do-pqa\/\" \/>\n<meta property=\"og:locale\" content=\"pt_BR\" \/>\n<meta property=\"og:type\" content=\"article\" \/>\n<meta property=\"og:title\" content=\"Waldemiro Lustoza abre a mostra do PQA - FIEAM\" \/>\n<meta property=\"og:description\" content=\"A empresa Waldemiro P. Lustoza &amp; Cia Ltda, uma das mais tradicionais do setor de transporte fluvial do Estado, exp\u00f4s, pela primeira vez, nesta ter\u00e7a-feira (25), no Audit\u00f3rio da Suframa, seu modelo de gest\u00e3o aos avaliadores do Pr\u00eamio Qualidade Amazonas. Com mais de 70 anos no mercado local, a empresa abriu os trabalhos da 19\u00aa [&hellip;]\" \/>\n<meta property=\"og:url\" content=\"https:\/\/fieam.org.br\/fieam\/waldemiro-lustoza-abre-a-mostra-do-pqa\/\" \/>\n<meta property=\"og:site_name\" content=\"FIEAM\" \/>\n<meta property=\"article:published_time\" content=\"2018-09-25T22:54:27+00:00\" \/>\n<meta name=\"author\" content=\"Autor\" \/>\n<meta name=\"twitter:card\" content=\"summary_large_image\" \/>\n<meta name=\"twitter:label1\" content=\"Escrito por\" \/>\n\t<meta name=\"twitter:data1\" content=\"Autor\" \/>\n\t<meta name=\"twitter:label2\" content=\"Est. tempo de leitura\" \/>\n\t<meta name=\"twitter:data2\" content=\"5 minutos\" \/>\n<script type=\"application\/ld+json\" class=\"yoast-schema-graph\">{\"@context\":\"https:\/\/schema.org\",\"@graph\":[{\"@type\":\"Article\",\"@id\":\"https:\/\/fieam.org.br\/fieam\/waldemiro-lustoza-abre-a-mostra-do-pqa\/#article\",\"isPartOf\":{\"@id\":\"https:\/\/fieam.org.br\/fieam\/waldemiro-lustoza-abre-a-mostra-do-pqa\/\"},\"author\":{\"name\":\"Autor\",\"@id\":\"https:\/\/fieam.org.br\/fieam\/#\/schema\/person\/c1ceda8321521b291cee22da0a7d34be\"},\"headline\":\"Waldemiro Lustoza abre a mostra do PQA\",\"datePublished\":\"2018-09-25T22:54:27+00:00\",\"mainEntityOfPage\":{\"@id\":\"https:\/\/fieam.org.br\/fieam\/waldemiro-lustoza-abre-a-mostra-do-pqa\/\"},\"wordCount\":985,\"publisher\":{\"@id\":\"https:\/\/fieam.org.br\/fieam\/#organization\"},\"image\":{\"@id\":\"https:\/\/fieam.org.br\/fieam\/waldemiro-lustoza-abre-a-mostra-do-pqa\/#primaryimage\"},\"thumbnailUrl\":\"\",\"articleSection\":[\"Banner Destaque\",\"News\",\"News Destaque\"],\"inLanguage\":\"pt-BR\"},{\"@type\":\"WebPage\",\"@id\":\"https:\/\/fieam.org.br\/fieam\/waldemiro-lustoza-abre-a-mostra-do-pqa\/\",\"url\":\"https:\/\/fieam.org.br\/fieam\/waldemiro-lustoza-abre-a-mostra-do-pqa\/\",\"name\":\"Waldemiro Lustoza abre a mostra do PQA - FIEAM\",\"isPartOf\":{\"@id\":\"https:\/\/fieam.org.br\/fieam\/#website\"},\"primaryImageOfPage\":{\"@id\":\"https:\/\/fieam.org.br\/fieam\/waldemiro-lustoza-abre-a-mostra-do-pqa\/#primaryimage\"},\"image\":{\"@id\":\"https:\/\/fieam.org.br\/fieam\/waldemiro-lustoza-abre-a-mostra-do-pqa\/#primaryimage\"},\"thumbnailUrl\":\"\",\"datePublished\":\"2018-09-25T22:54:27+00:00\",\"breadcrumb\":{\"@id\":\"https:\/\/fieam.org.br\/fieam\/waldemiro-lustoza-abre-a-mostra-do-pqa\/#breadcrumb\"},\"inLanguage\":\"pt-BR\",\"potentialAction\":[{\"@type\":\"ReadAction\",\"target\":[\"https:\/\/fieam.org.br\/fieam\/waldemiro-lustoza-abre-a-mostra-do-pqa\/\"]}]},{\"@type\":\"ImageObject\",\"inLanguage\":\"pt-BR\",\"@id\":\"https:\/\/fieam.org.br\/fieam\/waldemiro-lustoza-abre-a-mostra-do-pqa\/#primaryimage\",\"url\":\"\",\"contentUrl\":\"\"},{\"@type\":\"BreadcrumbList\",\"@id\":\"https:\/\/fieam.org.br\/fieam\/waldemiro-lustoza-abre-a-mostra-do-pqa\/#breadcrumb\",\"itemListElement\":[{\"@type\":\"ListItem\",\"position\":1,\"name\":\"In\u00edcio\",\"item\":\"https:\/\/fieam.org.br\/fieam\/\"},{\"@type\":\"ListItem\",\"position\":2,\"name\":\"Waldemiro Lustoza abre a mostra do PQA\"}]},{\"@type\":\"WebSite\",\"@id\":\"https:\/\/fieam.org.br\/fieam\/#website\",\"url\":\"https:\/\/fieam.org.br\/fieam\/\",\"name\":\"FIEAM\",\"description\":\"Site Oficial!\",\"publisher\":{\"@id\":\"https:\/\/fieam.org.br\/fieam\/#organization\"},\"potentialAction\":[{\"@type\":\"SearchAction\",\"target\":{\"@type\":\"EntryPoint\",\"urlTemplate\":\"https:\/\/fieam.org.br\/fieam\/?s={search_term_string}\"},\"query-input\":{\"@type\":\"PropertyValueSpecification\",\"valueRequired\":true,\"valueName\":\"search_term_string\"}}],\"inLanguage\":\"pt-BR\"},{\"@type\":\"Organization\",\"@id\":\"https:\/\/fieam.org.br\/fieam\/#organization\",\"name\":\"FIEAM\",\"url\":\"https:\/\/fieam.org.br\/fieam\/\",\"logo\":{\"@type\":\"ImageObject\",\"inLanguage\":\"pt-BR\",\"@id\":\"https:\/\/fieam.org.br\/fieam\/#\/schema\/logo\/image\/\",\"url\":\"https:\/\/fieam.org.br\/fieam\/wp-content\/uploads\/sites\/9\/2024\/03\/cropped-fav.png\",\"contentUrl\":\"https:\/\/fieam.org.br\/fieam\/wp-content\/uploads\/sites\/9\/2024\/03\/cropped-fav.png\",\"width\":597,\"height\":598,\"caption\":\"FIEAM\"},\"image\":{\"@id\":\"https:\/\/fieam.org.br\/fieam\/#\/schema\/logo\/image\/\"}},{\"@type\":\"Person\",\"@id\":\"https:\/\/fieam.org.br\/fieam\/#\/schema\/person\/c1ceda8321521b291cee22da0a7d34be\",\"name\":\"Autor\",\"image\":{\"@type\":\"ImageObject\",\"inLanguage\":\"pt-BR\",\"@id\":\"https:\/\/fieam.org.br\/fieam\/#\/schema\/person\/image\/\",\"url\":\"https:\/\/secure.gravatar.com\/avatar\/3732c223e0e1fad69062a8f770955c9068d37b055204f310a0be18d4069fe380?s=96&d=mm&r=g\",\"contentUrl\":\"https:\/\/secure.gravatar.com\/avatar\/3732c223e0e1fad69062a8f770955c9068d37b055204f310a0be18d4069fe380?s=96&d=mm&r=g\",\"caption\":\"Autor\"},\"sameAs\":[\"https:\/\/marketingmassivo.com.br\"],\"url\":\"https:\/\/fieam.org.br\/fieam\/author\/admin\/\"}]}<\/script>\n<!-- \/ Yoast SEO plugin. -->","yoast_head_json":{"title":"Waldemiro Lustoza abre a mostra do PQA - FIEAM","robots":{"index":"index","follow":"follow","max-snippet":"max-snippet:-1","max-image-preview":"max-image-preview:large","max-video-preview":"max-video-preview:-1"},"canonical":"https:\/\/fieam.org.br\/fieam\/waldemiro-lustoza-abre-a-mostra-do-pqa\/","og_locale":"pt_BR","og_type":"article","og_title":"Waldemiro Lustoza abre a mostra do PQA - FIEAM","og_description":"A empresa Waldemiro P. Lustoza &amp; Cia Ltda, uma das mais tradicionais do setor de transporte fluvial do Estado, exp\u00f4s, pela primeira vez, nesta ter\u00e7a-feira (25), no Audit\u00f3rio da Suframa, seu modelo de gest\u00e3o aos avaliadores do Pr\u00eamio Qualidade Amazonas. Com mais de 70 anos no mercado local, a empresa abriu os trabalhos da 19\u00aa [&hellip;]","og_url":"https:\/\/fieam.org.br\/fieam\/waldemiro-lustoza-abre-a-mostra-do-pqa\/","og_site_name":"FIEAM","article_published_time":"2018-09-25T22:54:27+00:00","author":"Autor","twitter_card":"summary_large_image","twitter_misc":{"Escrito por":"Autor","Est. tempo de leitura":"5 minutos"},"schema":{"@context":"https:\/\/schema.org","@graph":[{"@type":"Article","@id":"https:\/\/fieam.org.br\/fieam\/waldemiro-lustoza-abre-a-mostra-do-pqa\/#article","isPartOf":{"@id":"https:\/\/fieam.org.br\/fieam\/waldemiro-lustoza-abre-a-mostra-do-pqa\/"},"author":{"name":"Autor","@id":"https:\/\/fieam.org.br\/fieam\/#\/schema\/person\/c1ceda8321521b291cee22da0a7d34be"},"headline":"Waldemiro Lustoza abre a mostra do PQA","datePublished":"2018-09-25T22:54:27+00:00","mainEntityOfPage":{"@id":"https:\/\/fieam.org.br\/fieam\/waldemiro-lustoza-abre-a-mostra-do-pqa\/"},"wordCount":985,"publisher":{"@id":"https:\/\/fieam.org.br\/fieam\/#organization"},"image":{"@id":"https:\/\/fieam.org.br\/fieam\/waldemiro-lustoza-abre-a-mostra-do-pqa\/#primaryimage"},"thumbnailUrl":"","articleSection":["Banner Destaque","News","News Destaque"],"inLanguage":"pt-BR"},{"@type":"WebPage","@id":"https:\/\/fieam.org.br\/fieam\/waldemiro-lustoza-abre-a-mostra-do-pqa\/","url":"https:\/\/fieam.org.br\/fieam\/waldemiro-lustoza-abre-a-mostra-do-pqa\/","name":"Waldemiro Lustoza abre a mostra do PQA - FIEAM","isPartOf":{"@id":"https:\/\/fieam.org.br\/fieam\/#website"},"primaryImageOfPage":{"@id":"https:\/\/fieam.org.br\/fieam\/waldemiro-lustoza-abre-a-mostra-do-pqa\/#primaryimage"},"image":{"@id":"https:\/\/fieam.org.br\/fieam\/waldemiro-lustoza-abre-a-mostra-do-pqa\/#primaryimage"},"thumbnailUrl":"","datePublished":"2018-09-25T22:54:27+00:00","breadcrumb":{"@id":"https:\/\/fieam.org.br\/fieam\/waldemiro-lustoza-abre-a-mostra-do-pqa\/#breadcrumb"},"inLanguage":"pt-BR","potentialAction":[{"@type":"ReadAction","target":["https:\/\/fieam.org.br\/fieam\/waldemiro-lustoza-abre-a-mostra-do-pqa\/"]}]},{"@type":"ImageObject","inLanguage":"pt-BR","@id":"https:\/\/fieam.org.br\/fieam\/waldemiro-lustoza-abre-a-mostra-do-pqa\/#primaryimage","url":"","contentUrl":""},{"@type":"BreadcrumbList","@id":"https:\/\/fieam.org.br\/fieam\/waldemiro-lustoza-abre-a-mostra-do-pqa\/#breadcrumb","itemListElement":[{"@type":"ListItem","position":1,"name":"In\u00edcio","item":"https:\/\/fieam.org.br\/fieam\/"},{"@type":"ListItem","position":2,"name":"Waldemiro Lustoza abre a mostra do PQA"}]},{"@type":"WebSite","@id":"https:\/\/fieam.org.br\/fieam\/#website","url":"https:\/\/fieam.org.br\/fieam\/","name":"FIEAM","description":"Site Oficial!","publisher":{"@id":"https:\/\/fieam.org.br\/fieam\/#organization"},"potentialAction":[{"@type":"SearchAction","target":{"@type":"EntryPoint","urlTemplate":"https:\/\/fieam.org.br\/fieam\/?s={search_term_string}"},"query-input":{"@type":"PropertyValueSpecification","valueRequired":true,"valueName":"search_term_string"}}],"inLanguage":"pt-BR"},{"@type":"Organization","@id":"https:\/\/fieam.org.br\/fieam\/#organization","name":"FIEAM","url":"https:\/\/fieam.org.br\/fieam\/","logo":{"@type":"ImageObject","inLanguage":"pt-BR","@id":"https:\/\/fieam.org.br\/fieam\/#\/schema\/logo\/image\/","url":"https:\/\/fieam.org.br\/fieam\/wp-content\/uploads\/sites\/9\/2024\/03\/cropped-fav.png","contentUrl":"https:\/\/fieam.org.br\/fieam\/wp-content\/uploads\/sites\/9\/2024\/03\/cropped-fav.png","width":597,"height":598,"caption":"FIEAM"},"image":{"@id":"https:\/\/fieam.org.br\/fieam\/#\/schema\/logo\/image\/"}},{"@type":"Person","@id":"https:\/\/fieam.org.br\/fieam\/#\/schema\/person\/c1ceda8321521b291cee22da0a7d34be","name":"Autor","image":{"@type":"ImageObject","inLanguage":"pt-BR","@id":"https:\/\/fieam.org.br\/fieam\/#\/schema\/person\/image\/","url":"https:\/\/secure.gravatar.com\/avatar\/3732c223e0e1fad69062a8f770955c9068d37b055204f310a0be18d4069fe380?s=96&d=mm&r=g","contentUrl":"https:\/\/secure.gravatar.com\/avatar\/3732c223e0e1fad69062a8f770955c9068d37b055204f310a0be18d4069fe380?s=96&d=mm&r=g","caption":"Autor"},"sameAs":["https:\/\/marketingmassivo.com.br"],"url":"https:\/\/fieam.org.br\/fieam\/author\/admin\/"}]}},"_links":{"self":[{"href":"https:\/\/fieam.org.br\/fieam\/wp-json\/wp\/v2\/posts\/11900","targetHints":{"allow":["GET"]}}],"collection":[{"href":"https:\/\/fieam.org.br\/fieam\/wp-json\/wp\/v2\/posts"}],"about":[{"href":"https:\/\/fieam.org.br\/fieam\/wp-json\/wp\/v2\/types\/post"}],"author":[{"embeddable":true,"href":"https:\/\/fieam.org.br\/fieam\/wp-json\/wp\/v2\/users\/1"}],"replies":[{"embeddable":true,"href":"https:\/\/fieam.org.br\/fieam\/wp-json\/wp\/v2\/comments?post=11900"}],"version-history":[{"count":0,"href":"https:\/\/fieam.org.br\/fieam\/wp-json\/wp\/v2\/posts\/11900\/revisions"}],"wp:featuredmedia":[{"embeddable":true,"href":"https:\/\/fieam.org.br\/fieam\/wp-json\/"}],"wp:attachment":[{"href":"https:\/\/fieam.org.br\/fieam\/wp-json\/wp\/v2\/media?parent=11900"}],"wp:term":[{"taxonomy":"category","embeddable":true,"href":"https:\/\/fieam.org.br\/fieam\/wp-json\/wp\/v2\/categories?post=11900"},{"taxonomy":"post_tag","embeddable":true,"href":"https:\/\/fieam.org.br\/fieam\/wp-json\/wp\/v2\/tags?post=11900"}],"curies":[{"name":"wp","href":"https:\/\/api.w.org\/{rel}","templated":true}]}}